{"id":38455,"date":"2010-10-11T12:17:45","date_gmt":"2010-10-11T10:17:45","guid":{"rendered":"http:\/\/www.visit-ulcinj.com\/blog\/?p=38455"},"modified":"2010-10-11T12:17:45","modified_gmt":"2010-10-11T10:17:45","slug":"mungesa-e-meritokracise","status":"publish","type":"post","link":"https:\/\/www.visit-ulcinj.com\/blog\/2010\/10\/11\/mungesa-e-meritokracise\/","title":{"rendered":"Mungesa e meritokracis\u00eb"},"content":{"rendered":"<p><a href=\"http:\/\/www.visit-ulcinj.com\/blog\/wp-content\/uploads\/2010\/10\/meritokraci-_Muhamet-Nika.jpg\"><img loading=\"lazy\" class=\"alignleft size-full wp-image-38456\" title=\"meritokraci _Muhamet Nika\" src=\"http:\/\/www.visit-ulcinj.com\/blog\/wp-content\/uploads\/2010\/10\/meritokraci-_Muhamet-Nika.jpg\" alt=\"\" width=\"490\" height=\"133\" srcset=\"https:\/\/www.visit-ulcinj.com\/blog\/wp-content\/uploads\/2010\/10\/meritokraci-_Muhamet-Nika.jpg 490w, https:\/\/www.visit-ulcinj.com\/blog\/wp-content\/uploads\/2010\/10\/meritokraci-_Muhamet-Nika-300x81.jpg 300w\" sizes=\"(max-width: 490px) 100vw, 490px\" \/><\/a>Pozita e medias dhe politikes shume here per\u00a0te mos thene gjithehere ka qene ne hasmeri te\u00a0vazhdueshme, duke krijuar paralelizem madje\u00a0te pakuptimte. Kjo megjithate eshte plotesisht\u00a0e kuptueshme ngase po te ndodhte ndryshe do\u00a0te dhunohej ligji i fizikes aksion-reaksion.\u00a0Mendojme qe mediat gabojne kur deshirojne\u00a0te formojne opinione per politikane. Praktika\u00a0ka deshmuar qe politikanet e njemendte nuk\u00a0shqetesohen per opinionet e mases sepse ata\u00a0vete jane kuader te formojne opinione.\u00a0Ndryshe mund te thuhet qe gazetaret, ose ata\u00a0qe veten e shpallen gazetare zor se munden qe\u00a0politikes t\u2019i diktojne rrugen kur nuk kane \u201eas\u00a0kercik\u201c, \u201eas temel\u201c qe ta bejne kete.\u00a0Duket qe koha nuk ka levizur per gazetaret,\u00a0per parimet qe duhet te kene nga ajo e\u00a0Rilindjes, kur njeri nga rilindasit shprehej:\u00a0Per me shkru zotri n\u2019gazeta \/ duhet shktusi te\u00a0jete ne rradh te pare \/ njeri i ndershem atedhetar\u00a0\/ pastaj duhet te kete dije \/ edhe kjen\u00a0mos t\u2019kete afije. Ky eshte nje problem paresor\u00a0qe lidhet me ceshtjen e maritrokracise ne\u00a0shtyp, por qe ky segment si duket ka prekur\u00a0cdo pore te jetes ne shoqerine tone.\u00a0Para komune ne nje bilbord te vene ne prag te\u00a0zgjedhjeve eshte e shkruar me nje gjuhe popullore,\u00a0dialektore e letrare njekohesisht nje\u00a0sllogan me siguri i Forces se Re Demokratike\u00a0ku shkruhet : \u201eKetij ja kena pa te gjithe sherrin\u00a0&#8230;\u201cCudit fakti i permbajtjes po edhe formes\u00a0se slloganit dhe njeriu pyet: Si eshte e mundur\u00a0qe nje parti serioze e cila pretendon te mburret\u00a0me ekip profesionistesh t\u2019-i lejoje vetes nje\u00a0bastardhim te gjuhes shqipe (ky nuk eshte i\u00a0vetmi leshim&#8230;). Andaj duke ndjekur logjiken\u00a0e perseritjes se vazhdueshme te leshimeve ne\u00a0vende publike qe ben subjekti themi se edhe\u00a0ketyre nje lloj si tjereve mungesa e guximit\u00a0intelektual u nxite mungesen e perkushtimit\u00a0profesional.Kurse mungesa e perkushtimit\u00a0profesional krijon hapesire qe per ne krye te\u00a0vendit te turren ata qe me se paku e meritojne\u00a0kete.\u00a0Sot, nje gje, mbase eshte e qarte,coptimi i\u00a0trupit zgjedhor,terhoqi pas vetes edhe coptimin\u00a0e inteligjencise vendase.Per njeriun normal,\u00a0ne situaten e krijuar,ne Ulqin,logjika e tij\u00a0e shendoshe do te ishte keshtu: Shtimi i\u00a0partive politike nuk nenkupton edhe shtim te\u00a0kuadrit udheheqes profesionalist. Kjo pershtypje\u00a0te linde kur analizon ne aspektin\u00a0gjuhesor reklamen perkatese&#8230; mirepo\u00a0shqetesimi per mungese te meritokracise shtohet\u00a0kur njeriu fillon te kuptoje qe edhe reklamat\u00a0zgjedhore te publikuara ta zeme ne faqen\u00a0e pasme te Kohes javore,ose edhe ne Tv Teute\u00a0le per te deshiruar.Bashkeqytetaret tane qe \u201ete\u00a0pushtojne me reklama\u201c,per nga pergatitja\u00a0shkollore,per cudi jane me shkolle te\u00a0mesme,ose pa asnje dite pervoje pune ne\u00a0administrate,e nese kane diploma fakulteti\u00a0gjate kohes nuk u dalluan per kualifikim, por\u00a0me teper si tregtare te imte. E gjithe kjo krijon\u00a0neveri dhe tallje te njeriu i informuar.Mirepo\u00a0nuk eshte shqetesimi esencial qe po permendim\u00a0shtytesi kryesor i veshtrimit.<\/p>\n<p><strong>Privatizimi me pasoja negative\u00a0p\u00ebr ekonomin\u00eb e Ulqinit <\/strong><\/p>\n<p>Fundi i viteve 90 \u2013te per strukturen e pushtetit\u00a0te atehershem lokal qe kryesohej nga LD ne\u00a0Mz deshmon qe privatizimi as qe duhej te\u00a0ndodhte dhe ai sipas tyre duhej te behej mbi\u00a0bazat e Kushtetutes se vitit 1974. Qe atehere\u00a0shihej nje moskoordinim i veprimeve ndermjet\u00a0pushtetit lokal dhe nje krahu politik te biznesit,\u00a0te cilet u distancuan nga politika e\u00a0pushtetit lokal dhe filluan te ecnin ne binare\u00a0paralele,duke e pranuar formen e ofruar te privatizimit\u00a0nga qeveria dhe bashkepunonin me\u00a0qeveri ne menyre paralele. Ky grup i fundit qe\u00a0pranoi privatizimin per politiken e pushtetit\u00a0vendor, do te thoshte plackitje te pasurise se\u00a0Ulqinit permes dores se me te fortit. Ja se si\u00a0shprehet ish kryetari i Kuvendit te Komunes\u00a0se Ulqinit Zoteri Xhavdet Cakuli, idhtar i privatizimit,\u00a0kur per Kohen Javore thote:\u201d sipas\u00a0tij,gabimet e para u bene qe ne fillim te viteve\u00a090-te me rastin e transformimit te ish OPB-se\u00a0ne ndermarrjen ekonomike. Ne kete rast\u00a0komuna nuk siguroi pjesemarrje ne aksionet e\u00a0ndermarrjeve te transformuara,dhe me kete e\u00a0humbi mundesine qe te behet bashkepronare e\u00a0shoqerive ekonomike te porsaformuara\u201d.\u00a0Duke ndjekur logjiken: shkak-pasoje mund\u00a0te themi se faji per shkaterrimin total te\u00a0ekonomise se Ulqinit,mendojme para se\u00a0gjithash ne ndermarrjet e transformuara ish\u00a0komuniste duhet ta pranojne bashkerisht, ish\u00a0krahu i politikes i identifikuar si LD ne Mz\u00a0,por edhe Forca e Re Demokratike si\u00a0trashegimtare e kesaj pasurie. Lidhja,per ate\u00a0qe u mundua te stopoje procesin e privatizimit,\u00a0kurse Forca-biznesmenet e rinj per lajthitjen\u00a0qe i bene vetes duke lejuar qe ta humbin\u00a0davane me njerezit e qeverise qe privatizuan\u00a0gjerat me me vlere te zones bregdetare te\u00a0Ulqinit,si, p.sh. hotelin \u201cGaleb\u201d dhe mbeti qe\u00a0ata te kenaqen me privatizim te parendesishem\u00a0te pjeses kontinentale. Andaj edhe pergjegjesia\u00a0per rrezimin e hotelit duhet te jete e perbashket.\u00a0Te dy opsionet rreth ceshtjes se privatizimit\u00a0sot jane te mbyllura andaj edhe kriza ne\u00a0Ulqin eshte e pashmangshme.<\/p>\n<p><strong>Ndarja e madhe ideologjike\u00a0e subjekteve politike <\/strong><\/p>\n<p>Kuptohet qe eshte e drejte qytetare qe njeriu te\u00a0ankohet per krizen ekonomike e cila pllakosi\u00a0qytetin,mirepo do te ishte e udhes qe biznesmenet\u00a0e rinj te pakten t\u2019u kishin treguar qytetareve,\u00a0per kohen, se si erdhen te milioni i pare\u00a0i fitimit ne kohen e privatizimit masovik.\u00a0Mendojme qe sot do te kishin te drejte kritike\u00a0sikur ta kishin udhezuar popullin me nje propagande\u00a0sic po bejne aktualisht me demonstrim\u00a0masovik te projekteve te Shoqates\u00a0bujqesore Pro Agro rreth shitje se shalqirit,\u00a0para se ta lenin ate rrugeve ?!\u00a0Ndarja e madhe ideologjike ne mes te partive\u00a0nis nga koha e viteve 90-te kur filloi privatizimi\u00a0i kapitalit shoqeror,si kompleksi i Agro\u00a0Ulqinit,Otrancomercit,13 Korrikut, Ultepit,\u00a0Primorjesa,e keshtu me radhe. E kaluara mund\u00a0te harrohet mirepo aktoret e politikes dhe biznesit\u00a0jane fajtore per moskoordinim te\u00a0veprimeve ne privatizim i cili beri qe ne\u00a0Komune te Ulqinit te humbin mijera vende\u00a0pune&#8230;<\/p>\n<p><strong>\u00c7udirat e Ulqinit n\u00eb funksionim\u00a0t\u00eb biznesit dhe pushtetit <\/strong><\/p>\n<p>Thuhet qe idete nuk bejne zgjedhjen e problemit,\u00a0andaj edhe mendimi i ri (ideja e re) nuk\u00a0ben te hidhet pa shpjeguar paraprakisht idene\u00a0ekzistuese. Kur ndodh kjo atehere mendimi i\u00a0ri mund te paraqitet i instrumentalizuar? Ky\u00a0veprim si duket ndodh edhe sot kur politika\u00a0qan ekonomine,kurse ekonomia deshtimet e\u00a0politikes. Duke mos perseritur rrefimin e lartpermendur\u00a0deshtimet ne privatizim jane\u00a0prezente edhe sot. Kjo ben qe ne Ulqin politika\u00a0dhe ekonomia te jene ne hasmeri,ndersa ne\u00a0cdo qytet te vendit ne republike biznesi eshte i\u00a0lidhur me politiken e qytetit&#8230; Ai si ndihmese\u00a0merr nga te hollat e buxheti infuzion per punet\u00a0qe i besohen ne menyre te ligjshme permes\u00a0tendereve.\u00a0Ne menyre figurative krijohet pershtypja qe ne\u00a0cdo qytet pushteti e ka biznesin,femije te\u00a0mbare dhe te degjueshem dhe te\u00a0vyeshem,kurse ketu tek ne duket qe politikes\u00a0vendore i lindi nje femije jo legjitim te cilit i\u00a0pengon prindi(pushteti) dhe ai shprehet si me\u00a0larte: \u201c Qe ketij ja kane pa te gjithe sherrin&#8230;\u201d.\u00a0\u201cBasi (beresi) kujtuesi\u201d thote nje fjale popullore\u00a0,dhe sipas kesaj logjike keto qe kujtohen\u00a0per sherr shikuar nga prizmi yne do te themi\u00a0qe \u201cKetyre ju kemi pare te gjithe sherrin \u201c!\u00a0Kujdes sipas te drejtes zakonore shqiptare\u00a0femijes jo legjitim ( kopilit) nuk i njihet e drejta\u00a0e pronesise, e kjo mund te ndodhe edhe ne\u00a0raportin pushtet-biznes.<\/p>\n<p><strong><em>(autori \u00ebsht\u00eb z\u00ebdh\u00ebn\u00ebs i PPD-s\u00eb)<\/em><\/strong><br \/>\n<strong>Muhamet Nika<br \/>\nKoha Javore<\/strong><\/p>\n","protected":false},"excerpt":{"rendered":"<p>Pozita e medias dhe politikes shume here per\u00a0te mos thene gjithehere ka qene ne hasmeri te\u00a0vazhdueshme, duke krijuar paralelizem madje\u00a0te pakuptimte. Kjo megjithate eshte plotesisht\u00a0e kuptueshme ngase po te ndodhte ndryshe do\u00a0te dhunohej ligji i fizikes aksion-reaksion.\u00a0Mendojme qe mediat gabojne kur deshirojne\u00a0te formojne opinione per politikane. Praktika\u00a0ka deshmuar qe politikanet e njemendte nuk\u00a0shqetesohen per opinionet [&hellip;]<\/p>\n","protected":false},"author":1,"featured_media":0,"comment_status":"open","ping_status":"closed","sticky":false,"template":"","format":"standard","meta":{"spay_email":"","jetpack_publicize_message":"","jetpack_is_tweetstorm":false,"jetpack_publicize_feature_enabled":true},"categories":[14249],"tags":[944,200,18],"jetpack_publicize_connections":[],"yoast_head":"<!-- This site is optimized with the Yoast SEO plugin v19.1 - https:\/\/yoast.com\/wordpress\/plugins\/seo\/ -->\n<title>Mungesa e meritokracis\u00eb - Lajme nga Ulqini<\/title>\n<meta name=\"description\" content=\"Pozita e medias dhe politikes shume here per\u00a0te mos thene gjithehere ka qene ne hasmeri te\u00a0vazhdueshme, duke krijuar paralelizem madje\u00a0te pakuptimte. Kjo\" \/>\n<meta name=\"robots\" content=\"index, follow, max-snippet:-1, max-image-preview:large, max-video-preview:-1\" \/>\n<link rel=\"canonical\" href=\"https:\/\/www.visit-ulcinj.com\/blog\/2010\/10\/11\/mungesa-e-meritokracise\/\" \/>\n<meta property=\"og:locale\" content=\"en_US\" \/>\n<meta property=\"og:type\" content=\"article\" \/>\n<meta property=\"og:title\" content=\"Mungesa e meritokracis\u00eb - Lajme nga Ulqini\" \/>\n<meta property=\"og:description\" content=\"Pozita e medias dhe politikes shume here per\u00a0te mos thene gjithehere ka qene ne hasmeri te\u00a0vazhdueshme, duke krijuar paralelizem madje\u00a0te pakuptimte. Kjo\" \/>\n<meta property=\"og:url\" content=\"https:\/\/www.visit-ulcinj.com\/blog\/2010\/10\/11\/mungesa-e-meritokracise\/\" \/>\n<meta property=\"og:site_name\" content=\"Lajme nga Ulqini\" \/>\n<meta property=\"article:published_time\" content=\"2010-10-11T10:17:45+00:00\" \/>\n<meta property=\"og:image\" content=\"http:\/\/www.visit-ulcinj.com\/blog\/wp-content\/uploads\/2010\/10\/meritokraci-_Muhamet-Nika.jpg\" \/>\n<meta name=\"twitter:label1\" content=\"Written by\" \/>\n\t<meta name=\"twitter:data1\" content=\"ulqini\" \/>\n\t<meta name=\"twitter:label2\" content=\"Est. reading time\" \/>\n\t<meta name=\"twitter:data2\" content=\"6 minutes\" \/>\n<script type=\"application\/ld+json\" class=\"yoast-schema-graph\">{\"@context\":\"https:\/\/schema.org\",\"@graph\":[{\"@type\":\"WebSite\",\"@id\":\"https:\/\/www.visit-ulcinj.com\/blog\/#website\",\"url\":\"https:\/\/www.visit-ulcinj.com\/blog\/\",\"name\":\"Lajme nga Ulqini\",\"description\":\"Lajme,Vijesti,Ulqini,Ulqin,Crna Gora,Mali i Zi\",\"potentialAction\":[{\"@type\":\"SearchAction\",\"target\":{\"@type\":\"EntryPoint\",\"urlTemplate\":\"https:\/\/www.visit-ulcinj.com\/blog\/?s={search_term_string}\"},\"query-input\":\"required name=search_term_string\"}],\"inLanguage\":\"en-US\"},{\"@type\":\"ImageObject\",\"inLanguage\":\"en-US\",\"@id\":\"https:\/\/www.visit-ulcinj.com\/blog\/2010\/10\/11\/mungesa-e-meritokracise\/#primaryimage\",\"url\":\"https:\/\/www.visit-ulcinj.com\/blog\/wp-content\/uploads\/2010\/10\/meritokraci-_Muhamet-Nika.jpg\",\"contentUrl\":\"https:\/\/www.visit-ulcinj.com\/blog\/wp-content\/uploads\/2010\/10\/meritokraci-_Muhamet-Nika.jpg\",\"width\":\"490\",\"height\":\"133\"},{\"@type\":\"WebPage\",\"@id\":\"https:\/\/www.visit-ulcinj.com\/blog\/2010\/10\/11\/mungesa-e-meritokracise\/#webpage\",\"url\":\"https:\/\/www.visit-ulcinj.com\/blog\/2010\/10\/11\/mungesa-e-meritokracise\/\",\"name\":\"Mungesa e meritokracis\u00eb - Lajme nga Ulqini\",\"isPartOf\":{\"@id\":\"https:\/\/www.visit-ulcinj.com\/blog\/#website\"},\"primaryImageOfPage\":{\"@id\":\"https:\/\/www.visit-ulcinj.com\/blog\/2010\/10\/11\/mungesa-e-meritokracise\/#primaryimage\"},\"datePublished\":\"2010-10-11T10:17:45+00:00\",\"dateModified\":\"2010-10-11T10:17:45+00:00\",\"author\":{\"@id\":\"https:\/\/www.visit-ulcinj.com\/blog\/#\/schema\/person\/dcab619c614d3038751c63bc2aadc06d\"},\"description\":\"Pozita e medias dhe politikes shume here per\u00a0te mos thene gjithehere ka qene ne hasmeri te\u00a0vazhdueshme, duke krijuar paralelizem madje\u00a0te pakuptimte. Kjo\",\"breadcrumb\":{\"@id\":\"https:\/\/www.visit-ulcinj.com\/blog\/2010\/10\/11\/mungesa-e-meritokracise\/#breadcrumb\"},\"inLanguage\":\"en-US\",\"potentialAction\":[{\"@type\":\"ReadAction\",\"target\":[\"https:\/\/www.visit-ulcinj.com\/blog\/2010\/10\/11\/mungesa-e-meritokracise\/\"]}]},{\"@type\":\"BreadcrumbList\",\"@id\":\"https:\/\/www.visit-ulcinj.com\/blog\/2010\/10\/11\/mungesa-e-meritokracise\/#breadcrumb\",\"itemListElement\":[{\"@type\":\"ListItem\",\"position\":1,\"name\":\"Mungesa e meritokracis\u00eb\"}]},{\"@type\":\"Person\",\"@id\":\"https:\/\/www.visit-ulcinj.com\/blog\/#\/schema\/person\/dcab619c614d3038751c63bc2aadc06d\",\"name\":\"ulqini\",\"sameAs\":[\"http:\/\/www.visit-ulcinj.com\"],\"url\":\"https:\/\/www.visit-ulcinj.com\/blog\/author\/admin\/\"}]}<\/script>\n<!-- \/ Yoast SEO plugin. -->","yoast_head_json":{"title":"Mungesa e meritokracis\u00eb - Lajme nga Ulqini","description":"Pozita e medias dhe politikes shume here per\u00a0te mos thene gjithehere ka qene ne hasmeri te\u00a0vazhdueshme, duke krijuar paralelizem madje\u00a0te pakuptimte. Kjo","robots":{"index":"index","follow":"follow","max-snippet":"max-snippet:-1","max-image-preview":"max-image-preview:large","max-video-preview":"max-video-preview:-1"},"canonical":"https:\/\/www.visit-ulcinj.com\/blog\/2010\/10\/11\/mungesa-e-meritokracise\/","og_locale":"en_US","og_type":"article","og_title":"Mungesa e meritokracis\u00eb - Lajme nga Ulqini","og_description":"Pozita e medias dhe politikes shume here per\u00a0te mos thene gjithehere ka qene ne hasmeri te\u00a0vazhdueshme, duke krijuar paralelizem madje\u00a0te pakuptimte. Kjo","og_url":"https:\/\/www.visit-ulcinj.com\/blog\/2010\/10\/11\/mungesa-e-meritokracise\/","og_site_name":"Lajme nga Ulqini","article_published_time":"2010-10-11T10:17:45+00:00","og_image":[{"url":"http:\/\/www.visit-ulcinj.com\/blog\/wp-content\/uploads\/2010\/10\/meritokraci-_Muhamet-Nika.jpg"}],"twitter_misc":{"Written by":"ulqini","Est. reading time":"6 minutes"},"schema":{"@context":"https:\/\/schema.org","@graph":[{"@type":"WebSite","@id":"https:\/\/www.visit-ulcinj.com\/blog\/#website","url":"https:\/\/www.visit-ulcinj.com\/blog\/","name":"Lajme nga Ulqini","description":"Lajme,Vijesti,Ulqini,Ulqin,Crna Gora,Mali i Zi","potentialAction":[{"@type":"SearchAction","target":{"@type":"EntryPoint","urlTemplate":"https:\/\/www.visit-ulcinj.com\/blog\/?s={search_term_string}"},"query-input":"required name=search_term_string"}],"inLanguage":"en-US"},{"@type":"ImageObject","inLanguage":"en-US","@id":"https:\/\/www.visit-ulcinj.com\/blog\/2010\/10\/11\/mungesa-e-meritokracise\/#primaryimage","url":"https:\/\/www.visit-ulcinj.com\/blog\/wp-content\/uploads\/2010\/10\/meritokraci-_Muhamet-Nika.jpg","contentUrl":"https:\/\/www.visit-ulcinj.com\/blog\/wp-content\/uploads\/2010\/10\/meritokraci-_Muhamet-Nika.jpg","width":"490","height":"133"},{"@type":"WebPage","@id":"https:\/\/www.visit-ulcinj.com\/blog\/2010\/10\/11\/mungesa-e-meritokracise\/#webpage","url":"https:\/\/www.visit-ulcinj.com\/blog\/2010\/10\/11\/mungesa-e-meritokracise\/","name":"Mungesa e meritokracis\u00eb - Lajme nga Ulqini","isPartOf":{"@id":"https:\/\/www.visit-ulcinj.com\/blog\/#website"},"primaryImageOfPage":{"@id":"https:\/\/www.visit-ulcinj.com\/blog\/2010\/10\/11\/mungesa-e-meritokracise\/#primaryimage"},"datePublished":"2010-10-11T10:17:45+00:00","dateModified":"2010-10-11T10:17:45+00:00","author":{"@id":"https:\/\/www.visit-ulcinj.com\/blog\/#\/schema\/person\/dcab619c614d3038751c63bc2aadc06d"},"description":"Pozita e medias dhe politikes shume here per\u00a0te mos thene gjithehere ka qene ne hasmeri te\u00a0vazhdueshme, duke krijuar paralelizem madje\u00a0te pakuptimte. Kjo","breadcrumb":{"@id":"https:\/\/www.visit-ulcinj.com\/blog\/2010\/10\/11\/mungesa-e-meritokracise\/#breadcrumb"},"inLanguage":"en-US","potentialAction":[{"@type":"ReadAction","target":["https:\/\/www.visit-ulcinj.com\/blog\/2010\/10\/11\/mungesa-e-meritokracise\/"]}]},{"@type":"BreadcrumbList","@id":"https:\/\/www.visit-ulcinj.com\/blog\/2010\/10\/11\/mungesa-e-meritokracise\/#breadcrumb","itemListElement":[{"@type":"ListItem","position":1,"name":"Mungesa e meritokracis\u00eb"}]},{"@type":"Person","@id":"https:\/\/www.visit-ulcinj.com\/blog\/#\/schema\/person\/dcab619c614d3038751c63bc2aadc06d","name":"ulqini","sameAs":["http:\/\/www.visit-ulcinj.com"],"url":"https:\/\/www.visit-ulcinj.com\/blog\/author\/admin\/"}]}},"jetpack_featured_media_url":"","jetpack_sharing_enabled":true,"jetpack_shortlink":"https:\/\/wp.me\/pe6lTn-a0f","_links":{"self":[{"href":"https:\/\/www.visit-ulcinj.com\/blog\/wp-json\/wp\/v2\/posts\/38455"}],"collection":[{"href":"https:\/\/www.visit-ulcinj.com\/blog\/wp-json\/wp\/v2\/posts"}],"about":[{"href":"https:\/\/www.visit-ulcinj.com\/blog\/wp-json\/wp\/v2\/types\/post"}],"author":[{"embeddable":true,"href":"https:\/\/www.visit-ulcinj.com\/blog\/wp-json\/wp\/v2\/users\/1"}],"replies":[{"embeddable":true,"href":"https:\/\/www.visit-ulcinj.com\/blog\/wp-json\/wp\/v2\/comments?post=38455"}],"version-history":[{"count":0,"href":"https:\/\/www.visit-ulcinj.com\/blog\/wp-json\/wp\/v2\/posts\/38455\/revisions"}],"wp:attachment":[{"href":"https:\/\/www.visit-ulcinj.com\/blog\/wp-json\/wp\/v2\/media?parent=38455"}],"wp:term":[{"taxonomy":"category","embeddable":true,"href":"https:\/\/www.visit-ulcinj.com\/blog\/wp-json\/wp\/v2\/categories?post=38455"},{"taxonomy":"post_tag","embeddable":true,"href":"https:\/\/www.visit-ulcinj.com\/blog\/wp-json\/wp\/v2\/tags?post=38455"}],"curies":[{"name":"wp","href":"https:\/\/api.w.org\/{rel}","templated":true}]}}