{"id":3849,"date":"2008-10-03T10:12:10","date_gmt":"2008-10-03T15:12:10","guid":{"rendered":"http:\/\/www.visit-ulcinj.com\/blog\/?p=3849"},"modified":"2008-10-17T13:42:45","modified_gmt":"2008-10-17T18:42:45","slug":"solana-ce-raditi-ma-ko-bio-vecinski-vlasnik","status":"publish","type":"post","link":"https:\/\/www.visit-ulcinj.com\/blog\/2008\/10\/03\/solana-ce-raditi-ma-ko-bio-vecinski-vlasnik\/","title":{"rendered":"Solana ?e raditi ma ko bio ve?inski vlasnik"},"content":{"rendered":"<p><a href=\"http:\/\/www.visit-ulcinj.com\/blog\/wp-content\/uploads\/2008\/08\/45_soparlo202.jpg\"><img loading=\"lazy\" class=\"alignleft size-medium wp-image-2741\" title=\"Solana Bajo Sekuli? Ulcinj\" src=\"http:\/\/www.visit-ulcinj.com\/blog\/wp-content\/uploads\/2008\/08\/45_soparlo202-300x225.jpg\" alt=\"\" width=\"300\" height=\"225\" srcset=\"https:\/\/www.visit-ulcinj.com\/blog\/wp-content\/uploads\/2008\/08\/45_soparlo202-300x225.jpg 300w, https:\/\/www.visit-ulcinj.com\/blog\/wp-content\/uploads\/2008\/08\/45_soparlo202.jpg 566w\" sizes=\"(max-width: 300px) 100vw, 300px\" \/><\/a>Ulcinj &#8211; Izvr\u0161ni direktor ulcinjske Solane Jelena Aleksi? ocijenila je da je to preduze?e krenulo uzlaznom putanjom i da ga ni\u0161ta ne mo\u017ee zaustaviti na tom putu.<br \/>\n&#8211; Radi?emo, proizvoditi i prera?ivati so ma ko bio ve?inski vlasnik akcija preduze?a. Sna\u017eno smo zakora?ili na doma?e i sva tr\u017ei\u0161ta regiona i na putu smo da vratimo stare i osvojimo nove kupce. Ne pla\u0161imo se konkurencije, jer imamo visoko- kvalitetan proizvod i ljudi to prepoznaju &#8211; kazala je Aleksi? u razgovoru za \u201cVijesti\u201d.<br \/>\nOna je naglasila da ?e ovogodi\u0161nja berba, koja je u toku, \u201cvjerovatno\u201d zadovoljiti potrebe tr\u017ei\u0161ta za so za ljudsku ishranu.<br \/>\n&#8211; Vi\u0161e smo nego zadovoljni ovogodi\u0161njom berbom i vjerujemo da ?emo prikupiti znatno vi\u0161e od 20 hiljada tona soli, koliko je bilo predvi?eno biznis planom. Svu koli?inu preradi?emo za ljudsku ishranu i vjerujem zadovoljiti potrebe tr\u017ei\u0161ta na tom polju. Ukoliko bude falilo soli za puteve i industriju, onda je mogu? uvoz odre?ene koli?ine soli, ali mislimo da i te potrebe tr\u017ei\u0161ta mo\u017eemo nadomjestiti iz sopstvene proizvodnje &#8211; kazala je Aleksi?.<\/p>\n<p><a href=\"http:\/\/www.visit-ulcinj.com\/blog\/wp-content\/uploads\/2008\/08\/solana-bajo-sekulic.jpg\"><img loading=\"lazy\" class=\"size-thumbnail wp-image-2743 alignright\" title=\"solana-bajo-sekulic\" src=\"http:\/\/www.visit-ulcinj.com\/blog\/wp-content\/uploads\/2008\/08\/solana-bajo-sekulic-150x150.jpg\" alt=\"Solana &quot;Bajo Sekuli?&quot;\" width=\"126\" height=\"126\" \/><\/a><\/p>\n<p>Ona je istakla da Solanu vi\u0161e ne brine plasman njenog proizvoda na tr\u017ei\u0161te.<br \/>\n&#8211; Na doma?em tr\u017ei\u0161tu smo neprikosnoveni, a i u Srbiji stojimo sve bolje, jer na\u0161 generalni zastupnik, beogradska kompanija \u201cInterkomerc\u201d, odli?no radi svoj posao. Sa najve?im evropskim proizvo?a?em kamene soli, austrijskom kompanijom \u201cSalinen\u201d, zaklju?ili smo predugovor o kupoprodaji 5.000 tona sitne soli, do ?ije realizacije bi trebalo da se do?e po?etkom naredne godine. Na nedavnom sajmu u Italiji ostvarili smo kontakte sa tamo\u0161njim farmerima i proizvo?a?ima sira koji ?e, vjerujem, rezultirati konkretnim dogovorom, uprkos tome \u0161to Italija ima svoju solanu &#8211; kazala je Aleksi?.<br \/>\nOna je navela da ?e delegacija Solane prisustvovati i narednom sajmu u Zenici, budu?i \u201cda i na tom tr\u017ei\u0161tu vlada veliko interesovanje za so koja se proizvodi u pogonima Solane \u201cBajo Sekuli?\u201d.<\/p>\n<p><a href=\"http:\/\/www.visit-ulcinj.com\/blog\/wp-content\/uploads\/2008\/08\/44_ulcinj-soparlo.jpg\"><img loading=\"lazy\" class=\"size-thumbnail wp-image-2742 alignleft\" title=\"Solana &quot;Bajo Sekuli?&quot;Ulcinj\" src=\"http:\/\/www.visit-ulcinj.com\/blog\/wp-content\/uploads\/2008\/08\/44_ulcinj-soparlo-150x150.jpg\" alt=\"Solana &quot;Bajo Sekuli?&quot;Ulcinj\" width=\"206\" height=\"123\" \/><\/a><\/p>\n<p>&#8211; Uporedo sa agresivnom kampanjom, Solana \u0161iri paletu pakovanja i dizajna svog proizvoda. Osim \u201ckombi doza\u201d od 125 i 250 grama, kartonskog pakovanja od pola i jednog kilograma, te soli u PVC vre?ama od pet, 10 i 25 kilograma, uskoro na tr\u017ei\u0161te izlazimo i sa pakovanjima soli od pola i jednog kilograma u plasti?nim kesama. Na tr\u017ei\u0161tu imamo i na\u0161 novi proizvod, \u201csolni cvijet\u201d &#8211; kazala je Aleksi?.<br \/>\n<strong><br \/>\nKvar produ\u017eio berbu<\/strong><br \/>\nAleksi? se nada da ?e berba biti okon?ana za od 10 do 15 dana.<br \/>\n&#8211; Imali smo kvar na reduktorima samohodnog transportera, zbog ?ega smo pauzirali osam dana. Veliki problem je bio da na?emo te reduktore,<a href=\"http:\/\/www.visit-ulcinj.com\/blog\/wp-content\/uploads\/2008\/10\/solana-bajo-sekulic.jpg\"><img loading=\"lazy\" class=\"alignright size-thumbnail wp-image-3850\" title=\"solana-bajo-sekulic\" src=\"http:\/\/www.visit-ulcinj.com\/blog\/wp-content\/uploads\/2008\/10\/solana-bajo-sekulic-150x150.jpg\" alt=\"\" width=\"197\" height=\"120\" \/><\/a><br \/>\nkojima je radni vijek 5.000 sati aktivnog rada, a koji nijesu mijenjani od 1967. Zbog toga ?e modernizacija transportera biti jedan od prioritetnih zadataka u susret narednoj berbi soli &#8211; kazala je Aleksi?.<br \/>\nNa berbi je, dodala je ona, uposleno 186 nerezidenata i kompletan kadar solane.<br \/>\n&#8211; Isplata je sedmi?na, a startna dnevnica iznosi 22 eura. Ko prema\u0161i normu, zaradi vi\u0161e, ali ima i onih koji prime manje. Radimo i tre?u smjenu, kad dozvole vremenske prilike &#8211; kazala je Aleksi?.<br \/>\n<strong>S.A.<br \/>\nIzvor \/ Vijesti<\/strong><\/p>\n<p style=\"text-align: center;\"><a class=\"aligncenter\" title=\"???? ????,?????,Ulcinj,Montenegru,??????????,\u00c7ernoqoriya,Besplatni internet oglasi,Besplatni oglasi,besplatni mali oglasi,besplatni turisti?ki oglasi,oglasi, usluge, turizam,Turisti?ke usluge,Doma?i turizam,Besplatni Oglasnik,Brzi Oglasi Besplatno,Besplatno OglasavanjeTurizam,besplatni oglasi sa slikom,Turisticki informator besplatni,li?ni-oglasi,BESPLATNI Turisticki OGLASI SA SLIKAMA,BESPLATNI Turisticki Oglasi saVideom,turisticki smestaj oglasi,Turisti?ki vodi? balkana,BESPLATNA REZERVACIJA SMESTAJA,Postavite besplatno Vas oglas,FREE TOURIST GUIDES,Izdavanje-Turizam oglasi,Balkan Turisticki vodic,shpallje turistike falas,Shpallje Falas,Shpallje falas per Komplekse Turistike,Lajmerime,Njoftime,shpallje shqip per shqiptaret ne shqiperi kosova maqedoni,mal te zi,???????????,Montenegiro,?ern\u00e1 Hora,??????????,Cz\u00f4rnog\u00f3ra,Cz\u00f4rn\u00f4 G\u00f3ra,Carna G\u00f3ra,T\u0161ernogooria,\u00c7ernogoriya,Montain\u00e9agr\u00f3,Montenegwo,?orna Hora,Montenegr\u00f3,M?ntenigro,Chernogoriya ,\u00c7\u00earnogor\u00ee ,?????????,????????? ,??????? ,Montes Nigrae,Mons Niger,M\u00f4ntenegr\u00f4,Muntenegru,??????????,Czarnog\u00f3ra,Muntinigru,Muntenegro,&lt;br &gt;&lt;\/a&gt; Muntenegru,\t?ierna Hora,Cxerngora,????????,?rna gora,Moontineegro,?ornog?ra,\u00c7ernogori\u00fda,Chernogoriya,Mont\u00f5negro,????? ???? ,?r?na Gora,?r?nogorije,?ernogorija,?arnahoryja,??????????,???????????????????? ,?ern\u00f4g\u00f4riy\u00e2,M\u00fbnt\u00een\u00ee?r\u00fb,????? ?????? ,????????,??????????,???????????,M\u00e2nten\u00eegro,???? ????? ,????????,M\u00f4ntenegr\u00f4,????????????,???????????,????????????, ??????????? ,????????????,??????????? ,\u008d\u2022?R\/?K?R ,\u0192\u201a\u0192\u201c\u0192e\u0192l\u0192O\u0192\u008d,\u00b8???\u00b3?\u00b1?\u00b7? ,Muntenegru, ????? ????, Montenegr?,chambres ? louer ? ulcinj, location de vacance, location saisonni?res, louer villa,location de vacance, Locations vacance, h?bergements vacances, locations villa, logements de vacances, location maison avec piscine, Location vacance, locations de vacance, h?bergements de vacances, location villa, locations entre particulier, logements vacance, vacances ? Mont?n?gro - location ? Ulcinj ,location  de bigorre,Urlaub in Ulcinj -Montenegro,Hotelbewertungen Ulcinj,Reisen Ulcinj, Urlaub Ulcinj,Hotel in Serbien und Montenegro von Urlaubern bewertet,Billig Urlaub in Ulcinj,ferienh?user,ferienwohnung,Billige Ferienh?user,Ferienwohnung ULCINJ,Ferien an der Adria,Urlaub im Ferienhaus ulcinjBilligreisen Ulcinj,Pauschalreisen,FKK Strand Ada Bojana ulcinj,Last Minute Angebote ulcinj,Preise f?r Lastminute,Kleinanzeigen gratis,Ausflug nach Ulcinj,FKK-Reisen ada bojana,FKK-Urlaub ulcinj,Privatni smje?taj,rezervacija smje?taja,apartmani,sobe,ku?e,odmor,sobe za odmor ulcinj,Pretra?ivanje privatnog smje?taja,rooms rent accommodation ulcinj, rentail private accommodation ulcinj,?elite rezervirati privatni smje?taj,Private accommodation,Smje?taj ulcinj,Pushime Verore ulqin,pushime t? lira n? ulqin,Pushime ne plazh,Pushime te kendshme,dhoma per pushime ulqin,dhoma me qera ulqin,dhoma te lira ulqin,pushime te lira ulqin,mali i zi,kosova,maqedoni,shqiperi,Pushime ne det te ulqinit,godi?nji odmor u ulcinj,odmor u ulcinj,Ku?a za odmor,kuda na odmor,ljetovanje u ulcinj,slobodne sobe,dhoma te lira,ku?a uz more,turisti?ka ponuda,odmor i zabava,povolne cene,sobe,usluge,Mjesto za Va? odmor , Place for Your holiday,Odmor portal,putovanaja,Iznajmljivanje soba ulcinj,odmor ulcinj info,Va?e mjesto za odmor ulcinj,nudisticka plaza ada bojana,smjestaj ponuda ulcinj,lokacioni i dhomave ulqin,deti,plazhet e bukura,diskoteka,zbavitja,.\" href=\"http:\/\/www.visit-ulcinj.com\/tourism\/\" target=\"_blank\"><img loading=\"lazy\" class=\"aligncenter\" title=\"SHPALLJE TURISTIKE FALAS,FREE TOURIST GUIDES,BESPLATNI TURISTI?KI OGLASI,balkan holiday rentals,ALBANIJA,ALBANIA,SHQIPERIJA,CRNA GORA,HRVATSKA,KROACIA,SLOVENIJA,MAKEDONIJA,MAKEDONIA,SRBIJA,MONTENEGRO,MALI I ZI,\" src=\"http:\/\/www.visit-ulcinj.com\/blog\/wp-content\/uploads\/2008\/09\/balkanholidayrentals.gif\" alt=\"Apatin,  Aran?elovac,  ?uprija,  ?a?ak,  ?apljina,  ?itluk,  ?abac,  ?ipovo,  ?iroki Brijeg,  ?ep?e,  ?ivinice,  Ba?ka Palanka,  Banja Luka,  Banovi?i,  Be?ej,  beograd,  Biha?,  Bijeljina,  Bor,  Bor?a,  Bosanska Gradi?ka,  Bosanska Krupa,  Bosanski ?amac,  Bosanski Brod,  Bosanski Novi,  Br?ko,  Bu?im,  Bugojno,  Cazin,  Crna Gora,  Derventa,  Doboj,  Donji Vakuf,  Drvar,  Dubrovnik,  Fo?a,  Fojnica,  Glamo?,  Gora?de,  Gornji Milanovac,  Gornji Vakuf,  gostivar,  Gra?anica,  Grada?ac,  Gradiska,  Grahovo,  Had?i?i,  Ilid?a,  In?ija,  Jablanica,  Jagodina,  Jajce,  Kakanj,  Kalu?erica,  Kikinda,  Klju?,  Konjic,  Kotor Varo?,  Kragujevac,  Kraljevo,  Kru?evac,  Kula,  Kupres,  Lakta?i,  Lazarevac,  Leskovac,  Livno,  Ljubinje,  ljublana,  Ljubu?ki,  Loznica,  Lukavac,  Maglaj,  Mladenovac,  Modri?a,  montenegro erlajnz,  mostar,  Mrkonji? Grad,  Neum,  Ni?,  Novi Pazar,  Novi Sad,  Novi Travnik,  Obrenovac,  Od?ak,  ohrid,  Ora?je,  Pale,  Pan?evo,  Para?in,  Pirot,  Po?arevac,  Podgorica,  Priboj,  Prijedor,  Prokuplje,  Prozor,  pula,  rijeka,  Ruma,  Sanski Most,  Sarajevo,  Senta,  serbija,  sibenik,  skopje,  Smederevo,  Smederevska Palanka,  Sokolac,  Sombor,  split,  Srebrenica,  Srebrenik,  Sremska Mitrovica,  Stolac,  Struga,  Subotica,  Temerin,  Tesli?,  tetovo,  Travnik,  Trebinje,  tuzla,  U?ice,  ulcinj,  Valjevo,  Velika Kladu?a,  Vi?egrad,  Visoko,  Vitez,  Vogo??a,  vojvodina,  Vranje,  Vr?ac,  Vrbas,  zadar,  Zagreb,  Zaje?ar,  Zavidovi?i,  Zenica,  Zrenjanin,  Zvornik,copacabana ulcinj,  h?tels,  hotel ulqin,  Kosova,  Mali i Zi,  Maqedonija,  Montenegro,  montenegro tourisme plage,  montenegro ulcinj,  Shpallje Falas,  Shpallje Falas per shitjen e shtepis se juaj,  Shpallje Falas per villat e juaj,  Shpallje Falas Real Estate,  Shpallje Falas turistike,  shqiperija,  tourisme,  Ulci?,  ulcinj,  ulqin,  ulqin hotel,  ulqini,  ulqini 2007,Ada Bojana,  Alba?czyk,  Cita di Dolcino,  Copacabana,  Czarnog?ra,  Czarnog?rzec,  Don Kichota,  Ma\u00b3a Pla?a,  Mandra,  MIGUEL DE SERVANTES,  p?\u00b3wyspy Marjan,  Pla?a Valdanos,  Rzeka Bojana,  Shas \/ ?as \/ Sva?,  Ulci?,  Ulcinjsk\u00b9 Riwier?,  Wielka Pla?a,  Wyspa Bojana,GORA,??????????,???????,??????????, ?ern? Hora,TO ULCINJ \/ ULQIN,MONTENEGRO, Czarnog?ra, Muntenegru, ????? ????, Montenegr?,villa ? louer ? ulcinj, location de vacance, location saisonni?res, louer chambres,location de vacance, Locations vacance, h?bergements vacances, locations villa, logements de vacances, location maison avec piscine, Location vacance, locations de vacance, h?bergements de vacances, location, locations entre particulier, logements vacance, vacances ? Mont?n?gro - location ? Ulcinj ,location  de bigorre,Albaniku,  Artana,  Bujanoci,  Burimi,  Dardana,  Dardan?,  De?an,  Dibra,  Drenas,  Drenasi,  Ferizaj,  Ferizaji,  Fush? Kosova,Besplatni internet oglasi,Besplatni oglasi,besplatni mali oglasi,besplatni turisti?ki oglasi,oglasi, usluge, turizam,Turisti?ke usluge,Doma?i turizam,Besplatni Oglasnik,Brzi Oglasi Besplatno,Besplatno OglasavanjeTurizam,besplatni oglasi sa slikom,Turisticki informator besplatni,li?ni-oglasi,BESPLATNI Turisticki OGLASI SA SLIKAMA,BESPLATNI Turisticki Oglasi saVideom,turisticki smestaj oglasi,Turisti?ki vodi? balkana,BESPLATNA REZERVACIJA SMESTAJA,Postavite besplatno Vas oglas,FREE TOURIST GUIDES,Izdavanje-Turizam oglasi,Balkan Turisticki vodic,shpallje turistike falas,Shpallje Falas,Shpallje falas per Komplekse Turistike,Lajmerime,Njoftime,shpallje shqip per shqiptaret ne shqiperi kosova maqedoni,mal te zi,Fush? Kosov?,  Gjakova,  Gjakov?,  Gjilan,  Gjilani,  Gostivari,  Istog,  Istog\u00b7,  Ka?anik,  Ka?aniku,  Kastrioti,  K?r?ova,  Klina,  Klin?,  Kumanova,  Leposaviq,  Leskovci,  Likova,  Lipjan,  Lipjani,  Malisheva,  Malishev?,  Manastiri,  Medvegja,  Mitrovica,  Mitrovic?,  Novob?rd?,  Obiliq\u00b7 Rahovec,  Ohri,  Peja,  Pej?,  Podujeva,  Podujev?,  Presheva,  Prishtina,  Prishtin?,  Prizren,  Prizreni,  Rahoveci,  Sharri,  Sharri (Kosov?),  Shkupi,  Sht?rpca,  Sht?rpc?,  Shtime,  Sk?nderaj,  Struga,  Tetova,  Theranda,  Therand?,  Triumf Riza,  Veleshta,  Viti,  Vitia,  Vushtrri,  Vushtrria,  Zubin Potok,  Zubin Potoku,  Zve?an,  Zve?ani,Struga,Gostivari,Gostivar,Ker?ova,Tirana,Durr?si,Elbasani,Shkodra,Tuzi,Vlora, Kor?a,Fieri,Berati,Lushnja ,Kavaja,Pogradeci,La?i,Gjirokastra,Patosi,Kruja,Ku?ova,Kuk?si,Lezha,Saranda,Peshkopia,Burreli,C?rriku,?orovoda,Shijaku,Librazhdi,Tepelena,Gramshi,Poli?ani,Bulqiza,P?rmeti,Fush?Kruja,Kamza,Rr?sheni,Ballshi,Mamurrasi,BajramCurri,Erseka,Peqini,Divjaka,Selenica,Bilishti,Roskoveci,Puka,Memaliaj,Rrogozhina,Ura Vajgurore,Himara,Delvina,Vora,Kopliku,Maliqi,P?rrenjasi,Kruma, Libohova,Orikumi,Fush?-Arr?za,Sh?ngjini,Rubiku,Miloti, Leskoviku,Konispoli,K?lcyra,Krasta,K?rraba,Manastiri,Hara?ina,Likova,Prilepi,Zajazi,Vrap?ishti,Bogovin?,\" width=\"420\" height=\"120\" \/><\/a><\/p>\n","protected":false},"excerpt":{"rendered":"<p>Ulcinj &#8211; Izvr\u0161ni direktor ulcinjske Solane Jelena Aleksi? ocijenila je da je to preduze?e krenulo uzlaznom putanjom i da ga ni\u0161ta ne mo\u017ee zaustaviti na tom putu. &#8211; Radi?emo, proizvoditi i prera?ivati so ma ko bio ve?inski vlasnik akcija preduze?a. Sna\u017eno smo zakora?ili na doma?e i sva tr\u017ei\u0161ta regiona i na putu smo da vratimo [&hellip;]<\/p>\n","protected":false},"author":1,"featured_media":0,"comment_status":"open","ping_status":"closed","sticky":false,"template":"","format":"standard","meta":{"spay_email":"","jetpack_publicize_message":"","jetpack_is_tweetstorm":false,"jetpack_publicize_feature_enabled":true},"categories":[10,12],"tags":[3234,19],"jetpack_publicize_connections":[],"yoast_head":"<!-- This site is optimized with the Yoast SEO plugin v19.1 - https:\/\/yoast.com\/wordpress\/plugins\/seo\/ -->\n<title>Solana ?e raditi ma ko bio ve?inski vlasnik - Lajme nga Ulqini<\/title>\n<meta name=\"description\" content=\"Ulcinj - Izvr\u0161ni direktor ulcinjske Solane Jelena Aleksi? ocijenila je da je to preduze?e krenulo uzlaznom putanjom i da ga ni\u0161ta ne mo\u017ee zaustaviti na\" \/>\n<meta name=\"robots\" content=\"index, follow, max-snippet:-1, max-image-preview:large, max-video-preview:-1\" \/>\n<link rel=\"canonical\" href=\"https:\/\/www.visit-ulcinj.com\/blog\/2008\/10\/03\/solana-ce-raditi-ma-ko-bio-vecinski-vlasnik\/\" \/>\n<meta property=\"og:locale\" content=\"en_US\" \/>\n<meta property=\"og:type\" content=\"article\" \/>\n<meta property=\"og:title\" content=\"Solana ?e raditi ma ko bio ve?inski vlasnik - Lajme nga Ulqini\" \/>\n<meta property=\"og:description\" content=\"Ulcinj - Izvr\u0161ni direktor ulcinjske Solane Jelena Aleksi? ocijenila je da je to preduze?e krenulo uzlaznom putanjom i da ga ni\u0161ta ne mo\u017ee zaustaviti na\" \/>\n<meta property=\"og:url\" content=\"https:\/\/www.visit-ulcinj.com\/blog\/2008\/10\/03\/solana-ce-raditi-ma-ko-bio-vecinski-vlasnik\/\" \/>\n<meta property=\"og:site_name\" content=\"Lajme nga Ulqini\" \/>\n<meta property=\"article:published_time\" content=\"2008-10-03T15:12:10+00:00\" \/>\n<meta property=\"article:modified_time\" content=\"2008-10-17T18:42:45+00:00\" \/>\n<meta property=\"og:image\" content=\"http:\/\/www.visit-ulcinj.com\/blog\/wp-content\/uploads\/2008\/08\/45_soparlo202-300x225.jpg\" \/>\n<meta name=\"twitter:label1\" content=\"Written by\" \/>\n\t<meta name=\"twitter:data1\" content=\"ulqini\" \/>\n\t<meta name=\"twitter:label2\" content=\"Est. reading time\" \/>\n\t<meta name=\"twitter:data2\" content=\"3 minutes\" \/>\n<script type=\"application\/ld+json\" class=\"yoast-schema-graph\">{\"@context\":\"https:\/\/schema.org\",\"@graph\":[{\"@type\":\"WebSite\",\"@id\":\"https:\/\/www.visit-ulcinj.com\/blog\/#website\",\"url\":\"https:\/\/www.visit-ulcinj.com\/blog\/\",\"name\":\"Lajme nga Ulqini\",\"description\":\"Lajme,Vijesti,Ulqini,Ulqin,Crna Gora,Mali i Zi\",\"potentialAction\":[{\"@type\":\"SearchAction\",\"target\":{\"@type\":\"EntryPoint\",\"urlTemplate\":\"https:\/\/www.visit-ulcinj.com\/blog\/?s={search_term_string}\"},\"query-input\":\"required name=search_term_string\"}],\"inLanguage\":\"en-US\"},{\"@type\":\"ImageObject\",\"inLanguage\":\"en-US\",\"@id\":\"https:\/\/www.visit-ulcinj.com\/blog\/2008\/10\/03\/solana-ce-raditi-ma-ko-bio-vecinski-vlasnik\/#primaryimage\",\"url\":\"http:\/\/www.visit-ulcinj.com\/blog\/wp-content\/uploads\/2008\/08\/45_soparlo202-300x225.jpg\",\"contentUrl\":\"http:\/\/www.visit-ulcinj.com\/blog\/wp-content\/uploads\/2008\/08\/45_soparlo202-300x225.jpg\"},{\"@type\":\"WebPage\",\"@id\":\"https:\/\/www.visit-ulcinj.com\/blog\/2008\/10\/03\/solana-ce-raditi-ma-ko-bio-vecinski-vlasnik\/#webpage\",\"url\":\"https:\/\/www.visit-ulcinj.com\/blog\/2008\/10\/03\/solana-ce-raditi-ma-ko-bio-vecinski-vlasnik\/\",\"name\":\"Solana ?e raditi ma ko bio ve?inski vlasnik - Lajme nga Ulqini\",\"isPartOf\":{\"@id\":\"https:\/\/www.visit-ulcinj.com\/blog\/#website\"},\"primaryImageOfPage\":{\"@id\":\"https:\/\/www.visit-ulcinj.com\/blog\/2008\/10\/03\/solana-ce-raditi-ma-ko-bio-vecinski-vlasnik\/#primaryimage\"},\"datePublished\":\"2008-10-03T15:12:10+00:00\",\"dateModified\":\"2008-10-17T18:42:45+00:00\",\"author\":{\"@id\":\"https:\/\/www.visit-ulcinj.com\/blog\/#\/schema\/person\/dcab619c614d3038751c63bc2aadc06d\"},\"description\":\"Ulcinj - Izvr\u0161ni direktor ulcinjske Solane Jelena Aleksi? ocijenila je da je to preduze?e krenulo uzlaznom putanjom i da ga ni\u0161ta ne mo\u017ee zaustaviti na\",\"breadcrumb\":{\"@id\":\"https:\/\/www.visit-ulcinj.com\/blog\/2008\/10\/03\/solana-ce-raditi-ma-ko-bio-vecinski-vlasnik\/#breadcrumb\"},\"inLanguage\":\"en-US\",\"potentialAction\":[{\"@type\":\"ReadAction\",\"target\":[\"https:\/\/www.visit-ulcinj.com\/blog\/2008\/10\/03\/solana-ce-raditi-ma-ko-bio-vecinski-vlasnik\/\"]}]},{\"@type\":\"BreadcrumbList\",\"@id\":\"https:\/\/www.visit-ulcinj.com\/blog\/2008\/10\/03\/solana-ce-raditi-ma-ko-bio-vecinski-vlasnik\/#breadcrumb\",\"itemListElement\":[{\"@type\":\"ListItem\",\"position\":1,\"name\":\"Solana ?e raditi ma ko bio ve?inski vlasnik\"}]},{\"@type\":\"Person\",\"@id\":\"https:\/\/www.visit-ulcinj.com\/blog\/#\/schema\/person\/dcab619c614d3038751c63bc2aadc06d\",\"name\":\"ulqini\",\"sameAs\":[\"http:\/\/www.visit-ulcinj.com\"],\"url\":\"https:\/\/www.visit-ulcinj.com\/blog\/author\/admin\/\"}]}<\/script>\n<!-- \/ Yoast SEO plugin. -->","yoast_head_json":{"title":"Solana ?e raditi ma ko bio ve?inski vlasnik - Lajme nga Ulqini","description":"Ulcinj - Izvr\u0161ni direktor ulcinjske Solane Jelena Aleksi? ocijenila je da je to preduze?e krenulo uzlaznom putanjom i da ga ni\u0161ta ne mo\u017ee zaustaviti na","robots":{"index":"index","follow":"follow","max-snippet":"max-snippet:-1","max-image-preview":"max-image-preview:large","max-video-preview":"max-video-preview:-1"},"canonical":"https:\/\/www.visit-ulcinj.com\/blog\/2008\/10\/03\/solana-ce-raditi-ma-ko-bio-vecinski-vlasnik\/","og_locale":"en_US","og_type":"article","og_title":"Solana ?e raditi ma ko bio ve?inski vlasnik - Lajme nga Ulqini","og_description":"Ulcinj - Izvr\u0161ni direktor ulcinjske Solane Jelena Aleksi? ocijenila je da je to preduze?e krenulo uzlaznom putanjom i da ga ni\u0161ta ne mo\u017ee zaustaviti na","og_url":"https:\/\/www.visit-ulcinj.com\/blog\/2008\/10\/03\/solana-ce-raditi-ma-ko-bio-vecinski-vlasnik\/","og_site_name":"Lajme nga Ulqini","article_published_time":"2008-10-03T15:12:10+00:00","article_modified_time":"2008-10-17T18:42:45+00:00","og_image":[{"url":"http:\/\/www.visit-ulcinj.com\/blog\/wp-content\/uploads\/2008\/08\/45_soparlo202-300x225.jpg"}],"twitter_misc":{"Written by":"ulqini","Est. reading time":"3 minutes"},"schema":{"@context":"https:\/\/schema.org","@graph":[{"@type":"WebSite","@id":"https:\/\/www.visit-ulcinj.com\/blog\/#website","url":"https:\/\/www.visit-ulcinj.com\/blog\/","name":"Lajme nga Ulqini","description":"Lajme,Vijesti,Ulqini,Ulqin,Crna Gora,Mali i Zi","potentialAction":[{"@type":"SearchAction","target":{"@type":"EntryPoint","urlTemplate":"https:\/\/www.visit-ulcinj.com\/blog\/?s={search_term_string}"},"query-input":"required name=search_term_string"}],"inLanguage":"en-US"},{"@type":"ImageObject","inLanguage":"en-US","@id":"https:\/\/www.visit-ulcinj.com\/blog\/2008\/10\/03\/solana-ce-raditi-ma-ko-bio-vecinski-vlasnik\/#primaryimage","url":"http:\/\/www.visit-ulcinj.com\/blog\/wp-content\/uploads\/2008\/08\/45_soparlo202-300x225.jpg","contentUrl":"http:\/\/www.visit-ulcinj.com\/blog\/wp-content\/uploads\/2008\/08\/45_soparlo202-300x225.jpg"},{"@type":"WebPage","@id":"https:\/\/www.visit-ulcinj.com\/blog\/2008\/10\/03\/solana-ce-raditi-ma-ko-bio-vecinski-vlasnik\/#webpage","url":"https:\/\/www.visit-ulcinj.com\/blog\/2008\/10\/03\/solana-ce-raditi-ma-ko-bio-vecinski-vlasnik\/","name":"Solana ?e raditi ma ko bio ve?inski vlasnik - Lajme nga Ulqini","isPartOf":{"@id":"https:\/\/www.visit-ulcinj.com\/blog\/#website"},"primaryImageOfPage":{"@id":"https:\/\/www.visit-ulcinj.com\/blog\/2008\/10\/03\/solana-ce-raditi-ma-ko-bio-vecinski-vlasnik\/#primaryimage"},"datePublished":"2008-10-03T15:12:10+00:00","dateModified":"2008-10-17T18:42:45+00:00","author":{"@id":"https:\/\/www.visit-ulcinj.com\/blog\/#\/schema\/person\/dcab619c614d3038751c63bc2aadc06d"},"description":"Ulcinj - Izvr\u0161ni direktor ulcinjske Solane Jelena Aleksi? ocijenila je da je to preduze?e krenulo uzlaznom putanjom i da ga ni\u0161ta ne mo\u017ee zaustaviti na","breadcrumb":{"@id":"https:\/\/www.visit-ulcinj.com\/blog\/2008\/10\/03\/solana-ce-raditi-ma-ko-bio-vecinski-vlasnik\/#breadcrumb"},"inLanguage":"en-US","potentialAction":[{"@type":"ReadAction","target":["https:\/\/www.visit-ulcinj.com\/blog\/2008\/10\/03\/solana-ce-raditi-ma-ko-bio-vecinski-vlasnik\/"]}]},{"@type":"BreadcrumbList","@id":"https:\/\/www.visit-ulcinj.com\/blog\/2008\/10\/03\/solana-ce-raditi-ma-ko-bio-vecinski-vlasnik\/#breadcrumb","itemListElement":[{"@type":"ListItem","position":1,"name":"Solana ?e raditi ma ko bio ve?inski vlasnik"}]},{"@type":"Person","@id":"https:\/\/www.visit-ulcinj.com\/blog\/#\/schema\/person\/dcab619c614d3038751c63bc2aadc06d","name":"ulqini","sameAs":["http:\/\/www.visit-ulcinj.com"],"url":"https:\/\/www.visit-ulcinj.com\/blog\/author\/admin\/"}]}},"jetpack_featured_media_url":"","jetpack_sharing_enabled":true,"jetpack_shortlink":"https:\/\/wp.me\/pe6lTn-105","_links":{"self":[{"href":"https:\/\/www.visit-ulcinj.com\/blog\/wp-json\/wp\/v2\/posts\/3849"}],"collection":[{"href":"https:\/\/www.visit-ulcinj.com\/blog\/wp-json\/wp\/v2\/posts"}],"about":[{"href":"https:\/\/www.visit-ulcinj.com\/blog\/wp-json\/wp\/v2\/types\/post"}],"author":[{"embeddable":true,"href":"https:\/\/www.visit-ulcinj.com\/blog\/wp-json\/wp\/v2\/users\/1"}],"replies":[{"embeddable":true,"href":"https:\/\/www.visit-ulcinj.com\/blog\/wp-json\/wp\/v2\/comments?post=3849"}],"version-history":[{"count":0,"href":"https:\/\/www.visit-ulcinj.com\/blog\/wp-json\/wp\/v2\/posts\/3849\/revisions"}],"wp:attachment":[{"href":"https:\/\/www.visit-ulcinj.com\/blog\/wp-json\/wp\/v2\/media?parent=3849"}],"wp:term":[{"taxonomy":"category","embeddable":true,"href":"https:\/\/www.visit-ulcinj.com\/blog\/wp-json\/wp\/v2\/categories?post=3849"},{"taxonomy":"post_tag","embeddable":true,"href":"https:\/\/www.visit-ulcinj.com\/blog\/wp-json\/wp\/v2\/tags?post=3849"}],"curies":[{"name":"wp","href":"https:\/\/api.w.org\/{rel}","templated":true}]}}