{"id":38495,"date":"2010-10-11T18:12:28","date_gmt":"2010-10-11T16:12:28","guid":{"rendered":"http:\/\/www.visit-ulcinj.com\/blog\/?p=38495"},"modified":"2010-10-11T19:20:41","modified_gmt":"2010-10-11T17:20:41","slug":"klubi-i-karatese-ulqini-vazhdon-traditen-e-vet-me-rezultate-te-shkelqyera","status":"publish","type":"post","link":"https:\/\/www.visit-ulcinj.com\/blog\/2010\/10\/11\/klubi-i-karatese-ulqini-vazhdon-traditen-e-vet-me-rezultate-te-shkelqyera\/","title":{"rendered":"Klubi i karates\u00eb Ulqini  vazhdon tradit\u00ebn e vet me rezultate t\u00eb shk\u00eblqyera"},"content":{"rendered":"<p><strong><a href=\"http:\/\/www.visit-ulcinj.com\/blog\/wp-content\/uploads\/2010\/10\/Klubi-i-karatese-Ulqini.jpg\"><img loading=\"lazy\" class=\"alignleft size-full wp-image-38505\" title=\"Klubi i karatese Ulqini\" src=\"http:\/\/www.visit-ulcinj.com\/blog\/wp-content\/uploads\/2010\/10\/Klubi-i-karatese-Ulqini.jpg\" alt=\"\" width=\"490\" height=\"390\" \/><\/a>Curoviqi vazhdon t\u00eb jet\u00eb m\u00eb i miri<\/strong><\/p>\n<p>T\u00eb diel\u00ebn, m\u00eb 10 tetor 2010 n\u00eb Kollashin u mbajt Turneu nd\u00ebrkomb\u00ebtar i karates\u00eb \u201cKollashinski pobednik 2010\u201d, n\u00eb t\u00eb cilin 6 (gjasht\u00eb) garues senior\u00eb t\u00eb klubit t\u00eb karates\u00eb \u201cUlqini\u201d arrit\u00ebn nj\u00eb sukses t\u00eb shk\u00eblqyesh\u00ebm, duke mbrojtur p\u00ebrs\u00ebri renomen\u00eb e tyre dhe t\u00eb klubit, duke p\u00ebrs\u00ebritur rezultatin e gar\u00ebs s\u00eb kaluar dhe me k\u00ebt\u00eb d\u00ebshmuan edhe nj\u00ebher\u00eb se jemi n\u00eb form\u00ebn m\u00eb t\u00eb mir\u00eb. N\u00eb k\u00ebt\u00eb turne u kuror\u00ebzuam me 16 medalje: 9 medalje t\u00eb arta, 7 t\u00eb argjendta dhe nj\u00eb kup\u00eb p\u00ebr garuesin m\u00eb t\u00eb mir\u00eb t\u00eb k\u00ebtij turneu.<\/p>\n<p>P\u00ebrs\u00ebri karateisti i k\u00ebtij klubi Viktor Curoviq, i cili u kuror\u00ebzua me dy medalje t\u00eb arta dhe nj\u00eb t\u00eb argjendt\u00eb, u shpall garuesi m\u00eb i mir\u00eb i Turneut. Curoviqi edhe k\u00ebt\u00eb her\u00eb d\u00ebshmoi q\u00eb \u00ebsht\u00eb m\u00eb i miri dhe me k\u00ebt\u00eb mbrojti dhe titullin e vet si garuesi m\u00eb i mir\u00eb. Ai nga ky vit \u00ebsht\u00eb student n\u00eb Fakultetin e edukat\u00ebs fizike n\u00eb Universitetin e Prishtin\u00ebs dhe atje ka filluar q\u00eb st\u00ebrvitjet t\u2019i b\u00ebj\u00eb me karateistin e njohur, t\u00eb madhin Afrim Latifin.<\/p>\n<p>Me nga dy medalje t\u00eb arta u kuror\u00ebzuan edhe garuesit Liridon Elezi dhe Dardan Ceka, nd\u00ebrsa garueset Gentiana Korpuzi, Fiona Beqiri dhe Gresa Hyseni u kuror\u00ebzuan me nga nj\u00eb medalje t\u00eb art\u00eb dhe dy t\u00eb argjendta. K\u00ebto tri garuese jan\u00eb karateiste nga Kosova, t\u00eb cilat tashm\u00eb u b\u00ebn\u00eb pjes\u00eb e Klubit ton\u00eb dhe do t\u00eb vazhdojn\u00eb t\u00eb garojn\u00eb p\u00ebr ne edhe n\u00eb t\u00eb ardhmen. Atyre edhe kjo gar\u00eb i sh\u00ebrbeu si prov\u00eb para Kampionatit Bot\u00ebror p\u00ebr senior\u00eb i cili do t\u00eb mbahet n\u00eb Beograd n\u00eb fund t\u00eb k\u00ebtij muaji.<\/p>\n<p>-N\u00eb k\u00ebto dy garat e fundit mor\u00ebm pjes\u00eb me pak garues, jo p\u00ebr shkak t\u00eb munges\u00ebs s\u00eb garuesve n\u00eb klub, por p\u00ebr shkak t\u00eb an\u00ebs financiare. Do t\u00eb mundohemi q\u00eb me shum\u00eb sakrifica n\u00eb disa gara t\u00eb marrim pjes\u00eb edhe t\u00eb kompletuar q\u00eb t\u00eb mos zhg\u00ebnjejm\u00eb garuesit tan\u00eb dhe shpresojm\u00eb q\u00eb nga ato gara do t\u00eb sjellim trofe n\u00eb Qytetin ton\u00eb ashtu si\u00e7 dhe kemi b\u00ebr\u00eb deri tash vite me radh\u00eb, &#8211; shprehet trajneri Naim Duraku i cili \u00ebsht\u00eb nj\u00ebkoh\u00ebsisht edhe refer dhe ka referuar\u00eb n\u00eb k\u00ebt\u00eb gar\u00eb.<\/p>\n<p>Garuesit ton\u00eb ishin t\u00eb shoq\u00ebruar nga ish kampioni evropian n\u00eb kategorin\u00eb absolute n\u00eb luft\u00ebra p\u00ebr senior\u00eb dhe mbajt\u00ebs i shum\u00eb titujve ballkanik\u00eb, evropian\u00eb e bot\u00ebror\u00eb, i madhi Afrim Latifi. Latifi p\u00ebrndryshe \u00ebsht\u00eb mik i vjet\u00ebr i klubit t\u00eb karates\u00eb \u201cUlqini\u201d dhe k\u00ebshilltar i mir\u00eb i yni, k\u00ebshillat e t\u00eb cilit jan\u00eb t\u00eb mir\u00ebserdhura me q\u00ebllim t\u00eb avansimit m\u00eb t\u00eb lart\u00eb t\u00eb karates\u00eb n\u00eb p\u00ebrgjith\u00ebsi, e posa\u00e7\u00ebrisht t\u00eb klubit ton\u00eb.<\/p>\n<p>N\u00eb Turneun \u201cKollashinski pobednik 2010\u201d mor\u00ebn pjes\u00eb 23 klube me mbi 420 garues.<\/p>\n<p><strong>SH\u00cbRBIMI INFORMATIV I KLUBIT T\u00cb KARATES\u00cb \u201cULQINI\u201d<\/strong><\/p>\n","protected":false},"excerpt":{"rendered":"<p>Curoviqi vazhdon t\u00eb jet\u00eb m\u00eb i miri T\u00eb diel\u00ebn, m\u00eb 10 tetor 2010 n\u00eb Kollashin u mbajt Turneu nd\u00ebrkomb\u00ebtar i karates\u00eb \u201cKollashinski pobednik 2010\u201d, n\u00eb t\u00eb cilin 6 (gjasht\u00eb) garues senior\u00eb t\u00eb klubit t\u00eb karates\u00eb \u201cUlqini\u201d arrit\u00ebn nj\u00eb sukses t\u00eb shk\u00eblqyesh\u00ebm, duke mbrojtur p\u00ebrs\u00ebri renomen\u00eb e tyre dhe t\u00eb klubit, duke p\u00ebrs\u00ebritur rezultatin e gar\u00ebs [&hellip;]<\/p>\n","protected":false},"author":1,"featured_media":0,"comment_status":"open","ping_status":"closed","sticky":false,"template":"","format":"standard","meta":{"spay_email":"","jetpack_publicize_message":"","jetpack_is_tweetstorm":false,"jetpack_publicize_feature_enabled":true},"categories":[3],"tags":[15999,15998,2621],"jetpack_publicize_connections":[],"yoast_head":"<!-- This site is optimized with the Yoast SEO plugin v19.1 - https:\/\/yoast.com\/wordpress\/plugins\/seo\/ -->\n<title>Klubi i karates\u00eb Ulqini vazhdon tradit\u00ebn e vet me rezultate t\u00eb shk\u00eblqyera - Lajme nga Ulqini<\/title>\n<meta name=\"description\" content=\"Curoviqi vazhdon t\u00eb jet\u00eb m\u00eb i miri T\u00eb diel\u00ebn, m\u00eb 10 tetor 2010 n\u00eb Kollashin u mbajt Turneu nd\u00ebrkomb\u00ebtar i karates\u00eb \u201cKollashinski pobednik 2010\u201d, n\u00eb t\u00eb\" \/>\n<meta name=\"robots\" content=\"index, follow, max-snippet:-1, max-image-preview:large, max-video-preview:-1\" \/>\n<link rel=\"canonical\" href=\"https:\/\/www.visit-ulcinj.com\/blog\/2010\/10\/11\/klubi-i-karatese-ulqini-vazhdon-traditen-e-vet-me-rezultate-te-shkelqyera\/\" \/>\n<meta property=\"og:locale\" content=\"en_US\" \/>\n<meta property=\"og:type\" content=\"article\" \/>\n<meta property=\"og:title\" content=\"Klubi i karates\u00eb Ulqini vazhdon tradit\u00ebn e vet me rezultate t\u00eb shk\u00eblqyera - Lajme nga Ulqini\" \/>\n<meta property=\"og:description\" content=\"Curoviqi vazhdon t\u00eb jet\u00eb m\u00eb i miri T\u00eb diel\u00ebn, m\u00eb 10 tetor 2010 n\u00eb Kollashin u mbajt Turneu nd\u00ebrkomb\u00ebtar i karates\u00eb \u201cKollashinski pobednik 2010\u201d, n\u00eb t\u00eb\" \/>\n<meta property=\"og:url\" content=\"https:\/\/www.visit-ulcinj.com\/blog\/2010\/10\/11\/klubi-i-karatese-ulqini-vazhdon-traditen-e-vet-me-rezultate-te-shkelqyera\/\" \/>\n<meta property=\"og:site_name\" content=\"Lajme nga Ulqini\" \/>\n<meta property=\"article:published_time\" content=\"2010-10-11T16:12:28+00:00\" \/>\n<meta property=\"article:modified_time\" content=\"2010-10-11T17:20:41+00:00\" \/>\n<meta property=\"og:image\" content=\"http:\/\/www.visit-ulcinj.com\/blog\/wp-content\/uploads\/2010\/10\/Klubi-i-karatese-Ulqini.jpg\" \/>\n<meta name=\"twitter:label1\" content=\"Written by\" \/>\n\t<meta name=\"twitter:data1\" content=\"ulqini\" \/>\n\t<meta name=\"twitter:label2\" content=\"Est. reading time\" \/>\n\t<meta name=\"twitter:data2\" content=\"3 minutes\" \/>\n<script type=\"application\/ld+json\" class=\"yoast-schema-graph\">{\"@context\":\"https:\/\/schema.org\",\"@graph\":[{\"@type\":\"WebSite\",\"@id\":\"https:\/\/www.visit-ulcinj.com\/blog\/#website\",\"url\":\"https:\/\/www.visit-ulcinj.com\/blog\/\",\"name\":\"Lajme nga Ulqini\",\"description\":\"Lajme,Vijesti,Ulqini,Ulqin,Crna Gora,Mali i Zi\",\"potentialAction\":[{\"@type\":\"SearchAction\",\"target\":{\"@type\":\"EntryPoint\",\"urlTemplate\":\"https:\/\/www.visit-ulcinj.com\/blog\/?s={search_term_string}\"},\"query-input\":\"required name=search_term_string\"}],\"inLanguage\":\"en-US\"},{\"@type\":\"ImageObject\",\"inLanguage\":\"en-US\",\"@id\":\"https:\/\/www.visit-ulcinj.com\/blog\/2010\/10\/11\/klubi-i-karatese-ulqini-vazhdon-traditen-e-vet-me-rezultate-te-shkelqyera\/#primaryimage\",\"url\":\"https:\/\/www.visit-ulcinj.com\/blog\/wp-content\/uploads\/2010\/10\/Klubi-i-karatese-Ulqini.jpg\",\"contentUrl\":\"https:\/\/www.visit-ulcinj.com\/blog\/wp-content\/uploads\/2010\/10\/Klubi-i-karatese-Ulqini.jpg\",\"width\":\"720\",\"height\":\"540\"},{\"@type\":\"WebPage\",\"@id\":\"https:\/\/www.visit-ulcinj.com\/blog\/2010\/10\/11\/klubi-i-karatese-ulqini-vazhdon-traditen-e-vet-me-rezultate-te-shkelqyera\/#webpage\",\"url\":\"https:\/\/www.visit-ulcinj.com\/blog\/2010\/10\/11\/klubi-i-karatese-ulqini-vazhdon-traditen-e-vet-me-rezultate-te-shkelqyera\/\",\"name\":\"Klubi i karates\u00eb Ulqini vazhdon tradit\u00ebn e vet me rezultate t\u00eb shk\u00eblqyera - Lajme nga Ulqini\",\"isPartOf\":{\"@id\":\"https:\/\/www.visit-ulcinj.com\/blog\/#website\"},\"primaryImageOfPage\":{\"@id\":\"https:\/\/www.visit-ulcinj.com\/blog\/2010\/10\/11\/klubi-i-karatese-ulqini-vazhdon-traditen-e-vet-me-rezultate-te-shkelqyera\/#primaryimage\"},\"datePublished\":\"2010-10-11T16:12:28+00:00\",\"dateModified\":\"2010-10-11T17:20:41+00:00\",\"author\":{\"@id\":\"https:\/\/www.visit-ulcinj.com\/blog\/#\/schema\/person\/dcab619c614d3038751c63bc2aadc06d\"},\"description\":\"Curoviqi vazhdon t\u00eb jet\u00eb m\u00eb i miri T\u00eb diel\u00ebn, m\u00eb 10 tetor 2010 n\u00eb Kollashin u mbajt Turneu nd\u00ebrkomb\u00ebtar i karates\u00eb \u201cKollashinski pobednik 2010\u201d, n\u00eb t\u00eb\",\"breadcrumb\":{\"@id\":\"https:\/\/www.visit-ulcinj.com\/blog\/2010\/10\/11\/klubi-i-karatese-ulqini-vazhdon-traditen-e-vet-me-rezultate-te-shkelqyera\/#breadcrumb\"},\"inLanguage\":\"en-US\",\"potentialAction\":[{\"@type\":\"ReadAction\",\"target\":[\"https:\/\/www.visit-ulcinj.com\/blog\/2010\/10\/11\/klubi-i-karatese-ulqini-vazhdon-traditen-e-vet-me-rezultate-te-shkelqyera\/\"]}]},{\"@type\":\"BreadcrumbList\",\"@id\":\"https:\/\/www.visit-ulcinj.com\/blog\/2010\/10\/11\/klubi-i-karatese-ulqini-vazhdon-traditen-e-vet-me-rezultate-te-shkelqyera\/#breadcrumb\",\"itemListElement\":[{\"@type\":\"ListItem\",\"position\":1,\"name\":\"Klubi i karates\u00eb Ulqini vazhdon tradit\u00ebn e vet me rezultate t\u00eb shk\u00eblqyera\"}]},{\"@type\":\"Person\",\"@id\":\"https:\/\/www.visit-ulcinj.com\/blog\/#\/schema\/person\/dcab619c614d3038751c63bc2aadc06d\",\"name\":\"ulqini\",\"sameAs\":[\"http:\/\/www.visit-ulcinj.com\"],\"url\":\"https:\/\/www.visit-ulcinj.com\/blog\/author\/admin\/\"}]}<\/script>\n<!-- \/ Yoast SEO plugin. -->","yoast_head_json":{"title":"Klubi i karates\u00eb Ulqini vazhdon tradit\u00ebn e vet me rezultate t\u00eb shk\u00eblqyera - Lajme nga Ulqini","description":"Curoviqi vazhdon t\u00eb jet\u00eb m\u00eb i miri T\u00eb diel\u00ebn, m\u00eb 10 tetor 2010 n\u00eb Kollashin u mbajt Turneu nd\u00ebrkomb\u00ebtar i karates\u00eb \u201cKollashinski pobednik 2010\u201d, n\u00eb t\u00eb","robots":{"index":"index","follow":"follow","max-snippet":"max-snippet:-1","max-image-preview":"max-image-preview:large","max-video-preview":"max-video-preview:-1"},"canonical":"https:\/\/www.visit-ulcinj.com\/blog\/2010\/10\/11\/klubi-i-karatese-ulqini-vazhdon-traditen-e-vet-me-rezultate-te-shkelqyera\/","og_locale":"en_US","og_type":"article","og_title":"Klubi i karates\u00eb Ulqini vazhdon tradit\u00ebn e vet me rezultate t\u00eb shk\u00eblqyera - Lajme nga Ulqini","og_description":"Curoviqi vazhdon t\u00eb jet\u00eb m\u00eb i miri T\u00eb diel\u00ebn, m\u00eb 10 tetor 2010 n\u00eb Kollashin u mbajt Turneu nd\u00ebrkomb\u00ebtar i karates\u00eb \u201cKollashinski pobednik 2010\u201d, n\u00eb t\u00eb","og_url":"https:\/\/www.visit-ulcinj.com\/blog\/2010\/10\/11\/klubi-i-karatese-ulqini-vazhdon-traditen-e-vet-me-rezultate-te-shkelqyera\/","og_site_name":"Lajme nga Ulqini","article_published_time":"2010-10-11T16:12:28+00:00","article_modified_time":"2010-10-11T17:20:41+00:00","og_image":[{"url":"http:\/\/www.visit-ulcinj.com\/blog\/wp-content\/uploads\/2010\/10\/Klubi-i-karatese-Ulqini.jpg"}],"twitter_misc":{"Written by":"ulqini","Est. reading time":"3 minutes"},"schema":{"@context":"https:\/\/schema.org","@graph":[{"@type":"WebSite","@id":"https:\/\/www.visit-ulcinj.com\/blog\/#website","url":"https:\/\/www.visit-ulcinj.com\/blog\/","name":"Lajme nga Ulqini","description":"Lajme,Vijesti,Ulqini,Ulqin,Crna Gora,Mali i Zi","potentialAction":[{"@type":"SearchAction","target":{"@type":"EntryPoint","urlTemplate":"https:\/\/www.visit-ulcinj.com\/blog\/?s={search_term_string}"},"query-input":"required name=search_term_string"}],"inLanguage":"en-US"},{"@type":"ImageObject","inLanguage":"en-US","@id":"https:\/\/www.visit-ulcinj.com\/blog\/2010\/10\/11\/klubi-i-karatese-ulqini-vazhdon-traditen-e-vet-me-rezultate-te-shkelqyera\/#primaryimage","url":"https:\/\/www.visit-ulcinj.com\/blog\/wp-content\/uploads\/2010\/10\/Klubi-i-karatese-Ulqini.jpg","contentUrl":"https:\/\/www.visit-ulcinj.com\/blog\/wp-content\/uploads\/2010\/10\/Klubi-i-karatese-Ulqini.jpg","width":"720","height":"540"},{"@type":"WebPage","@id":"https:\/\/www.visit-ulcinj.com\/blog\/2010\/10\/11\/klubi-i-karatese-ulqini-vazhdon-traditen-e-vet-me-rezultate-te-shkelqyera\/#webpage","url":"https:\/\/www.visit-ulcinj.com\/blog\/2010\/10\/11\/klubi-i-karatese-ulqini-vazhdon-traditen-e-vet-me-rezultate-te-shkelqyera\/","name":"Klubi i karates\u00eb Ulqini vazhdon tradit\u00ebn e vet me rezultate t\u00eb shk\u00eblqyera - Lajme nga Ulqini","isPartOf":{"@id":"https:\/\/www.visit-ulcinj.com\/blog\/#website"},"primaryImageOfPage":{"@id":"https:\/\/www.visit-ulcinj.com\/blog\/2010\/10\/11\/klubi-i-karatese-ulqini-vazhdon-traditen-e-vet-me-rezultate-te-shkelqyera\/#primaryimage"},"datePublished":"2010-10-11T16:12:28+00:00","dateModified":"2010-10-11T17:20:41+00:00","author":{"@id":"https:\/\/www.visit-ulcinj.com\/blog\/#\/schema\/person\/dcab619c614d3038751c63bc2aadc06d"},"description":"Curoviqi vazhdon t\u00eb jet\u00eb m\u00eb i miri T\u00eb diel\u00ebn, m\u00eb 10 tetor 2010 n\u00eb Kollashin u mbajt Turneu nd\u00ebrkomb\u00ebtar i karates\u00eb \u201cKollashinski pobednik 2010\u201d, n\u00eb t\u00eb","breadcrumb":{"@id":"https:\/\/www.visit-ulcinj.com\/blog\/2010\/10\/11\/klubi-i-karatese-ulqini-vazhdon-traditen-e-vet-me-rezultate-te-shkelqyera\/#breadcrumb"},"inLanguage":"en-US","potentialAction":[{"@type":"ReadAction","target":["https:\/\/www.visit-ulcinj.com\/blog\/2010\/10\/11\/klubi-i-karatese-ulqini-vazhdon-traditen-e-vet-me-rezultate-te-shkelqyera\/"]}]},{"@type":"BreadcrumbList","@id":"https:\/\/www.visit-ulcinj.com\/blog\/2010\/10\/11\/klubi-i-karatese-ulqini-vazhdon-traditen-e-vet-me-rezultate-te-shkelqyera\/#breadcrumb","itemListElement":[{"@type":"ListItem","position":1,"name":"Klubi i karates\u00eb Ulqini vazhdon tradit\u00ebn e vet me rezultate t\u00eb shk\u00eblqyera"}]},{"@type":"Person","@id":"https:\/\/www.visit-ulcinj.com\/blog\/#\/schema\/person\/dcab619c614d3038751c63bc2aadc06d","name":"ulqini","sameAs":["http:\/\/www.visit-ulcinj.com"],"url":"https:\/\/www.visit-ulcinj.com\/blog\/author\/admin\/"}]}},"jetpack_featured_media_url":"","jetpack_sharing_enabled":true,"jetpack_shortlink":"https:\/\/wp.me\/pe6lTn-a0T","_links":{"self":[{"href":"https:\/\/www.visit-ulcinj.com\/blog\/wp-json\/wp\/v2\/posts\/38495"}],"collection":[{"href":"https:\/\/www.visit-ulcinj.com\/blog\/wp-json\/wp\/v2\/posts"}],"about":[{"href":"https:\/\/www.visit-ulcinj.com\/blog\/wp-json\/wp\/v2\/types\/post"}],"author":[{"embeddable":true,"href":"https:\/\/www.visit-ulcinj.com\/blog\/wp-json\/wp\/v2\/users\/1"}],"replies":[{"embeddable":true,"href":"https:\/\/www.visit-ulcinj.com\/blog\/wp-json\/wp\/v2\/comments?post=38495"}],"version-history":[{"count":0,"href":"https:\/\/www.visit-ulcinj.com\/blog\/wp-json\/wp\/v2\/posts\/38495\/revisions"}],"wp:attachment":[{"href":"https:\/\/www.visit-ulcinj.com\/blog\/wp-json\/wp\/v2\/media?parent=38495"}],"wp:term":[{"taxonomy":"category","embeddable":true,"href":"https:\/\/www.visit-ulcinj.com\/blog\/wp-json\/wp\/v2\/categories?post=38495"},{"taxonomy":"post_tag","embeddable":true,"href":"https:\/\/www.visit-ulcinj.com\/blog\/wp-json\/wp\/v2\/tags?post=38495"}],"curies":[{"name":"wp","href":"https:\/\/api.w.org\/{rel}","templated":true}]}}