{"id":385,"date":"2008-02-05T10:01:21","date_gmt":"2008-02-05T15:01:21","guid":{"rendered":"http:\/\/www.visit-ulcinj.com\/blog\/2008\/02\/05\/opozicija-o-deklaraciji-dua-kojom-se-trazi-nezavisnost-kosmetai-izjave-lidera-te-partije\/"},"modified":"2008-02-12T20:43:49","modified_gmt":"2008-02-13T01:43:49","slug":"opozicija-o-deklaraciji-dua-kojom-se-trazi-nezavisnost-kosmetai-izjave-lidera-te-partije","status":"publish","type":"post","link":"https:\/\/www.visit-ulcinj.com\/blog\/2008\/02\/05\/opozicija-o-deklaraciji-dua-kojom-se-trazi-nezavisnost-kosmetai-izjave-lidera-te-partije\/","title":{"rendered":"Opozicija o deklaraciji dua kojom se tra\u017ei nezavisnost Kosmeta,i izjave lidera te partije"},"content":{"rendered":"<p><img loading=\"lazy\" src=\"http:\/\/www.rtcg.cg.yu\/slike\/dedeic_dobrilo.jpg\" align=\"left\" height=\"90\" width=\"110\" \/><strong>\u0160ta Milo misli,Dino\u0161a zbori<\/strong><br \/>\nDio opozicionih partija kritikovao je ju?e stav lidera Demokratske unije Albanaca Ferhata Dino\u0161e da ?e ovo biti godina nezavisnosti Kosova i Metohije. Opozicionari su osudili i Deklaraciju, usvojenu na izbornoj<!--more--> skup\u0161tini DUA, kojom se tra\u017ei da Kosmet \u0161to prije dobije nezavisnost. Kako nagla\u0161avaju, po\u0161to je DUA u savezu sa vladaju?im strankama, dok se one ne ograde, Dino\u0161inu izjavu i sadr\u017eaj Deklaracije smatra?e i stavom vladaju?e koalicije.<br \/>\nPortparol Srpske liste Dobrilo Dedei? kazao je da je DUA &#8221; organski i neraskidivi dio re\u017eima u Crnoj Gori&#8221;. On dodaje da Dino\u0161a i njegova stranka tvore parlamentarnu ve?inu i dijele vlast, od republi?kog do lokalnog nivoa, sa DPS-om, SDP-om i HGI.<br \/>\n&#8211; Lider DUA na strana?koj skup\u0161tini pru\u017eio je punu i otvorenu podr\u0161ku politici za koju se zala\u017ee DPS i istovremeno najavio godinu Albanaca i nezavisnog Kosmeta. Nimalo slu?ajno, ali veoma vje\u0161to i aktivno koordinisano. Dino\u0161a, aktivni participant u izvr\u0161noj vlasti, ne iznosi uvijek li?ne ili strana?ke stavove, ve? ?esto ili konstantno govori iz glave cijelog antisrpskog re\u017eima. Uvjeren sam da Dino\u0161a, koji poslednjih godina daje konstantnu ideolo\u0161ku boju koaliciji ?iji je ?lan, ponovo izigrava prethodnicu Mila ?ukanovi?a. \u0160ta Milo misli, Farhat saop\u0161tava. \u0160ta Milo radi, Ferhat podr\u017eava &#8211; rekao je Dedei?.<br \/>\nRezolucija o Kosovu i Metohiji, isti?e on, kojom ma\u0161e Ferhat Dino\u0161a u sred Crne Gore &#8220;pokazatelj je da su predstoje?i predsjedni?ki izbori \u0161ansa da se mijenja poredak stvari na na\u0161em prostoru i da se gra?ani, pogotovo Srbi i Crnogorci, suprotstave pogubnoj zvani?noj politici. Tradicionalna Crna Gora je, podvla?i Dedei?, istorijski i dr\u017eavno utemeljena na kosovskoj misli i okrenutosti Crnogoraca i Br?ana svojoj duhovnoj i nacionalnoj kolijevci.<br \/>\n&#8211; Na\u017ealost, danas se kroz Ulcinj i Podgoricu ma\u0161e nekim drugim zastavama i ideologijama koje su prkosne Njego\u0161evoj i ideologiji Svetog Petra Cetinjskog- zaklju?io je Dedei?.<br \/>\nI poslanik Socijalisti?ke narodne partije Aleksandar Damjanovi?, koji je kao gost prisustvovao skupu na kojem je usvojen pomenuti dokument, ukazao je na ?injenicu da je DUA dio aktuelne vlasti.<br \/>\n&#8211; Kao predstavnik SNP-a, koja je pozvana kao gost, imao sam priliku da se protokolarno obratim u?esnicima Skup\u0161tine DUA. U svom obra?anju sam, pred cijelom Izbornom skup\u0161tinom, podvukao da SNP i DUA imaju potpuno suprotan stav u odnosu na rje\u0161avanje kona?nog statusa Kosova i Metohije. Za razliku od mene, drugi u?esnici, iako su pred sobom imali kompletan materijal pripremljen za Skup\u0161tinu DUA, nisu na\u0161li za shodno da se u ovom kontekstu osvrnu na deklaraciju kojom se tra\u017ei nezavisnost Kosmeta &#8211; rekao je Damjanovi?.<br \/>\nPortparol Narodne stranke Slavi\u0161a Guberini? kazao je da javnosti nijesu nepoznati Dino\u0161ini stavovi i zalaganja za raspar?avanje Srbije. Podsjetio je na ?uvenu izjavu lidera DUA u parlamentu, nakon eskalacije albanskog nasilja na Kosmetu &#8220;Ko se ne osveti, taj se ne posveti&#8221;.<br \/>\n&#8211; Problem je to \u0161to je DUA u koaliciji sa partijama na vlasti. Zbog toga bismo rije?i Dino\u0161e i sadr\u017eaj deklaracije koju su usvojili, mogli tretirati kao stav portparola vladaju?e koalicije. O?ekujemo da se DPS odredi prema stavu svog koalicionog partnera. Ako to ne u?ini, smatra?emo ovo jo\u0161 jednom potvrdom da zvani?na Crna Gora podr\u017eava pravno nasilje u vidu raspar?avanja teritorije me?unarodno priznate dr\u017eave Srbije, \u0161to je stra\u0161no &#8211; poru?io je Guberini?.<br \/>\nZalaganja DUA i njenog lidera kritikovao je i portparol DSS-a Matija Nikoli?. On je ocijenio da je &#8220;povratak Mila ?ukanovi?a na politi?ku scenu dio scenarija da re\u017eim prizna jednostrano progla\u0161enu nezavisnost Kosova i Metohije.<br \/>\n&#8211; Najprije je bila pri?a o neutralnosti, ali je upravo ?ukanovi? prije nekoliko dana saop\u0161tio da ?e Crna Gora priznati nezavisno Kosovo kad i ostale evropske dr\u017eave. U tome vidimo izjavu Dino\u0161e kao partnera DPS-a u vlasti, da misli da je ovo godina nezavisnosti Kosova &#8211; kazao je Nikoli?.<br \/>\nU DSS-u su, naglasio je on, potpuno uvjereni da rje\u0161enje za koje se DUA zala\u017ee ne bi usre?ilo ni Albance u Crnoj Gori, jer bi nezavisnost Kosmeta destabilizovala ?itav region. DSS je, zaklju?uje Nikoli?, \u017eestoko protiv tog scenarija i svim politi?kim sredstvima ?e se boriti da do toga ne do?e.<br \/>\nV.R.<\/p>\n<p><strong>Umjesto crnogorske &#8211; albanska himna<\/strong><\/p>\n<p>Izborna skup\u0161tina DUA nije, kako je uobi?ajeno za sli?ne skupove stranaka koje djeluju na politi?koj sceni Crne Gore, po?ela intoniranjem crnogorske himne. Umjesto uz himnu dr\u017eave u kojoj \u017eive i gdje su dijelom na vlasti, delegati izborne skup\u0161tine DUA odslu\u0161ali su samo sve?anu pjesmu susjedne, a njima mati?ne dr\u017eave -Albanije. Iako su predstavnicima vlasti &#8220;puna usta&#8221; kritika zbog nepo\u0161tovanja dr\u017eavnih simbola Crne Gore, a posebno himne, niko nije reagovao. Ignorisanju jednog od dr\u017eavnih simbola Crne Gore nije se, kako saznajemo, usprotivio ni politi?ki direktor DPS-a Predrag Sekuli?, iako je bio me?u zvanicama. To nije u?inio ni \u0161ef lokalnog SDP-a Selim Resulbegovi?.<\/p>\n<p><strong>Stav DPS-a nepromijenjen<\/strong><\/p>\n<p>Portparol DPS-a Rajko Kova?evi? rekao je da &#8220;sve partije imaju pravo na autonomne stavove o konkretnim pitanjima&#8221;. U DUA su, tvrdi on, vjerovatno skloniji da eksplicitno saop\u0161tavaju svoje stavove.<br \/>\n&#8211; Zvani?an stav Crne Gore i DPS-a jeste podr\u0161ka svemu \u0161to dogovore Beograd i Pri\u0161tina, uz posredovanje me?unarodne zajednice. Pri\u017eeljkujemo odr\u017eivo rje\u0161enje kosovskog pitanja, koje ?e obezbijediti stabilnost regiona, bez namjere da prejudiciramo kona?an status. Smatramo da ovakav stav, koji se ni u ?emu nije promijenio, najvi\u0161e doprinosi iznala\u017eenju odr\u017eivog rje\u0161enja &#8211; saop\u0161tio je Kova?evi?.<\/p>\n<p><a href=\"http:\/\/www.visit-ulcinj.com\/blog\/2008\/01\/07\/shqiptaret-kerkojne-mandate-te-garantuara-ne-parlamentin-malazez\/77\/\" rel=\"attachment wp-att-77\" title=\"bardhi-dinosha.jpg\"><img loading=\"lazy\" src=\"http:\/\/www.visit-ulcinj.com\/blog\/wp-content\/uploads\/2008\/01\/bardhi-dinosha.jpg\" alt=\"bardhi-dinosha.jpg\" align=\"left\" height=\"120\" hspace=\"2\" vspace=\"2\" width=\"171\" \/><\/a><strong>Bardhi: Jedno pri?aju, drugo rade<\/strong><\/p>\n<p>Lider Demokratskog saveza Mehmet Bardhi kazao je da nije siguran da se DUA uistinu zala\u017ee za ono \u0161to je rekao njen predsjednik Ferhat Dino\u0161a. &#8211; U ozbiljnim partijama politi?ka opredjeljenja zasnivaju se na programskoj orijentaciji. Nijesam siguran da li se DUA zala\u017ee za ovo \u0161to Dino\u0161a ka\u017ee, jer oni jedno pri?aju a rade suprotno. Oni su dio vlasti i zbog privilegija nemaju hrabrosti da je napuste &#8211; tvrdi Bardhi.<\/p>\n<p>www.dan.cg.yu<\/p>\n","protected":false},"excerpt":{"rendered":"<p><img loading=\"lazy\" src=\"http:\/\/www.rtcg.cg.yu\/slike\/dedeic_dobrilo.jpg\" height=\"140\" width=\"140\" \/><\/p>\n","protected":false},"author":1,"featured_media":0,"comment_status":"open","ping_status":"closed","sticky":false,"template":"","format":"standard","meta":{"spay_email":"","jetpack_publicize_message":"","jetpack_is_tweetstorm":false,"jetpack_publicize_feature_enabled":true},"categories":[1],"tags":[1292,1053,90,1050,347,1051,1054,1056,1055,1052,19],"jetpack_publicize_connections":[],"yoast_head":"<!-- This site is optimized with the Yoast SEO plugin v19.1 - https:\/\/yoast.com\/wordpress\/plugins\/seo\/ -->\n<title>Opozicija o deklaraciji dua kojom se tra\u017ei nezavisnost Kosmeta,i izjave lidera te partije - Lajme nga Ulqini<\/title>\n<meta name=\"robots\" content=\"index, follow, max-snippet:-1, max-image-preview:large, max-video-preview:-1\" \/>\n<link rel=\"canonical\" href=\"https:\/\/www.visit-ulcinj.com\/blog\/2008\/02\/05\/opozicija-o-deklaraciji-dua-kojom-se-trazi-nezavisnost-kosmetai-izjave-lidera-te-partije\/\" \/>\n<meta property=\"og:locale\" content=\"en_US\" \/>\n<meta property=\"og:type\" content=\"article\" \/>\n<meta property=\"og:title\" content=\"Opozicija o deklaraciji dua kojom se tra\u017ei nezavisnost Kosmeta,i izjave lidera te partije - Lajme nga Ulqini\" \/>\n<meta property=\"og:url\" content=\"https:\/\/www.visit-ulcinj.com\/blog\/2008\/02\/05\/opozicija-o-deklaraciji-dua-kojom-se-trazi-nezavisnost-kosmetai-izjave-lidera-te-partije\/\" \/>\n<meta property=\"og:site_name\" content=\"Lajme nga Ulqini\" \/>\n<meta property=\"article:published_time\" content=\"2008-02-05T15:01:21+00:00\" \/>\n<meta property=\"article:modified_time\" content=\"2008-02-13T01:43:49+00:00\" \/>\n<meta property=\"og:image\" content=\"http:\/\/www.rtcg.cg.yu\/slike\/dedeic_dobrilo.jpg\" \/>\n<meta name=\"twitter:label1\" content=\"Written by\" \/>\n\t<meta name=\"twitter:data1\" content=\"ulqini\" \/>\n\t<meta name=\"twitter:label2\" content=\"Est. reading time\" \/>\n\t<meta name=\"twitter:data2\" content=\"5 minutes\" \/>\n<script type=\"application\/ld+json\" class=\"yoast-schema-graph\">{\"@context\":\"https:\/\/schema.org\",\"@graph\":[{\"@type\":\"WebSite\",\"@id\":\"https:\/\/www.visit-ulcinj.com\/blog\/#website\",\"url\":\"https:\/\/www.visit-ulcinj.com\/blog\/\",\"name\":\"Lajme nga Ulqini\",\"description\":\"Lajme,Vijesti,Ulqini,Ulqin,Crna Gora,Mali i Zi\",\"potentialAction\":[{\"@type\":\"SearchAction\",\"target\":{\"@type\":\"EntryPoint\",\"urlTemplate\":\"https:\/\/www.visit-ulcinj.com\/blog\/?s={search_term_string}\"},\"query-input\":\"required name=search_term_string\"}],\"inLanguage\":\"en-US\"},{\"@type\":\"ImageObject\",\"inLanguage\":\"en-US\",\"@id\":\"https:\/\/www.visit-ulcinj.com\/blog\/2008\/02\/05\/opozicija-o-deklaraciji-dua-kojom-se-trazi-nezavisnost-kosmetai-izjave-lidera-te-partije\/#primaryimage\",\"url\":\"http:\/\/www.rtcg.cg.yu\/slike\/dedeic_dobrilo.jpg\",\"contentUrl\":\"http:\/\/www.rtcg.cg.yu\/slike\/dedeic_dobrilo.jpg\"},{\"@type\":\"WebPage\",\"@id\":\"https:\/\/www.visit-ulcinj.com\/blog\/2008\/02\/05\/opozicija-o-deklaraciji-dua-kojom-se-trazi-nezavisnost-kosmetai-izjave-lidera-te-partije\/#webpage\",\"url\":\"https:\/\/www.visit-ulcinj.com\/blog\/2008\/02\/05\/opozicija-o-deklaraciji-dua-kojom-se-trazi-nezavisnost-kosmetai-izjave-lidera-te-partije\/\",\"name\":\"Opozicija o deklaraciji dua kojom se tra\u017ei nezavisnost Kosmeta,i izjave lidera te partije - Lajme nga Ulqini\",\"isPartOf\":{\"@id\":\"https:\/\/www.visit-ulcinj.com\/blog\/#website\"},\"primaryImageOfPage\":{\"@id\":\"https:\/\/www.visit-ulcinj.com\/blog\/2008\/02\/05\/opozicija-o-deklaraciji-dua-kojom-se-trazi-nezavisnost-kosmetai-izjave-lidera-te-partije\/#primaryimage\"},\"datePublished\":\"2008-02-05T15:01:21+00:00\",\"dateModified\":\"2008-02-13T01:43:49+00:00\",\"author\":{\"@id\":\"https:\/\/www.visit-ulcinj.com\/blog\/#\/schema\/person\/dcab619c614d3038751c63bc2aadc06d\"},\"breadcrumb\":{\"@id\":\"https:\/\/www.visit-ulcinj.com\/blog\/2008\/02\/05\/opozicija-o-deklaraciji-dua-kojom-se-trazi-nezavisnost-kosmetai-izjave-lidera-te-partije\/#breadcrumb\"},\"inLanguage\":\"en-US\",\"potentialAction\":[{\"@type\":\"ReadAction\",\"target\":[\"https:\/\/www.visit-ulcinj.com\/blog\/2008\/02\/05\/opozicija-o-deklaraciji-dua-kojom-se-trazi-nezavisnost-kosmetai-izjave-lidera-te-partije\/\"]}]},{\"@type\":\"BreadcrumbList\",\"@id\":\"https:\/\/www.visit-ulcinj.com\/blog\/2008\/02\/05\/opozicija-o-deklaraciji-dua-kojom-se-trazi-nezavisnost-kosmetai-izjave-lidera-te-partije\/#breadcrumb\",\"itemListElement\":[{\"@type\":\"ListItem\",\"position\":1,\"name\":\"Opozicija o deklaraciji dua kojom se tra\u017ei nezavisnost Kosmeta,i izjave lidera te partije\"}]},{\"@type\":\"Person\",\"@id\":\"https:\/\/www.visit-ulcinj.com\/blog\/#\/schema\/person\/dcab619c614d3038751c63bc2aadc06d\",\"name\":\"ulqini\",\"sameAs\":[\"http:\/\/www.visit-ulcinj.com\"],\"url\":\"https:\/\/www.visit-ulcinj.com\/blog\/author\/admin\/\"}]}<\/script>\n<!-- \/ Yoast SEO plugin. -->","yoast_head_json":{"title":"Opozicija o deklaraciji dua kojom se tra\u017ei nezavisnost Kosmeta,i izjave lidera te partije - Lajme nga Ulqini","robots":{"index":"index","follow":"follow","max-snippet":"max-snippet:-1","max-image-preview":"max-image-preview:large","max-video-preview":"max-video-preview:-1"},"canonical":"https:\/\/www.visit-ulcinj.com\/blog\/2008\/02\/05\/opozicija-o-deklaraciji-dua-kojom-se-trazi-nezavisnost-kosmetai-izjave-lidera-te-partije\/","og_locale":"en_US","og_type":"article","og_title":"Opozicija o deklaraciji dua kojom se tra\u017ei nezavisnost Kosmeta,i izjave lidera te partije - Lajme nga Ulqini","og_url":"https:\/\/www.visit-ulcinj.com\/blog\/2008\/02\/05\/opozicija-o-deklaraciji-dua-kojom-se-trazi-nezavisnost-kosmetai-izjave-lidera-te-partije\/","og_site_name":"Lajme nga Ulqini","article_published_time":"2008-02-05T15:01:21+00:00","article_modified_time":"2008-02-13T01:43:49+00:00","og_image":[{"url":"http:\/\/www.rtcg.cg.yu\/slike\/dedeic_dobrilo.jpg"}],"twitter_misc":{"Written by":"ulqini","Est. reading time":"5 minutes"},"schema":{"@context":"https:\/\/schema.org","@graph":[{"@type":"WebSite","@id":"https:\/\/www.visit-ulcinj.com\/blog\/#website","url":"https:\/\/www.visit-ulcinj.com\/blog\/","name":"Lajme nga Ulqini","description":"Lajme,Vijesti,Ulqini,Ulqin,Crna Gora,Mali i Zi","potentialAction":[{"@type":"SearchAction","target":{"@type":"EntryPoint","urlTemplate":"https:\/\/www.visit-ulcinj.com\/blog\/?s={search_term_string}"},"query-input":"required name=search_term_string"}],"inLanguage":"en-US"},{"@type":"ImageObject","inLanguage":"en-US","@id":"https:\/\/www.visit-ulcinj.com\/blog\/2008\/02\/05\/opozicija-o-deklaraciji-dua-kojom-se-trazi-nezavisnost-kosmetai-izjave-lidera-te-partije\/#primaryimage","url":"http:\/\/www.rtcg.cg.yu\/slike\/dedeic_dobrilo.jpg","contentUrl":"http:\/\/www.rtcg.cg.yu\/slike\/dedeic_dobrilo.jpg"},{"@type":"WebPage","@id":"https:\/\/www.visit-ulcinj.com\/blog\/2008\/02\/05\/opozicija-o-deklaraciji-dua-kojom-se-trazi-nezavisnost-kosmetai-izjave-lidera-te-partije\/#webpage","url":"https:\/\/www.visit-ulcinj.com\/blog\/2008\/02\/05\/opozicija-o-deklaraciji-dua-kojom-se-trazi-nezavisnost-kosmetai-izjave-lidera-te-partije\/","name":"Opozicija o deklaraciji dua kojom se tra\u017ei nezavisnost Kosmeta,i izjave lidera te partije - Lajme nga Ulqini","isPartOf":{"@id":"https:\/\/www.visit-ulcinj.com\/blog\/#website"},"primaryImageOfPage":{"@id":"https:\/\/www.visit-ulcinj.com\/blog\/2008\/02\/05\/opozicija-o-deklaraciji-dua-kojom-se-trazi-nezavisnost-kosmetai-izjave-lidera-te-partije\/#primaryimage"},"datePublished":"2008-02-05T15:01:21+00:00","dateModified":"2008-02-13T01:43:49+00:00","author":{"@id":"https:\/\/www.visit-ulcinj.com\/blog\/#\/schema\/person\/dcab619c614d3038751c63bc2aadc06d"},"breadcrumb":{"@id":"https:\/\/www.visit-ulcinj.com\/blog\/2008\/02\/05\/opozicija-o-deklaraciji-dua-kojom-se-trazi-nezavisnost-kosmetai-izjave-lidera-te-partije\/#breadcrumb"},"inLanguage":"en-US","potentialAction":[{"@type":"ReadAction","target":["https:\/\/www.visit-ulcinj.com\/blog\/2008\/02\/05\/opozicija-o-deklaraciji-dua-kojom-se-trazi-nezavisnost-kosmetai-izjave-lidera-te-partije\/"]}]},{"@type":"BreadcrumbList","@id":"https:\/\/www.visit-ulcinj.com\/blog\/2008\/02\/05\/opozicija-o-deklaraciji-dua-kojom-se-trazi-nezavisnost-kosmetai-izjave-lidera-te-partije\/#breadcrumb","itemListElement":[{"@type":"ListItem","position":1,"name":"Opozicija o deklaraciji dua kojom se tra\u017ei nezavisnost Kosmeta,i izjave lidera te partije"}]},{"@type":"Person","@id":"https:\/\/www.visit-ulcinj.com\/blog\/#\/schema\/person\/dcab619c614d3038751c63bc2aadc06d","name":"ulqini","sameAs":["http:\/\/www.visit-ulcinj.com"],"url":"https:\/\/www.visit-ulcinj.com\/blog\/author\/admin\/"}]}},"jetpack_featured_media_url":"","jetpack_sharing_enabled":true,"jetpack_shortlink":"https:\/\/wp.me\/pe6lTn-6d","_links":{"self":[{"href":"https:\/\/www.visit-ulcinj.com\/blog\/wp-json\/wp\/v2\/posts\/385"}],"collection":[{"href":"https:\/\/www.visit-ulcinj.com\/blog\/wp-json\/wp\/v2\/posts"}],"about":[{"href":"https:\/\/www.visit-ulcinj.com\/blog\/wp-json\/wp\/v2\/types\/post"}],"author":[{"embeddable":true,"href":"https:\/\/www.visit-ulcinj.com\/blog\/wp-json\/wp\/v2\/users\/1"}],"replies":[{"embeddable":true,"href":"https:\/\/www.visit-ulcinj.com\/blog\/wp-json\/wp\/v2\/comments?post=385"}],"version-history":[{"count":0,"href":"https:\/\/www.visit-ulcinj.com\/blog\/wp-json\/wp\/v2\/posts\/385\/revisions"}],"wp:attachment":[{"href":"https:\/\/www.visit-ulcinj.com\/blog\/wp-json\/wp\/v2\/media?parent=385"}],"wp:term":[{"taxonomy":"category","embeddable":true,"href":"https:\/\/www.visit-ulcinj.com\/blog\/wp-json\/wp\/v2\/categories?post=385"},{"taxonomy":"post_tag","embeddable":true,"href":"https:\/\/www.visit-ulcinj.com\/blog\/wp-json\/wp\/v2\/tags?post=385"}],"curies":[{"name":"wp","href":"https:\/\/api.w.org\/{rel}","templated":true}]}}