{"id":38502,"date":"2010-10-11T18:53:10","date_gmt":"2010-10-11T16:53:10","guid":{"rendered":"http:\/\/www.visit-ulcinj.com\/blog\/?p=38502"},"modified":"2010-10-11T19:22:26","modified_gmt":"2010-10-11T17:22:26","slug":"rivijere-bi-da-nam-uzmu-obalu","status":"publish","type":"post","link":"https:\/\/www.visit-ulcinj.com\/blog\/2010\/10\/11\/rivijere-bi-da-nam-uzmu-obalu\/","title":{"rendered":"Rivijere bi da nam uzmu obalu"},"content":{"rendered":"<p><strong><a href=\"http:\/\/www.visit-ulcinj.com\/blog\/wp-content\/uploads\/2010\/10\/Ulcinjska-Rivijera_Crna-Gora.jpg\"><img loading=\"lazy\" class=\"alignleft size-full wp-image-38503\" title=\"Ulcinjska Rivijera_Crna Gora\" src=\"http:\/\/www.visit-ulcinj.com\/blog\/wp-content\/uploads\/2010\/10\/Ulcinjska-Rivijera_Crna-Gora.jpg\" alt=\"\" width=\"490\" height=\"390\" \/><\/a>\u201eMorsko dobro\u201d obavijestilo ministra gvozdenovi\u0107a i dr\u017eavnog tu\u017eioca o slu\u010dajevima prisvajanja zone kojom gazduje to preduze\u0107e<br \/>\n<\/strong>Budva &#8211; Javno preduze\u0107e za upravljanje morskim dobrom zatra\u017eilo je od za\u0161titnika imovinsko\u2013pravnih interesa Crne Gore da razmotri aktuelna de\u0161avanja iz oblasti za\u0161tite dr\u017eavne imovine u zoni morskog dobra, kako bi se kod nadle\u017enih slu\u017ebi pokrenuli postupci o rje\u0161avanju tih pitanja.<br \/>\nKako navode iz tog preduze\u0107a, shodno dogovoru sa sastanka odr\u017eanog 23. avgusta, za\u0161titniku je dostavljen pregled predmeta &#8211; postupaka, koji se odnose na status dr\u017eavne imovine u zoni kojom gazduje \u201cMorsko dobro\u201d.<br \/>\n\u201cRije\u010d je upisu prava HTP \u201cUlcinjska rivijera\u201d na zemlji\u0161tu u zoni Velike pla\u017ee i Ade Bojane koje je u zahvatu morskog dobra i koje, najve\u0107im dijelom, \u010dini prirodno dobro &#8211; pla\u017ea i ostrvo Ada. Hotelska grupa \\&#8221;Budvanska rivijera\\&#8221; je vodila postupak o upisu vlasni\u0161tva na prostoru Slovenske pla\u017ee i to na parcelama koje obuhvataju pla\u017ee ili neposredno zale\u0111e u zoni od \u0161est metara od linije najve\u0107eg talasa, na katastarskim parcelama 2897\/2, 2898, 2900\/4, 2900\/7, 2900\/9. Vlada je ve\u0107 donijela odluku o prodaji parcele u zahvatu morskog dobra neposredno u zale\u0111u Luke Budva, na katastarskoj parceli 2870\/3. Jo\u0161 od ranije stoji otvoreno pitanje upisa prostora pla\u017ea i obale na pojedina preduze\u0107a, kao primjera radi u Igalu\u201d, navodi se u dopisu koje je \u201cMorsko dobro\u201d, osim za\u0161titniku imovinsko-pravnih odnosa, proslijedilo i dr\u017eavnom tu\u017eiocu Ranki \u010carapi\u0107, ministru ure\u0111enja prostora Branimiru Gvozdenovi\u0107u i Upravi za nekretnine.<\/p>\n<p>\u201cU posljednje vrijeme na\u0161em preduze\u0107u se obra\u0107aju gra\u0111ani sa dokumentima o upisu vlasni\u0161tva ili prava kori\u0161\u0107enja objekata obalne infrastrukture, ponti i mandra\u0107a, kao i djelova obale, \u010dak obuhvataju\u0107i akvatorijum, iako je Zakonom o morskom dobru utvr\u0111eno da su ovi objekti javno dobro u dr\u017eavnom vlasni\u0161tvu, kakav tretman su imali i u periodu prije dono\u0161enja aktuelnog zakona. Smatramo da je ovo u suprotnosti sa odredbama Zakona o dr\u017eavnoj imovini kojim je utvr\u0111eno da je obala prirodno dobro u dr\u017eavnom vlasni\u0161tvu. Zakonom o morskom dobru je utvr\u0111eno da obalu \u010dini prostor \u0161est metara udaljen od linije do koje dopiru najvi\u0161i talasi pri najvi\u0161em nevremenu, kao i obalna infrastruktura. Zakonom o dr\u017eavnoj svojini propisano je da obala \u010dini prirodno dobro koje je u dr\u017eavnom vlasni\u0161tvu, bez mogu\u0107nosti otu\u0111enja\u201d, zaklju\u010duje se u dopisu.<\/p>\n<p><strong>V.L.<br \/>\n<a href=\"http:\/\/www.vijesti.me\/\" target=\"_blank\">Vijesti<\/a><br \/>\n<!--YouTube Error: bad URL entered--><\/strong><\/p>\n","protected":false},"excerpt":{"rendered":"<p>\u201eMorsko dobro\u201d obavijestilo ministra gvozdenovi\u0107a i dr\u017eavnog tu\u017eioca o slu\u010dajevima prisvajanja zone kojom gazduje to preduze\u0107e Budva &#8211; Javno preduze\u0107e za upravljanje morskim dobrom zatra\u017eilo je od za\u0161titnika imovinsko\u2013pravnih interesa Crne Gore da razmotri aktuelna de\u0161avanja iz oblasti za\u0161tite dr\u017eavne imovine u zoni morskog dobra, kako bi se kod nadle\u017enih slu\u017ebi pokrenuli postupci o rje\u0161avanju [&hellip;]<\/p>\n","protected":false},"author":1,"featured_media":0,"comment_status":"open","ping_status":"closed","sticky":false,"template":"","format":"standard","meta":{"spay_email":"","jetpack_publicize_message":"","jetpack_is_tweetstorm":false,"jetpack_publicize_feature_enabled":true},"categories":[8337],"tags":[250,2725,19,849],"jetpack_publicize_connections":[],"yoast_head":"<!-- This site is optimized with the Yoast SEO plugin v19.1 - https:\/\/yoast.com\/wordpress\/plugins\/seo\/ -->\n<title>Rivijere bi da nam uzmu obalu - Lajme nga Ulqini<\/title>\n<meta name=\"description\" content=\"\u201eMorsko dobro\u201d obavijestilo ministra gvozdenovi\u0107a i dr\u017eavnog tu\u017eioca o slu\u010dajevima prisvajanja zone kojom gazduje to preduze\u0107e Budva - Javno preduze\u0107e za\" \/>\n<meta name=\"robots\" content=\"index, follow, max-snippet:-1, max-image-preview:large, max-video-preview:-1\" \/>\n<link rel=\"canonical\" href=\"https:\/\/www.visit-ulcinj.com\/blog\/2010\/10\/11\/rivijere-bi-da-nam-uzmu-obalu\/\" \/>\n<meta property=\"og:locale\" content=\"en_US\" \/>\n<meta property=\"og:type\" content=\"article\" \/>\n<meta property=\"og:title\" content=\"Rivijere bi da nam uzmu obalu - Lajme nga Ulqini\" \/>\n<meta property=\"og:description\" content=\"\u201eMorsko dobro\u201d obavijestilo ministra gvozdenovi\u0107a i dr\u017eavnog tu\u017eioca o slu\u010dajevima prisvajanja zone kojom gazduje to preduze\u0107e Budva - Javno preduze\u0107e za\" \/>\n<meta property=\"og:url\" content=\"https:\/\/www.visit-ulcinj.com\/blog\/2010\/10\/11\/rivijere-bi-da-nam-uzmu-obalu\/\" \/>\n<meta property=\"og:site_name\" content=\"Lajme nga Ulqini\" \/>\n<meta property=\"article:published_time\" content=\"2010-10-11T16:53:10+00:00\" \/>\n<meta property=\"article:modified_time\" content=\"2010-10-11T17:22:26+00:00\" \/>\n<meta property=\"og:image\" content=\"http:\/\/www.visit-ulcinj.com\/blog\/wp-content\/uploads\/2010\/10\/Ulcinjska-Rivijera_Crna-Gora.jpg\" \/>\n<meta name=\"twitter:label1\" content=\"Written by\" \/>\n\t<meta name=\"twitter:data1\" content=\"ulqini\" \/>\n\t<meta name=\"twitter:label2\" content=\"Est. reading time\" \/>\n\t<meta name=\"twitter:data2\" content=\"2 minutes\" \/>\n<script type=\"application\/ld+json\" class=\"yoast-schema-graph\">{\"@context\":\"https:\/\/schema.org\",\"@graph\":[{\"@type\":\"WebSite\",\"@id\":\"https:\/\/www.visit-ulcinj.com\/blog\/#website\",\"url\":\"https:\/\/www.visit-ulcinj.com\/blog\/\",\"name\":\"Lajme nga Ulqini\",\"description\":\"Lajme,Vijesti,Ulqini,Ulqin,Crna Gora,Mali i Zi\",\"potentialAction\":[{\"@type\":\"SearchAction\",\"target\":{\"@type\":\"EntryPoint\",\"urlTemplate\":\"https:\/\/www.visit-ulcinj.com\/blog\/?s={search_term_string}\"},\"query-input\":\"required name=search_term_string\"}],\"inLanguage\":\"en-US\"},{\"@type\":\"ImageObject\",\"inLanguage\":\"en-US\",\"@id\":\"https:\/\/www.visit-ulcinj.com\/blog\/2010\/10\/11\/rivijere-bi-da-nam-uzmu-obalu\/#primaryimage\",\"url\":\"https:\/\/www.visit-ulcinj.com\/blog\/wp-content\/uploads\/2010\/10\/Ulcinjska-Rivijera_Crna-Gora.jpg\",\"contentUrl\":\"https:\/\/www.visit-ulcinj.com\/blog\/wp-content\/uploads\/2010\/10\/Ulcinjska-Rivijera_Crna-Gora.jpg\",\"width\":\"1424\",\"height\":\"614\"},{\"@type\":\"WebPage\",\"@id\":\"https:\/\/www.visit-ulcinj.com\/blog\/2010\/10\/11\/rivijere-bi-da-nam-uzmu-obalu\/#webpage\",\"url\":\"https:\/\/www.visit-ulcinj.com\/blog\/2010\/10\/11\/rivijere-bi-da-nam-uzmu-obalu\/\",\"name\":\"Rivijere bi da nam uzmu obalu - Lajme nga Ulqini\",\"isPartOf\":{\"@id\":\"https:\/\/www.visit-ulcinj.com\/blog\/#website\"},\"primaryImageOfPage\":{\"@id\":\"https:\/\/www.visit-ulcinj.com\/blog\/2010\/10\/11\/rivijere-bi-da-nam-uzmu-obalu\/#primaryimage\"},\"datePublished\":\"2010-10-11T16:53:10+00:00\",\"dateModified\":\"2010-10-11T17:22:26+00:00\",\"author\":{\"@id\":\"https:\/\/www.visit-ulcinj.com\/blog\/#\/schema\/person\/dcab619c614d3038751c63bc2aadc06d\"},\"description\":\"\u201eMorsko dobro\u201d obavijestilo ministra gvozdenovi\u0107a i dr\u017eavnog tu\u017eioca o slu\u010dajevima prisvajanja zone kojom gazduje to preduze\u0107e Budva - Javno preduze\u0107e za\",\"breadcrumb\":{\"@id\":\"https:\/\/www.visit-ulcinj.com\/blog\/2010\/10\/11\/rivijere-bi-da-nam-uzmu-obalu\/#breadcrumb\"},\"inLanguage\":\"en-US\",\"potentialAction\":[{\"@type\":\"ReadAction\",\"target\":[\"https:\/\/www.visit-ulcinj.com\/blog\/2010\/10\/11\/rivijere-bi-da-nam-uzmu-obalu\/\"]}]},{\"@type\":\"BreadcrumbList\",\"@id\":\"https:\/\/www.visit-ulcinj.com\/blog\/2010\/10\/11\/rivijere-bi-da-nam-uzmu-obalu\/#breadcrumb\",\"itemListElement\":[{\"@type\":\"ListItem\",\"position\":1,\"name\":\"Rivijere bi da nam uzmu obalu\"}]},{\"@type\":\"Person\",\"@id\":\"https:\/\/www.visit-ulcinj.com\/blog\/#\/schema\/person\/dcab619c614d3038751c63bc2aadc06d\",\"name\":\"ulqini\",\"sameAs\":[\"http:\/\/www.visit-ulcinj.com\"],\"url\":\"https:\/\/www.visit-ulcinj.com\/blog\/author\/admin\/\"}]}<\/script>\n<!-- \/ Yoast SEO plugin. -->","yoast_head_json":{"title":"Rivijere bi da nam uzmu obalu - Lajme nga Ulqini","description":"\u201eMorsko dobro\u201d obavijestilo ministra gvozdenovi\u0107a i dr\u017eavnog tu\u017eioca o slu\u010dajevima prisvajanja zone kojom gazduje to preduze\u0107e Budva - Javno preduze\u0107e za","robots":{"index":"index","follow":"follow","max-snippet":"max-snippet:-1","max-image-preview":"max-image-preview:large","max-video-preview":"max-video-preview:-1"},"canonical":"https:\/\/www.visit-ulcinj.com\/blog\/2010\/10\/11\/rivijere-bi-da-nam-uzmu-obalu\/","og_locale":"en_US","og_type":"article","og_title":"Rivijere bi da nam uzmu obalu - Lajme nga Ulqini","og_description":"\u201eMorsko dobro\u201d obavijestilo ministra gvozdenovi\u0107a i dr\u017eavnog tu\u017eioca o slu\u010dajevima prisvajanja zone kojom gazduje to preduze\u0107e Budva - Javno preduze\u0107e za","og_url":"https:\/\/www.visit-ulcinj.com\/blog\/2010\/10\/11\/rivijere-bi-da-nam-uzmu-obalu\/","og_site_name":"Lajme nga Ulqini","article_published_time":"2010-10-11T16:53:10+00:00","article_modified_time":"2010-10-11T17:22:26+00:00","og_image":[{"url":"http:\/\/www.visit-ulcinj.com\/blog\/wp-content\/uploads\/2010\/10\/Ulcinjska-Rivijera_Crna-Gora.jpg"}],"twitter_misc":{"Written by":"ulqini","Est. reading time":"2 minutes"},"schema":{"@context":"https:\/\/schema.org","@graph":[{"@type":"WebSite","@id":"https:\/\/www.visit-ulcinj.com\/blog\/#website","url":"https:\/\/www.visit-ulcinj.com\/blog\/","name":"Lajme nga Ulqini","description":"Lajme,Vijesti,Ulqini,Ulqin,Crna Gora,Mali i Zi","potentialAction":[{"@type":"SearchAction","target":{"@type":"EntryPoint","urlTemplate":"https:\/\/www.visit-ulcinj.com\/blog\/?s={search_term_string}"},"query-input":"required name=search_term_string"}],"inLanguage":"en-US"},{"@type":"ImageObject","inLanguage":"en-US","@id":"https:\/\/www.visit-ulcinj.com\/blog\/2010\/10\/11\/rivijere-bi-da-nam-uzmu-obalu\/#primaryimage","url":"https:\/\/www.visit-ulcinj.com\/blog\/wp-content\/uploads\/2010\/10\/Ulcinjska-Rivijera_Crna-Gora.jpg","contentUrl":"https:\/\/www.visit-ulcinj.com\/blog\/wp-content\/uploads\/2010\/10\/Ulcinjska-Rivijera_Crna-Gora.jpg","width":"1424","height":"614"},{"@type":"WebPage","@id":"https:\/\/www.visit-ulcinj.com\/blog\/2010\/10\/11\/rivijere-bi-da-nam-uzmu-obalu\/#webpage","url":"https:\/\/www.visit-ulcinj.com\/blog\/2010\/10\/11\/rivijere-bi-da-nam-uzmu-obalu\/","name":"Rivijere bi da nam uzmu obalu - Lajme nga Ulqini","isPartOf":{"@id":"https:\/\/www.visit-ulcinj.com\/blog\/#website"},"primaryImageOfPage":{"@id":"https:\/\/www.visit-ulcinj.com\/blog\/2010\/10\/11\/rivijere-bi-da-nam-uzmu-obalu\/#primaryimage"},"datePublished":"2010-10-11T16:53:10+00:00","dateModified":"2010-10-11T17:22:26+00:00","author":{"@id":"https:\/\/www.visit-ulcinj.com\/blog\/#\/schema\/person\/dcab619c614d3038751c63bc2aadc06d"},"description":"\u201eMorsko dobro\u201d obavijestilo ministra gvozdenovi\u0107a i dr\u017eavnog tu\u017eioca o slu\u010dajevima prisvajanja zone kojom gazduje to preduze\u0107e Budva - Javno preduze\u0107e za","breadcrumb":{"@id":"https:\/\/www.visit-ulcinj.com\/blog\/2010\/10\/11\/rivijere-bi-da-nam-uzmu-obalu\/#breadcrumb"},"inLanguage":"en-US","potentialAction":[{"@type":"ReadAction","target":["https:\/\/www.visit-ulcinj.com\/blog\/2010\/10\/11\/rivijere-bi-da-nam-uzmu-obalu\/"]}]},{"@type":"BreadcrumbList","@id":"https:\/\/www.visit-ulcinj.com\/blog\/2010\/10\/11\/rivijere-bi-da-nam-uzmu-obalu\/#breadcrumb","itemListElement":[{"@type":"ListItem","position":1,"name":"Rivijere bi da nam uzmu obalu"}]},{"@type":"Person","@id":"https:\/\/www.visit-ulcinj.com\/blog\/#\/schema\/person\/dcab619c614d3038751c63bc2aadc06d","name":"ulqini","sameAs":["http:\/\/www.visit-ulcinj.com"],"url":"https:\/\/www.visit-ulcinj.com\/blog\/author\/admin\/"}]}},"jetpack_featured_media_url":"","jetpack_sharing_enabled":true,"jetpack_shortlink":"https:\/\/wp.me\/pe6lTn-a10","_links":{"self":[{"href":"https:\/\/www.visit-ulcinj.com\/blog\/wp-json\/wp\/v2\/posts\/38502"}],"collection":[{"href":"https:\/\/www.visit-ulcinj.com\/blog\/wp-json\/wp\/v2\/posts"}],"about":[{"href":"https:\/\/www.visit-ulcinj.com\/blog\/wp-json\/wp\/v2\/types\/post"}],"author":[{"embeddable":true,"href":"https:\/\/www.visit-ulcinj.com\/blog\/wp-json\/wp\/v2\/users\/1"}],"replies":[{"embeddable":true,"href":"https:\/\/www.visit-ulcinj.com\/blog\/wp-json\/wp\/v2\/comments?post=38502"}],"version-history":[{"count":0,"href":"https:\/\/www.visit-ulcinj.com\/blog\/wp-json\/wp\/v2\/posts\/38502\/revisions"}],"wp:attachment":[{"href":"https:\/\/www.visit-ulcinj.com\/blog\/wp-json\/wp\/v2\/media?parent=38502"}],"wp:term":[{"taxonomy":"category","embeddable":true,"href":"https:\/\/www.visit-ulcinj.com\/blog\/wp-json\/wp\/v2\/categories?post=38502"},{"taxonomy":"post_tag","embeddable":true,"href":"https:\/\/www.visit-ulcinj.com\/blog\/wp-json\/wp\/v2\/tags?post=38502"}],"curies":[{"name":"wp","href":"https:\/\/api.w.org\/{rel}","templated":true}]}}