{"id":38522,"date":"2010-10-13T15:15:03","date_gmt":"2010-10-13T13:15:03","guid":{"rendered":"http:\/\/www.visit-ulcinj.com\/blog\/?p=38522"},"modified":"2010-10-18T00:20:47","modified_gmt":"2010-10-17T22:20:47","slug":"rekomandimi-me-i-mire-per-votuesit-ne-zgjedhjet-vendore-ne-komunen-e-ulqinit","status":"publish","type":"post","link":"https:\/\/www.visit-ulcinj.com\/blog\/2010\/10\/13\/rekomandimi-me-i-mire-per-votuesit-ne-zgjedhjet-vendore-ne-komunen-e-ulqinit\/","title":{"rendered":"Rekomandimi m\u00eb i mir\u00eb p\u00ebr votuesit n\u00eb zgjedhjet vendore n\u00eb komun\u00ebn e Ulqinit"},"content":{"rendered":"<p><strong><a href=\"http:\/\/www.visit-ulcinj.com\/blog\/wp-content\/uploads\/2010\/10\/LIDHJA-DEMOKRATIKE-NE-MAL-TE-ZI.jpg\"><img loading=\"lazy\" class=\"alignleft size-full wp-image-38523\" title=\"LIDHJA DEMOKRATIKE NE MAL TE ZI\" src=\"http:\/\/www.visit-ulcinj.com\/blog\/wp-content\/uploads\/2010\/10\/LIDHJA-DEMOKRATIKE-NE-MAL-TE-ZI.jpg\" alt=\"\" width=\"490\" height=\"380\" \/><\/a>20 Vitet e veprimtaris\u00eb s\u00eb begat\u00eb e parimore t\u00eb LD n\u00eb MZ-s\u00eb \u2013 Rekomandimi m\u00eb i mir\u00eb p\u00ebr votuesit n\u00eb zgjedhjet vendore n\u00eb komun\u00ebn e Ulqinit<\/strong><\/p>\n<p>Zgjedhjet e p\u00ebrs\u00ebritura lokale n\u00eb komun\u00ebn e Ulqinit, t\u00eb caktuara p\u00ebr 17 tetor 2010, po bien n\u00eb jubileun e madh e dometh\u00ebn\u00ebs p\u00ebr historin\u00eb shqiptare, n\u00eb 20-vjetorin e formimit t\u00eb partis\u00eb s\u00eb par\u00eb politike t\u00eb shqiptar\u00ebve, sot n\u00eb Malin e Zi \u2013 LIDHJES DEMOKRATIKE N\u00cb MAL T\u00cb ZI (LD n\u00eb MZ)<\/p>\n<p>Me rastin e k\u00ebtij jubileu, q\u00eb n\u00eb fillim shfryt\u00ebzoj rastin t\u00eb p\u00ebrsh\u00ebndes e fal\u00ebnderoj t\u00eb gjith\u00eb an\u00ebtar\u00ebt e Kuvendit Themelues dhe t\u00eb gjith\u00eb t\u00eb tjer\u00ebt q\u00eb mor\u00ebn pjes\u00eb n\u00eb Kuvend Themelues Historik, m\u00eb 09 shtator 1990 n\u00eb Tuz.<\/p>\n<p>P\u00ebrsh\u00ebndes dhe p\u00ebrg\u00ebzoj udh\u00ebheq\u00ebsin\u00eb e par\u00eb, zot\u00ebrinjt\u00eb Lek\u00eb Lulgjuraj, kryesues i Kuvendit Themelues i LD n\u00eb MZ-s\u00eb \u00a0dhe Tahir Gjonbalaj, n\u00ebnkryetar\u00eb dhe Nikoll\u00eb Camajn, sekretar, q\u00eb u zgjodh\u00ebn n\u00eb Kuvend<\/p>\n<p>Nj\u00eb p\u00ebrsh\u00ebndetje t\u00eb posa\u00e7me prej meje, nga udh\u00ebheq\u00ebsia e tashme dhe an\u00ebtar\u00ebt\u00a0 kan\u00eb an\u00ebtar\u00ebt e KRYESIS\u00cb S\u00cb PAR\u00cb t\u00eb LD n\u00eb MZ, ata q\u00eb jan\u00eb gjall\u00eb. Nd\u00ebrsa p\u00ebr ata q\u00eb nuk gjenden m\u00eb n\u00eb mesin ton\u00eb, shprehim respekt e fal\u00ebnderim. P\u00ebrsh\u00ebndesim Ata q\u00eb pat\u00ebn besimin, respektin e p\u00ebrkrahjen, pse jo edhe fatin t\u00eb jen\u00eb t\u00eb zgjedhurit, an\u00ebtar\u00ebt e par\u00eb t\u00eb trupit organizativ e udh\u00ebheq\u00ebs, KRYESIS\u00cb S\u00cb PAR\u00cb t\u00eb subjektit politik t\u00eb par\u00eb t\u00eb shqiptar\u00ebve, n\u00eb trojet e veta st\u00ebrgjyshore, sot n\u00eb Malin e Zi, q\u00eb me dinjitet, p\u00ebrkushtim, orientim t\u00eb drejt\u00eb programor komb\u00ebtar e demokratik, ndezi, mbajti e po mba ndezur me stoiciz\u00ebm flak\u00ebn e demokracis\u00eb shum\u00ebpartiake, megjith\u00ebse duke u p\u00ebrball\u00eb me pengesa, shantazhe, p\u00ebrndjekje e v\u00ebshtir\u00ebsi t\u00eb ndryshme, p\u00ebr t\u2019i dal\u00eb zot sht\u00ebpis\u00eb son\u00eb &#8211; trungut komb\u00ebtar.<\/p>\n<p>P\u00ebrsh\u00ebndetje t\u00eb ngroht\u00eb t\u00eb gjith\u00eb an\u00ebtar\u00ebve, simpatizuesve dhe p\u00ebrkrah\u00ebsve t\u00eb Lidhje Demokratike dhe sidomos t\u00eb gjith\u00eb atyre, votuesve,\u00a0 t\u00eb cil\u00ebt m\u00eb 17 tetor 2010, pra t\u00eb diel\u00ebn e ardhshme, do t\u00eb votojn\u00eb list\u00ebn\u00a0 Lidhja Demokratike n\u00eb Mal t\u00eb Zi \u2013 Mehmet Bardhi, duke rrumbullakuar numrin 7, n\u00eb list\u00ebn e p\u00ebrbashk\u00ebt zgjedhore p\u00ebr k\u00ebshilltar\u00eb n\u00eb Kuvendin e Komun\u00ebs s\u00eb Ulqinit.<\/p>\n<p><strong>2<\/strong><\/p>\n<p><strong>Zonja e zot\u00ebrinj,<\/strong><\/p>\n<p>LD n\u00eb MZ-ja \u00ebsht\u00eb partia q\u00eb asnj\u00ebher\u00eb nuk mashtroi, nuk bleu vota p\u00ebr kolltuk e hyzmeqar\u00eb t\u00eb pushtetit, q\u00eb asnj\u00ebher\u00eb para asnj\u00eb v\u00ebshtir\u00ebsie nuk u t\u00ebrhoq, as n\u00eb koh\u00ebt e mbrapshta t\u00eb luftave p\u00ebrreth, dhe luft\u00ebb\u00ebr\u00ebsve e p\u00ebrndjek\u00ebsve \u2013 p\u00ebrbrenda, flet padyshim shum\u00eb, qart\u00eb e drejt\u00eb p\u00ebr largpam\u00ebsin\u00eb e k\u00ebtij subjekti., gj\u00eb q\u00eb p\u00ebr t\u00eb drejtin, p\u00ebr t\u00eb sinqertin p\u00ebr dashamirin e atdhetarin \u00ebsht\u00eb zgjedhja m\u00eb e mir\u00eb edhe p\u00ebr k\u00ebto zgjedhje lokale.<\/p>\n<p>Ne, qytetar\u00ebve, gjegj\u00ebsisht votuesve asnj\u00ebher\u00eb nuk u premtuam e as tash nuk u \u00a0premtojm\u00eb pallate, ura e bulevarde, se edhe ju mir\u00eb e dini, q\u00eb n\u00eb nj\u00eb shoq\u00ebri, n\u00eb k\u00ebt\u00eb shtet, ku sot \u00e7do gj\u00eb e kan\u00eb centralizuar, kur t\u00eb mirat e begatit\u00eb tona ekonomike e natyrore po pla\u00e7kit\u00ebn e grabit\u00ebn, kolonizohen e okupohen nga Qendra, \u00ebsht\u00eb qesharake \u00a0q\u00eb t\u00eb b\u00ebjsh premtime t\u00eb tilla. Kur parat\u00eb tona na i rr\u00ebmben ZOTNIA, i huaji q\u00eb na vjen n\u00eb vot\u00ebr, q\u00eb u prijn\u00eb \u201chafijet\u201d nga radh\u00ebt tona, sh\u00ebrbime q\u00eb i b\u00ebjn\u00eb p\u00ebr interesa t\u00eb ngushta, t\u00eb veta apo t\u00eb grupit, Lidhja Demokratike thot\u00eb se e para e t\u00eb gjitha t\u00eb parave \u00ebsht\u00eb t\u2019i dalim zot vet\u00ebs, t\u00eb b\u00ebhemi zot n\u00eb sht\u00ebpin\u00eb ton\u00eb. Jo, duke k\u00ebrkuar l\u00ebmosh\u00eb, por t\u00eb drejt\u00eb. Por p\u00ebr k\u00ebt\u00eb duhet vet\u00ebdije e lart\u00eb politike, komb\u00ebtare e demokratike e mbi t\u00eb gjitha bashkim n\u00eb mes nesh, e jo me \u201ct\u00eb fortin\u201d, si\u00e7 po e quajn\u00eb hyzmeqar\u00ebt t\u00eb k\u00ebtij n\u00ebnqielli, p\u00ebr t\u00eb cilin po punojn\u00eb, n\u00eb d\u00ebm t\u00eb qytetar\u00ebve.<\/p>\n<p>LD n\u00eb MZ \u00ebsht\u00eb subjekti i par\u00eb politik shqiptar, i cili, pasi fitoi zgjedhjet e para n\u00eb pluraliz\u00ebm ushtroi pushtetin vendor n\u00eb Komun\u00ebn e Ulqinit. M\u00eb 28 dhjetor 1990 konstituoi Kuvendi i Par\u00eb Shum\u00ebpartiak\u00a0 t\u00eb Komun\u00ebs s\u00eb Ulqinit, kryetar i t\u00eb cilit u zgjodh Mehmet Bardhi.<\/p>\n<p>Duke ditur se kjo ndodhi n\u00eb koh\u00ebn e shp\u00ebrb\u00ebrjes s\u00eb p\u00ebrgjakshme t\u00eb ish-Jugosllavis\u00eb, t\u00eb luftave n\u00eb Kroaci, n\u00eb Bosnj\u00eb e Kosov\u00eb, kur satrapi i Ballkanit nga Beogradi nisi dhe b\u00ebri luftat okupuese kund\u00ebr fqinj\u00ebve t\u00eb vet, n\u00eb koh\u00ebn e shkat\u00ebrrimit t\u00eb ekonomis\u00eb dhe sistemit monetar, n\u00eb koh\u00ebn e inflacionit t\u00eb papar\u00eb tre-kat\u00ebrmb\u00ebdhjet\u00eb shifror\u00eb, n\u00eb koh\u00ebn e centralizimit t\u00eb pushtetit vendor nga Qeveria e Malit t\u00eb Zi, n\u00eb periudh\u00ebn e marrjes s\u00eb kompetencave komun\u00ebs nga \u201cMorsko ( zllo) dobro\u201d (t\u00eb mirat- t\u00eb k\u00ebqijat detare) dhe t\u00eb zvog\u00eblimit t\u00eb mjeteve financiare, q\u00eb pati si pasoj\u00eb nj\u00eb buxhet t\u00eb varf\u00ebr, i cili nuk garantonte nj\u00eb zhvillim t\u00eb q\u00ebndruesh\u00ebm ekonomik, nj\u00eb jet\u00eb t\u00eb mir\u00eb p\u00ebr t\u00eb gjith\u00eb qytetar\u00ebt.<\/p>\n<p>P\u00ebrkund\u00ebr gjendjes s\u00eb v\u00ebshtir\u00eb politiko-ekonomike, LD n\u00eb MZ, gjat\u00eb ushtrimit t\u00eb pushtetit vendor artikuloi drejt\u00eb e mir\u00eb, me p\u00ebrkushtim, dituri, toleranc\u00eb demokratike e vendosm\u00ebri k\u00ebrkesat dhe nevojat e qytetar\u00ebve, p\u00ebr barazi, zhvillim dhe avancim t\u00eb t\u00eb drejtave komb\u00ebtare dhe ekonomike. Hartoi dhe miratoi Statutin e Komun\u00ebs s\u00eb Ulqinit, p\u00ebr her\u00eb t\u00eb par\u00eb n\u00eb gjuh\u00ebn shqipe, me norma t\u00eb ve\u00e7anta p\u00ebr t\u00eb drejtat dhe lirit\u00eb e shqiptar\u00ebve, p\u00ebr p\u00ebrdorimin e gjuh\u00ebs shqipe e\u00a0 barazin\u00eb me at\u00eb malazeze n\u00eb administrat\u00eb, p\u00ebr perdorimin e simboleve komb\u00ebtare etj. Ishte kjo nj\u00eb kushtetut\u00eb e vog\u00ebl p\u00ebr shqiptar\u00ebt n\u00eb MZ. Megjith\u00ebse Qeveria e MZ abrogoi 11 nene t\u00eb ketij\u00a0 Statuti, LD n\u00eb MZ qendroi e paluhatshme, kurr\u00eb nuk i nd\u00ebrroi ato norma t\u00eb Statutit dhe sot shumica e tyre jan\u00eb t\u00eb p\u00ebrdorshme, u b\u00ebn\u00eb realitet. LD n\u00eb MZ doli haptas kund\u00ebr luft\u00ebs dhe kund\u00ebr mobilizimit me dhun\u00eb t\u00eb t\u00eb rinjve tan\u00eb p\u00ebr t\u2019i \u00e7uar n\u00eb frontet e luft\u00ebs. Kryetari Bardhi shkoi disa her\u00eb n\u00eb kampin ushtarak\u00eb n\u00eb Sutorman (vera 1992) ku ushtria e pushteti kishin mobilizuar me dhun\u00eb mbi tet\u00ebqind\u00eb t\u00eb rinj\u00eb, mbi 80% t\u00eb t\u00eb cil\u00ebve ishin shqiptar\u00eb, p\u00ebr t\u2019i d\u00ebrguar n\u00eb frontin e Dubrovnikut dhe me nd\u00ebrhyrjen e tij t\u00eb mendshme dhe t\u00eb guximshme, me organizimin e moralin e lart\u00eb t\u00eb t\u00eb mobilizuarve, b\u00ebri q\u00eb komandat\u00ebt ushtarak\u00eb t\u00eb zbraps\u00ebn nga plani i tyre famkeq, t\u00eb lirojn\u00eb t\u00eb gjith\u00eb t\u00eb mobilizuarit. Me k\u00ebt\u00eb akt sa heroik e aq largpam\u00ebs shpetuam jet\u00ebt e tyre dhe nderin shqiptar\u00a0 ndaj kroat\u00ebve dhe bot\u00ebs demokratike<\/p>\n<p><strong>3<\/strong><\/p>\n<p>LD n\u00eb MZ \u00ebsht\u00eb nism\u00ebtare dhe realizuese n\u00eb hartimin e dokumentit politik &#8211; Memorandumit p\u00ebr Statusin Special t\u00eb Shqiptar\u00ebve n\u00eb Mal t\u00eb Zi, t\u00eb aprovuar n\u00eb Ulqin m\u00eb 12 shtator 1092 nga Forumi Demokratik i Shqiptar\u00ebve n\u00eb Mal t\u00eb Zi dhe t\u00eb nj\u00ebjt\u00ebn dit\u00eb t\u00eb aprovuar nga Kryesia e Lidhjes Demokratike si dokument t\u00eb vetin programor, me \u00e7ka u b\u00eb dhe legjitimiteti i tij. Me k\u00ebt\u00eb Dokument P\u00ebrfaq\u00ebsuesit e Shqiptar\u00ebve mor\u00ebn pjes\u00eb n\u00eb bisedimet shqiptaro-malazeze n\u00eb Konferenc\u00ebn e Paqes p\u00ebr ish-Jugosllavin\u00eb n\u00eb Bruksel, Lond\u00ebr e Gjenev\u00eb p\u00ebr definimin e statusit<\/p>\n<p>(t\u00eb udh\u00ebhequr nga kryetari Mehmet Bardhi n\u00eb delegacionin p\u00ebr bisedime ishin edhe\u00a0 Lek\u00eb Lulgjuraj e Gjergj Gjokaj, nd\u00ebrsa n\u00eb Gjenev\u00eb edhe Mustaf\u00eb \u00c7apuni).<\/p>\n<p>Nisur nga nevojat e qytetar\u00ebve p\u00ebr p\u00ebrmir\u00ebsimin e kushteve jet\u00ebsore, LD n\u00eb MZ gjat\u00eb ushtrimit t\u00eb pushtetit vendor investoi n\u00eb infrastruktur\u00ebn lokale, pa dallim se n\u00eb cil\u00ebn lagje apo rajon (e jo si\u00e7 b\u00ebri dhe po b\u00ebn koalicioni qeveris\u00ebs i komprometuar), asfaltoi shum\u00eb rrug\u00eb, b\u00ebri rrug\u00eb t\u00eb reja, p\u00ebrmir\u00ebsoi furnizimin me uj\u00eb. Aprovoi akte normative q\u00eb barazojn\u00eb t\u00eb drejt\u00ebn e shqiptar\u00ebve p\u00ebr shkrim e komunikim n\u00eb gjuh\u00ebn amtare edhe n\u00eb administrat\u00eb. Aprovoi Vendimin p\u00ebr Emrtimin e Rrug\u00ebve dhe Shesheve, dy her\u00eb, pasi Gjykata kushtetuese Malazeze e anuloi!? Qeverisja aktuale, n\u00eb largim, as q\u00eb guxoi m\u00eb ta p\u00ebrmendi, por zbatoi urdh\u00ebrat e Qendr\u00ebs.<\/p>\n<p>LD n\u00eb MZ \u00ebsht\u00eb parti politike e qytetar\u00ebve t\u00eb lir\u00eb, an\u00ebtar\u00ebt e s\u00eb cil\u00ebs u angazhuan, po angazhohen dhe do t\u00eb angazhohen p\u00ebr t\u00eb drejtat dhe lirit e njeriut, p\u00ebr barazi komb\u00ebtare, p\u00ebr realizimin e t\u00eb drejtave politiko-nacionale, ekonomiko-sociale, konfesionale, arsimoro-kulturore, pik\u00eb s\u00eb pari t\u00eb shqiptar\u00ebve po edhe t\u00eb tjer\u00ebve. Ajo kund\u00ebrshton energjikisht p\u00ebrpjekjet p\u00ebr monopol dhe privelegj t\u00eb nj\u00eb populli \u2013 t\u00eb malazez\u00ebve ndaj shqiptar\u00ebve, si\u00e7 po vazhdon t\u00eb ndodh\u00eb. Angazhohet\u00a0 p\u00ebr nj\u00eb pushtet t\u00eb decentralizuar, ku shqiptar\u00ebt do t\u00eb vendosin vet\u00eb\u00a0 p\u00ebr m\u00ebnyr\u00ebn e organizimit t\u00eb jet\u00ebs s\u00eb tyre politiko-ekonomike, ku do t\u00eb disponojn\u00eb lirisht me pasurit\u00eb e tyre. Lidhja, m\u00eb p\u00ebrkushtimin m\u00eb t\u00eb madh, pa heshtur kurr\u00eb, do t\u00eb k\u00ebrkoj\u00eb dhe do t\u00eb angazhohet p\u00ebr zgjidhjen e \u00e7\u00ebshtjes shqiptare n\u00eb MZ, p\u00ebr definimin e statusit t\u00eb shqiptar\u00ebve n\u00eb Malin e Zi, ku shqiptar\u00ebt vet\u00eb, n\u00eb p\u00ebrputhje me parimet demokratike, do t\u00eb vendosin p\u00ebr fatin e vet.<\/p>\n<p>Formimi i LD n\u00eb MZ-s\u00eb p\u00ebr shqiptar\u00ebt n\u00eb MZ, ishte lindja e nj\u00eb dite t\u00eb re plot drit\u00eb. Lindi nj\u00eb z\u00eb i fort\u00eb p\u00ebr mbrojtjen e t\u00eb drejtave t\u00eb shqiptar\u00ebve. Lindi p\u00ebrfaq\u00ebsuesja e denj\u00eb dhe e v\u00ebrtet\u00eb. Lindi nj\u00eb shpres\u00eb q\u00eb p\u00ebrkushtimi dhe forca e saj po vazhdon.<\/p>\n<p>LD n\u00eb MZ asnj\u00ebher\u00eb nuk qiti n\u00eb ankand interesat komb\u00ebtare, ekonomike e demokratike: as p\u00ebr lakmi ekonomike as p\u00ebr nj\u00eb vend pune. Ajo do t\u00eb jet\u00eb gjithmon\u00eb p\u00ebrfaq\u00ebsuesja e denj\u00eb e interesava komb\u00ebtare, ekonomike, kulturore e arsimore.<\/p>\n<p><strong>LD n\u00eb MZ<\/strong><\/p>\n<p>\u00ebsht\u00eb simbol i shpres\u00ebs, i arsyes e nd\u00ebrgjegjes dhe q\u00ebndres\u00ebs komb\u00ebtare shqiptare, udh\u00ebrr\u00ebfyes i zhvillimeve demokratike i t\u00eb ardhmes son\u00eb n\u00eb integrimet evropiane me identitet, vizion e shembull i p\u00ebrfaq\u00ebsimit t\u00eb denj\u00eb politik, fshikulluese e pam\u00ebshirshme e korrupsionit politik e ekonomik t\u00eb vot\u00ebs dhe kriminalitetit t\u00eb organizuar<\/p>\n<p><strong>LD n\u00eb MZ &#8211;\u00a0 vizion i ri &#8211; me vlera t\u00eb d\u00ebshmuara<\/strong><\/p>\n<p><strong>Mehmet Bardhi, kryetar dhe deputet i LD n\u00eb MZ<br \/>\n<!--YouTube Error: bad URL entered--><br \/>\n<\/strong><\/p>\n","protected":false},"excerpt":{"rendered":"<p>20 Vitet e veprimtaris\u00eb s\u00eb begat\u00eb e parimore t\u00eb LD n\u00eb MZ-s\u00eb \u2013 Rekomandimi m\u00eb i mir\u00eb p\u00ebr votuesit n\u00eb zgjedhjet vendore n\u00eb komun\u00ebn e Ulqinit Zgjedhjet e p\u00ebrs\u00ebritura lokale n\u00eb komun\u00ebn e Ulqinit, t\u00eb caktuara p\u00ebr 17 tetor 2010, po bien n\u00eb jubileun e madh e dometh\u00ebn\u00ebs p\u00ebr historin\u00eb shqiptare, n\u00eb 20-vjetorin e formimit [&hellip;]<\/p>\n","protected":false},"author":1,"featured_media":0,"comment_status":"open","ping_status":"closed","sticky":false,"template":"","format":"standard","meta":{"spay_email":"","jetpack_publicize_message":"","jetpack_is_tweetstorm":false,"jetpack_publicize_feature_enabled":true},"categories":[6],"tags":[2824,3701,95,347,200,18],"jetpack_publicize_connections":[],"yoast_head":"<!-- This site is optimized with the Yoast SEO plugin v19.1 - https:\/\/yoast.com\/wordpress\/plugins\/seo\/ -->\n<title>Rekomandimi m\u00eb i mir\u00eb p\u00ebr votuesit n\u00eb zgjedhjet vendore n\u00eb komun\u00ebn e Ulqinit - Lajme nga Ulqini<\/title>\n<meta name=\"description\" content=\"20 Vitet e veprimtaris\u00eb s\u00eb begat\u00eb e parimore t\u00eb LD n\u00eb MZ-s\u00eb \u2013 Rekomandimi m\u00eb i mir\u00eb p\u00ebr votuesit n\u00eb zgjedhjet vendore n\u00eb komun\u00ebn e Ulqinit Zgjedhjet e\" \/>\n<meta name=\"robots\" content=\"index, follow, max-snippet:-1, max-image-preview:large, max-video-preview:-1\" \/>\n<link rel=\"canonical\" href=\"https:\/\/www.visit-ulcinj.com\/blog\/2010\/10\/13\/rekomandimi-me-i-mire-per-votuesit-ne-zgjedhjet-vendore-ne-komunen-e-ulqinit\/\" \/>\n<meta property=\"og:locale\" content=\"en_US\" \/>\n<meta property=\"og:type\" content=\"article\" \/>\n<meta property=\"og:title\" content=\"Rekomandimi m\u00eb i mir\u00eb p\u00ebr votuesit n\u00eb zgjedhjet vendore n\u00eb komun\u00ebn e Ulqinit - Lajme nga Ulqini\" \/>\n<meta property=\"og:description\" content=\"20 Vitet e veprimtaris\u00eb s\u00eb begat\u00eb e parimore t\u00eb LD n\u00eb MZ-s\u00eb \u2013 Rekomandimi m\u00eb i mir\u00eb p\u00ebr votuesit n\u00eb zgjedhjet vendore n\u00eb komun\u00ebn e Ulqinit Zgjedhjet e\" \/>\n<meta property=\"og:url\" content=\"https:\/\/www.visit-ulcinj.com\/blog\/2010\/10\/13\/rekomandimi-me-i-mire-per-votuesit-ne-zgjedhjet-vendore-ne-komunen-e-ulqinit\/\" \/>\n<meta property=\"og:site_name\" content=\"Lajme nga Ulqini\" \/>\n<meta property=\"article:published_time\" content=\"2010-10-13T13:15:03+00:00\" \/>\n<meta property=\"article:modified_time\" content=\"2010-10-17T22:20:47+00:00\" \/>\n<meta property=\"og:image\" content=\"http:\/\/www.visit-ulcinj.com\/blog\/wp-content\/uploads\/2010\/10\/LIDHJA-DEMOKRATIKE-NE-MAL-TE-ZI.jpg\" \/>\n<meta name=\"twitter:label1\" content=\"Written by\" \/>\n\t<meta name=\"twitter:data1\" content=\"ulqini\" \/>\n\t<meta name=\"twitter:label2\" content=\"Est. reading time\" \/>\n\t<meta name=\"twitter:data2\" content=\"9 minutes\" \/>\n<script type=\"application\/ld+json\" class=\"yoast-schema-graph\">{\"@context\":\"https:\/\/schema.org\",\"@graph\":[{\"@type\":\"WebSite\",\"@id\":\"https:\/\/www.visit-ulcinj.com\/blog\/#website\",\"url\":\"https:\/\/www.visit-ulcinj.com\/blog\/\",\"name\":\"Lajme nga Ulqini\",\"description\":\"Lajme,Vijesti,Ulqini,Ulqin,Crna Gora,Mali i Zi\",\"potentialAction\":[{\"@type\":\"SearchAction\",\"target\":{\"@type\":\"EntryPoint\",\"urlTemplate\":\"https:\/\/www.visit-ulcinj.com\/blog\/?s={search_term_string}\"},\"query-input\":\"required name=search_term_string\"}],\"inLanguage\":\"en-US\"},{\"@type\":\"ImageObject\",\"inLanguage\":\"en-US\",\"@id\":\"https:\/\/www.visit-ulcinj.com\/blog\/2010\/10\/13\/rekomandimi-me-i-mire-per-votuesit-ne-zgjedhjet-vendore-ne-komunen-e-ulqinit\/#primaryimage\",\"url\":\"https:\/\/www.visit-ulcinj.com\/blog\/wp-content\/uploads\/2010\/10\/LIDHJA-DEMOKRATIKE-NE-MAL-TE-ZI.jpg\",\"contentUrl\":\"https:\/\/www.visit-ulcinj.com\/blog\/wp-content\/uploads\/2010\/10\/LIDHJA-DEMOKRATIKE-NE-MAL-TE-ZI.jpg\",\"width\":\"1040\",\"height\":\"780\"},{\"@type\":\"WebPage\",\"@id\":\"https:\/\/www.visit-ulcinj.com\/blog\/2010\/10\/13\/rekomandimi-me-i-mire-per-votuesit-ne-zgjedhjet-vendore-ne-komunen-e-ulqinit\/#webpage\",\"url\":\"https:\/\/www.visit-ulcinj.com\/blog\/2010\/10\/13\/rekomandimi-me-i-mire-per-votuesit-ne-zgjedhjet-vendore-ne-komunen-e-ulqinit\/\",\"name\":\"Rekomandimi m\u00eb i mir\u00eb p\u00ebr votuesit n\u00eb zgjedhjet vendore n\u00eb komun\u00ebn e Ulqinit - Lajme nga Ulqini\",\"isPartOf\":{\"@id\":\"https:\/\/www.visit-ulcinj.com\/blog\/#website\"},\"primaryImageOfPage\":{\"@id\":\"https:\/\/www.visit-ulcinj.com\/blog\/2010\/10\/13\/rekomandimi-me-i-mire-per-votuesit-ne-zgjedhjet-vendore-ne-komunen-e-ulqinit\/#primaryimage\"},\"datePublished\":\"2010-10-13T13:15:03+00:00\",\"dateModified\":\"2010-10-17T22:20:47+00:00\",\"author\":{\"@id\":\"https:\/\/www.visit-ulcinj.com\/blog\/#\/schema\/person\/dcab619c614d3038751c63bc2aadc06d\"},\"description\":\"20 Vitet e veprimtaris\u00eb s\u00eb begat\u00eb e parimore t\u00eb LD n\u00eb MZ-s\u00eb \u2013 Rekomandimi m\u00eb i mir\u00eb p\u00ebr votuesit n\u00eb zgjedhjet vendore n\u00eb komun\u00ebn e Ulqinit Zgjedhjet e\",\"breadcrumb\":{\"@id\":\"https:\/\/www.visit-ulcinj.com\/blog\/2010\/10\/13\/rekomandimi-me-i-mire-per-votuesit-ne-zgjedhjet-vendore-ne-komunen-e-ulqinit\/#breadcrumb\"},\"inLanguage\":\"en-US\",\"potentialAction\":[{\"@type\":\"ReadAction\",\"target\":[\"https:\/\/www.visit-ulcinj.com\/blog\/2010\/10\/13\/rekomandimi-me-i-mire-per-votuesit-ne-zgjedhjet-vendore-ne-komunen-e-ulqinit\/\"]}]},{\"@type\":\"BreadcrumbList\",\"@id\":\"https:\/\/www.visit-ulcinj.com\/blog\/2010\/10\/13\/rekomandimi-me-i-mire-per-votuesit-ne-zgjedhjet-vendore-ne-komunen-e-ulqinit\/#breadcrumb\",\"itemListElement\":[{\"@type\":\"ListItem\",\"position\":1,\"name\":\"Rekomandimi m\u00eb i mir\u00eb p\u00ebr votuesit n\u00eb zgjedhjet vendore n\u00eb komun\u00ebn e Ulqinit\"}]},{\"@type\":\"Person\",\"@id\":\"https:\/\/www.visit-ulcinj.com\/blog\/#\/schema\/person\/dcab619c614d3038751c63bc2aadc06d\",\"name\":\"ulqini\",\"sameAs\":[\"http:\/\/www.visit-ulcinj.com\"],\"url\":\"https:\/\/www.visit-ulcinj.com\/blog\/author\/admin\/\"}]}<\/script>\n<!-- \/ Yoast SEO plugin. -->","yoast_head_json":{"title":"Rekomandimi m\u00eb i mir\u00eb p\u00ebr votuesit n\u00eb zgjedhjet vendore n\u00eb komun\u00ebn e Ulqinit - Lajme nga Ulqini","description":"20 Vitet e veprimtaris\u00eb s\u00eb begat\u00eb e parimore t\u00eb LD n\u00eb MZ-s\u00eb \u2013 Rekomandimi m\u00eb i mir\u00eb p\u00ebr votuesit n\u00eb zgjedhjet vendore n\u00eb komun\u00ebn e Ulqinit Zgjedhjet e","robots":{"index":"index","follow":"follow","max-snippet":"max-snippet:-1","max-image-preview":"max-image-preview:large","max-video-preview":"max-video-preview:-1"},"canonical":"https:\/\/www.visit-ulcinj.com\/blog\/2010\/10\/13\/rekomandimi-me-i-mire-per-votuesit-ne-zgjedhjet-vendore-ne-komunen-e-ulqinit\/","og_locale":"en_US","og_type":"article","og_title":"Rekomandimi m\u00eb i mir\u00eb p\u00ebr votuesit n\u00eb zgjedhjet vendore n\u00eb komun\u00ebn e Ulqinit - Lajme nga Ulqini","og_description":"20 Vitet e veprimtaris\u00eb s\u00eb begat\u00eb e parimore t\u00eb LD n\u00eb MZ-s\u00eb \u2013 Rekomandimi m\u00eb i mir\u00eb p\u00ebr votuesit n\u00eb zgjedhjet vendore n\u00eb komun\u00ebn e Ulqinit Zgjedhjet e","og_url":"https:\/\/www.visit-ulcinj.com\/blog\/2010\/10\/13\/rekomandimi-me-i-mire-per-votuesit-ne-zgjedhjet-vendore-ne-komunen-e-ulqinit\/","og_site_name":"Lajme nga Ulqini","article_published_time":"2010-10-13T13:15:03+00:00","article_modified_time":"2010-10-17T22:20:47+00:00","og_image":[{"url":"http:\/\/www.visit-ulcinj.com\/blog\/wp-content\/uploads\/2010\/10\/LIDHJA-DEMOKRATIKE-NE-MAL-TE-ZI.jpg"}],"twitter_misc":{"Written by":"ulqini","Est. reading time":"9 minutes"},"schema":{"@context":"https:\/\/schema.org","@graph":[{"@type":"WebSite","@id":"https:\/\/www.visit-ulcinj.com\/blog\/#website","url":"https:\/\/www.visit-ulcinj.com\/blog\/","name":"Lajme nga Ulqini","description":"Lajme,Vijesti,Ulqini,Ulqin,Crna Gora,Mali i Zi","potentialAction":[{"@type":"SearchAction","target":{"@type":"EntryPoint","urlTemplate":"https:\/\/www.visit-ulcinj.com\/blog\/?s={search_term_string}"},"query-input":"required name=search_term_string"}],"inLanguage":"en-US"},{"@type":"ImageObject","inLanguage":"en-US","@id":"https:\/\/www.visit-ulcinj.com\/blog\/2010\/10\/13\/rekomandimi-me-i-mire-per-votuesit-ne-zgjedhjet-vendore-ne-komunen-e-ulqinit\/#primaryimage","url":"https:\/\/www.visit-ulcinj.com\/blog\/wp-content\/uploads\/2010\/10\/LIDHJA-DEMOKRATIKE-NE-MAL-TE-ZI.jpg","contentUrl":"https:\/\/www.visit-ulcinj.com\/blog\/wp-content\/uploads\/2010\/10\/LIDHJA-DEMOKRATIKE-NE-MAL-TE-ZI.jpg","width":"1040","height":"780"},{"@type":"WebPage","@id":"https:\/\/www.visit-ulcinj.com\/blog\/2010\/10\/13\/rekomandimi-me-i-mire-per-votuesit-ne-zgjedhjet-vendore-ne-komunen-e-ulqinit\/#webpage","url":"https:\/\/www.visit-ulcinj.com\/blog\/2010\/10\/13\/rekomandimi-me-i-mire-per-votuesit-ne-zgjedhjet-vendore-ne-komunen-e-ulqinit\/","name":"Rekomandimi m\u00eb i mir\u00eb p\u00ebr votuesit n\u00eb zgjedhjet vendore n\u00eb komun\u00ebn e Ulqinit - Lajme nga Ulqini","isPartOf":{"@id":"https:\/\/www.visit-ulcinj.com\/blog\/#website"},"primaryImageOfPage":{"@id":"https:\/\/www.visit-ulcinj.com\/blog\/2010\/10\/13\/rekomandimi-me-i-mire-per-votuesit-ne-zgjedhjet-vendore-ne-komunen-e-ulqinit\/#primaryimage"},"datePublished":"2010-10-13T13:15:03+00:00","dateModified":"2010-10-17T22:20:47+00:00","author":{"@id":"https:\/\/www.visit-ulcinj.com\/blog\/#\/schema\/person\/dcab619c614d3038751c63bc2aadc06d"},"description":"20 Vitet e veprimtaris\u00eb s\u00eb begat\u00eb e parimore t\u00eb LD n\u00eb MZ-s\u00eb \u2013 Rekomandimi m\u00eb i mir\u00eb p\u00ebr votuesit n\u00eb zgjedhjet vendore n\u00eb komun\u00ebn e Ulqinit Zgjedhjet e","breadcrumb":{"@id":"https:\/\/www.visit-ulcinj.com\/blog\/2010\/10\/13\/rekomandimi-me-i-mire-per-votuesit-ne-zgjedhjet-vendore-ne-komunen-e-ulqinit\/#breadcrumb"},"inLanguage":"en-US","potentialAction":[{"@type":"ReadAction","target":["https:\/\/www.visit-ulcinj.com\/blog\/2010\/10\/13\/rekomandimi-me-i-mire-per-votuesit-ne-zgjedhjet-vendore-ne-komunen-e-ulqinit\/"]}]},{"@type":"BreadcrumbList","@id":"https:\/\/www.visit-ulcinj.com\/blog\/2010\/10\/13\/rekomandimi-me-i-mire-per-votuesit-ne-zgjedhjet-vendore-ne-komunen-e-ulqinit\/#breadcrumb","itemListElement":[{"@type":"ListItem","position":1,"name":"Rekomandimi m\u00eb i mir\u00eb p\u00ebr votuesit n\u00eb zgjedhjet vendore n\u00eb komun\u00ebn e Ulqinit"}]},{"@type":"Person","@id":"https:\/\/www.visit-ulcinj.com\/blog\/#\/schema\/person\/dcab619c614d3038751c63bc2aadc06d","name":"ulqini","sameAs":["http:\/\/www.visit-ulcinj.com"],"url":"https:\/\/www.visit-ulcinj.com\/blog\/author\/admin\/"}]}},"jetpack_featured_media_url":"","jetpack_sharing_enabled":true,"jetpack_shortlink":"https:\/\/wp.me\/pe6lTn-a1k","_links":{"self":[{"href":"https:\/\/www.visit-ulcinj.com\/blog\/wp-json\/wp\/v2\/posts\/38522"}],"collection":[{"href":"https:\/\/www.visit-ulcinj.com\/blog\/wp-json\/wp\/v2\/posts"}],"about":[{"href":"https:\/\/www.visit-ulcinj.com\/blog\/wp-json\/wp\/v2\/types\/post"}],"author":[{"embeddable":true,"href":"https:\/\/www.visit-ulcinj.com\/blog\/wp-json\/wp\/v2\/users\/1"}],"replies":[{"embeddable":true,"href":"https:\/\/www.visit-ulcinj.com\/blog\/wp-json\/wp\/v2\/comments?post=38522"}],"version-history":[{"count":0,"href":"https:\/\/www.visit-ulcinj.com\/blog\/wp-json\/wp\/v2\/posts\/38522\/revisions"}],"wp:attachment":[{"href":"https:\/\/www.visit-ulcinj.com\/blog\/wp-json\/wp\/v2\/media?parent=38522"}],"wp:term":[{"taxonomy":"category","embeddable":true,"href":"https:\/\/www.visit-ulcinj.com\/blog\/wp-json\/wp\/v2\/categories?post=38522"},{"taxonomy":"post_tag","embeddable":true,"href":"https:\/\/www.visit-ulcinj.com\/blog\/wp-json\/wp\/v2\/tags?post=38522"}],"curies":[{"name":"wp","href":"https:\/\/api.w.org\/{rel}","templated":true}]}}