{"id":38527,"date":"2010-10-13T19:20:37","date_gmt":"2010-10-13T17:20:37","guid":{"rendered":"http:\/\/www.visit-ulcinj.com\/blog\/?p=38527"},"modified":"2010-10-13T19:20:37","modified_gmt":"2010-10-13T17:20:37","slug":"u-trci-za-33-odbornika-252-kandidata","status":"publish","type":"post","link":"https:\/\/www.visit-ulcinj.com\/blog\/2010\/10\/13\/u-trci-za-33-odbornika-252-kandidata\/","title":{"rendered":"U trci za 33 odbornika 252 kandidata"},"content":{"rendered":"<p><a href=\"http:\/\/www.visit-ulcinj.com\/blog\/wp-content\/uploads\/2010\/10\/PARTIT-POLITIKE-ULQIN.jpg\"><img loading=\"lazy\" class=\"alignleft size-full wp-image-37981\" title=\"PARTIT POLITIKE ULQIN\" src=\"http:\/\/www.visit-ulcinj.com\/blog\/wp-content\/uploads\/2010\/10\/PARTIT-POLITIKE-ULQIN.jpg\" alt=\"\" width=\"490\" height=\"299\" srcset=\"https:\/\/www.visit-ulcinj.com\/blog\/wp-content\/uploads\/2010\/10\/PARTIT-POLITIKE-ULQIN.jpg 490w, https:\/\/www.visit-ulcinj.com\/blog\/wp-content\/uploads\/2010\/10\/PARTIT-POLITIKE-ULQIN-300x183.jpg 300w\" sizes=\"(max-width: 490px) 100vw, 490px\" \/><\/a>Ulcinjani 17. oktobra vanredno biraju vlast. Nakon majskih izbora, pokazalo se neuspje\u0161nih, u nedjelju kre\u0107e izborna trka u kojoj u\u010destvuje pet politi\u010dkih partija, dvije koalicije i dvije grupe gra\u0111ana, sa ukupno 252 kandidata. Oni \u0107e se boriti za 33 odborni\u010dka mjesta u SO Ulcinj. S obzirom na odnos politi\u010dkih snaga u najju\u017enijoj op\u0161tini, te\u0161ko je vjerovati da \u0107e jedna partija ili koalicija uspjeti da osvoji ve\u0107inu.<br \/>\nPodsjetimo, na lokalnim izborima koji su u Ulcinju odr\u017eani 23. maja, koalicija DPS-DUA je osvojila 14 mandata, Forca 11, SDP, PDP i udru\u017eena opozicija po dva mandata, a Gra\u0111anska inicijativa \u201ePerspektiva&#8221; i koalicija DS-DJA po jedan mandat. O konstituisanju lokalnog parlamenta pregovaralo se tri mjeseca, poslije \u010dega je predsjednik Crne Gore Filip Vujanovi\u0107 raspisao vanredne izbore. Svi politi\u010dki subjekti u posljednjih mjesec dana u predizbornim kampanjama ponudili su bira\u010dima programe koji, po njima, treba da rije\u0161e nagomilane probleme. O tome \u0161ta \u0107e biti ciljevi i prioriteti u\u010desnika izbora ukoliko budu dio budu\u0107e vlasti za \u201eDan&#8221; govore nosioci izbornih lista.<br \/>\nNosilac liste koalicije \u201eBolji Ulcinj-Bolja Crna Gora&#8221; Andrija \u0106etkovi\u0107 uvjeren je da Ulcinj ima dovoljno kapaciteta da se postave temelji novog, dinami\u010dnog razvoja.<br \/>\n\u2013 Kada postanemo dio vlasti odmah \u0107emo inicirati dono\u0161enje urbanisti\u010dkih planova, bez kojih nema razvoja. Na\u0161i prioriteti bi\u0107e ulaganje u infrastrukturu i stvaranje optimalnih uslova za ulaganje i razvoj turizma i poljoprivrede. Rje\u0161avanje ekolo\u0161kih problema tako\u0111e \u0107e biti jedan od na\u0161ih prioriteta. Imamo kadrovski potencijal koji, sigurni smo, garantuje po\u010detak temeljnog razvoja na\u0161eg grada &#8211; isti\u010de \u0106etkovi\u0107.<br \/>\nNajva\u017eniji ciljevi Bo\u0161nja\u010dke stranke su razvoj grada i zapo\u0161ljavanje, te razvoj turizma, privrede i saobra\u0107ajne infrastrukture.<br \/>\n-Ukoliko bi BS bila dio vlasti u Ulcinju, mi bismo se zalagali za smanjenje poreza i da\u017ebina za privredne subjekte, za privla\u010denje investitora, ulaganje u poljoprivrednu proizvodnju i turizam, otvaranje novih radnih mjesta, pru\u017eanje socijalne pomo\u0107i ugro\u017eenima, za ravnopravnost i bolju zastupljenost Bo\u0161njaka u lokalnoj samoupravi, javnim ustanovama i slu\u017ebama, shodno evropskim standardima &#8211; ka\u017eu u toj partiji, \u010diji je nosilac liste Rifat Stankovi\u0107.<br \/>\nProgram i ciljevi gra\u0111anskog pokreta \u201ePerspektiva&#8221; su jasni \u2013 razvijeniji Ulcinj, sa jo\u0161 razvijenijim anamalskim podru\u010djem, tvrdi nosilac liste Amir Holaj.<br \/>\n\u2013 Nama dolazak na vlast nije iznad svih prioriteta. Na\u0161 cilj je da gra\u0111ani shvate da njihov glas nema cijenu i da oni ne zavise od politi\u010dara, ve\u0107 politi\u010dari od njih. Bez obzira na sve okolnosti na terenu posljednjih dana, poput kupovine glasova, ne\u0107emo mijenjati svoje opredjeljenje da mijenjamo stvari nabolje &#8211; kategori\u010dan je Holaj.<br \/>\nNosilac Liste DPS-a Lui\u0111 \u0160krelja nagla\u0161ava da \u0107e se ta partija zalagati da Ulcinj vi\u0161e ne bude nazna\u010den kao evropski samo na bilbordima i u predizbornim parolama, ve\u0107 da stvarno postane evropski grad.<br \/>\n-Ukoliko budemo participirali u vlasti onakvim kapacitetom kojim mislimo da zaslu\u017ejemo, uvjereni smo da to mo\u017eemo da ostvarimo. Kada to ka\u017eem imam na umu pobolj\u0161anje svih segmenata rada i \u017eivota, \u0161to \u0107e uticati na pobolj\u0161anje standarda svih gra\u0111ana. Akcenat \u0107e nam biti na pobolj\u0161anju infrastrukture, izradi svih vrsta planova kako bi se stvorili uslovi za valorizaciju Velike pla\u017ee, Ade Bojane, Valdanosa i \u0160askog bazena, odnosno kompletne op\u0161tine &#8211; poru\u010duje \u0160krelja.<br \/>\nZa Novu demokratsku snagu Forca prioritetan posao, ukoliko budu dio budu\u0107e vlasti, bi\u0107e sre\u0111ivanje finansijskog stanja, za koje ka\u017eu da je katastrofalno.<br \/>\n\u2013Pored osnovnog programa, koji smo uradili za period do 2014. godine, pripremili smo i urgentan plan za upravljanje op\u0161tinom. Obradili smo sedam najva\u017enijih segmenata, a prvi je op\u0161tinski bud\u017eet. Cilj nam je da uradimo rebalans i planiramo bud\u017eet za narednu godinu. Naravno, treba pristupiti konsolidaciji svih primanja na nivou op\u0161tine. Ostale ta\u010dke plana odnose se na razvoj infrastrukture, smanjenje nezaposlenosti i siroma\u0161tva, pripremu turisti\u010dke sezone, rje\u0161avanje vodosnabdijevanja i ekolo\u0161kih problema &#8211; navodi nosilac liste Forca Nazif Cungu.<br \/>\nAktuelni predsjednik op\u0161tine i nosilac izborne liste koalicije &#8220;Zajedno za budu\u0107nost&#8221; DUA i PDP Gzim Hajdinaga ka\u017ee da su te dvije partije tokom politi\u010dkog djelovanja dokazale da posjeduju politi\u010dke, upravlja\u010dke i menad\u017eerske sposobnosti da pobolj\u0161aju \u017eivotni standard gra\u0111ana.<br \/>\n&#8211; Konkretno, na\u0161i glavni prioriteti su kvalitet javnih usluga, moderna infrastruktura, unapre\u0111enje turisti\u010dke ponude grada na na\u010din da bude konkurentna na regionalnom tr\u017ei\u0161tu i \u0161ire, smanjenje nezaposlenosti, podr\u0161ka svim dru\u0161tvenim grupacijama, ja\u010danje multikulturne tradicije, privla\u010denje stranog i doma\u0107eg kapitala, kao i doma\u0107insko upravljanje prirodnim resursima op\u0161tine, te konkretna pomo\u0107 poljoprivrednicima i sto\u010darima, stimulisanje zanatstva itd. Zna\u010di, koalicija DUA-PDP ima znanje, volju i kapacitete da usmjeri ukazano povjerenje gra\u0111ana u njihovu korist &#8211; tvrdi Hajdinaga.<br \/>\nPrvi na listi kandidata za odbornike iz redova Demokratskog saveza u Crnoj Gori Saubih Mehmeti smatra da je davanje obe\u0107anja bira\u010dima u uslovima u kojima se danas nalazi op\u0161tina nerealo i neozbiljno.<br \/>\n&#8211; Ono \u0161to mi mo\u017eemo poru\u010diti gra\u0111anima je da \u0107emo se uhvatiti u ko\u0161tac sa mnogobrojnim problemima. Znamo da op\u0161tina nema novca i da ima milionska dugovanja. Trudi\u0107emo se da saniramo sada\u0161nje stanje. Insistira\u0107emo na decentralizaciji kako bi Ulciinj kona\u010dno dobio sva sredstva koja se ubiraju sa njegove teritorije. Jedino tako \u0107emo mo\u0107i da finansiramo razvojne projekte i stvaramo uslove da privu\u010demo inostrani i doma\u0107i kapital &#8211; obja\u0161njava Mehmeti.<br \/>\nGra\u0111anska lista \u201eIntegracija&#8221;, ukoliko bude dio budu\u0107e vlasti, zalaga\u0107e se za efikasniju lokalnu vlast i ve\u0107e u\u010de\u0161\u0107e omladine, NVO i biznis sektora u planiranju i razvoju grada.<br \/>\n\u2013 Uvijek \u0107emo podr\u017eati i boriti se za sve projekte koji \u0107e donijeti dobro ovom gradu. Trudi\u0107emo se da aktivno u\u010destvujemo u radu lokalnih organa, a mladi i \u0161kolovani kadrovi sa na\u0161e liste garancija su da imamo ideje i da smo spremni da ih sprovedemo &#8211; ka\u017ee nosilac liste Ragip \u0160aptafa.<br \/>\nNosilac liste SDP-a Selim Resulbegovi\u0107 poru\u010duje da \u0107e ta partija insistirati na stvaranju uslova za dinami\u010dni razvoj Ulcinja, s obzirom na velike prirodne resurse za razvoj poljoprivrede i turizma.<br \/>\n&#8211; Preduslov za to je kadrovsko ja\u010danje lokalne samouprave sa stru\u010dnog i profesionalnog aspekta, kako bi se otklonile postoje\u0107e biznis barijere. Ubrzan rad na dono\u0161enju prostorno-planske dokumetacije je bazni uslov za svaki vid razvoja. Preko izgradnje novih turisti\u010dkih kapaciteta rije\u0161ilo bi se pitanje nezaposlenosti, kao i razvoja svih komplementarnih djelatnosti koje prate razvoj turisti\u010dke privrede &#8211; isti\u010de Resulbegovi\u0107.<\/p>\n<p><strong>M.KNE\u017dEVI\u0106<\/strong><\/p>\n<p><strong>Glasanje na 35 bira\u010dkih mjesta<\/p>\n<p>Ulcinjani \u0107e glasati za odbornike na 35 bira\u010dkih mjesta. Raspored stranaka, koalicija i gra\u0111anskih lista na zbirnoj listi je sljede\u0107i: 1. DPS, 2. Koalicija DUA-PDP, 3. Forca, 4. Gra\u0111anska inicijativa \u201eIntegrimi&#8221;, 5. Gra\u0111anska inicijativa \u201ePerspektiva&#8221;,6. Koalicija &#8220;Bolji Ulcinj &#8211; Bolja Crna Gora&#8221;,7. Demokratski savez u Crnoj Gori, 8. SDP, 9. Bo\u0161nja\u010dka stranka.<\/strong><\/p>\n<p><strong>ANKETA:<br \/>\nGra\u0111ani o\u010dekuju promjene <\/strong><\/p>\n<p><strong>D\u017eeljal Hod\u017ei\u0107<\/strong><br \/>\n&#8211; Od nove vlasti o\u010dekujem da se ozbiljno pozabavi mnogobrojnim problemima. Posebno me brine lo\u0161a ekolo\u0161ka situacija u op\u0161tini i \u010dinjenica da prethodna vlast po tom pitanju nije ni\u0161ta uradila. Nastavljena je devastacija borove \u0161ume, maslinade u Valdanosu, pje\u0161\u010danih dina i kanala Port Milena.<\/p>\n<p><strong>Vasilije Dulovi\u0107 <\/strong><br \/>\n&#8211; Nadam se da \u0107e ulcinjska vlast kona\u010dno donijeti urbanisti\u010dke planove, bez kojih nema razvoja. Do sada smo samo stagnirali i vjerujem da je do\u0161lo vrijeme da se to promijeni. \u017delimo da se mladi zaposle, jer na njima je budu\u0107nost. Ulcinju treba novi nerv koji \u0107e pokrenuti \u010ditav organizam da radi i stvara. Ako ovako ostane, nemamo se \u010demu nadati.<\/p>\n<p>Pavle Rudovi\u0107<br \/>\n&#8211; Treba nam vlast koja \u0107e pokrenuti razvoj Ulcinja. Godinama se ni\u0161ta ne de\u0161ava i jedino na\u0161a op\u0161tina ne prosperira. O\u010dekujem da se to promijeni, jer imamo dovoljno kapaciteta da se razvijamo i budemo turisti\u010dka destinacija u koju turisti ne\u0107e dolaziti samo tokom dva mjeseca ljeta.<\/p>\n<p><a href=\"http:\/\/www.dan.co.me\/?nivo=3&amp;rubrika=Politika&amp;clanak=251086&amp;datum=2010-10-13\" target=\"_blank\"><strong>DAN<\/strong><\/a><br \/>\n[flv width=&#8221;490&#8243; height=&#8221;390&#8243;  start=&#8221;1000&#8243;]http:\/\/forca.me\/images\/stories\/videos\/Debati_2010_2.flv[\/flv]<br \/>\n<a name=\"pd_a_3816709\"><\/a>\n<div class=\"CSS_Poll PDS_Poll\" id=\"PDI_container3816709\" style=\"display:inline-block;\"><\/div>\n<div id=\"PD_superContainer\"><\/div>\n<script type=\"text\/javascript\" charset=\"UTF-8\" src=\"\/\/static.polldaddy.com\/p\/3816709.js\"><\/script>\n<noscript><a href=\"https:\/\/poll.fm\/3816709\">Take Our Poll<\/a><\/noscript><\/p>\n","protected":false},"excerpt":{"rendered":"<p>Ulcinjani 17. oktobra vanredno biraju vlast. Nakon majskih izbora, pokazalo se neuspje\u0161nih, u nedjelju kre\u0107e izborna trka u kojoj u\u010destvuje pet politi\u010dkih partija, dvije koalicije i dvije grupe gra\u0111ana, sa ukupno 252 kandidata. Oni \u0107e se boriti za 33 odborni\u010dka mjesta u SO Ulcinj. S obzirom na odnos politi\u010dkih snaga u najju\u017enijoj op\u0161tini, te\u0161ko je [&hellip;]<\/p>\n","protected":false},"author":1,"featured_media":0,"comment_status":"open","ping_status":"closed","sticky":false,"template":"","format":"standard","meta":{"spay_email":"","jetpack_publicize_message":"","jetpack_is_tweetstorm":false,"jetpack_publicize_feature_enabled":true},"categories":[8337],"tags":[16022,16023,16024,16025,16026,16027,16028,16029,16030,19],"jetpack_publicize_connections":[],"yoast_head":"<!-- This site is optimized with the Yoast SEO plugin v19.1 - https:\/\/yoast.com\/wordpress\/plugins\/seo\/ -->\n<title>U trci za 33 odbornika 252 kandidata - Lajme nga Ulqini<\/title>\n<meta name=\"description\" content=\"Ulcinjani 17. oktobra vanredno biraju vlast. Nakon majskih izbora, pokazalo se neuspje\u0161nih, u nedjelju kre\u0107e izborna trka u kojoj u\u010destvuje pet politi\u010dkih\" \/>\n<meta name=\"robots\" content=\"index, follow, max-snippet:-1, max-image-preview:large, max-video-preview:-1\" \/>\n<link rel=\"canonical\" href=\"https:\/\/www.visit-ulcinj.com\/blog\/2010\/10\/13\/u-trci-za-33-odbornika-252-kandidata\/\" \/>\n<meta property=\"og:locale\" content=\"en_US\" \/>\n<meta property=\"og:type\" content=\"article\" \/>\n<meta property=\"og:title\" content=\"U trci za 33 odbornika 252 kandidata - Lajme nga Ulqini\" \/>\n<meta property=\"og:description\" content=\"Ulcinjani 17. oktobra vanredno biraju vlast. Nakon majskih izbora, pokazalo se neuspje\u0161nih, u nedjelju kre\u0107e izborna trka u kojoj u\u010destvuje pet politi\u010dkih\" \/>\n<meta property=\"og:url\" content=\"https:\/\/www.visit-ulcinj.com\/blog\/2010\/10\/13\/u-trci-za-33-odbornika-252-kandidata\/\" \/>\n<meta property=\"og:site_name\" content=\"Lajme nga Ulqini\" \/>\n<meta property=\"article:published_time\" content=\"2010-10-13T17:20:37+00:00\" \/>\n<meta property=\"og:image\" content=\"http:\/\/www.visit-ulcinj.com\/blog\/wp-content\/uploads\/2010\/10\/PARTIT-POLITIKE-ULQIN.jpg\" \/>\n<meta name=\"twitter:label1\" content=\"Written by\" \/>\n\t<meta name=\"twitter:data1\" content=\"ulqini\" \/>\n\t<meta name=\"twitter:label2\" content=\"Est. reading time\" \/>\n\t<meta name=\"twitter:data2\" content=\"7 minutes\" \/>\n<script type=\"application\/ld+json\" class=\"yoast-schema-graph\">{\"@context\":\"https:\/\/schema.org\",\"@graph\":[{\"@type\":\"WebSite\",\"@id\":\"https:\/\/www.visit-ulcinj.com\/blog\/#website\",\"url\":\"https:\/\/www.visit-ulcinj.com\/blog\/\",\"name\":\"Lajme nga Ulqini\",\"description\":\"Lajme,Vijesti,Ulqini,Ulqin,Crna Gora,Mali i Zi\",\"potentialAction\":[{\"@type\":\"SearchAction\",\"target\":{\"@type\":\"EntryPoint\",\"urlTemplate\":\"https:\/\/www.visit-ulcinj.com\/blog\/?s={search_term_string}\"},\"query-input\":\"required name=search_term_string\"}],\"inLanguage\":\"en-US\"},{\"@type\":\"ImageObject\",\"inLanguage\":\"en-US\",\"@id\":\"https:\/\/www.visit-ulcinj.com\/blog\/2010\/10\/13\/u-trci-za-33-odbornika-252-kandidata\/#primaryimage\",\"url\":\"https:\/\/www.visit-ulcinj.com\/blog\/wp-content\/uploads\/2010\/10\/PARTIT-POLITIKE-ULQIN.jpg\",\"contentUrl\":\"https:\/\/www.visit-ulcinj.com\/blog\/wp-content\/uploads\/2010\/10\/PARTIT-POLITIKE-ULQIN.jpg\",\"width\":\"490\",\"height\":\"299\"},{\"@type\":\"WebPage\",\"@id\":\"https:\/\/www.visit-ulcinj.com\/blog\/2010\/10\/13\/u-trci-za-33-odbornika-252-kandidata\/#webpage\",\"url\":\"https:\/\/www.visit-ulcinj.com\/blog\/2010\/10\/13\/u-trci-za-33-odbornika-252-kandidata\/\",\"name\":\"U trci za 33 odbornika 252 kandidata - Lajme nga Ulqini\",\"isPartOf\":{\"@id\":\"https:\/\/www.visit-ulcinj.com\/blog\/#website\"},\"primaryImageOfPage\":{\"@id\":\"https:\/\/www.visit-ulcinj.com\/blog\/2010\/10\/13\/u-trci-za-33-odbornika-252-kandidata\/#primaryimage\"},\"datePublished\":\"2010-10-13T17:20:37+00:00\",\"dateModified\":\"2010-10-13T17:20:37+00:00\",\"author\":{\"@id\":\"https:\/\/www.visit-ulcinj.com\/blog\/#\/schema\/person\/dcab619c614d3038751c63bc2aadc06d\"},\"description\":\"Ulcinjani 17. oktobra vanredno biraju vlast. Nakon majskih izbora, pokazalo se neuspje\u0161nih, u nedjelju kre\u0107e izborna trka u kojoj u\u010destvuje pet politi\u010dkih\",\"breadcrumb\":{\"@id\":\"https:\/\/www.visit-ulcinj.com\/blog\/2010\/10\/13\/u-trci-za-33-odbornika-252-kandidata\/#breadcrumb\"},\"inLanguage\":\"en-US\",\"potentialAction\":[{\"@type\":\"ReadAction\",\"target\":[\"https:\/\/www.visit-ulcinj.com\/blog\/2010\/10\/13\/u-trci-za-33-odbornika-252-kandidata\/\"]}]},{\"@type\":\"BreadcrumbList\",\"@id\":\"https:\/\/www.visit-ulcinj.com\/blog\/2010\/10\/13\/u-trci-za-33-odbornika-252-kandidata\/#breadcrumb\",\"itemListElement\":[{\"@type\":\"ListItem\",\"position\":1,\"name\":\"U trci za 33 odbornika 252 kandidata\"}]},{\"@type\":\"Person\",\"@id\":\"https:\/\/www.visit-ulcinj.com\/blog\/#\/schema\/person\/dcab619c614d3038751c63bc2aadc06d\",\"name\":\"ulqini\",\"sameAs\":[\"http:\/\/www.visit-ulcinj.com\"],\"url\":\"https:\/\/www.visit-ulcinj.com\/blog\/author\/admin\/\"}]}<\/script>\n<!-- \/ Yoast SEO plugin. -->","yoast_head_json":{"title":"U trci za 33 odbornika 252 kandidata - Lajme nga Ulqini","description":"Ulcinjani 17. oktobra vanredno biraju vlast. Nakon majskih izbora, pokazalo se neuspje\u0161nih, u nedjelju kre\u0107e izborna trka u kojoj u\u010destvuje pet politi\u010dkih","robots":{"index":"index","follow":"follow","max-snippet":"max-snippet:-1","max-image-preview":"max-image-preview:large","max-video-preview":"max-video-preview:-1"},"canonical":"https:\/\/www.visit-ulcinj.com\/blog\/2010\/10\/13\/u-trci-za-33-odbornika-252-kandidata\/","og_locale":"en_US","og_type":"article","og_title":"U trci za 33 odbornika 252 kandidata - Lajme nga Ulqini","og_description":"Ulcinjani 17. oktobra vanredno biraju vlast. Nakon majskih izbora, pokazalo se neuspje\u0161nih, u nedjelju kre\u0107e izborna trka u kojoj u\u010destvuje pet politi\u010dkih","og_url":"https:\/\/www.visit-ulcinj.com\/blog\/2010\/10\/13\/u-trci-za-33-odbornika-252-kandidata\/","og_site_name":"Lajme nga Ulqini","article_published_time":"2010-10-13T17:20:37+00:00","og_image":[{"url":"http:\/\/www.visit-ulcinj.com\/blog\/wp-content\/uploads\/2010\/10\/PARTIT-POLITIKE-ULQIN.jpg"}],"twitter_misc":{"Written by":"ulqini","Est. reading time":"7 minutes"},"schema":{"@context":"https:\/\/schema.org","@graph":[{"@type":"WebSite","@id":"https:\/\/www.visit-ulcinj.com\/blog\/#website","url":"https:\/\/www.visit-ulcinj.com\/blog\/","name":"Lajme nga Ulqini","description":"Lajme,Vijesti,Ulqini,Ulqin,Crna Gora,Mali i Zi","potentialAction":[{"@type":"SearchAction","target":{"@type":"EntryPoint","urlTemplate":"https:\/\/www.visit-ulcinj.com\/blog\/?s={search_term_string}"},"query-input":"required name=search_term_string"}],"inLanguage":"en-US"},{"@type":"ImageObject","inLanguage":"en-US","@id":"https:\/\/www.visit-ulcinj.com\/blog\/2010\/10\/13\/u-trci-za-33-odbornika-252-kandidata\/#primaryimage","url":"https:\/\/www.visit-ulcinj.com\/blog\/wp-content\/uploads\/2010\/10\/PARTIT-POLITIKE-ULQIN.jpg","contentUrl":"https:\/\/www.visit-ulcinj.com\/blog\/wp-content\/uploads\/2010\/10\/PARTIT-POLITIKE-ULQIN.jpg","width":"490","height":"299"},{"@type":"WebPage","@id":"https:\/\/www.visit-ulcinj.com\/blog\/2010\/10\/13\/u-trci-za-33-odbornika-252-kandidata\/#webpage","url":"https:\/\/www.visit-ulcinj.com\/blog\/2010\/10\/13\/u-trci-za-33-odbornika-252-kandidata\/","name":"U trci za 33 odbornika 252 kandidata - Lajme nga Ulqini","isPartOf":{"@id":"https:\/\/www.visit-ulcinj.com\/blog\/#website"},"primaryImageOfPage":{"@id":"https:\/\/www.visit-ulcinj.com\/blog\/2010\/10\/13\/u-trci-za-33-odbornika-252-kandidata\/#primaryimage"},"datePublished":"2010-10-13T17:20:37+00:00","dateModified":"2010-10-13T17:20:37+00:00","author":{"@id":"https:\/\/www.visit-ulcinj.com\/blog\/#\/schema\/person\/dcab619c614d3038751c63bc2aadc06d"},"description":"Ulcinjani 17. oktobra vanredno biraju vlast. Nakon majskih izbora, pokazalo se neuspje\u0161nih, u nedjelju kre\u0107e izborna trka u kojoj u\u010destvuje pet politi\u010dkih","breadcrumb":{"@id":"https:\/\/www.visit-ulcinj.com\/blog\/2010\/10\/13\/u-trci-za-33-odbornika-252-kandidata\/#breadcrumb"},"inLanguage":"en-US","potentialAction":[{"@type":"ReadAction","target":["https:\/\/www.visit-ulcinj.com\/blog\/2010\/10\/13\/u-trci-za-33-odbornika-252-kandidata\/"]}]},{"@type":"BreadcrumbList","@id":"https:\/\/www.visit-ulcinj.com\/blog\/2010\/10\/13\/u-trci-za-33-odbornika-252-kandidata\/#breadcrumb","itemListElement":[{"@type":"ListItem","position":1,"name":"U trci za 33 odbornika 252 kandidata"}]},{"@type":"Person","@id":"https:\/\/www.visit-ulcinj.com\/blog\/#\/schema\/person\/dcab619c614d3038751c63bc2aadc06d","name":"ulqini","sameAs":["http:\/\/www.visit-ulcinj.com"],"url":"https:\/\/www.visit-ulcinj.com\/blog\/author\/admin\/"}]}},"jetpack_featured_media_url":"","jetpack_sharing_enabled":true,"jetpack_shortlink":"https:\/\/wp.me\/pe6lTn-a1p","_links":{"self":[{"href":"https:\/\/www.visit-ulcinj.com\/blog\/wp-json\/wp\/v2\/posts\/38527"}],"collection":[{"href":"https:\/\/www.visit-ulcinj.com\/blog\/wp-json\/wp\/v2\/posts"}],"about":[{"href":"https:\/\/www.visit-ulcinj.com\/blog\/wp-json\/wp\/v2\/types\/post"}],"author":[{"embeddable":true,"href":"https:\/\/www.visit-ulcinj.com\/blog\/wp-json\/wp\/v2\/users\/1"}],"replies":[{"embeddable":true,"href":"https:\/\/www.visit-ulcinj.com\/blog\/wp-json\/wp\/v2\/comments?post=38527"}],"version-history":[{"count":0,"href":"https:\/\/www.visit-ulcinj.com\/blog\/wp-json\/wp\/v2\/posts\/38527\/revisions"}],"wp:attachment":[{"href":"https:\/\/www.visit-ulcinj.com\/blog\/wp-json\/wp\/v2\/media?parent=38527"}],"wp:term":[{"taxonomy":"category","embeddable":true,"href":"https:\/\/www.visit-ulcinj.com\/blog\/wp-json\/wp\/v2\/categories?post=38527"},{"taxonomy":"post_tag","embeddable":true,"href":"https:\/\/www.visit-ulcinj.com\/blog\/wp-json\/wp\/v2\/tags?post=38527"}],"curies":[{"name":"wp","href":"https:\/\/api.w.org\/{rel}","templated":true}]}}