{"id":38532,"date":"2010-10-14T19:22:43","date_gmt":"2010-10-14T17:22:43","guid":{"rendered":"http:\/\/www.visit-ulcinj.com\/blog\/?p=38532"},"modified":"2010-10-16T20:30:32","modified_gmt":"2010-10-16T18:30:32","slug":"zgazio-je-moral-i-evropske-principe","status":"publish","type":"post","link":"https:\/\/www.visit-ulcinj.com\/blog\/2010\/10\/14\/zgazio-je-moral-i-evropske-principe\/","title":{"rendered":"Zgazio je moral i evropske principe"},"content":{"rendered":"<p><strong><a href=\"http:\/\/www.visit-ulcinj.com\/blog\/wp-content\/uploads\/2010\/10\/Kamen-temeljac-mosta-Port-Milena_ulcinj.jpg\"><img loading=\"lazy\" class=\"alignleft size-full wp-image-38533\" title=\"Kamen temeljac mosta Port Milena_ulcinj\" src=\"http:\/\/www.visit-ulcinj.com\/blog\/wp-content\/uploads\/2010\/10\/Kamen-temeljac-mosta-Port-Milena_ulcinj.jpg\" alt=\"\" width=\"490\" height=\"390\" \/><\/a>Forca Nazifa Cungua tvrdi da se u Ulcinju ne gradi most \u010diji je kamen temeljac nedavno polo\u017eio premijer i optu\u017euje \u0110ukanovi\u0107a: <\/strong><br \/>\nUlcinj \u2013 Albanska partija Forca ju\u010de je optu\u017eila premijera Mila \u0110ukanovi\u0107a da se ne\u010dasno uklju\u010dio u predizbornu kampanju u Ulcinju polaganjem kamena temeljca za novi most na Port Mileni.<br \/>\n\u201cPolaganjem kamena temeljca samo deset dana prije izbora \u0110ukanovi\u0107 je direktno sa pozicije premijera poslao signal bira\u010dima i tako zgazio svaki evropski princip i moral iako je na \u010delu vlade koja se zala\u017ee za evropske integracije\u201d, saop\u0161teno je ju\u010de iz Force, koju vodi Nazif Cungu.<br \/>\nOsim te\u0161kih rije\u010di upu\u0107enih premijeru, Forca je optu\u017eila i predsjednika op\u0161tine Gzima Hajdinagu da ponovo vara gra\u0111ane Ulcinja.<br \/>\n\u201cNakon postavljanja kamena temeljca na tom lokalitetu se ne izvode nikakvi radovi. To je jo\u0161 jedna u nizu prevara Hajdinage na ra\u010dun potencijalnih bira\u010da\u201d, ocijenili su u Forci.<\/p>\n<p>Repotrer \u201cVijesti\u201d se uvjerio da na mjestu gradnje novog mosta ma\u0161ina nema.<br \/>\nPredstavnici Force su saop\u0161tili da su uznemireni neregularnim odvijanjem kampanje uo\u010di glasanja u nedjelju: \u201cOvih dana su jo\u0161 uo\u010dljive koruptivne aktivnosti partija na vlasti koje davanjem cementa, gra\u0111evinskih mre\u017ea, \u0161ljunka i \u0161uta kupuju glasove na\u0161ih gra\u0111ana. Imamo dokaze za to i pozivamo dr\u017eavne institucije da zaustave tu javnu politi\u010dku korupciju\u201d.<br \/>\nTa partija optu\u017eila je i Op\u0161tinsku izbornu komisiju da je ignorisala zahtjev da pojedini predsjednici izbornih komisija budu i iz njenih redova.<br \/>\n\u201cNa izborima u maju osvojili smo 11 od 33 odborni\u010dka mjesta koliko broji lokalni parlament, ali ni to nije bilo dovoljno pa \u0107emo i na ovim izborima za predsjednike komisija na svih 35 bira\u010dkih mjesta imati samo predstavnike vlasti. A u mjestu Selita za predsjednika istog \u010dovjeka kao i u maju, protiv koga smo podnijeli krivi\u010dnu prijavu zbog neregularnosti kada je glasalo sedam na\u0161ih gra\u0111ana koji tog dana nisu ni bili u Ulcinju\u201d, tvrde u Cunguovoj partiji.<\/p>\n<p><strong>DPS: \u0160to Milo pokrene, to se mora zavr\u0161iti<\/strong><\/p>\n<p>Visoki funkcioner ulcinjskog DPS-a Jorlo Nreki\u0107 odbacio je optu\u017ebe Force navode\u0107i da ta partija u kontinuitetu sprovodi kampanju baziranu na prevarama i spletkama i konstatovao \u201cda se izbori tako ne dobijaju\u201d.<br \/>\n\u201cGdje god je Milo polo\u017eio kamen temeljac, ta investicija je bila realizovana. Bi\u0107e izgra\u0111en i most a to \u0161to su u Forci sve vi\u0161e nervozni uo\u010di izbora nije na\u0161 problem\u201d, kazao je Nreki\u0107 \u201cVijestima\u201d.<\/p>\n<p><strong>S.A.<br \/>\n<a href=\"http:\/\/www.vijesti.me\/\" target=\"_blank\">Vijesti<\/a><br \/>\n\n\t\t<style type=\"text\/css\">\n\t\t\t#gallery-1 {\n\t\t\t\tmargin: auto;\n\t\t\t}\n\t\t\t#gallery-1 .gallery-item {\n\t\t\t\tfloat: left;\n\t\t\t\tmargin-top: 10px;\n\t\t\t\ttext-align: center;\n\t\t\t\twidth: 33%;\n\t\t\t}\n\t\t\t#gallery-1 img {\n\t\t\t\tborder: 2px solid #cfcfcf;\n\t\t\t}\n\t\t\t#gallery-1 .gallery-caption {\n\t\t\t\tmargin-left: 0;\n\t\t\t}\n\t\t\t\/* see gallery_shortcode() in wp-includes\/media.php *\/\n\t\t<\/style>\n\t\t<div id='gallery-1' class='gallery galleryid-38532 gallery-columns-3 gallery-size-thumbnail'><dl class='gallery-item'>\n\t\t\t<dt class='gallery-icon landscape'>\n\t\t\t\t<a href='https:\/\/www.visit-ulcinj.com\/blog\/wp-content\/uploads\/2010\/10\/Kamen-temeljac-mosta-Port-Milena_ulcinj.jpg'><img width=\"150\" height=\"150\" src=\"https:\/\/www.visit-ulcinj.com\/blog\/wp-content\/uploads\/2010\/10\/Kamen-temeljac-mosta-Port-Milena_ulcinj-150x150.jpg\" class=\"attachment-thumbnail size-thumbnail\" alt=\"\" loading=\"lazy\" \/><\/a>\n\t\t\t<\/dt><\/dl><dl class='gallery-item'>\n\t\t\t<dt class='gallery-icon landscape'>\n\t\t\t\t<a href='https:\/\/www.visit-ulcinj.com\/blog\/wp-content\/uploads\/2010\/10\/Kamen-temeljac-mosta-Port-Milena_ulcinj.1.jpg'><img width=\"150\" height=\"150\" src=\"https:\/\/www.visit-ulcinj.com\/blog\/wp-content\/uploads\/2010\/10\/Kamen-temeljac-mosta-Port-Milena_ulcinj.1-150x150.jpg\" class=\"attachment-thumbnail size-thumbnail\" alt=\"\" loading=\"lazy\" \/><\/a>\n\t\t\t<\/dt><\/dl><dl class='gallery-item'>\n\t\t\t<dt class='gallery-icon portrait'>\n\t\t\t\t<a href='https:\/\/www.visit-ulcinj.com\/blog\/wp-content\/uploads\/2010\/10\/Kamen-temeljac-mosta-Port-Milena_ulcinj.2.jpg'><img width=\"150\" height=\"150\" src=\"https:\/\/www.visit-ulcinj.com\/blog\/wp-content\/uploads\/2010\/10\/Kamen-temeljac-mosta-Port-Milena_ulcinj.2-150x150.jpg\" class=\"attachment-thumbnail size-thumbnail\" alt=\"\" loading=\"lazy\" \/><\/a>\n\t\t\t<\/dt><\/dl><br style=\"clear: both\" \/><dl class='gallery-item'>\n\t\t\t<dt class='gallery-icon landscape'>\n\t\t\t\t<a href='https:\/\/www.visit-ulcinj.com\/blog\/wp-content\/uploads\/2010\/10\/Kamen-temeljac-mosta-Port-Milena_ulcinj.3.jpg'><img width=\"150\" height=\"150\" src=\"https:\/\/www.visit-ulcinj.com\/blog\/wp-content\/uploads\/2010\/10\/Kamen-temeljac-mosta-Port-Milena_ulcinj.3-150x150.jpg\" class=\"attachment-thumbnail size-thumbnail\" alt=\"\" loading=\"lazy\" \/><\/a>\n\t\t\t<\/dt><\/dl><dl class='gallery-item'>\n\t\t\t<dt class='gallery-icon landscape'>\n\t\t\t\t<a href='https:\/\/www.visit-ulcinj.com\/blog\/wp-content\/uploads\/2010\/10\/Kamen-temeljac-mosta-Port-Milena_ulcinj.4.jpg'><img width=\"150\" height=\"150\" src=\"https:\/\/www.visit-ulcinj.com\/blog\/wp-content\/uploads\/2010\/10\/Kamen-temeljac-mosta-Port-Milena_ulcinj.4-150x150.jpg\" class=\"attachment-thumbnail size-thumbnail\" alt=\"\" loading=\"lazy\" \/><\/a>\n\t\t\t<\/dt><\/dl><dl class='gallery-item'>\n\t\t\t<dt class='gallery-icon landscape'>\n\t\t\t\t<a href='https:\/\/www.visit-ulcinj.com\/blog\/wp-content\/uploads\/2010\/10\/Kamen-temeljac-mosta-Port-Milena_ulcinj.5.jpg'><img width=\"150\" height=\"150\" src=\"https:\/\/www.visit-ulcinj.com\/blog\/wp-content\/uploads\/2010\/10\/Kamen-temeljac-mosta-Port-Milena_ulcinj.5-150x150.jpg\" class=\"attachment-thumbnail size-thumbnail\" alt=\"\" loading=\"lazy\" \/><\/a>\n\t\t\t<\/dt><\/dl><br style=\"clear: both\" \/>\n\t\t<\/div>\n<\/p>\n<p><\/strong><\/p>\n","protected":false},"excerpt":{"rendered":"<p>Forca Nazifa Cungua tvrdi da se u Ulcinju ne gradi most \u010diji je kamen temeljac nedavno polo\u017eio premijer i optu\u017euje \u0110ukanovi\u0107a: Ulcinj \u2013 Albanska partija Forca ju\u010de je optu\u017eila premijera Mila \u0110ukanovi\u0107a da se ne\u010dasno uklju\u010dio u predizbornu kampanju u Ulcinju polaganjem kamena temeljca za novi most na Port Mileni. \u201cPolaganjem kamena temeljca samo deset [&hellip;]<\/p>\n","protected":false},"author":1,"featured_media":0,"comment_status":"open","ping_status":"closed","sticky":false,"template":"","format":"standard","meta":{"spay_email":"","jetpack_publicize_message":"","jetpack_is_tweetstorm":false,"jetpack_publicize_feature_enabled":true},"categories":[8337],"tags":[16031,117,16032,924,118,295,19],"jetpack_publicize_connections":[],"yoast_head":"<!-- This site is optimized with the Yoast SEO plugin v19.1 - https:\/\/yoast.com\/wordpress\/plugins\/seo\/ -->\n<title>Zgazio je moral i evropske principe - Lajme nga Ulqini<\/title>\n<meta name=\"description\" content=\"Forca Nazifa Cungua tvrdi da se u Ulcinju ne gradi most \u010diji je kamen temeljac nedavno polo\u017eio premijer i optu\u017euje \u0110ukanovi\u0107a: Ulcinj \u2013 Albanska partija\" \/>\n<meta name=\"robots\" content=\"index, follow, max-snippet:-1, max-image-preview:large, max-video-preview:-1\" \/>\n<link rel=\"canonical\" href=\"https:\/\/www.visit-ulcinj.com\/blog\/2010\/10\/14\/zgazio-je-moral-i-evropske-principe\/\" \/>\n<meta property=\"og:locale\" content=\"en_US\" \/>\n<meta property=\"og:type\" content=\"article\" \/>\n<meta property=\"og:title\" content=\"Zgazio je moral i evropske principe - Lajme nga Ulqini\" \/>\n<meta property=\"og:description\" content=\"Forca Nazifa Cungua tvrdi da se u Ulcinju ne gradi most \u010diji je kamen temeljac nedavno polo\u017eio premijer i optu\u017euje \u0110ukanovi\u0107a: Ulcinj \u2013 Albanska partija\" \/>\n<meta property=\"og:url\" content=\"https:\/\/www.visit-ulcinj.com\/blog\/2010\/10\/14\/zgazio-je-moral-i-evropske-principe\/\" \/>\n<meta property=\"og:site_name\" content=\"Lajme nga Ulqini\" \/>\n<meta property=\"article:published_time\" content=\"2010-10-14T17:22:43+00:00\" \/>\n<meta property=\"article:modified_time\" content=\"2010-10-16T18:30:32+00:00\" \/>\n<meta property=\"og:image\" content=\"https:\/\/www.visit-ulcinj.com\/blog\/wp-content\/uploads\/2010\/10\/Kamen-temeljac-mosta-Port-Milena_ulcinj-150x150.jpg\" \/>\n<meta name=\"twitter:label1\" content=\"Written by\" \/>\n\t<meta name=\"twitter:data1\" content=\"ulqini\" \/>\n\t<meta name=\"twitter:label2\" content=\"Est. reading time\" \/>\n\t<meta name=\"twitter:data2\" content=\"2 minutes\" \/>\n<script type=\"application\/ld+json\" class=\"yoast-schema-graph\">{\"@context\":\"https:\/\/schema.org\",\"@graph\":[{\"@type\":\"WebSite\",\"@id\":\"https:\/\/www.visit-ulcinj.com\/blog\/#website\",\"url\":\"https:\/\/www.visit-ulcinj.com\/blog\/\",\"name\":\"Lajme nga Ulqini\",\"description\":\"Lajme,Vijesti,Ulqini,Ulqin,Crna Gora,Mali i Zi\",\"potentialAction\":[{\"@type\":\"SearchAction\",\"target\":{\"@type\":\"EntryPoint\",\"urlTemplate\":\"https:\/\/www.visit-ulcinj.com\/blog\/?s={search_term_string}\"},\"query-input\":\"required name=search_term_string\"}],\"inLanguage\":\"en-US\"},{\"@type\":\"ImageObject\",\"inLanguage\":\"en-US\",\"@id\":\"https:\/\/www.visit-ulcinj.com\/blog\/2010\/10\/14\/zgazio-je-moral-i-evropske-principe\/#primaryimage\",\"url\":\"https:\/\/www.visit-ulcinj.com\/blog\/wp-content\/uploads\/2010\/10\/Kamen-temeljac-mosta-Port-Milena_ulcinj.jpg\",\"contentUrl\":\"https:\/\/www.visit-ulcinj.com\/blog\/wp-content\/uploads\/2010\/10\/Kamen-temeljac-mosta-Port-Milena_ulcinj.jpg\",\"width\":\"720\",\"height\":\"540\"},{\"@type\":\"WebPage\",\"@id\":\"https:\/\/www.visit-ulcinj.com\/blog\/2010\/10\/14\/zgazio-je-moral-i-evropske-principe\/#webpage\",\"url\":\"https:\/\/www.visit-ulcinj.com\/blog\/2010\/10\/14\/zgazio-je-moral-i-evropske-principe\/\",\"name\":\"Zgazio je moral i evropske principe - Lajme nga Ulqini\",\"isPartOf\":{\"@id\":\"https:\/\/www.visit-ulcinj.com\/blog\/#website\"},\"primaryImageOfPage\":{\"@id\":\"https:\/\/www.visit-ulcinj.com\/blog\/2010\/10\/14\/zgazio-je-moral-i-evropske-principe\/#primaryimage\"},\"datePublished\":\"2010-10-14T17:22:43+00:00\",\"dateModified\":\"2010-10-16T18:30:32+00:00\",\"author\":{\"@id\":\"https:\/\/www.visit-ulcinj.com\/blog\/#\/schema\/person\/dcab619c614d3038751c63bc2aadc06d\"},\"description\":\"Forca Nazifa Cungua tvrdi da se u Ulcinju ne gradi most \u010diji je kamen temeljac nedavno polo\u017eio premijer i optu\u017euje \u0110ukanovi\u0107a: Ulcinj \u2013 Albanska partija\",\"breadcrumb\":{\"@id\":\"https:\/\/www.visit-ulcinj.com\/blog\/2010\/10\/14\/zgazio-je-moral-i-evropske-principe\/#breadcrumb\"},\"inLanguage\":\"en-US\",\"potentialAction\":[{\"@type\":\"ReadAction\",\"target\":[\"https:\/\/www.visit-ulcinj.com\/blog\/2010\/10\/14\/zgazio-je-moral-i-evropske-principe\/\"]}]},{\"@type\":\"BreadcrumbList\",\"@id\":\"https:\/\/www.visit-ulcinj.com\/blog\/2010\/10\/14\/zgazio-je-moral-i-evropske-principe\/#breadcrumb\",\"itemListElement\":[{\"@type\":\"ListItem\",\"position\":1,\"name\":\"Zgazio je moral i evropske principe\"}]},{\"@type\":\"Person\",\"@id\":\"https:\/\/www.visit-ulcinj.com\/blog\/#\/schema\/person\/dcab619c614d3038751c63bc2aadc06d\",\"name\":\"ulqini\",\"sameAs\":[\"http:\/\/www.visit-ulcinj.com\"],\"url\":\"https:\/\/www.visit-ulcinj.com\/blog\/author\/admin\/\"}]}<\/script>\n<!-- \/ Yoast SEO plugin. -->","yoast_head_json":{"title":"Zgazio je moral i evropske principe - Lajme nga Ulqini","description":"Forca Nazifa Cungua tvrdi da se u Ulcinju ne gradi most \u010diji je kamen temeljac nedavno polo\u017eio premijer i optu\u017euje \u0110ukanovi\u0107a: Ulcinj \u2013 Albanska partija","robots":{"index":"index","follow":"follow","max-snippet":"max-snippet:-1","max-image-preview":"max-image-preview:large","max-video-preview":"max-video-preview:-1"},"canonical":"https:\/\/www.visit-ulcinj.com\/blog\/2010\/10\/14\/zgazio-je-moral-i-evropske-principe\/","og_locale":"en_US","og_type":"article","og_title":"Zgazio je moral i evropske principe - Lajme nga Ulqini","og_description":"Forca Nazifa Cungua tvrdi da se u Ulcinju ne gradi most \u010diji je kamen temeljac nedavno polo\u017eio premijer i optu\u017euje \u0110ukanovi\u0107a: Ulcinj \u2013 Albanska partija","og_url":"https:\/\/www.visit-ulcinj.com\/blog\/2010\/10\/14\/zgazio-je-moral-i-evropske-principe\/","og_site_name":"Lajme nga Ulqini","article_published_time":"2010-10-14T17:22:43+00:00","article_modified_time":"2010-10-16T18:30:32+00:00","og_image":[{"url":"https:\/\/www.visit-ulcinj.com\/blog\/wp-content\/uploads\/2010\/10\/Kamen-temeljac-mosta-Port-Milena_ulcinj-150x150.jpg"}],"twitter_misc":{"Written by":"ulqini","Est. reading time":"2 minutes"},"schema":{"@context":"https:\/\/schema.org","@graph":[{"@type":"WebSite","@id":"https:\/\/www.visit-ulcinj.com\/blog\/#website","url":"https:\/\/www.visit-ulcinj.com\/blog\/","name":"Lajme nga Ulqini","description":"Lajme,Vijesti,Ulqini,Ulqin,Crna Gora,Mali i Zi","potentialAction":[{"@type":"SearchAction","target":{"@type":"EntryPoint","urlTemplate":"https:\/\/www.visit-ulcinj.com\/blog\/?s={search_term_string}"},"query-input":"required name=search_term_string"}],"inLanguage":"en-US"},{"@type":"ImageObject","inLanguage":"en-US","@id":"https:\/\/www.visit-ulcinj.com\/blog\/2010\/10\/14\/zgazio-je-moral-i-evropske-principe\/#primaryimage","url":"https:\/\/www.visit-ulcinj.com\/blog\/wp-content\/uploads\/2010\/10\/Kamen-temeljac-mosta-Port-Milena_ulcinj.jpg","contentUrl":"https:\/\/www.visit-ulcinj.com\/blog\/wp-content\/uploads\/2010\/10\/Kamen-temeljac-mosta-Port-Milena_ulcinj.jpg","width":"720","height":"540"},{"@type":"WebPage","@id":"https:\/\/www.visit-ulcinj.com\/blog\/2010\/10\/14\/zgazio-je-moral-i-evropske-principe\/#webpage","url":"https:\/\/www.visit-ulcinj.com\/blog\/2010\/10\/14\/zgazio-je-moral-i-evropske-principe\/","name":"Zgazio je moral i evropske principe - Lajme nga Ulqini","isPartOf":{"@id":"https:\/\/www.visit-ulcinj.com\/blog\/#website"},"primaryImageOfPage":{"@id":"https:\/\/www.visit-ulcinj.com\/blog\/2010\/10\/14\/zgazio-je-moral-i-evropske-principe\/#primaryimage"},"datePublished":"2010-10-14T17:22:43+00:00","dateModified":"2010-10-16T18:30:32+00:00","author":{"@id":"https:\/\/www.visit-ulcinj.com\/blog\/#\/schema\/person\/dcab619c614d3038751c63bc2aadc06d"},"description":"Forca Nazifa Cungua tvrdi da se u Ulcinju ne gradi most \u010diji je kamen temeljac nedavno polo\u017eio premijer i optu\u017euje \u0110ukanovi\u0107a: Ulcinj \u2013 Albanska partija","breadcrumb":{"@id":"https:\/\/www.visit-ulcinj.com\/blog\/2010\/10\/14\/zgazio-je-moral-i-evropske-principe\/#breadcrumb"},"inLanguage":"en-US","potentialAction":[{"@type":"ReadAction","target":["https:\/\/www.visit-ulcinj.com\/blog\/2010\/10\/14\/zgazio-je-moral-i-evropske-principe\/"]}]},{"@type":"BreadcrumbList","@id":"https:\/\/www.visit-ulcinj.com\/blog\/2010\/10\/14\/zgazio-je-moral-i-evropske-principe\/#breadcrumb","itemListElement":[{"@type":"ListItem","position":1,"name":"Zgazio je moral i evropske principe"}]},{"@type":"Person","@id":"https:\/\/www.visit-ulcinj.com\/blog\/#\/schema\/person\/dcab619c614d3038751c63bc2aadc06d","name":"ulqini","sameAs":["http:\/\/www.visit-ulcinj.com"],"url":"https:\/\/www.visit-ulcinj.com\/blog\/author\/admin\/"}]}},"jetpack_featured_media_url":"","jetpack_sharing_enabled":true,"jetpack_shortlink":"https:\/\/wp.me\/pe6lTn-a1u","_links":{"self":[{"href":"https:\/\/www.visit-ulcinj.com\/blog\/wp-json\/wp\/v2\/posts\/38532"}],"collection":[{"href":"https:\/\/www.visit-ulcinj.com\/blog\/wp-json\/wp\/v2\/posts"}],"about":[{"href":"https:\/\/www.visit-ulcinj.com\/blog\/wp-json\/wp\/v2\/types\/post"}],"author":[{"embeddable":true,"href":"https:\/\/www.visit-ulcinj.com\/blog\/wp-json\/wp\/v2\/users\/1"}],"replies":[{"embeddable":true,"href":"https:\/\/www.visit-ulcinj.com\/blog\/wp-json\/wp\/v2\/comments?post=38532"}],"version-history":[{"count":0,"href":"https:\/\/www.visit-ulcinj.com\/blog\/wp-json\/wp\/v2\/posts\/38532\/revisions"}],"wp:attachment":[{"href":"https:\/\/www.visit-ulcinj.com\/blog\/wp-json\/wp\/v2\/media?parent=38532"}],"wp:term":[{"taxonomy":"category","embeddable":true,"href":"https:\/\/www.visit-ulcinj.com\/blog\/wp-json\/wp\/v2\/categories?post=38532"},{"taxonomy":"post_tag","embeddable":true,"href":"https:\/\/www.visit-ulcinj.com\/blog\/wp-json\/wp\/v2\/tags?post=38532"}],"curies":[{"name":"wp","href":"https:\/\/api.w.org\/{rel}","templated":true}]}}