{"id":38564,"date":"2010-10-17T09:53:53","date_gmt":"2010-10-17T07:53:53","guid":{"rendered":"http:\/\/www.visit-ulcinj.com\/blog\/?p=38564"},"modified":"2010-10-17T09:53:53","modified_gmt":"2010-10-17T07:53:53","slug":"dafina-dhe-ledri-se-shpejti-me-duet","status":"publish","type":"post","link":"https:\/\/www.visit-ulcinj.com\/blog\/2010\/10\/17\/dafina-dhe-ledri-se-shpejti-me-duet\/","title":{"rendered":"Dafina dhe Ledri s\u00eb shpejti me duet"},"content":{"rendered":"<p><strong>Dafina Zeqiri, e cila ka realizuar disa bashk\u00ebpunime shum\u00eb t\u00eb suksesshme s\u00eb fundi, n\u00eb projektin muzikor t\u00eb radh\u00ebs ka vendosur t\u00eb realizoj\u00eb duet me reperin Ledri Vula.<\/strong><\/p>\n<p><img loading=\"lazy\" class=\"alignright size-full wp-image-38565\" title=\"Dafina Zeqiri ne studio per ramush haradinaj\" src=\"http:\/\/www.visit-ulcinj.com\/blog\/wp-content\/uploads\/2010\/10\/Dafina-Zeqiri-ne-studio-per-ramush-haradinaj.jpg\" alt=\"Dafina Zeqiri ne studio per ramush haradinaj\" width=\"576\" height=\"386\" \/><\/p>\n<p>\u201cKam b\u00ebr\u00eb disa incizime t\u00eb reja, por edhe nj\u00eb k\u00ebng\u00eb t\u00eb re, t\u00eb cil\u00ebn e kam n\u00eb duet m\u00eb Ledri Vul\u00ebn. Dueti \u00ebsht\u00eb n\u00eb gjuh\u00ebn shqipe, dhe gjithashtu e kam t\u00eb p\u00ebrgatitur edhe nj\u00eb k\u00ebng\u00eb n\u00eb gjuh\u00ebn angleze. K\u00ebt\u00eb k\u00ebng\u00eb e kam punuar kur isha 15 vje\u00e7e dhe tani e kam p\u00ebrpunuar, dhe vendosa t\u00eb risjell m\u00eb profesionalisht\u201d, ka th\u00ebn\u00eb p\u00ebr \u201cInfopress\u201d Dafina Zeqiri.<\/p>\n<p>Si\u00e7 ka zbuluar Dafina, e cila ka realizuar melodin\u00eb e k\u00ebng\u00ebs, dueti me Ledrin \u00ebsht\u00eb shum\u00eb ritmik, nd\u00ebrsa teksti \u00ebsht\u00eb shum\u00eb \u2018m\u00eb ndryshe nga t\u00eb tjerat t\u00eb realizuara deri me tash\u2019, p\u00ebr t\u00eb cil\u00ebn gj\u00eb \u00ebsht\u00eb p\u00ebrkujdesur vet\u00eb Ledri.<\/p>\n<p>\u201cKa nj\u00eb tem\u00eb m\u00eb ndryshe nga ato t\u00eb zakonshmet, m\u00eb ndryshe se ato ku zakonisht flitet keq p\u00ebr t\u00eb tjer\u00ebt apo t\u00eb tjer\u00ebt p\u00ebrulen. S\u2019ka nj\u00eb tem\u00eb q\u00eb prek mendjemadh\u00ebsin\u00eb, por ka nj\u00eb tem\u00eb q\u00eb prek m\u00eb shum\u00eb dashurin\u00eb n\u00eb mes njer\u00ebzve, ku lavd\u00ebrohen t\u00eb tjer\u00ebt\u201d, ka th\u00ebn\u00eb k\u00ebng\u00ebtarja.<\/p>\n<p><strong><em>Telegrafi<\/em><\/strong><\/p>\n","protected":false},"excerpt":{"rendered":"<p>Dafina Zeqiri, e cila ka realizuar disa bashk\u00ebpunime shum\u00eb t\u00eb suksesshme s\u00eb fundi, n\u00eb projektin muzikor t\u00eb radh\u00ebs ka vendosur t\u00eb realizoj\u00eb duet me reperin Ledri Vula. \u201cKam b\u00ebr\u00eb disa incizime t\u00eb reja, por edhe nj\u00eb k\u00ebng\u00eb t\u00eb re, t\u00eb cil\u00ebn e kam n\u00eb duet m\u00eb Ledri Vul\u00ebn. Dueti \u00ebsht\u00eb n\u00eb gjuh\u00ebn shqipe, dhe gjithashtu [&hellip;]<\/p>\n","protected":false},"author":1,"featured_media":0,"comment_status":"open","ping_status":"closed","sticky":false,"template":"","format":"standard","meta":{"spay_email":"","jetpack_publicize_message":"","jetpack_is_tweetstorm":false,"jetpack_publicize_feature_enabled":true},"categories":[1],"tags":[4926,16033,16036,16034,16035,7006,4896],"jetpack_publicize_connections":[],"yoast_head":"<!-- This site is optimized with the Yoast SEO plugin v19.1 - https:\/\/yoast.com\/wordpress\/plugins\/seo\/ -->\n<title>Dafina dhe Ledri s\u00eb shpejti me duet  - Lajme nga Ulqini<\/title>\n<meta name=\"description\" content=\"Dafina Zeqiri, e cila ka realizuar disa bashk\u00ebpunime shum\u00eb t\u00eb suksesshme s\u00eb fundi, n\u00eb projektin muzikor t\u00eb radh\u00ebs ka vendosur t\u00eb realizoj\u00eb duet me reperin\" \/>\n<meta name=\"robots\" content=\"index, follow, max-snippet:-1, max-image-preview:large, max-video-preview:-1\" \/>\n<link rel=\"canonical\" href=\"https:\/\/www.visit-ulcinj.com\/blog\/2010\/10\/17\/dafina-dhe-ledri-se-shpejti-me-duet\/\" \/>\n<meta property=\"og:locale\" content=\"en_US\" \/>\n<meta property=\"og:type\" content=\"article\" \/>\n<meta property=\"og:title\" content=\"Dafina dhe Ledri s\u00eb shpejti me duet  - Lajme nga Ulqini\" \/>\n<meta property=\"og:description\" content=\"Dafina Zeqiri, e cila ka realizuar disa bashk\u00ebpunime shum\u00eb t\u00eb suksesshme s\u00eb fundi, n\u00eb projektin muzikor t\u00eb radh\u00ebs ka vendosur t\u00eb realizoj\u00eb duet me reperin\" \/>\n<meta property=\"og:url\" content=\"https:\/\/www.visit-ulcinj.com\/blog\/2010\/10\/17\/dafina-dhe-ledri-se-shpejti-me-duet\/\" \/>\n<meta property=\"og:site_name\" content=\"Lajme nga Ulqini\" \/>\n<meta property=\"article:published_time\" content=\"2010-10-17T07:53:53+00:00\" \/>\n<meta property=\"og:image\" content=\"http:\/\/www.visit-ulcinj.com\/blog\/wp-content\/uploads\/2010\/10\/Dafina-Zeqiri-ne-studio-per-ramush-haradinaj.jpg\" \/>\n<meta name=\"twitter:label1\" content=\"Written by\" \/>\n\t<meta name=\"twitter:data1\" content=\"ulqini\" \/>\n\t<meta name=\"twitter:label2\" content=\"Est. reading time\" \/>\n\t<meta name=\"twitter:data2\" content=\"1 minute\" \/>\n<script type=\"application\/ld+json\" class=\"yoast-schema-graph\">{\"@context\":\"https:\/\/schema.org\",\"@graph\":[{\"@type\":\"WebSite\",\"@id\":\"https:\/\/www.visit-ulcinj.com\/blog\/#website\",\"url\":\"https:\/\/www.visit-ulcinj.com\/blog\/\",\"name\":\"Lajme nga Ulqini\",\"description\":\"Lajme,Vijesti,Ulqini,Ulqin,Crna Gora,Mali i Zi\",\"potentialAction\":[{\"@type\":\"SearchAction\",\"target\":{\"@type\":\"EntryPoint\",\"urlTemplate\":\"https:\/\/www.visit-ulcinj.com\/blog\/?s={search_term_string}\"},\"query-input\":\"required name=search_term_string\"}],\"inLanguage\":\"en-US\"},{\"@type\":\"ImageObject\",\"inLanguage\":\"en-US\",\"@id\":\"https:\/\/www.visit-ulcinj.com\/blog\/2010\/10\/17\/dafina-dhe-ledri-se-shpejti-me-duet\/#primaryimage\",\"url\":\"http:\/\/www.visit-ulcinj.com\/blog\/wp-content\/uploads\/2010\/10\/Dafina-Zeqiri-ne-studio-per-ramush-haradinaj.jpg\",\"contentUrl\":\"http:\/\/www.visit-ulcinj.com\/blog\/wp-content\/uploads\/2010\/10\/Dafina-Zeqiri-ne-studio-per-ramush-haradinaj.jpg\"},{\"@type\":\"WebPage\",\"@id\":\"https:\/\/www.visit-ulcinj.com\/blog\/2010\/10\/17\/dafina-dhe-ledri-se-shpejti-me-duet\/#webpage\",\"url\":\"https:\/\/www.visit-ulcinj.com\/blog\/2010\/10\/17\/dafina-dhe-ledri-se-shpejti-me-duet\/\",\"name\":\"Dafina dhe Ledri s\u00eb shpejti me duet - Lajme nga Ulqini\",\"isPartOf\":{\"@id\":\"https:\/\/www.visit-ulcinj.com\/blog\/#website\"},\"primaryImageOfPage\":{\"@id\":\"https:\/\/www.visit-ulcinj.com\/blog\/2010\/10\/17\/dafina-dhe-ledri-se-shpejti-me-duet\/#primaryimage\"},\"datePublished\":\"2010-10-17T07:53:53+00:00\",\"dateModified\":\"2010-10-17T07:53:53+00:00\",\"author\":{\"@id\":\"https:\/\/www.visit-ulcinj.com\/blog\/#\/schema\/person\/dcab619c614d3038751c63bc2aadc06d\"},\"description\":\"Dafina Zeqiri, e cila ka realizuar disa bashk\u00ebpunime shum\u00eb t\u00eb suksesshme s\u00eb fundi, n\u00eb projektin muzikor t\u00eb radh\u00ebs ka vendosur t\u00eb realizoj\u00eb duet me reperin\",\"breadcrumb\":{\"@id\":\"https:\/\/www.visit-ulcinj.com\/blog\/2010\/10\/17\/dafina-dhe-ledri-se-shpejti-me-duet\/#breadcrumb\"},\"inLanguage\":\"en-US\",\"potentialAction\":[{\"@type\":\"ReadAction\",\"target\":[\"https:\/\/www.visit-ulcinj.com\/blog\/2010\/10\/17\/dafina-dhe-ledri-se-shpejti-me-duet\/\"]}]},{\"@type\":\"BreadcrumbList\",\"@id\":\"https:\/\/www.visit-ulcinj.com\/blog\/2010\/10\/17\/dafina-dhe-ledri-se-shpejti-me-duet\/#breadcrumb\",\"itemListElement\":[{\"@type\":\"ListItem\",\"position\":1,\"name\":\"Dafina dhe Ledri s\u00eb shpejti me duet\"}]},{\"@type\":\"Person\",\"@id\":\"https:\/\/www.visit-ulcinj.com\/blog\/#\/schema\/person\/dcab619c614d3038751c63bc2aadc06d\",\"name\":\"ulqini\",\"sameAs\":[\"http:\/\/www.visit-ulcinj.com\"],\"url\":\"https:\/\/www.visit-ulcinj.com\/blog\/author\/admin\/\"}]}<\/script>\n<!-- \/ Yoast SEO plugin. -->","yoast_head_json":{"title":"Dafina dhe Ledri s\u00eb shpejti me duet  - Lajme nga Ulqini","description":"Dafina Zeqiri, e cila ka realizuar disa bashk\u00ebpunime shum\u00eb t\u00eb suksesshme s\u00eb fundi, n\u00eb projektin muzikor t\u00eb radh\u00ebs ka vendosur t\u00eb realizoj\u00eb duet me reperin","robots":{"index":"index","follow":"follow","max-snippet":"max-snippet:-1","max-image-preview":"max-image-preview:large","max-video-preview":"max-video-preview:-1"},"canonical":"https:\/\/www.visit-ulcinj.com\/blog\/2010\/10\/17\/dafina-dhe-ledri-se-shpejti-me-duet\/","og_locale":"en_US","og_type":"article","og_title":"Dafina dhe Ledri s\u00eb shpejti me duet  - Lajme nga Ulqini","og_description":"Dafina Zeqiri, e cila ka realizuar disa bashk\u00ebpunime shum\u00eb t\u00eb suksesshme s\u00eb fundi, n\u00eb projektin muzikor t\u00eb radh\u00ebs ka vendosur t\u00eb realizoj\u00eb duet me reperin","og_url":"https:\/\/www.visit-ulcinj.com\/blog\/2010\/10\/17\/dafina-dhe-ledri-se-shpejti-me-duet\/","og_site_name":"Lajme nga Ulqini","article_published_time":"2010-10-17T07:53:53+00:00","og_image":[{"url":"http:\/\/www.visit-ulcinj.com\/blog\/wp-content\/uploads\/2010\/10\/Dafina-Zeqiri-ne-studio-per-ramush-haradinaj.jpg"}],"twitter_misc":{"Written by":"ulqini","Est. reading time":"1 minute"},"schema":{"@context":"https:\/\/schema.org","@graph":[{"@type":"WebSite","@id":"https:\/\/www.visit-ulcinj.com\/blog\/#website","url":"https:\/\/www.visit-ulcinj.com\/blog\/","name":"Lajme nga Ulqini","description":"Lajme,Vijesti,Ulqini,Ulqin,Crna Gora,Mali i Zi","potentialAction":[{"@type":"SearchAction","target":{"@type":"EntryPoint","urlTemplate":"https:\/\/www.visit-ulcinj.com\/blog\/?s={search_term_string}"},"query-input":"required name=search_term_string"}],"inLanguage":"en-US"},{"@type":"ImageObject","inLanguage":"en-US","@id":"https:\/\/www.visit-ulcinj.com\/blog\/2010\/10\/17\/dafina-dhe-ledri-se-shpejti-me-duet\/#primaryimage","url":"http:\/\/www.visit-ulcinj.com\/blog\/wp-content\/uploads\/2010\/10\/Dafina-Zeqiri-ne-studio-per-ramush-haradinaj.jpg","contentUrl":"http:\/\/www.visit-ulcinj.com\/blog\/wp-content\/uploads\/2010\/10\/Dafina-Zeqiri-ne-studio-per-ramush-haradinaj.jpg"},{"@type":"WebPage","@id":"https:\/\/www.visit-ulcinj.com\/blog\/2010\/10\/17\/dafina-dhe-ledri-se-shpejti-me-duet\/#webpage","url":"https:\/\/www.visit-ulcinj.com\/blog\/2010\/10\/17\/dafina-dhe-ledri-se-shpejti-me-duet\/","name":"Dafina dhe Ledri s\u00eb shpejti me duet - Lajme nga Ulqini","isPartOf":{"@id":"https:\/\/www.visit-ulcinj.com\/blog\/#website"},"primaryImageOfPage":{"@id":"https:\/\/www.visit-ulcinj.com\/blog\/2010\/10\/17\/dafina-dhe-ledri-se-shpejti-me-duet\/#primaryimage"},"datePublished":"2010-10-17T07:53:53+00:00","dateModified":"2010-10-17T07:53:53+00:00","author":{"@id":"https:\/\/www.visit-ulcinj.com\/blog\/#\/schema\/person\/dcab619c614d3038751c63bc2aadc06d"},"description":"Dafina Zeqiri, e cila ka realizuar disa bashk\u00ebpunime shum\u00eb t\u00eb suksesshme s\u00eb fundi, n\u00eb projektin muzikor t\u00eb radh\u00ebs ka vendosur t\u00eb realizoj\u00eb duet me reperin","breadcrumb":{"@id":"https:\/\/www.visit-ulcinj.com\/blog\/2010\/10\/17\/dafina-dhe-ledri-se-shpejti-me-duet\/#breadcrumb"},"inLanguage":"en-US","potentialAction":[{"@type":"ReadAction","target":["https:\/\/www.visit-ulcinj.com\/blog\/2010\/10\/17\/dafina-dhe-ledri-se-shpejti-me-duet\/"]}]},{"@type":"BreadcrumbList","@id":"https:\/\/www.visit-ulcinj.com\/blog\/2010\/10\/17\/dafina-dhe-ledri-se-shpejti-me-duet\/#breadcrumb","itemListElement":[{"@type":"ListItem","position":1,"name":"Dafina dhe Ledri s\u00eb shpejti me duet"}]},{"@type":"Person","@id":"https:\/\/www.visit-ulcinj.com\/blog\/#\/schema\/person\/dcab619c614d3038751c63bc2aadc06d","name":"ulqini","sameAs":["http:\/\/www.visit-ulcinj.com"],"url":"https:\/\/www.visit-ulcinj.com\/blog\/author\/admin\/"}]}},"jetpack_featured_media_url":"","jetpack_sharing_enabled":true,"jetpack_shortlink":"https:\/\/wp.me\/pe6lTn-a20","_links":{"self":[{"href":"https:\/\/www.visit-ulcinj.com\/blog\/wp-json\/wp\/v2\/posts\/38564"}],"collection":[{"href":"https:\/\/www.visit-ulcinj.com\/blog\/wp-json\/wp\/v2\/posts"}],"about":[{"href":"https:\/\/www.visit-ulcinj.com\/blog\/wp-json\/wp\/v2\/types\/post"}],"author":[{"embeddable":true,"href":"https:\/\/www.visit-ulcinj.com\/blog\/wp-json\/wp\/v2\/users\/1"}],"replies":[{"embeddable":true,"href":"https:\/\/www.visit-ulcinj.com\/blog\/wp-json\/wp\/v2\/comments?post=38564"}],"version-history":[{"count":0,"href":"https:\/\/www.visit-ulcinj.com\/blog\/wp-json\/wp\/v2\/posts\/38564\/revisions"}],"wp:attachment":[{"href":"https:\/\/www.visit-ulcinj.com\/blog\/wp-json\/wp\/v2\/media?parent=38564"}],"wp:term":[{"taxonomy":"category","embeddable":true,"href":"https:\/\/www.visit-ulcinj.com\/blog\/wp-json\/wp\/v2\/categories?post=38564"},{"taxonomy":"post_tag","embeddable":true,"href":"https:\/\/www.visit-ulcinj.com\/blog\/wp-json\/wp\/v2\/tags?post=38564"}],"curies":[{"name":"wp","href":"https:\/\/api.w.org\/{rel}","templated":true}]}}