{"id":38594,"date":"2010-10-17T22:15:34","date_gmt":"2010-10-17T20:15:34","guid":{"rendered":"http:\/\/www.visit-ulcinj.com\/blog\/?p=38594"},"modified":"2010-11-05T18:07:16","modified_gmt":"2010-11-05T17:07:16","slug":"ulqin-shqiptaret-te-percare-ne-zgjedhje","status":"publish","type":"post","link":"https:\/\/www.visit-ulcinj.com\/blog\/2010\/10\/17\/ulqin-shqiptaret-te-percare-ne-zgjedhje\/","title":{"rendered":"Ulqin, shqiptar\u00ebt t\u00eb p\u00ebr\u00e7ar\u00eb n\u00eb zgjedhje &#8211; Video"},"content":{"rendered":"<p><img loading=\"lazy\" class=\"alignleft\" title=\"Ulqin, shqiptar\u00ebt t\u00eb p\u00ebr\u00e7ar\u00eb\" src=\"http:\/\/www.visit-ulcinj.com\/blog\/wp-content\/uploads\/2010\/10\/PARTIT-POLITIKE-ULQIN.jpg\" alt=\"\" width=\"490\" height=\"299\" \/>Shqiptar\u00ebt q\u00eb banojn\u00eb n\u00eb komun\u00ebn e Ulqinit n\u00eb Malin e Zi votuan k\u00ebt\u00eb t\u00eb diel\u00eb p\u00ebr t\u00eb zgjedhur K\u00ebshillin Komunal.<\/p>\n<p>N\u00eb 23 maj t\u00eb k\u00ebtij viti zgjedhjet lokale n\u00eb k\u00ebt\u00eb komun\u00eb me shumic\u00eb d\u00ebrrmuese shqiptare nuk i dha shumic\u00ebn asnj\u00eb partie shqiptare p\u00ebr t\u00eb kontrolluar k\u00ebshillin me 33 an\u00ebtare.<\/p>\n<p>N\u00eb zgjedhjet e fundit jan\u00eb futur 7 parti shqiptare t\u00eb cilat jan\u00eb p\u00ebrplasur shum\u00eb ashp\u00ebr mes tyre n\u00eb k\u00ebt\u00eb fushat\u00eb.<\/p>\n<p>S\u00ebrish kryetari i ri i komun\u00ebs do t\u00eb dal\u00eb vet\u00ebm pas aleancave me partine malazeze t\u00eb Milo Gjykanovi\u00e7 dhe partise s\u00eb Unionit Demokratik t\u00eb Shqiptar\u00ebve.<\/p>\n<p>P\u00ebr fitore shpreson edhe Nafiz Cungu, kryetari i Partis\u00eb Forca e Re.<\/p>\n<p>Partia Socialdemokrate e Malit t\u00eb Zi q\u00eb drejtohet nga Milo Gjukanovi\u00e7 n\u00eb komun\u00ebn e Ulqinit ka vendosur n\u00eb krye t\u00eb deg\u00ebs nj\u00eb shqiptar. Luigj Shkreli thote se pret nj\u00eb rezultat pozitiv n\u00eb k\u00ebto zgjedhje.<\/p>\n<p><strong>Top Channel<br \/>\n<a href=\"http:\/\/www.visit-ulcinj.com\/blog\/wp-content\/uploads\/2010\/10\/Rezultatet-e-zgjedhjeve-lokale-ne-komun-te-ulqinit2.jpg\"><img loading=\"lazy\" class=\"alignleft size-full wp-image-39186\" title=\"Rezultatet e zgjedhjeve lokale ne komun te ulqinit\" src=\"http:\/\/www.visit-ulcinj.com\/blog\/wp-content\/uploads\/2010\/10\/Rezultatet-e-zgjedhjeve-lokale-ne-komun-te-ulqinit2.jpg\" alt=\"\" width=\"490\" height=\"390\" \/><\/a><br \/>\n[flv width=&#8221;490&#8243; height=&#8221;390&#8243;]http:\/\/video1.top-channel.tv\/18754796\/flv\/kronika\/zgjedhjetmalizi.flv[\/flv]<\/strong><\/p>\n","protected":false},"excerpt":{"rendered":"<p>Shqiptar\u00ebt q\u00eb banojn\u00eb n\u00eb komun\u00ebn e Ulqinit n\u00eb Malin e Zi votuan k\u00ebt\u00eb t\u00eb diel\u00eb p\u00ebr t\u00eb zgjedhur K\u00ebshillin Komunal. N\u00eb 23 maj t\u00eb k\u00ebtij viti zgjedhjet lokale n\u00eb k\u00ebt\u00eb komun\u00eb me shumic\u00eb d\u00ebrrmuese shqiptare nuk i dha shumic\u00ebn asnj\u00eb partie shqiptare p\u00ebr t\u00eb kontrolluar k\u00ebshillin me 33 an\u00ebtare. N\u00eb zgjedhjet e fundit jan\u00eb futur [&hellip;]<\/p>\n","protected":false},"author":1,"featured_media":0,"comment_status":"open","ping_status":"closed","sticky":false,"template":"","format":"standard","meta":{"spay_email":"","jetpack_publicize_message":"","jetpack_is_tweetstorm":false,"jetpack_publicize_feature_enabled":true},"categories":[1],"tags":[5615,200,18],"jetpack_publicize_connections":[],"yoast_head":"<!-- This site is optimized with the Yoast SEO plugin v19.1 - https:\/\/yoast.com\/wordpress\/plugins\/seo\/ -->\n<title>Ulqin, shqiptar\u00ebt t\u00eb p\u00ebr\u00e7ar\u00eb n\u00eb zgjedhje - Video - Lajme nga Ulqini<\/title>\n<meta name=\"description\" content=\"Shqiptar\u00ebt q\u00eb banojn\u00eb n\u00eb komun\u00ebn e Ulqinit n\u00eb Malin e Zi votuan k\u00ebt\u00eb t\u00eb diel\u00eb p\u00ebr t\u00eb zgjedhur K\u00ebshillin Komunal. N\u00eb 23 maj t\u00eb k\u00ebtij viti zgjedhjet lokale\" \/>\n<meta name=\"robots\" content=\"index, follow, max-snippet:-1, max-image-preview:large, max-video-preview:-1\" \/>\n<link rel=\"canonical\" href=\"https:\/\/www.visit-ulcinj.com\/blog\/2010\/10\/17\/ulqin-shqiptaret-te-percare-ne-zgjedhje\/\" \/>\n<meta property=\"og:locale\" content=\"en_US\" \/>\n<meta property=\"og:type\" content=\"article\" \/>\n<meta property=\"og:title\" content=\"Ulqin, shqiptar\u00ebt t\u00eb p\u00ebr\u00e7ar\u00eb n\u00eb zgjedhje - Video - Lajme nga Ulqini\" \/>\n<meta property=\"og:description\" content=\"Shqiptar\u00ebt q\u00eb banojn\u00eb n\u00eb komun\u00ebn e Ulqinit n\u00eb Malin e Zi votuan k\u00ebt\u00eb t\u00eb diel\u00eb p\u00ebr t\u00eb zgjedhur K\u00ebshillin Komunal. N\u00eb 23 maj t\u00eb k\u00ebtij viti zgjedhjet lokale\" \/>\n<meta property=\"og:url\" content=\"https:\/\/www.visit-ulcinj.com\/blog\/2010\/10\/17\/ulqin-shqiptaret-te-percare-ne-zgjedhje\/\" \/>\n<meta property=\"og:site_name\" content=\"Lajme nga Ulqini\" \/>\n<meta property=\"article:published_time\" content=\"2010-10-17T20:15:34+00:00\" \/>\n<meta property=\"article:modified_time\" content=\"2010-11-05T17:07:16+00:00\" \/>\n<meta property=\"og:image\" content=\"http:\/\/www.visit-ulcinj.com\/blog\/wp-content\/uploads\/2010\/10\/PARTIT-POLITIKE-ULQIN.jpg\" \/>\n<meta name=\"twitter:label1\" content=\"Written by\" \/>\n\t<meta name=\"twitter:data1\" content=\"ulqini\" \/>\n\t<meta name=\"twitter:label2\" content=\"Est. reading time\" \/>\n\t<meta name=\"twitter:data2\" content=\"1 minute\" \/>\n<script type=\"application\/ld+json\" class=\"yoast-schema-graph\">{\"@context\":\"https:\/\/schema.org\",\"@graph\":[{\"@type\":\"WebSite\",\"@id\":\"https:\/\/www.visit-ulcinj.com\/blog\/#website\",\"url\":\"https:\/\/www.visit-ulcinj.com\/blog\/\",\"name\":\"Lajme nga Ulqini\",\"description\":\"Lajme,Vijesti,Ulqini,Ulqin,Crna Gora,Mali i Zi\",\"potentialAction\":[{\"@type\":\"SearchAction\",\"target\":{\"@type\":\"EntryPoint\",\"urlTemplate\":\"https:\/\/www.visit-ulcinj.com\/blog\/?s={search_term_string}\"},\"query-input\":\"required name=search_term_string\"}],\"inLanguage\":\"en-US\"},{\"@type\":\"ImageObject\",\"inLanguage\":\"en-US\",\"@id\":\"https:\/\/www.visit-ulcinj.com\/blog\/2010\/10\/17\/ulqin-shqiptaret-te-percare-ne-zgjedhje\/#primaryimage\",\"url\":\"https:\/\/www.visit-ulcinj.com\/blog\/wp-content\/uploads\/2010\/10\/PARTIT-POLITIKE-ULQIN.jpg\",\"contentUrl\":\"https:\/\/www.visit-ulcinj.com\/blog\/wp-content\/uploads\/2010\/10\/PARTIT-POLITIKE-ULQIN.jpg\",\"width\":\"490\",\"height\":\"299\"},{\"@type\":\"WebPage\",\"@id\":\"https:\/\/www.visit-ulcinj.com\/blog\/2010\/10\/17\/ulqin-shqiptaret-te-percare-ne-zgjedhje\/#webpage\",\"url\":\"https:\/\/www.visit-ulcinj.com\/blog\/2010\/10\/17\/ulqin-shqiptaret-te-percare-ne-zgjedhje\/\",\"name\":\"Ulqin, shqiptar\u00ebt t\u00eb p\u00ebr\u00e7ar\u00eb n\u00eb zgjedhje - Video - Lajme nga Ulqini\",\"isPartOf\":{\"@id\":\"https:\/\/www.visit-ulcinj.com\/blog\/#website\"},\"primaryImageOfPage\":{\"@id\":\"https:\/\/www.visit-ulcinj.com\/blog\/2010\/10\/17\/ulqin-shqiptaret-te-percare-ne-zgjedhje\/#primaryimage\"},\"datePublished\":\"2010-10-17T20:15:34+00:00\",\"dateModified\":\"2010-11-05T17:07:16+00:00\",\"author\":{\"@id\":\"https:\/\/www.visit-ulcinj.com\/blog\/#\/schema\/person\/dcab619c614d3038751c63bc2aadc06d\"},\"description\":\"Shqiptar\u00ebt q\u00eb banojn\u00eb n\u00eb komun\u00ebn e Ulqinit n\u00eb Malin e Zi votuan k\u00ebt\u00eb t\u00eb diel\u00eb p\u00ebr t\u00eb zgjedhur K\u00ebshillin Komunal. N\u00eb 23 maj t\u00eb k\u00ebtij viti zgjedhjet lokale\",\"breadcrumb\":{\"@id\":\"https:\/\/www.visit-ulcinj.com\/blog\/2010\/10\/17\/ulqin-shqiptaret-te-percare-ne-zgjedhje\/#breadcrumb\"},\"inLanguage\":\"en-US\",\"potentialAction\":[{\"@type\":\"ReadAction\",\"target\":[\"https:\/\/www.visit-ulcinj.com\/blog\/2010\/10\/17\/ulqin-shqiptaret-te-percare-ne-zgjedhje\/\"]}]},{\"@type\":\"BreadcrumbList\",\"@id\":\"https:\/\/www.visit-ulcinj.com\/blog\/2010\/10\/17\/ulqin-shqiptaret-te-percare-ne-zgjedhje\/#breadcrumb\",\"itemListElement\":[{\"@type\":\"ListItem\",\"position\":1,\"name\":\"Ulqin, shqiptar\u00ebt t\u00eb p\u00ebr\u00e7ar\u00eb n\u00eb zgjedhje &#8211; Video\"}]},{\"@type\":\"Person\",\"@id\":\"https:\/\/www.visit-ulcinj.com\/blog\/#\/schema\/person\/dcab619c614d3038751c63bc2aadc06d\",\"name\":\"ulqini\",\"sameAs\":[\"http:\/\/www.visit-ulcinj.com\"],\"url\":\"https:\/\/www.visit-ulcinj.com\/blog\/author\/admin\/\"}]}<\/script>\n<!-- \/ Yoast SEO plugin. -->","yoast_head_json":{"title":"Ulqin, shqiptar\u00ebt t\u00eb p\u00ebr\u00e7ar\u00eb n\u00eb zgjedhje - Video - Lajme nga Ulqini","description":"Shqiptar\u00ebt q\u00eb banojn\u00eb n\u00eb komun\u00ebn e Ulqinit n\u00eb Malin e Zi votuan k\u00ebt\u00eb t\u00eb diel\u00eb p\u00ebr t\u00eb zgjedhur K\u00ebshillin Komunal. N\u00eb 23 maj t\u00eb k\u00ebtij viti zgjedhjet lokale","robots":{"index":"index","follow":"follow","max-snippet":"max-snippet:-1","max-image-preview":"max-image-preview:large","max-video-preview":"max-video-preview:-1"},"canonical":"https:\/\/www.visit-ulcinj.com\/blog\/2010\/10\/17\/ulqin-shqiptaret-te-percare-ne-zgjedhje\/","og_locale":"en_US","og_type":"article","og_title":"Ulqin, shqiptar\u00ebt t\u00eb p\u00ebr\u00e7ar\u00eb n\u00eb zgjedhje - Video - Lajme nga Ulqini","og_description":"Shqiptar\u00ebt q\u00eb banojn\u00eb n\u00eb komun\u00ebn e Ulqinit n\u00eb Malin e Zi votuan k\u00ebt\u00eb t\u00eb diel\u00eb p\u00ebr t\u00eb zgjedhur K\u00ebshillin Komunal. N\u00eb 23 maj t\u00eb k\u00ebtij viti zgjedhjet lokale","og_url":"https:\/\/www.visit-ulcinj.com\/blog\/2010\/10\/17\/ulqin-shqiptaret-te-percare-ne-zgjedhje\/","og_site_name":"Lajme nga Ulqini","article_published_time":"2010-10-17T20:15:34+00:00","article_modified_time":"2010-11-05T17:07:16+00:00","og_image":[{"url":"http:\/\/www.visit-ulcinj.com\/blog\/wp-content\/uploads\/2010\/10\/PARTIT-POLITIKE-ULQIN.jpg"}],"twitter_misc":{"Written by":"ulqini","Est. reading time":"1 minute"},"schema":{"@context":"https:\/\/schema.org","@graph":[{"@type":"WebSite","@id":"https:\/\/www.visit-ulcinj.com\/blog\/#website","url":"https:\/\/www.visit-ulcinj.com\/blog\/","name":"Lajme nga Ulqini","description":"Lajme,Vijesti,Ulqini,Ulqin,Crna Gora,Mali i Zi","potentialAction":[{"@type":"SearchAction","target":{"@type":"EntryPoint","urlTemplate":"https:\/\/www.visit-ulcinj.com\/blog\/?s={search_term_string}"},"query-input":"required name=search_term_string"}],"inLanguage":"en-US"},{"@type":"ImageObject","inLanguage":"en-US","@id":"https:\/\/www.visit-ulcinj.com\/blog\/2010\/10\/17\/ulqin-shqiptaret-te-percare-ne-zgjedhje\/#primaryimage","url":"https:\/\/www.visit-ulcinj.com\/blog\/wp-content\/uploads\/2010\/10\/PARTIT-POLITIKE-ULQIN.jpg","contentUrl":"https:\/\/www.visit-ulcinj.com\/blog\/wp-content\/uploads\/2010\/10\/PARTIT-POLITIKE-ULQIN.jpg","width":"490","height":"299"},{"@type":"WebPage","@id":"https:\/\/www.visit-ulcinj.com\/blog\/2010\/10\/17\/ulqin-shqiptaret-te-percare-ne-zgjedhje\/#webpage","url":"https:\/\/www.visit-ulcinj.com\/blog\/2010\/10\/17\/ulqin-shqiptaret-te-percare-ne-zgjedhje\/","name":"Ulqin, shqiptar\u00ebt t\u00eb p\u00ebr\u00e7ar\u00eb n\u00eb zgjedhje - Video - Lajme nga Ulqini","isPartOf":{"@id":"https:\/\/www.visit-ulcinj.com\/blog\/#website"},"primaryImageOfPage":{"@id":"https:\/\/www.visit-ulcinj.com\/blog\/2010\/10\/17\/ulqin-shqiptaret-te-percare-ne-zgjedhje\/#primaryimage"},"datePublished":"2010-10-17T20:15:34+00:00","dateModified":"2010-11-05T17:07:16+00:00","author":{"@id":"https:\/\/www.visit-ulcinj.com\/blog\/#\/schema\/person\/dcab619c614d3038751c63bc2aadc06d"},"description":"Shqiptar\u00ebt q\u00eb banojn\u00eb n\u00eb komun\u00ebn e Ulqinit n\u00eb Malin e Zi votuan k\u00ebt\u00eb t\u00eb diel\u00eb p\u00ebr t\u00eb zgjedhur K\u00ebshillin Komunal. N\u00eb 23 maj t\u00eb k\u00ebtij viti zgjedhjet lokale","breadcrumb":{"@id":"https:\/\/www.visit-ulcinj.com\/blog\/2010\/10\/17\/ulqin-shqiptaret-te-percare-ne-zgjedhje\/#breadcrumb"},"inLanguage":"en-US","potentialAction":[{"@type":"ReadAction","target":["https:\/\/www.visit-ulcinj.com\/blog\/2010\/10\/17\/ulqin-shqiptaret-te-percare-ne-zgjedhje\/"]}]},{"@type":"BreadcrumbList","@id":"https:\/\/www.visit-ulcinj.com\/blog\/2010\/10\/17\/ulqin-shqiptaret-te-percare-ne-zgjedhje\/#breadcrumb","itemListElement":[{"@type":"ListItem","position":1,"name":"Ulqin, shqiptar\u00ebt t\u00eb p\u00ebr\u00e7ar\u00eb n\u00eb zgjedhje &#8211; Video"}]},{"@type":"Person","@id":"https:\/\/www.visit-ulcinj.com\/blog\/#\/schema\/person\/dcab619c614d3038751c63bc2aadc06d","name":"ulqini","sameAs":["http:\/\/www.visit-ulcinj.com"],"url":"https:\/\/www.visit-ulcinj.com\/blog\/author\/admin\/"}]}},"jetpack_featured_media_url":"","jetpack_sharing_enabled":true,"jetpack_shortlink":"https:\/\/wp.me\/pe6lTn-a2u","_links":{"self":[{"href":"https:\/\/www.visit-ulcinj.com\/blog\/wp-json\/wp\/v2\/posts\/38594"}],"collection":[{"href":"https:\/\/www.visit-ulcinj.com\/blog\/wp-json\/wp\/v2\/posts"}],"about":[{"href":"https:\/\/www.visit-ulcinj.com\/blog\/wp-json\/wp\/v2\/types\/post"}],"author":[{"embeddable":true,"href":"https:\/\/www.visit-ulcinj.com\/blog\/wp-json\/wp\/v2\/users\/1"}],"replies":[{"embeddable":true,"href":"https:\/\/www.visit-ulcinj.com\/blog\/wp-json\/wp\/v2\/comments?post=38594"}],"version-history":[{"count":0,"href":"https:\/\/www.visit-ulcinj.com\/blog\/wp-json\/wp\/v2\/posts\/38594\/revisions"}],"wp:attachment":[{"href":"https:\/\/www.visit-ulcinj.com\/blog\/wp-json\/wp\/v2\/media?parent=38594"}],"wp:term":[{"taxonomy":"category","embeddable":true,"href":"https:\/\/www.visit-ulcinj.com\/blog\/wp-json\/wp\/v2\/categories?post=38594"},{"taxonomy":"post_tag","embeddable":true,"href":"https:\/\/www.visit-ulcinj.com\/blog\/wp-json\/wp\/v2\/tags?post=38594"}],"curies":[{"name":"wp","href":"https:\/\/api.w.org\/{rel}","templated":true}]}}