{"id":38627,"date":"2010-10-18T20:33:32","date_gmt":"2010-10-18T18:33:32","guid":{"rendered":"http:\/\/www.visit-ulcinj.com\/blog\/?p=38627"},"modified":"2010-10-18T20:33:32","modified_gmt":"2010-10-18T18:33:32","slug":"dps-slavio-u-zeti-i-ulcinju","status":"publish","type":"post","link":"https:\/\/www.visit-ulcinj.com\/blog\/2010\/10\/18\/dps-slavio-u-zeti-i-ulcinju\/","title":{"rendered":"DPS slavio u Zeti i Ulcinju"},"content":{"rendered":"<p><a href=\"http:\/\/www.visit-ulcinj.com\/blog\/wp-content\/uploads\/2010\/10\/Luigj-Lui-Shkrela.jpg\"><img loading=\"lazy\" class=\"alignleft size-full wp-image-38628\" title=\"Luigj Lui Shkrela\" src=\"http:\/\/www.visit-ulcinj.com\/blog\/wp-content\/uploads\/2010\/10\/Luigj-Lui-Shkrela.jpg\" alt=\"\" width=\"335\" height=\"342\" srcset=\"https:\/\/www.visit-ulcinj.com\/blog\/wp-content\/uploads\/2010\/10\/Luigj-Lui-Shkrela.jpg 335w, https:\/\/www.visit-ulcinj.com\/blog\/wp-content\/uploads\/2010\/10\/Luigj-Lui-Shkrela-293x300.jpg 293w\" sizes=\"(max-width: 335px) 100vw, 335px\" \/><\/a>DPS-u i njegovim koalicionim partnerima, za ve\u0107inu u ulcinjskom parlamentu, pokazuje se, ne\u0107e trebati pomo\u0107 SDP-a, koji je osvojio dva mandata, koliko i opozicija, ujedinjena u savezu \u201cBolja Crna Gora\u201d.<br \/>\nGra\u0111anska inicijativa \u201cPerspektiva\u201d ima\u0107e mandat u parlamentu, dok su bez odborni\u010dkih mjesta ostali Demokratski savez Mehmeta Barthija, Bo\u0161nja\u010dka stranka i Gra\u0111anska inicijativa Integrini.<br \/>\n\u0160ef ulcinjskog DPS-a Ljui\u0111 \u0160krelja nije krio zadovoljstvo izbornim rezultatom.<br \/>\n\u201cNa ovim izborima pobijedila je gra\u0111anska opcija. Postigli smo ono \u010demu smo se i nadali, a oko postizbornih saveza bi\u0107e dogovora\u201d, kazao je \u0160krelja.<br \/>\nPredsjednik op\u0161tine Ulcinj i visoki funkcioner DUA Gzim Hajdinaga kazao je \u201cVijestima\u201d kasno sino\u0107 da se koalicija sa PDP-om pokazala kao prava stvar.<br \/>\n\u201cOstvarili smo ono \u0161to smo o\u010dekivali. Sa mandatima DPS-a imamo ve\u0107inu u parlamentu i o\u010dekujemo nastavak saradnje sa koalicionim partnerom na republi\u010dkom nivou\u201d, rekao je Hajdinaga.<\/p>\n<p><strong><a href=\"http:\/\/www.visit-ulcinj.com\/blog\/wp-content\/uploads\/2010\/10\/nazif-cungu.jpg\"><img loading=\"lazy\" class=\"alignleft size-medium wp-image-38629\" title=\"nazif cungu\" src=\"http:\/\/www.visit-ulcinj.com\/blog\/wp-content\/uploads\/2010\/10\/nazif-cungu-200x300.jpg\" alt=\"\" width=\"200\" height=\"300\" srcset=\"https:\/\/www.visit-ulcinj.com\/blog\/wp-content\/uploads\/2010\/10\/nazif-cungu-200x300.jpg 200w, https:\/\/www.visit-ulcinj.com\/blog\/wp-content\/uploads\/2010\/10\/nazif-cungu.jpg 480w\" sizes=\"(max-width: 200px) 100vw, 200px\" \/><\/a>Forca: Javno potkupljivali bira\u010de<\/strong><\/p>\n<p>Lider Force Nazif Cungu, uprkos tome \u0161to je njegova partija osvojila najve\u0107i broj glasova, nije zadovoljan i tvrdi da \u0107e tek nakon sastanka sa \u010dlanovima svim izbornih komisija odlu\u010diti da li \u0107e priznati izborni rezultat.<br \/>\n\u201cIzbori nijesu bili korektni i na to smo u nekoliko navrata blagovremeno ukazali. To se potvrdilo i tokom izbora jer su predstavnici koalicije DUA I PDP na pojedinim bira\u010dkim mjestima javno potkupljivali bira\u010de na\u0161ta smo upozorili OIK. Za to imamo i dokumentovani materijal\u201d, kazao je Cungu.<\/p>\n<p><strong>\u017d. VU\u010cINI\u0106 &#8211; S. ADROVI\u0106<br \/>\n<a href=\"http:\/\/www.vijesti.me\/\" target=\"_blank\">Vijesti<\/a><\/strong><\/p>\n","protected":false},"excerpt":{"rendered":"<p>DPS-u i njegovim koalicionim partnerima, za ve\u0107inu u ulcinjskom parlamentu, pokazuje se, ne\u0107e trebati pomo\u0107 SDP-a, koji je osvojio dva mandata, koliko i opozicija, ujedinjena u savezu \u201cBolja Crna Gora\u201d. Gra\u0111anska inicijativa \u201cPerspektiva\u201d ima\u0107e mandat u parlamentu, dok su bez odborni\u010dkih mjesta ostali Demokratski savez Mehmeta Barthija, Bo\u0161nja\u010dka stranka i Gra\u0111anska inicijativa Integrini. \u0160ef ulcinjskog [&hellip;]<\/p>\n","protected":false},"author":1,"featured_media":0,"comment_status":"open","ping_status":"closed","sticky":false,"template":"","format":"standard","meta":{"spay_email":"","jetpack_publicize_message":"","jetpack_is_tweetstorm":false,"jetpack_publicize_feature_enabled":true},"categories":[8337],"tags":[19],"jetpack_publicize_connections":[],"yoast_head":"<!-- This site is optimized with the Yoast SEO plugin v19.1 - https:\/\/yoast.com\/wordpress\/plugins\/seo\/ -->\n<title>DPS slavio u Zeti i Ulcinju - Lajme nga Ulqini<\/title>\n<meta name=\"description\" content=\"DPS-u i njegovim koalicionim partnerima, za ve\u0107inu u ulcinjskom parlamentu, pokazuje se, ne\u0107e trebati pomo\u0107 SDP-a, koji je osvojio dva mandata, koliko i\" \/>\n<meta name=\"robots\" content=\"index, follow, max-snippet:-1, max-image-preview:large, max-video-preview:-1\" \/>\n<link rel=\"canonical\" href=\"https:\/\/www.visit-ulcinj.com\/blog\/2010\/10\/18\/dps-slavio-u-zeti-i-ulcinju\/\" \/>\n<meta property=\"og:locale\" content=\"en_US\" \/>\n<meta property=\"og:type\" content=\"article\" \/>\n<meta property=\"og:title\" content=\"DPS slavio u Zeti i Ulcinju - Lajme nga Ulqini\" \/>\n<meta property=\"og:description\" content=\"DPS-u i njegovim koalicionim partnerima, za ve\u0107inu u ulcinjskom parlamentu, pokazuje se, ne\u0107e trebati pomo\u0107 SDP-a, koji je osvojio dva mandata, koliko i\" \/>\n<meta property=\"og:url\" content=\"https:\/\/www.visit-ulcinj.com\/blog\/2010\/10\/18\/dps-slavio-u-zeti-i-ulcinju\/\" \/>\n<meta property=\"og:site_name\" content=\"Lajme nga Ulqini\" \/>\n<meta property=\"article:published_time\" content=\"2010-10-18T18:33:32+00:00\" \/>\n<meta property=\"og:image\" content=\"http:\/\/www.visit-ulcinj.com\/blog\/wp-content\/uploads\/2010\/10\/Luigj-Lui-Shkrela.jpg\" \/>\n<meta name=\"twitter:label1\" content=\"Written by\" \/>\n\t<meta name=\"twitter:data1\" content=\"ulqini\" \/>\n\t<meta name=\"twitter:label2\" content=\"Est. reading time\" \/>\n\t<meta name=\"twitter:data2\" content=\"1 minute\" \/>\n<script type=\"application\/ld+json\" class=\"yoast-schema-graph\">{\"@context\":\"https:\/\/schema.org\",\"@graph\":[{\"@type\":\"WebSite\",\"@id\":\"https:\/\/www.visit-ulcinj.com\/blog\/#website\",\"url\":\"https:\/\/www.visit-ulcinj.com\/blog\/\",\"name\":\"Lajme nga Ulqini\",\"description\":\"Lajme,Vijesti,Ulqini,Ulqin,Crna Gora,Mali i Zi\",\"potentialAction\":[{\"@type\":\"SearchAction\",\"target\":{\"@type\":\"EntryPoint\",\"urlTemplate\":\"https:\/\/www.visit-ulcinj.com\/blog\/?s={search_term_string}\"},\"query-input\":\"required name=search_term_string\"}],\"inLanguage\":\"en-US\"},{\"@type\":\"ImageObject\",\"inLanguage\":\"en-US\",\"@id\":\"https:\/\/www.visit-ulcinj.com\/blog\/2010\/10\/18\/dps-slavio-u-zeti-i-ulcinju\/#primaryimage\",\"url\":\"https:\/\/www.visit-ulcinj.com\/blog\/wp-content\/uploads\/2010\/10\/Luigj-Lui-Shkrela.jpg\",\"contentUrl\":\"https:\/\/www.visit-ulcinj.com\/blog\/wp-content\/uploads\/2010\/10\/Luigj-Lui-Shkrela.jpg\",\"width\":\"335\",\"height\":\"342\"},{\"@type\":\"WebPage\",\"@id\":\"https:\/\/www.visit-ulcinj.com\/blog\/2010\/10\/18\/dps-slavio-u-zeti-i-ulcinju\/#webpage\",\"url\":\"https:\/\/www.visit-ulcinj.com\/blog\/2010\/10\/18\/dps-slavio-u-zeti-i-ulcinju\/\",\"name\":\"DPS slavio u Zeti i Ulcinju - Lajme nga Ulqini\",\"isPartOf\":{\"@id\":\"https:\/\/www.visit-ulcinj.com\/blog\/#website\"},\"primaryImageOfPage\":{\"@id\":\"https:\/\/www.visit-ulcinj.com\/blog\/2010\/10\/18\/dps-slavio-u-zeti-i-ulcinju\/#primaryimage\"},\"datePublished\":\"2010-10-18T18:33:32+00:00\",\"dateModified\":\"2010-10-18T18:33:32+00:00\",\"author\":{\"@id\":\"https:\/\/www.visit-ulcinj.com\/blog\/#\/schema\/person\/dcab619c614d3038751c63bc2aadc06d\"},\"description\":\"DPS-u i njegovim koalicionim partnerima, za ve\u0107inu u ulcinjskom parlamentu, pokazuje se, ne\u0107e trebati pomo\u0107 SDP-a, koji je osvojio dva mandata, koliko i\",\"breadcrumb\":{\"@id\":\"https:\/\/www.visit-ulcinj.com\/blog\/2010\/10\/18\/dps-slavio-u-zeti-i-ulcinju\/#breadcrumb\"},\"inLanguage\":\"en-US\",\"potentialAction\":[{\"@type\":\"ReadAction\",\"target\":[\"https:\/\/www.visit-ulcinj.com\/blog\/2010\/10\/18\/dps-slavio-u-zeti-i-ulcinju\/\"]}]},{\"@type\":\"BreadcrumbList\",\"@id\":\"https:\/\/www.visit-ulcinj.com\/blog\/2010\/10\/18\/dps-slavio-u-zeti-i-ulcinju\/#breadcrumb\",\"itemListElement\":[{\"@type\":\"ListItem\",\"position\":1,\"name\":\"DPS slavio u Zeti i Ulcinju\"}]},{\"@type\":\"Person\",\"@id\":\"https:\/\/www.visit-ulcinj.com\/blog\/#\/schema\/person\/dcab619c614d3038751c63bc2aadc06d\",\"name\":\"ulqini\",\"sameAs\":[\"http:\/\/www.visit-ulcinj.com\"],\"url\":\"https:\/\/www.visit-ulcinj.com\/blog\/author\/admin\/\"}]}<\/script>\n<!-- \/ Yoast SEO plugin. -->","yoast_head_json":{"title":"DPS slavio u Zeti i Ulcinju - Lajme nga Ulqini","description":"DPS-u i njegovim koalicionim partnerima, za ve\u0107inu u ulcinjskom parlamentu, pokazuje se, ne\u0107e trebati pomo\u0107 SDP-a, koji je osvojio dva mandata, koliko i","robots":{"index":"index","follow":"follow","max-snippet":"max-snippet:-1","max-image-preview":"max-image-preview:large","max-video-preview":"max-video-preview:-1"},"canonical":"https:\/\/www.visit-ulcinj.com\/blog\/2010\/10\/18\/dps-slavio-u-zeti-i-ulcinju\/","og_locale":"en_US","og_type":"article","og_title":"DPS slavio u Zeti i Ulcinju - Lajme nga Ulqini","og_description":"DPS-u i njegovim koalicionim partnerima, za ve\u0107inu u ulcinjskom parlamentu, pokazuje se, ne\u0107e trebati pomo\u0107 SDP-a, koji je osvojio dva mandata, koliko i","og_url":"https:\/\/www.visit-ulcinj.com\/blog\/2010\/10\/18\/dps-slavio-u-zeti-i-ulcinju\/","og_site_name":"Lajme nga Ulqini","article_published_time":"2010-10-18T18:33:32+00:00","og_image":[{"url":"http:\/\/www.visit-ulcinj.com\/blog\/wp-content\/uploads\/2010\/10\/Luigj-Lui-Shkrela.jpg"}],"twitter_misc":{"Written by":"ulqini","Est. reading time":"1 minute"},"schema":{"@context":"https:\/\/schema.org","@graph":[{"@type":"WebSite","@id":"https:\/\/www.visit-ulcinj.com\/blog\/#website","url":"https:\/\/www.visit-ulcinj.com\/blog\/","name":"Lajme nga Ulqini","description":"Lajme,Vijesti,Ulqini,Ulqin,Crna Gora,Mali i Zi","potentialAction":[{"@type":"SearchAction","target":{"@type":"EntryPoint","urlTemplate":"https:\/\/www.visit-ulcinj.com\/blog\/?s={search_term_string}"},"query-input":"required name=search_term_string"}],"inLanguage":"en-US"},{"@type":"ImageObject","inLanguage":"en-US","@id":"https:\/\/www.visit-ulcinj.com\/blog\/2010\/10\/18\/dps-slavio-u-zeti-i-ulcinju\/#primaryimage","url":"https:\/\/www.visit-ulcinj.com\/blog\/wp-content\/uploads\/2010\/10\/Luigj-Lui-Shkrela.jpg","contentUrl":"https:\/\/www.visit-ulcinj.com\/blog\/wp-content\/uploads\/2010\/10\/Luigj-Lui-Shkrela.jpg","width":"335","height":"342"},{"@type":"WebPage","@id":"https:\/\/www.visit-ulcinj.com\/blog\/2010\/10\/18\/dps-slavio-u-zeti-i-ulcinju\/#webpage","url":"https:\/\/www.visit-ulcinj.com\/blog\/2010\/10\/18\/dps-slavio-u-zeti-i-ulcinju\/","name":"DPS slavio u Zeti i Ulcinju - Lajme nga Ulqini","isPartOf":{"@id":"https:\/\/www.visit-ulcinj.com\/blog\/#website"},"primaryImageOfPage":{"@id":"https:\/\/www.visit-ulcinj.com\/blog\/2010\/10\/18\/dps-slavio-u-zeti-i-ulcinju\/#primaryimage"},"datePublished":"2010-10-18T18:33:32+00:00","dateModified":"2010-10-18T18:33:32+00:00","author":{"@id":"https:\/\/www.visit-ulcinj.com\/blog\/#\/schema\/person\/dcab619c614d3038751c63bc2aadc06d"},"description":"DPS-u i njegovim koalicionim partnerima, za ve\u0107inu u ulcinjskom parlamentu, pokazuje se, ne\u0107e trebati pomo\u0107 SDP-a, koji je osvojio dva mandata, koliko i","breadcrumb":{"@id":"https:\/\/www.visit-ulcinj.com\/blog\/2010\/10\/18\/dps-slavio-u-zeti-i-ulcinju\/#breadcrumb"},"inLanguage":"en-US","potentialAction":[{"@type":"ReadAction","target":["https:\/\/www.visit-ulcinj.com\/blog\/2010\/10\/18\/dps-slavio-u-zeti-i-ulcinju\/"]}]},{"@type":"BreadcrumbList","@id":"https:\/\/www.visit-ulcinj.com\/blog\/2010\/10\/18\/dps-slavio-u-zeti-i-ulcinju\/#breadcrumb","itemListElement":[{"@type":"ListItem","position":1,"name":"DPS slavio u Zeti i Ulcinju"}]},{"@type":"Person","@id":"https:\/\/www.visit-ulcinj.com\/blog\/#\/schema\/person\/dcab619c614d3038751c63bc2aadc06d","name":"ulqini","sameAs":["http:\/\/www.visit-ulcinj.com"],"url":"https:\/\/www.visit-ulcinj.com\/blog\/author\/admin\/"}]}},"jetpack_featured_media_url":"","jetpack_sharing_enabled":true,"jetpack_shortlink":"https:\/\/wp.me\/pe6lTn-a31","_links":{"self":[{"href":"https:\/\/www.visit-ulcinj.com\/blog\/wp-json\/wp\/v2\/posts\/38627"}],"collection":[{"href":"https:\/\/www.visit-ulcinj.com\/blog\/wp-json\/wp\/v2\/posts"}],"about":[{"href":"https:\/\/www.visit-ulcinj.com\/blog\/wp-json\/wp\/v2\/types\/post"}],"author":[{"embeddable":true,"href":"https:\/\/www.visit-ulcinj.com\/blog\/wp-json\/wp\/v2\/users\/1"}],"replies":[{"embeddable":true,"href":"https:\/\/www.visit-ulcinj.com\/blog\/wp-json\/wp\/v2\/comments?post=38627"}],"version-history":[{"count":0,"href":"https:\/\/www.visit-ulcinj.com\/blog\/wp-json\/wp\/v2\/posts\/38627\/revisions"}],"wp:attachment":[{"href":"https:\/\/www.visit-ulcinj.com\/blog\/wp-json\/wp\/v2\/media?parent=38627"}],"wp:term":[{"taxonomy":"category","embeddable":true,"href":"https:\/\/www.visit-ulcinj.com\/blog\/wp-json\/wp\/v2\/categories?post=38627"},{"taxonomy":"post_tag","embeddable":true,"href":"https:\/\/www.visit-ulcinj.com\/blog\/wp-json\/wp\/v2\/tags?post=38627"}],"curies":[{"name":"wp","href":"https:\/\/api.w.org\/{rel}","templated":true}]}}