{"id":38636,"date":"2010-10-18T21:03:16","date_gmt":"2010-10-18T19:03:16","guid":{"rendered":"http:\/\/www.visit-ulcinj.com\/blog\/?p=38636"},"modified":"2010-10-18T21:03:16","modified_gmt":"2010-10-18T19:03:16","slug":"ld-ne-ulqin-pas-asnje-mandat","status":"publish","type":"post","link":"https:\/\/www.visit-ulcinj.com\/blog\/2010\/10\/18\/ld-ne-ulqin-pas-asnje-mandat\/","title":{"rendered":"LD n\u00eb Ulqin pas asnj\u00eb mandat"},"content":{"rendered":"<p><a href=\"http:\/\/www.visit-ulcinj.com\/blog\/wp-content\/uploads\/2010\/10\/Lidhja-Demokratike-dikur.jpg\"><img loading=\"lazy\" class=\"alignleft size-full wp-image-38637\" title=\"Lidhja Demokratike dikur\" src=\"http:\/\/www.visit-ulcinj.com\/blog\/wp-content\/uploads\/2010\/10\/Lidhja-Demokratike-dikur.jpg\" alt=\"\" width=\"490\" height=\"380\" \/><\/a>Ulqin, 18 tetor &#8211; Sipas rezultateve preliminare, asnj\u00eb parti apo koalicion nuk ka siguruar mandate t\u00eb mjaftueshme p\u00ebr t\u00eb themeluar vet\u00ebm shumic\u00ebn parlamentare.<\/p>\n<p>Befasia m\u00eb e madhe e zgjedhjeve t\u00eb p\u00ebrs\u00ebritura lokale t\u00eb diel\u00ebs n\u00eb Ulqin \u00ebsht\u00eb shuarja e Lidhjes Demokratike n\u00eb Mal t\u00eb Zi e Mehmet Bardhit. Partia e par\u00eb shqiptare n\u00eb pluraliz\u00ebm, gati 15 vjet me shumic\u00eb absolute n\u00eb Kuvendin e Ulqinit, k\u00ebsaj radhe nuk arriti t\u00eb marr\u00eb asnj\u00eb mandat t\u00eb vet\u00ebm.<\/p>\n<p>Forca e Re Demokratike ka marr\u00eb 11, Koalicioni Unioni Demokratik i Shqiptar\u00ebve \u2013 Partia e Prosperitetit Demokratike 10, Partia Demokratike e Socialist\u00ebve t\u00eb Milo Djukanoviqit 7, Socialdemokrat\u00ebt dhe koalicioni i partive serbe nga 2 dhe L\u00ebvizja qytetare \u201cPerspektiva\u201d 1 k\u00ebshilltar, njofton KosovaLive.<\/p>\n<p>Derisa bart\u00ebsi i list\u00ebs Unioni Demokratik i Shqiptar\u00ebve &#8211; Partia Demokratike e Socialist\u00ebve, G\u00ebzim Hajdinaga thot\u00eb se vazhdojn\u00eb bashk\u00ebqeverisjen me Partin\u00eb Demokratike t\u00eb Socialist\u00ebve, Luigj Shkreli bart\u00ebs i list\u00ebs s\u00eb k\u00ebtij subjekti, nuk e konfirmon at\u00eb, por thot\u00eb se jan\u00eb t\u00eb hapur p\u00ebr t\u00eb krijuar qeverisjen vendore.<br \/>\n\u201cUlqini meriton nj\u00eb qeverisje t\u00eb q\u00ebndrueshme dhe profesionale,- \u201c thot\u00eb kryesocialisti i Ulqinit, Shkreli.<br \/>\nN\u00eb zgjedhje kan\u00eb dal\u00eb rreth 67 p\u00ebr qind t\u00eb qytetar\u00ebve me t\u00eb drejt\u00eb vote.<\/p>\n<p><strong>KOHA NET<\/strong><\/p>\n","protected":false},"excerpt":{"rendered":"<p>Ulqin, 18 tetor &#8211; Sipas rezultateve preliminare, asnj\u00eb parti apo koalicion nuk ka siguruar mandate t\u00eb mjaftueshme p\u00ebr t\u00eb themeluar vet\u00ebm shumic\u00ebn parlamentare. Befasia m\u00eb e madhe e zgjedhjeve t\u00eb p\u00ebrs\u00ebritura lokale t\u00eb diel\u00ebs n\u00eb Ulqin \u00ebsht\u00eb shuarja e Lidhjes Demokratike n\u00eb Mal t\u00eb Zi e Mehmet Bardhit. Partia e par\u00eb shqiptare n\u00eb pluraliz\u00ebm, gati [&hellip;]<\/p>\n","protected":false},"author":1,"featured_media":0,"comment_status":"open","ping_status":"closed","sticky":false,"template":"","format":"standard","meta":{"spay_email":"","jetpack_publicize_message":"","jetpack_is_tweetstorm":false,"jetpack_publicize_feature_enabled":true},"categories":[12],"tags":[200,18,15896],"jetpack_publicize_connections":[],"yoast_head":"<!-- This site is optimized with the Yoast SEO plugin v19.1 - https:\/\/yoast.com\/wordpress\/plugins\/seo\/ -->\n<title>LD n\u00eb Ulqin pas asnj\u00eb mandat - Lajme nga Ulqini<\/title>\n<meta name=\"description\" content=\"Ulqin, 18 tetor - Sipas rezultateve preliminare, asnj\u00eb parti apo koalicion nuk ka siguruar mandate t\u00eb mjaftueshme p\u00ebr t\u00eb themeluar vet\u00ebm shumic\u00ebn\" \/>\n<meta name=\"robots\" content=\"index, follow, max-snippet:-1, max-image-preview:large, max-video-preview:-1\" \/>\n<link rel=\"canonical\" href=\"https:\/\/www.visit-ulcinj.com\/blog\/2010\/10\/18\/ld-ne-ulqin-pas-asnje-mandat\/\" \/>\n<meta property=\"og:locale\" content=\"en_US\" \/>\n<meta property=\"og:type\" content=\"article\" \/>\n<meta property=\"og:title\" content=\"LD n\u00eb Ulqin pas asnj\u00eb mandat - Lajme nga Ulqini\" \/>\n<meta property=\"og:description\" content=\"Ulqin, 18 tetor - Sipas rezultateve preliminare, asnj\u00eb parti apo koalicion nuk ka siguruar mandate t\u00eb mjaftueshme p\u00ebr t\u00eb themeluar vet\u00ebm shumic\u00ebn\" \/>\n<meta property=\"og:url\" content=\"https:\/\/www.visit-ulcinj.com\/blog\/2010\/10\/18\/ld-ne-ulqin-pas-asnje-mandat\/\" \/>\n<meta property=\"og:site_name\" content=\"Lajme nga Ulqini\" \/>\n<meta property=\"article:published_time\" content=\"2010-10-18T19:03:16+00:00\" \/>\n<meta property=\"og:image\" content=\"http:\/\/www.visit-ulcinj.com\/blog\/wp-content\/uploads\/2010\/10\/Lidhja-Demokratike-dikur.jpg\" \/>\n<meta name=\"twitter:label1\" content=\"Written by\" \/>\n\t<meta name=\"twitter:data1\" content=\"ulqini\" \/>\n\t<meta name=\"twitter:label2\" content=\"Est. reading time\" \/>\n\t<meta name=\"twitter:data2\" content=\"1 minute\" \/>\n<script type=\"application\/ld+json\" class=\"yoast-schema-graph\">{\"@context\":\"https:\/\/schema.org\",\"@graph\":[{\"@type\":\"WebSite\",\"@id\":\"https:\/\/www.visit-ulcinj.com\/blog\/#website\",\"url\":\"https:\/\/www.visit-ulcinj.com\/blog\/\",\"name\":\"Lajme nga Ulqini\",\"description\":\"Lajme,Vijesti,Ulqini,Ulqin,Crna Gora,Mali i Zi\",\"potentialAction\":[{\"@type\":\"SearchAction\",\"target\":{\"@type\":\"EntryPoint\",\"urlTemplate\":\"https:\/\/www.visit-ulcinj.com\/blog\/?s={search_term_string}\"},\"query-input\":\"required name=search_term_string\"}],\"inLanguage\":\"en-US\"},{\"@type\":\"ImageObject\",\"inLanguage\":\"en-US\",\"@id\":\"https:\/\/www.visit-ulcinj.com\/blog\/2010\/10\/18\/ld-ne-ulqin-pas-asnje-mandat\/#primaryimage\",\"url\":\"https:\/\/www.visit-ulcinj.com\/blog\/wp-content\/uploads\/2010\/10\/Lidhja-Demokratike-dikur.jpg\",\"contentUrl\":\"https:\/\/www.visit-ulcinj.com\/blog\/wp-content\/uploads\/2010\/10\/Lidhja-Demokratike-dikur.jpg\",\"width\":\"604\",\"height\":\"453\"},{\"@type\":\"WebPage\",\"@id\":\"https:\/\/www.visit-ulcinj.com\/blog\/2010\/10\/18\/ld-ne-ulqin-pas-asnje-mandat\/#webpage\",\"url\":\"https:\/\/www.visit-ulcinj.com\/blog\/2010\/10\/18\/ld-ne-ulqin-pas-asnje-mandat\/\",\"name\":\"LD n\u00eb Ulqin pas asnj\u00eb mandat - Lajme nga Ulqini\",\"isPartOf\":{\"@id\":\"https:\/\/www.visit-ulcinj.com\/blog\/#website\"},\"primaryImageOfPage\":{\"@id\":\"https:\/\/www.visit-ulcinj.com\/blog\/2010\/10\/18\/ld-ne-ulqin-pas-asnje-mandat\/#primaryimage\"},\"datePublished\":\"2010-10-18T19:03:16+00:00\",\"dateModified\":\"2010-10-18T19:03:16+00:00\",\"author\":{\"@id\":\"https:\/\/www.visit-ulcinj.com\/blog\/#\/schema\/person\/dcab619c614d3038751c63bc2aadc06d\"},\"description\":\"Ulqin, 18 tetor - Sipas rezultateve preliminare, asnj\u00eb parti apo koalicion nuk ka siguruar mandate t\u00eb mjaftueshme p\u00ebr t\u00eb themeluar vet\u00ebm shumic\u00ebn\",\"breadcrumb\":{\"@id\":\"https:\/\/www.visit-ulcinj.com\/blog\/2010\/10\/18\/ld-ne-ulqin-pas-asnje-mandat\/#breadcrumb\"},\"inLanguage\":\"en-US\",\"potentialAction\":[{\"@type\":\"ReadAction\",\"target\":[\"https:\/\/www.visit-ulcinj.com\/blog\/2010\/10\/18\/ld-ne-ulqin-pas-asnje-mandat\/\"]}]},{\"@type\":\"BreadcrumbList\",\"@id\":\"https:\/\/www.visit-ulcinj.com\/blog\/2010\/10\/18\/ld-ne-ulqin-pas-asnje-mandat\/#breadcrumb\",\"itemListElement\":[{\"@type\":\"ListItem\",\"position\":1,\"name\":\"LD n\u00eb Ulqin pas asnj\u00eb mandat\"}]},{\"@type\":\"Person\",\"@id\":\"https:\/\/www.visit-ulcinj.com\/blog\/#\/schema\/person\/dcab619c614d3038751c63bc2aadc06d\",\"name\":\"ulqini\",\"sameAs\":[\"http:\/\/www.visit-ulcinj.com\"],\"url\":\"https:\/\/www.visit-ulcinj.com\/blog\/author\/admin\/\"}]}<\/script>\n<!-- \/ Yoast SEO plugin. -->","yoast_head_json":{"title":"LD n\u00eb Ulqin pas asnj\u00eb mandat - Lajme nga Ulqini","description":"Ulqin, 18 tetor - Sipas rezultateve preliminare, asnj\u00eb parti apo koalicion nuk ka siguruar mandate t\u00eb mjaftueshme p\u00ebr t\u00eb themeluar vet\u00ebm shumic\u00ebn","robots":{"index":"index","follow":"follow","max-snippet":"max-snippet:-1","max-image-preview":"max-image-preview:large","max-video-preview":"max-video-preview:-1"},"canonical":"https:\/\/www.visit-ulcinj.com\/blog\/2010\/10\/18\/ld-ne-ulqin-pas-asnje-mandat\/","og_locale":"en_US","og_type":"article","og_title":"LD n\u00eb Ulqin pas asnj\u00eb mandat - Lajme nga Ulqini","og_description":"Ulqin, 18 tetor - Sipas rezultateve preliminare, asnj\u00eb parti apo koalicion nuk ka siguruar mandate t\u00eb mjaftueshme p\u00ebr t\u00eb themeluar vet\u00ebm shumic\u00ebn","og_url":"https:\/\/www.visit-ulcinj.com\/blog\/2010\/10\/18\/ld-ne-ulqin-pas-asnje-mandat\/","og_site_name":"Lajme nga Ulqini","article_published_time":"2010-10-18T19:03:16+00:00","og_image":[{"url":"http:\/\/www.visit-ulcinj.com\/blog\/wp-content\/uploads\/2010\/10\/Lidhja-Demokratike-dikur.jpg"}],"twitter_misc":{"Written by":"ulqini","Est. reading time":"1 minute"},"schema":{"@context":"https:\/\/schema.org","@graph":[{"@type":"WebSite","@id":"https:\/\/www.visit-ulcinj.com\/blog\/#website","url":"https:\/\/www.visit-ulcinj.com\/blog\/","name":"Lajme nga Ulqini","description":"Lajme,Vijesti,Ulqini,Ulqin,Crna Gora,Mali i Zi","potentialAction":[{"@type":"SearchAction","target":{"@type":"EntryPoint","urlTemplate":"https:\/\/www.visit-ulcinj.com\/blog\/?s={search_term_string}"},"query-input":"required name=search_term_string"}],"inLanguage":"en-US"},{"@type":"ImageObject","inLanguage":"en-US","@id":"https:\/\/www.visit-ulcinj.com\/blog\/2010\/10\/18\/ld-ne-ulqin-pas-asnje-mandat\/#primaryimage","url":"https:\/\/www.visit-ulcinj.com\/blog\/wp-content\/uploads\/2010\/10\/Lidhja-Demokratike-dikur.jpg","contentUrl":"https:\/\/www.visit-ulcinj.com\/blog\/wp-content\/uploads\/2010\/10\/Lidhja-Demokratike-dikur.jpg","width":"604","height":"453"},{"@type":"WebPage","@id":"https:\/\/www.visit-ulcinj.com\/blog\/2010\/10\/18\/ld-ne-ulqin-pas-asnje-mandat\/#webpage","url":"https:\/\/www.visit-ulcinj.com\/blog\/2010\/10\/18\/ld-ne-ulqin-pas-asnje-mandat\/","name":"LD n\u00eb Ulqin pas asnj\u00eb mandat - Lajme nga Ulqini","isPartOf":{"@id":"https:\/\/www.visit-ulcinj.com\/blog\/#website"},"primaryImageOfPage":{"@id":"https:\/\/www.visit-ulcinj.com\/blog\/2010\/10\/18\/ld-ne-ulqin-pas-asnje-mandat\/#primaryimage"},"datePublished":"2010-10-18T19:03:16+00:00","dateModified":"2010-10-18T19:03:16+00:00","author":{"@id":"https:\/\/www.visit-ulcinj.com\/blog\/#\/schema\/person\/dcab619c614d3038751c63bc2aadc06d"},"description":"Ulqin, 18 tetor - Sipas rezultateve preliminare, asnj\u00eb parti apo koalicion nuk ka siguruar mandate t\u00eb mjaftueshme p\u00ebr t\u00eb themeluar vet\u00ebm shumic\u00ebn","breadcrumb":{"@id":"https:\/\/www.visit-ulcinj.com\/blog\/2010\/10\/18\/ld-ne-ulqin-pas-asnje-mandat\/#breadcrumb"},"inLanguage":"en-US","potentialAction":[{"@type":"ReadAction","target":["https:\/\/www.visit-ulcinj.com\/blog\/2010\/10\/18\/ld-ne-ulqin-pas-asnje-mandat\/"]}]},{"@type":"BreadcrumbList","@id":"https:\/\/www.visit-ulcinj.com\/blog\/2010\/10\/18\/ld-ne-ulqin-pas-asnje-mandat\/#breadcrumb","itemListElement":[{"@type":"ListItem","position":1,"name":"LD n\u00eb Ulqin pas asnj\u00eb mandat"}]},{"@type":"Person","@id":"https:\/\/www.visit-ulcinj.com\/blog\/#\/schema\/person\/dcab619c614d3038751c63bc2aadc06d","name":"ulqini","sameAs":["http:\/\/www.visit-ulcinj.com"],"url":"https:\/\/www.visit-ulcinj.com\/blog\/author\/admin\/"}]}},"jetpack_featured_media_url":"","jetpack_sharing_enabled":true,"jetpack_shortlink":"https:\/\/wp.me\/pe6lTn-a3a","_links":{"self":[{"href":"https:\/\/www.visit-ulcinj.com\/blog\/wp-json\/wp\/v2\/posts\/38636"}],"collection":[{"href":"https:\/\/www.visit-ulcinj.com\/blog\/wp-json\/wp\/v2\/posts"}],"about":[{"href":"https:\/\/www.visit-ulcinj.com\/blog\/wp-json\/wp\/v2\/types\/post"}],"author":[{"embeddable":true,"href":"https:\/\/www.visit-ulcinj.com\/blog\/wp-json\/wp\/v2\/users\/1"}],"replies":[{"embeddable":true,"href":"https:\/\/www.visit-ulcinj.com\/blog\/wp-json\/wp\/v2\/comments?post=38636"}],"version-history":[{"count":0,"href":"https:\/\/www.visit-ulcinj.com\/blog\/wp-json\/wp\/v2\/posts\/38636\/revisions"}],"wp:attachment":[{"href":"https:\/\/www.visit-ulcinj.com\/blog\/wp-json\/wp\/v2\/media?parent=38636"}],"wp:term":[{"taxonomy":"category","embeddable":true,"href":"https:\/\/www.visit-ulcinj.com\/blog\/wp-json\/wp\/v2\/categories?post=38636"},{"taxonomy":"post_tag","embeddable":true,"href":"https:\/\/www.visit-ulcinj.com\/blog\/wp-json\/wp\/v2\/tags?post=38636"}],"curies":[{"name":"wp","href":"https:\/\/api.w.org\/{rel}","templated":true}]}}