{"id":38640,"date":"2010-10-18T23:53:53","date_gmt":"2010-10-18T21:53:53","guid":{"rendered":"http:\/\/www.visit-ulcinj.com\/blog\/?p=38640"},"modified":"2010-10-18T23:53:53","modified_gmt":"2010-10-18T21:53:53","slug":"dps-prioritet-ima-dua","status":"publish","type":"post","link":"https:\/\/www.visit-ulcinj.com\/blog\/2010\/10\/18\/dps-prioritet-ima-dua\/","title":{"rendered":"DPS: Prioritet ima DUA"},"content":{"rendered":"<p><a href=\"http:\/\/www.visit-ulcinj.com\/blog\/wp-content\/uploads\/2010\/10\/Luigj-Lui-Shkrela1.jpg\"><img loading=\"lazy\" class=\"alignleft size-full wp-image-38641\" title=\"Luigj Lui Shkrela\" src=\"http:\/\/www.visit-ulcinj.com\/blog\/wp-content\/uploads\/2010\/10\/Luigj-Lui-Shkrela1.jpg\" alt=\"\" width=\"490\" height=\"390\" \/><\/a>Demokratska partija socijalista pregovara\u0107e oko formiranja lokalne vlasti u Ulcinju sa svojim stavom i zahtjevima, a prioritet \u0107e imati i dosada\u0161nji koalicioni partner Demokratska unija Albanaca, kazao je predsjednik Odbora DPS-a tog grada Lui\u0111 \u0160krelja. Na lokalnim izborima u Ulcinju FORCA je osvojila 11 mandata, koalicija DUA i Partija demokratskog prosperiteta deset, a DPS sedam mandata. Koalicija Bolji Ulcinj Bolja Crna Gora i Socijaldemokratska partija osvojile su po dva odborni\u010dka mjesta, a Gra\u0111anska inicijativa Perspektiva jedan mandat.<\/p>\n<p>DPS \u0107e, kako je kazao \u0160krelja, pregovore o formiranju lokalne vlasti po\u010deti nakon zvani\u010dnih rezultata, tokom kojih \u0107e, naveo je on, \u00bbdobro odmjeriti na koji na\u010din \u0107e pri\u0107i stavovima te partije\u00ab.<\/p>\n<p>\u00bbManje \u0107e biti bitno s kim \u0107emo u koalicioni odnos, jer realno, ni FORCA ni DUA bez nas ne mogu sastaviti novu lokalnu vlast\u00ab, rekao je \u0160krelja agenciji MINA.<\/p>\n<p>Prema njegovim rije\u010dima, u politici postoje prioriteti i stavovi koje ta partija ne\u0107e kr\u0161iti.<\/p>\n<p>\u00bbDPS \u0107e druga\u010dije pri\u0107i tim odnosima i sa druga\u010dijim zahtjevima, ali u svakom slu\u010daju DUA \u0107e imati prioritet u pregovorima\u00ab, rekao je \u0160krelja.<\/p>\n<p>On je zadovoljan, jer su izbori, kako je ocijenio, protekli u miru.<\/p>\n<p>\u00bbRezultati izbora su pokazali na\u0161u opravdanost \u0161to smo odabrali da samostalno nastupamo na izborima i smatram da smo postigli korektan rezultat koji nam opravdava samostalan nastup i omogu\u0107ava da budemo dio stabilne vlasti u narednom \u010detvorogodi\u0161njem periodu\u00ab, kazao je \u0160krelja.<\/p>\n<p>On nije zadovoljan odnosom gra\u0111ana Ulcinja prema onom \u0161to, kako je kazao, treba da bude afirmacija svih vrijednosti \u00bbtoliko puta ponavljane pri\u010de o multikulturalnosti, multietnicitetu, multikonfesionalnosti\u00ab.<\/p>\n<p>\u00bbJer u takmi\u010denju devet izbornih lista, imamo sigurno sedam sa strogo nacionalnim prizvukom\u00ab, naveo je \u0160krelja.<\/p>\n<p>U tom smislu, smatra on, DPS je postigao dobar rezultat.<\/p>\n<p>\u00bbAli jedino je nezadovoljstvo time \u0161to se kona\u010dno gra\u0111ani Ulcinja ne okrenu u potpunosti gra\u0111anskoj opciji, gdje je prosperitet garantovan za svakog\u00ab, kazao je on.<\/p>\n<p><a href=\"http:\/\/www.rtcg.me\/vijesti\/politika\/aktuelno\/32875-dps-prioritet-ima-dua.html\" target=\"_blank\"><strong>RTCG<\/strong><\/a><\/p>\n","protected":false},"excerpt":{"rendered":"<p>Demokratska partija socijalista pregovara\u0107e oko formiranja lokalne vlasti u Ulcinju sa svojim stavom i zahtjevima, a prioritet \u0107e imati i dosada\u0161nji koalicioni partner Demokratska unija Albanaca, kazao je predsjednik Odbora DPS-a tog grada Lui\u0111 \u0160krelja. Na lokalnim izborima u Ulcinju FORCA je osvojila 11 mandata, koalicija DUA i Partija demokratskog prosperiteta deset, a DPS sedam [&hellip;]<\/p>\n","protected":false},"author":1,"featured_media":0,"comment_status":"open","ping_status":"closed","sticky":false,"template":"","format":"standard","meta":{"spay_email":"","jetpack_publicize_message":"","jetpack_is_tweetstorm":false,"jetpack_publicize_feature_enabled":true},"categories":[6950],"tags":[14736],"jetpack_publicize_connections":[],"yoast_head":"<!-- This site is optimized with the Yoast SEO plugin v19.1 - https:\/\/yoast.com\/wordpress\/plugins\/seo\/ -->\n<title>DPS: Prioritet ima DUA - Lajme nga Ulqini<\/title>\n<meta name=\"description\" content=\"Demokratska partija socijalista pregovara\u0107e oko formiranja lokalne vlasti u Ulcinju sa svojim stavom i zahtjevima, a prioritet \u0107e imati i dosada\u0161nji\" \/>\n<meta name=\"robots\" content=\"index, follow, max-snippet:-1, max-image-preview:large, max-video-preview:-1\" \/>\n<link rel=\"canonical\" href=\"https:\/\/www.visit-ulcinj.com\/blog\/2010\/10\/18\/dps-prioritet-ima-dua\/\" \/>\n<meta property=\"og:locale\" content=\"en_US\" \/>\n<meta property=\"og:type\" content=\"article\" \/>\n<meta property=\"og:title\" content=\"DPS: Prioritet ima DUA - Lajme nga Ulqini\" \/>\n<meta property=\"og:description\" content=\"Demokratska partija socijalista pregovara\u0107e oko formiranja lokalne vlasti u Ulcinju sa svojim stavom i zahtjevima, a prioritet \u0107e imati i dosada\u0161nji\" \/>\n<meta property=\"og:url\" content=\"https:\/\/www.visit-ulcinj.com\/blog\/2010\/10\/18\/dps-prioritet-ima-dua\/\" \/>\n<meta property=\"og:site_name\" content=\"Lajme nga Ulqini\" \/>\n<meta property=\"article:published_time\" content=\"2010-10-18T21:53:53+00:00\" \/>\n<meta property=\"og:image\" content=\"http:\/\/www.visit-ulcinj.com\/blog\/wp-content\/uploads\/2010\/10\/Luigj-Lui-Shkrela1.jpg\" \/>\n<meta name=\"twitter:label1\" content=\"Written by\" \/>\n\t<meta name=\"twitter:data1\" content=\"ulqini\" \/>\n\t<meta name=\"twitter:label2\" content=\"Est. reading time\" \/>\n\t<meta name=\"twitter:data2\" content=\"2 minutes\" \/>\n<script type=\"application\/ld+json\" class=\"yoast-schema-graph\">{\"@context\":\"https:\/\/schema.org\",\"@graph\":[{\"@type\":\"WebSite\",\"@id\":\"https:\/\/www.visit-ulcinj.com\/blog\/#website\",\"url\":\"https:\/\/www.visit-ulcinj.com\/blog\/\",\"name\":\"Lajme nga Ulqini\",\"description\":\"Lajme,Vijesti,Ulqini,Ulqin,Crna Gora,Mali i Zi\",\"potentialAction\":[{\"@type\":\"SearchAction\",\"target\":{\"@type\":\"EntryPoint\",\"urlTemplate\":\"https:\/\/www.visit-ulcinj.com\/blog\/?s={search_term_string}\"},\"query-input\":\"required name=search_term_string\"}],\"inLanguage\":\"en-US\"},{\"@type\":\"ImageObject\",\"inLanguage\":\"en-US\",\"@id\":\"https:\/\/www.visit-ulcinj.com\/blog\/2010\/10\/18\/dps-prioritet-ima-dua\/#primaryimage\",\"url\":\"https:\/\/www.visit-ulcinj.com\/blog\/wp-content\/uploads\/2010\/10\/Luigj-Lui-Shkrela1.jpg\",\"contentUrl\":\"https:\/\/www.visit-ulcinj.com\/blog\/wp-content\/uploads\/2010\/10\/Luigj-Lui-Shkrela1.jpg\",\"width\":\"720\",\"height\":\"546\"},{\"@type\":\"WebPage\",\"@id\":\"https:\/\/www.visit-ulcinj.com\/blog\/2010\/10\/18\/dps-prioritet-ima-dua\/#webpage\",\"url\":\"https:\/\/www.visit-ulcinj.com\/blog\/2010\/10\/18\/dps-prioritet-ima-dua\/\",\"name\":\"DPS: Prioritet ima DUA - Lajme nga Ulqini\",\"isPartOf\":{\"@id\":\"https:\/\/www.visit-ulcinj.com\/blog\/#website\"},\"primaryImageOfPage\":{\"@id\":\"https:\/\/www.visit-ulcinj.com\/blog\/2010\/10\/18\/dps-prioritet-ima-dua\/#primaryimage\"},\"datePublished\":\"2010-10-18T21:53:53+00:00\",\"dateModified\":\"2010-10-18T21:53:53+00:00\",\"author\":{\"@id\":\"https:\/\/www.visit-ulcinj.com\/blog\/#\/schema\/person\/dcab619c614d3038751c63bc2aadc06d\"},\"description\":\"Demokratska partija socijalista pregovara\u0107e oko formiranja lokalne vlasti u Ulcinju sa svojim stavom i zahtjevima, a prioritet \u0107e imati i dosada\u0161nji\",\"breadcrumb\":{\"@id\":\"https:\/\/www.visit-ulcinj.com\/blog\/2010\/10\/18\/dps-prioritet-ima-dua\/#breadcrumb\"},\"inLanguage\":\"en-US\",\"potentialAction\":[{\"@type\":\"ReadAction\",\"target\":[\"https:\/\/www.visit-ulcinj.com\/blog\/2010\/10\/18\/dps-prioritet-ima-dua\/\"]}]},{\"@type\":\"BreadcrumbList\",\"@id\":\"https:\/\/www.visit-ulcinj.com\/blog\/2010\/10\/18\/dps-prioritet-ima-dua\/#breadcrumb\",\"itemListElement\":[{\"@type\":\"ListItem\",\"position\":1,\"name\":\"DPS: Prioritet ima DUA\"}]},{\"@type\":\"Person\",\"@id\":\"https:\/\/www.visit-ulcinj.com\/blog\/#\/schema\/person\/dcab619c614d3038751c63bc2aadc06d\",\"name\":\"ulqini\",\"sameAs\":[\"http:\/\/www.visit-ulcinj.com\"],\"url\":\"https:\/\/www.visit-ulcinj.com\/blog\/author\/admin\/\"}]}<\/script>\n<!-- \/ Yoast SEO plugin. -->","yoast_head_json":{"title":"DPS: Prioritet ima DUA - Lajme nga Ulqini","description":"Demokratska partija socijalista pregovara\u0107e oko formiranja lokalne vlasti u Ulcinju sa svojim stavom i zahtjevima, a prioritet \u0107e imati i dosada\u0161nji","robots":{"index":"index","follow":"follow","max-snippet":"max-snippet:-1","max-image-preview":"max-image-preview:large","max-video-preview":"max-video-preview:-1"},"canonical":"https:\/\/www.visit-ulcinj.com\/blog\/2010\/10\/18\/dps-prioritet-ima-dua\/","og_locale":"en_US","og_type":"article","og_title":"DPS: Prioritet ima DUA - Lajme nga Ulqini","og_description":"Demokratska partija socijalista pregovara\u0107e oko formiranja lokalne vlasti u Ulcinju sa svojim stavom i zahtjevima, a prioritet \u0107e imati i dosada\u0161nji","og_url":"https:\/\/www.visit-ulcinj.com\/blog\/2010\/10\/18\/dps-prioritet-ima-dua\/","og_site_name":"Lajme nga Ulqini","article_published_time":"2010-10-18T21:53:53+00:00","og_image":[{"url":"http:\/\/www.visit-ulcinj.com\/blog\/wp-content\/uploads\/2010\/10\/Luigj-Lui-Shkrela1.jpg"}],"twitter_misc":{"Written by":"ulqini","Est. reading time":"2 minutes"},"schema":{"@context":"https:\/\/schema.org","@graph":[{"@type":"WebSite","@id":"https:\/\/www.visit-ulcinj.com\/blog\/#website","url":"https:\/\/www.visit-ulcinj.com\/blog\/","name":"Lajme nga Ulqini","description":"Lajme,Vijesti,Ulqini,Ulqin,Crna Gora,Mali i Zi","potentialAction":[{"@type":"SearchAction","target":{"@type":"EntryPoint","urlTemplate":"https:\/\/www.visit-ulcinj.com\/blog\/?s={search_term_string}"},"query-input":"required name=search_term_string"}],"inLanguage":"en-US"},{"@type":"ImageObject","inLanguage":"en-US","@id":"https:\/\/www.visit-ulcinj.com\/blog\/2010\/10\/18\/dps-prioritet-ima-dua\/#primaryimage","url":"https:\/\/www.visit-ulcinj.com\/blog\/wp-content\/uploads\/2010\/10\/Luigj-Lui-Shkrela1.jpg","contentUrl":"https:\/\/www.visit-ulcinj.com\/blog\/wp-content\/uploads\/2010\/10\/Luigj-Lui-Shkrela1.jpg","width":"720","height":"546"},{"@type":"WebPage","@id":"https:\/\/www.visit-ulcinj.com\/blog\/2010\/10\/18\/dps-prioritet-ima-dua\/#webpage","url":"https:\/\/www.visit-ulcinj.com\/blog\/2010\/10\/18\/dps-prioritet-ima-dua\/","name":"DPS: Prioritet ima DUA - Lajme nga Ulqini","isPartOf":{"@id":"https:\/\/www.visit-ulcinj.com\/blog\/#website"},"primaryImageOfPage":{"@id":"https:\/\/www.visit-ulcinj.com\/blog\/2010\/10\/18\/dps-prioritet-ima-dua\/#primaryimage"},"datePublished":"2010-10-18T21:53:53+00:00","dateModified":"2010-10-18T21:53:53+00:00","author":{"@id":"https:\/\/www.visit-ulcinj.com\/blog\/#\/schema\/person\/dcab619c614d3038751c63bc2aadc06d"},"description":"Demokratska partija socijalista pregovara\u0107e oko formiranja lokalne vlasti u Ulcinju sa svojim stavom i zahtjevima, a prioritet \u0107e imati i dosada\u0161nji","breadcrumb":{"@id":"https:\/\/www.visit-ulcinj.com\/blog\/2010\/10\/18\/dps-prioritet-ima-dua\/#breadcrumb"},"inLanguage":"en-US","potentialAction":[{"@type":"ReadAction","target":["https:\/\/www.visit-ulcinj.com\/blog\/2010\/10\/18\/dps-prioritet-ima-dua\/"]}]},{"@type":"BreadcrumbList","@id":"https:\/\/www.visit-ulcinj.com\/blog\/2010\/10\/18\/dps-prioritet-ima-dua\/#breadcrumb","itemListElement":[{"@type":"ListItem","position":1,"name":"DPS: Prioritet ima DUA"}]},{"@type":"Person","@id":"https:\/\/www.visit-ulcinj.com\/blog\/#\/schema\/person\/dcab619c614d3038751c63bc2aadc06d","name":"ulqini","sameAs":["http:\/\/www.visit-ulcinj.com"],"url":"https:\/\/www.visit-ulcinj.com\/blog\/author\/admin\/"}]}},"jetpack_featured_media_url":"","jetpack_sharing_enabled":true,"jetpack_shortlink":"https:\/\/wp.me\/pe6lTn-a3e","_links":{"self":[{"href":"https:\/\/www.visit-ulcinj.com\/blog\/wp-json\/wp\/v2\/posts\/38640"}],"collection":[{"href":"https:\/\/www.visit-ulcinj.com\/blog\/wp-json\/wp\/v2\/posts"}],"about":[{"href":"https:\/\/www.visit-ulcinj.com\/blog\/wp-json\/wp\/v2\/types\/post"}],"author":[{"embeddable":true,"href":"https:\/\/www.visit-ulcinj.com\/blog\/wp-json\/wp\/v2\/users\/1"}],"replies":[{"embeddable":true,"href":"https:\/\/www.visit-ulcinj.com\/blog\/wp-json\/wp\/v2\/comments?post=38640"}],"version-history":[{"count":0,"href":"https:\/\/www.visit-ulcinj.com\/blog\/wp-json\/wp\/v2\/posts\/38640\/revisions"}],"wp:attachment":[{"href":"https:\/\/www.visit-ulcinj.com\/blog\/wp-json\/wp\/v2\/media?parent=38640"}],"wp:term":[{"taxonomy":"category","embeddable":true,"href":"https:\/\/www.visit-ulcinj.com\/blog\/wp-json\/wp\/v2\/categories?post=38640"},{"taxonomy":"post_tag","embeddable":true,"href":"https:\/\/www.visit-ulcinj.com\/blog\/wp-json\/wp\/v2\/tags?post=38640"}],"curies":[{"name":"wp","href":"https:\/\/api.w.org\/{rel}","templated":true}]}}