{"id":38644,"date":"2010-10-19T00:12:10","date_gmt":"2010-10-18T22:12:10","guid":{"rendered":"http:\/\/www.visit-ulcinj.com\/blog\/?p=38644"},"modified":"2010-10-19T00:12:10","modified_gmt":"2010-10-18T22:12:10","slug":"interviste-ekskluzive-me-kryetarin-e-ppd-se-z-ali-rexha","status":"publish","type":"post","link":"https:\/\/www.visit-ulcinj.com\/blog\/2010\/10\/19\/interviste-ekskluzive-me-kryetarin-e-ppd-se-z-ali-rexha\/","title":{"rendered":"Intervist\u00eb ekskluzive me kryetarin e PPD-s\u00eb z.Ali Rexha"},"content":{"rendered":"<p><strong><img loading=\"lazy\" class=\"alignleft\" title=\"INTERVIST\u00cb EKSKLUZIVE P\u00cbR \u201cKOHA JAVORE\u201d ME KRYETARIN E PARTIS\u00cb S\u00cb PROSPERITET DEMOKRATIK Z. ALI REXHA\" src=\"http:\/\/www.visit-ulcinj.com\/blog\/wp-content\/uploads\/2010\/09\/Ali-Rexha_Ulqin.jpg\" alt=\"\" width=\"490\" height=\"620\" \/>Rexha: Koha p\u00ebr unitet politik dhe progres shoq\u00ebror<\/strong><br \/>\n<strong>Koha javore: Z. Rexha, Partia p\u00ebr Prosperitet\u00a0Demokratik vazhdon t\u00eb mbetet n\u00eb sken\u00ebn politike\u00a0me nje elektorat solid, megjithas\u00eb ende\u00a0nuk mund t\u00eb themi se \u00ebsht\u00eb nj\u00eb forc\u00eb potencialisht\u00a0determinant\u00eb? <\/strong><\/p>\n<p><strong>A. Rexha: <\/strong>Ky \u00ebsht\u00eb p\u00ebrceptim shikuar s\u00eb jashtmi.\u00a0N\u00eb politik\u00eb duhet patur kujdes q\u00eb t\u00eb mos\u00a0humb\u00ebsh busull\u00ebn orientuese. Fatmir\u00ebsisht ne i\u00a0kemi orientimet dhe p\u00ebrcaktimet e qarta qysh\u00a0me krijimin e partis\u00eb s\u00eb Prosperitet Demokratik.\u00a0P\u00ebr rrjedhoj\u00eb PPD-ja gjat\u00eb gjith\u00eb koh\u00ebs mbetet\u00a0faktor determinant n\u00eb sken\u00ebn politike t\u00eb Malit\u00a0t\u00eb Zi. Ju siguroj se PPD-ja ka patur dhe vazhdon\u00a0t\u00eb ket\u00eb njer\u00ebz t\u00eb p\u00ebrkushtuar, t\u00eb devotsh\u00ebm, t\u00eb\u00a0ndersh\u00ebm dhe t\u00eb aft\u00eb. T\u00eb mos harrojm\u00eb se nj\u00eb\u00a0gjenerat\u00eb e t\u00ebr\u00eb ka kaluar n\u00eb shkoll\u00ebn politike t\u00eb\u00a0PPD-s\u00eb Pra, shikuar nga konteksti historik,\u00a0forca jon\u00eb politike ka doktrin\u00ebn dhe filozofin\u00eb e\u00a0saj e cila \u00ebsht\u00eb kryek\u00ebput e bazuar n\u00eb interesat\u00a0nacionale t\u00eb shqiptareve p\u00ebr barazi qytetare dhe\u00a0integrime evropiane. N\u00eb k\u00ebt\u00eb kuptim, gjykoj se\u00a0PPD-ja, ndon\u00ebse ka patur uljet dhe ngritjet e saj\u00a0n\u00eb sken\u00ebn politike, gjithsesi \u00ebsht\u00eb m\u00eb r\u00ebnd\u00ebsi t\u00eb\u00a0potencojm\u00eb rolin konstruktiv n\u00eb proceset\u00a0demokratike. Marr\u00eb n\u00eb t\u00ebr\u00ebsi, mendoj se PPDja\u00a0ka arritur rezultate t\u00eb k\u00ebnaqshme n\u00eb elektorat.\u00a0Them t\u00eb k\u00ebnaqshme ngaq\u00eb ne si parti politike\u00a0shpesh jemi anatemuar dhe paragjykuar\u00a0padrejt\u00ebsisht. P\u00ebr rrjedhoj\u00eb PPD-ja \u00ebsht\u00eb ballafaquar\u00a0me shum\u00eb sfida t\u00eb cilat shpesh kan\u00eb\u00a0qen\u00eb tep\u00ebr t\u00eb v\u00ebshtira. Imputimi i logjik\u00ebs\u00a0lokaliste nga ana e disa subjekteve politike\u00a0\u00ebsht\u00eb nj\u00eb element tejet i rreziksh\u00ebm dhe brengos\u00ebs\u00a0jo thjesht p\u00ebr vazhdim\u00ebsin\u00eb e misionit t\u00eb\u00a0partis\u00eb son\u00eb, por edhe p\u00ebr shkap\u00ebrderdhjen e\u00a0elektoratit shqiptar n\u00eb Mal t\u00eb Zi. Gjykuar nga\u00a0ky aspekt, them se PPD-ja ka sh\u00ebrbyer n\u00eb\u00a0sken\u00ebn politike si mekaniz\u00ebm shum\u00eb i r\u00ebnd\u00ebsish\u00ebm\u00a0p\u00ebr komunikime intensive mes elektoratit\u00a0q\u00eb buron nga qyteti dhe atij q\u00eb vjen nga\u00a0zonat rurale. Krahas misionit politik, PPD-ja i\u00a0ka kanalizuar energjit\u00eb dhe potencialet e saj n\u00eb\u00a0funksion t\u00eb unifikimit t\u00eb elektoratit shqiptar.\u00a0Nga kjo pik\u00ebpamje mendoj se subjekti q\u00eb un\u00eb\u00a0drejtoj nuk ka thjesht nj\u00eb elektorat solid, por nj\u00eb\u00a0p\u00ebrkrahje n\u00eb rritje si n\u00eb zonat urbane, po ashtu\u00a0edhe ne hap\u00ebsirat rurale. Tashm\u00eb \u00ebsht\u00eb koha p\u00ebr\u00a0unitetit politik dhe progres shoq\u00ebror. Duke\u00a0marr\u00eb shkak nga ky realitet objektiv, kam bindjen\u00a0se zgjedhjet lokale t\u00eb dat\u00ebs 17 tetor do t\u00eb\u00a0\u00e7ertefikojn\u00eb jo thjesht fitoren e kualicionit\u00a0PPD-UDSH, por edhe shumimin e elektoratit t\u00eb\u00a0partis\u00eb.<\/p>\n<p><strong>Koha javore: S\u00ebrish jeni n\u00eb koalicion me\u00a0UDSH, ky bashk\u00ebpunim \u00ebsht\u00eb thjesht pragmatist,\u00a0apo fryt i p\u00ebrcaktimeve t\u00eb p\u00ebrbashk\u00ebta? <\/strong><\/p>\n<p><strong>A. Rexha: <\/strong>PPD-ja nuk vuan nga sindromi i\u00a0delirit p\u00ebr pushtet. Natyrisht \u00e7do subjekt politik\u00a0n\u00eb pist\u00ebn demokratike niset p\u00ebr t\u00eb arritur finishin,\u00a0pushtetin. Por ne jemi racional\u00eb dhe bindjet\u00a0tona s\u00eb pari udh\u00ebhiqen nga sensi i arsyes.\u00a0P\u00ebr rrjedhoj\u00eb parimet tona dalin nga statusi,\u00a0platforma dhe programi i partis\u00eb, kjo qasje krijon\u00a0mozaikun e strategjis\u00eb s\u00eb veprimit n\u00eb\u00a0sken\u00ebn politike, qoft\u00eb dhe n\u00eb marr\u00ebveshjet p\u00ebr\u00a0koalicionin. N\u00eb k\u00ebt\u00eb kontekst koalicioni me\u00a0UDSH-n\u00eb \u00ebsht\u00eb vazhdim\u00ebsi e nj\u00eb marr\u00ebveshjeje\u00a0nga zgjedhjet e kaluara. Neve nuk na\u00a0bashkon etja p\u00ebr pushtet,por misioni dhe vizioni\u00a0q\u00eb jan\u00eb pothuajse t\u00eb p\u00ebrbashk\u00ebta. PPD-ja ruan\u00a0konsiderat\u00eb p\u00ebr partnerin ton\u00eb n\u00eb koalicion\u00a0ngaq\u00eb ata i jan\u00eb p\u00ebrmbajtur marr\u00ebveshjes. Jo\u00a0vet\u00ebm kaq. Investimi politik i UDSH-s\u00eb n\u00eb\u00a0insitucionet e sistemit dhe n\u00eb sken\u00ebn politike n\u00eb\u00a0Mal t\u00eb Zi \u00ebsht\u00eb vler\u00ebsuar nga kryesia e PPD-s\u00eb\u00a0si pozitiv n\u00eb dobi t\u00eb interesave t\u00eb shqiptar\u00ebve, t\u00eb\u00a0shoq\u00ebris\u00eb dhe t\u00eb nd\u00ebrtimit t\u00eb shtetit demokratik.\u00a0Marr t\u00eb drejt\u00ebn t\u00eb pohoj q\u00eb partneriteti gjat\u00eb\u00a0k\u00ebsaj periudhe \u00ebsht\u00eb forcuar s\u00eb tep\u00ebrmi. K\u00ebt\u00eb e\u00a0d\u00ebshmon edhe dalja s\u00eb bashku n\u00eb zgjedhjet\u00a0lokale. Fundja \u00ebsht\u00eb nj\u00eb partneritet mir\u00ebkuptimi,\u00a0bashk\u00ebpunimi q\u00eb synojm\u00eb s\u00eb bashku\u00a0Evrop\u00ebn.<\/p>\n<p><strong>Koha javore: M\u00eb lart that\u00eb se keni bindje q\u00eb\u00a0koalicioni juaj do t\u00eb ngadh\u00ebnjej\u00eb n\u00eb k\u00ebto\u00a0zgjedhje, ku e bazoni k\u00ebt\u00eb optimiz\u00ebm? <\/strong><\/p>\n<p><strong>A. Rexha: <\/strong>Optimizmi buron nga dy aspekte: s\u00eb\u00a0pari nga p\u00ebrkrahja masive e elektoratit dhe s\u00eb\u00a0dyti alternativa jon\u00eb \u00ebsht\u00eb m\u00eb e mira. Pa dashur\u00a0t\u00eb merrem me oponentin kryesor politik n\u00eb k\u00ebto\u00a0zgjedhje, gjithsesi e shoh t\u00eb udh\u00ebs ta them se ata\u00a0shfaqin komplekse ngaq\u00eb prioritetet dhe\u00a0vizionet tona jan\u00eb t\u00ebr\u00ebsisht m\u00eb t\u00eb avancuara.\u00a0Nga ana tjet\u00ebr m\u00eb lejoni t\u00eb b\u00ebj nj\u00eb retrospektiv\u00eb\u00a0t\u00eb pun\u00ebs ton\u00eb gjat\u00eb qeverisjes s\u00eb pushtetit lokal.\u00a0\u00cbsht\u00eb fakt q\u00eb komuna e qytetit t\u00eb Ulqinit e drejtuar\u00a0nga z. Hajdinaga ka shum\u00eb tregues pozitiv\u00eb\u00a0n\u00eb ushtrimin e pushtetit: investime publike,\u00a0rrug\u00eb, hap\u00ebsira t\u00eb gjelb\u00ebrta, ambient t\u00eb past\u00ebr,\u00a0ndri\u00e7im, trotuare, ura, zhvillim t\u00eb hovsh\u00ebm t\u00eb\u00a0turizmit, investime n\u00eb kanalizime, restaurim i\u00a0kulteve fetare, rritje pagash p\u00ebr punonj\u00ebsit,\u00a0stimulim dhe mb\u00ebshtetje financiare p\u00ebr nx\u00ebn\u00ebs,\u00a0student\u00eb dhe sportist\u00eb t\u00eb dalluar, shnd\u00ebrrimin e\u00a0Ulqinit n\u00eb ozaz\u00eb t\u00eb bashkimit shpirt\u00ebror t\u00eb\u00a0shqiptar\u00ebve, panairi i librit, manifestime dhe\u00a0tryeza t\u00eb p\u00ebrbashk\u00ebta p\u00ebr t\u00eb harmonizuar ide,\u00a0etj. Vlen t\u00eb theksohet nj\u00eb investim kolosal, ai i\u00a0nd\u00ebrtimit t\u00eb ur\u00ebs e cila bashkon qytetin me\u00a0Plazhin e Madh. Kjo ur\u00eb sh\u00ebnon pik\u00ebnisjen e\u00a0nj\u00eb mandati tjet\u00ebr t\u00eb suksessh\u00ebm. Marr\u00eb n\u00eb\u00a0t\u00ebr\u00ebsi, optimizmi yn\u00eb p\u00ebr fitore n\u00eb k\u00ebto zgjedhje\u00a0buron nga puna, p\u00ebrkushtimi, p\u00ebrgjegjshm\u00ebria,\u00a0vizioni, alternativat dhe prioritetet. Ne s\u00eb\u00a0bashku synojm\u00eb Evrop\u00ebn. Ky slogan ka\u00a0dometh\u00ebnie t\u00eb madhe.<\/p>\n<p><strong>Koha javore: Gjith\u00ebsesi nga ana e tyre oponent\u00ebt\u00a0politik\u00eb kan\u00eb bindjen se k\u00ebt\u00eb radh\u00eb ata\u00a0do ta fitojn\u00eb bindsh\u00ebm betej\u00ebn elektorale. <\/strong><\/p>\n<p><strong>A. Rexha: <\/strong>Personalisht kam nj\u00eb dallim esencial\u00a0nga krer\u00ebt e Forc\u00ebs s\u00eb Re Demokratike.\u00a0Iracionalitetit t\u00eb tyre i p\u00ebrgjigjem me qet\u00ebsi,\u00a0maturi dhe durim. Pra nuk dua t\u00eb merrem me\u00a0euforizmin e tyre dhe as me p\u00ebrllogaritjet q\u00eb ata\u00a0b\u00ebjn\u00eb p\u00ebrmes teorive t\u00eb konspiracionit.\u00a0Koalicioni UDSH- PPD n\u00eb k\u00ebto zgjedhje garon\u00a0me logjik\u00ebn e prioriteteve, nd\u00ebrkaq kund\u00ebrshar\u00ebt\u00a0tan\u00eb me manir\u00ebt e nj\u00eb propagand\u00eb farse.\u00a0Fatmir\u00ebsisht kam patur fatin t\u00eb q\u00ebndroj p\u00ebr nj\u00eb\u00a0periudh\u00eb t\u00eb gjat\u00eb n\u00eb SHBA, sikund\u00ebr puna me\u00a0ka detyruar t\u00eb udh\u00ebtoj n\u00eb shum\u00eb vende t\u00eb bot\u00ebs.\u00a0Nga ky k\u00ebndv\u00ebshtrim, dallimi i koalicionit ton\u00eb\u00a0me oponent\u00ebt politik\u00eb \u00ebsht\u00eb substancial: ata e\u00a0ushtrojn\u00eb aktivitetin e tyre propagandues duke\u00a0fyer inteligjencin\u00eb e ulqinak\u00ebve, nd\u00ebrsa koalicioni\u00a0PPD-UDSH ka si udh\u00ebrr\u00ebfyes respektin\u00a0ndaj sovranit-popullit. Me dhimbje e them, por\u00a0oponenti yn\u00eb vazhdon t\u00eb ndjek\u00eb nj\u00eb politik\u00eb t\u00eb\u00a0cil\u00ebn e kam hasur n\u00eb vendet e bot\u00ebs s\u00eb tret\u00eb. Kjo\u00a0m\u00ebnyr\u00eb e t\u00eb b\u00ebrit politik\u00eb \u00ebsht\u00eb e papranueshme\u00a0ngaq\u00eb qytetar\u00ebt e Ulqinit, historikisht shquhen\u00a0si njer\u00ebz t\u00eb men\u00e7ur me vlera t\u00eb larta qytetarie.\u00a0Nuk mund t\u00eb bind\u00ebsh nj\u00eb komunitet e t\u2019i thuash\u00a0q\u00eb nuk \u00ebsht\u00eb investuar asgj\u00eb. Kund\u00ebrshtar\u00ebt\u00a0tan\u00eb gabojn\u00eb taktikisht sepse qytetar\u00ebt i ndiejn\u00eb,\u00a0prekin dhe i shijojn\u00eb t\u00eb arriturat tona. S\u00eb dyti\u00a0oponenti politik p\u00ebrmes propagand\u00ebs, akuzave\u00a0t\u00eb pabazuara dhe retorik\u00ebs shterpe, k\u00ebrkon t\u00eb\u00a0uzurpoj\u00eb vot\u00ebn e elektoratit jo p\u00ebr t\u00eb p\u00ebrmisuar\u00a0standartin e jet\u00ebs s\u00eb tyre, por p\u00ebr t\u00eb krijuar nj\u00eb\u00a0lloj oligarkie financiare dhe bisnezi, por e kan\u00eb\u00a0gabim. Ulqinak\u00ebt n\u00eb m\u00ebnyr\u00eb civilizuese do t\u2019i\u00a0thon\u00eb Jo, opsionit t\u00eb p\u00ebrfitimeve personale dhe\u00a0grupore t\u00eb nj\u00eb grushti njer\u00ebzish. E ritheksoj se\u00a0jam t\u00ebr\u00ebsisht i bindur q\u00eb elektorati do t\u00eb votoj\u00eb\u00a0pa hezitim koalicionin PPD-UDSH. Ne ofrojm\u00eb\u00a0vision, alternativ\u00eb dhe progres.<\/p>\n<p><strong>Koha javore: Cili \u00ebsht\u00eb mesazhi juaj drejtuar\u00a0elektoratin n\u00eb prag t\u00eb zgjedhjeve lokale?<\/strong><\/p>\n<p><strong> <\/strong><strong>A. Rexha: <\/strong>T\u00eb votojn\u00eb pa asnj\u00eb hezitim koalicionit\u00a0PPD-UDSH sepse \u00ebsht\u00eb e vetmja alternativ\u00eb\u00a0politike e progresit q\u00eb i \u00e7on proceset\u00a0p\u00ebrpara. T\u00eb votojn\u00eb opsionin ton\u00eb politik,\u00a0ofert\u00ebn dhe vizionin ton\u00eb ngaq\u00eb ne dim\u00eb t\u2019i\u00a0kanalizojm\u00eb dhe t\u2019i v\u00ebm\u00eb n\u00eb zbatim prioritetet\u00a0e qytetar\u00ebve. Ne kemi d\u00ebshmuar se krijojm\u00ebplanifikojm\u00eb,\u00a0zbatojm\u00eb dhe menaxhojm\u00eb projekte\u00a0q\u00eb jan\u00eb n\u00eb funksion t\u00eb qytetit dhe qytetar\u00ebve.\u00a0Duke votuar koalicionin ton\u00eb, qytetar\u00ebt\u00a0votojn\u00eb p\u00ebr Ulqinin evropian. Nga ana\u00a0tjet\u00ebr, m\u00eb lejoni q\u00eb t\u2019u drejtohem qytetar\u00ebve t\u00eb\u00a0dalin sa m\u00eb masivisht n\u00eb votime. Dit\u00ebt e mbetura\u00a0t\u00eb fushat\u00ebs, ata t\u00eb tregojn\u00eb maturi dhe\u00a0pjekuri, pra t\u00eb mos bien pre e propagand\u00ebs\u00a0dhe e provokimeve t\u00eb kund\u00ebshtar\u00ebve tan\u00eb\u00a0politik\u00eb. Si p\u00ebrfundim, duke votuar koalicionin\u00a0PPD-UDSH, qytetar\u00ebt votojn\u00eb p\u00ebr t\u00eb\u00a0ardhmen , perspektiv\u00ebn, progresin dhe\u00a0unitetin.<\/p>\n<p><strong>Intervistoi: Ylber Lili<br \/>\nKoha Javore<\/strong><\/p>\n","protected":false},"excerpt":{"rendered":"<p>Rexha: Koha p\u00ebr unitet politik dhe progres shoq\u00ebror Koha javore: Z. Rexha, Partia p\u00ebr Prosperitet\u00a0Demokratik vazhdon t\u00eb mbetet n\u00eb sken\u00ebn politike\u00a0me nje elektorat solid, megjithas\u00eb ende\u00a0nuk mund t\u00eb themi se \u00ebsht\u00eb nj\u00eb forc\u00eb potencialisht\u00a0determinant\u00eb? A. Rexha: Ky \u00ebsht\u00eb p\u00ebrceptim shikuar s\u00eb jashtmi.\u00a0N\u00eb politik\u00eb duhet patur kujdes q\u00eb t\u00eb mos\u00a0humb\u00ebsh busull\u00ebn orientuese. Fatmir\u00ebsisht ne i\u00a0kemi orientimet [&hellip;]<\/p>\n","protected":false},"author":1,"featured_media":0,"comment_status":"open","ping_status":"closed","sticky":false,"template":"","format":"standard","meta":{"spay_email":"","jetpack_publicize_message":"","jetpack_is_tweetstorm":false,"jetpack_publicize_feature_enabled":true},"categories":[5],"tags":[8027,1877,2394,200,18],"jetpack_publicize_connections":[],"yoast_head":"<!-- This site is optimized with the Yoast SEO plugin v19.1 - https:\/\/yoast.com\/wordpress\/plugins\/seo\/ -->\n<title>Intervist\u00eb ekskluzive me kryetarin e PPD-s\u00eb z.Ali Rexha - Lajme nga Ulqini<\/title>\n<meta name=\"description\" content=\"Rexha: Koha p\u00ebr unitet politik dhe progres shoq\u00ebror Koha javore: Z. Rexha, Partia p\u00ebr Prosperitet\u00a0Demokratik vazhdon t\u00eb mbetet n\u00eb sken\u00ebn politike\u00a0me nje\" \/>\n<meta name=\"robots\" content=\"index, follow, max-snippet:-1, max-image-preview:large, max-video-preview:-1\" \/>\n<link rel=\"canonical\" href=\"https:\/\/www.visit-ulcinj.com\/blog\/2010\/10\/19\/interviste-ekskluzive-me-kryetarin-e-ppd-se-z-ali-rexha\/\" \/>\n<meta property=\"og:locale\" content=\"en_US\" \/>\n<meta property=\"og:type\" content=\"article\" \/>\n<meta property=\"og:title\" content=\"Intervist\u00eb ekskluzive me kryetarin e PPD-s\u00eb z.Ali Rexha - Lajme nga Ulqini\" \/>\n<meta property=\"og:description\" content=\"Rexha: Koha p\u00ebr unitet politik dhe progres shoq\u00ebror Koha javore: Z. Rexha, Partia p\u00ebr Prosperitet\u00a0Demokratik vazhdon t\u00eb mbetet n\u00eb sken\u00ebn politike\u00a0me nje\" \/>\n<meta property=\"og:url\" content=\"https:\/\/www.visit-ulcinj.com\/blog\/2010\/10\/19\/interviste-ekskluzive-me-kryetarin-e-ppd-se-z-ali-rexha\/\" \/>\n<meta property=\"og:site_name\" content=\"Lajme nga Ulqini\" \/>\n<meta property=\"article:published_time\" content=\"2010-10-18T22:12:10+00:00\" \/>\n<meta property=\"og:image\" content=\"http:\/\/www.visit-ulcinj.com\/blog\/wp-content\/uploads\/2010\/09\/Ali-Rexha_Ulqin.jpg\" \/>\n<meta name=\"twitter:label1\" content=\"Written by\" \/>\n\t<meta name=\"twitter:data1\" content=\"ulqini\" \/>\n\t<meta name=\"twitter:label2\" content=\"Est. reading time\" \/>\n\t<meta name=\"twitter:data2\" content=\"7 minutes\" \/>\n<script type=\"application\/ld+json\" class=\"yoast-schema-graph\">{\"@context\":\"https:\/\/schema.org\",\"@graph\":[{\"@type\":\"WebSite\",\"@id\":\"https:\/\/www.visit-ulcinj.com\/blog\/#website\",\"url\":\"https:\/\/www.visit-ulcinj.com\/blog\/\",\"name\":\"Lajme nga Ulqini\",\"description\":\"Lajme,Vijesti,Ulqini,Ulqin,Crna Gora,Mali i Zi\",\"potentialAction\":[{\"@type\":\"SearchAction\",\"target\":{\"@type\":\"EntryPoint\",\"urlTemplate\":\"https:\/\/www.visit-ulcinj.com\/blog\/?s={search_term_string}\"},\"query-input\":\"required name=search_term_string\"}],\"inLanguage\":\"en-US\"},{\"@type\":\"ImageObject\",\"inLanguage\":\"en-US\",\"@id\":\"https:\/\/www.visit-ulcinj.com\/blog\/2010\/10\/19\/interviste-ekskluzive-me-kryetarin-e-ppd-se-z-ali-rexha\/#primaryimage\",\"url\":\"https:\/\/www.visit-ulcinj.com\/blog\/wp-content\/uploads\/2010\/09\/Ali-Rexha_Ulqin.jpg\",\"contentUrl\":\"https:\/\/www.visit-ulcinj.com\/blog\/wp-content\/uploads\/2010\/09\/Ali-Rexha_Ulqin.jpg\",\"width\":\"800\",\"height\":\"922\"},{\"@type\":\"WebPage\",\"@id\":\"https:\/\/www.visit-ulcinj.com\/blog\/2010\/10\/19\/interviste-ekskluzive-me-kryetarin-e-ppd-se-z-ali-rexha\/#webpage\",\"url\":\"https:\/\/www.visit-ulcinj.com\/blog\/2010\/10\/19\/interviste-ekskluzive-me-kryetarin-e-ppd-se-z-ali-rexha\/\",\"name\":\"Intervist\u00eb ekskluzive me kryetarin e PPD-s\u00eb z.Ali Rexha - Lajme nga Ulqini\",\"isPartOf\":{\"@id\":\"https:\/\/www.visit-ulcinj.com\/blog\/#website\"},\"primaryImageOfPage\":{\"@id\":\"https:\/\/www.visit-ulcinj.com\/blog\/2010\/10\/19\/interviste-ekskluzive-me-kryetarin-e-ppd-se-z-ali-rexha\/#primaryimage\"},\"datePublished\":\"2010-10-18T22:12:10+00:00\",\"dateModified\":\"2010-10-18T22:12:10+00:00\",\"author\":{\"@id\":\"https:\/\/www.visit-ulcinj.com\/blog\/#\/schema\/person\/dcab619c614d3038751c63bc2aadc06d\"},\"description\":\"Rexha: Koha p\u00ebr unitet politik dhe progres shoq\u00ebror Koha javore: Z. Rexha, Partia p\u00ebr Prosperitet\u00a0Demokratik vazhdon t\u00eb mbetet n\u00eb sken\u00ebn politike\u00a0me nje\",\"breadcrumb\":{\"@id\":\"https:\/\/www.visit-ulcinj.com\/blog\/2010\/10\/19\/interviste-ekskluzive-me-kryetarin-e-ppd-se-z-ali-rexha\/#breadcrumb\"},\"inLanguage\":\"en-US\",\"potentialAction\":[{\"@type\":\"ReadAction\",\"target\":[\"https:\/\/www.visit-ulcinj.com\/blog\/2010\/10\/19\/interviste-ekskluzive-me-kryetarin-e-ppd-se-z-ali-rexha\/\"]}]},{\"@type\":\"BreadcrumbList\",\"@id\":\"https:\/\/www.visit-ulcinj.com\/blog\/2010\/10\/19\/interviste-ekskluzive-me-kryetarin-e-ppd-se-z-ali-rexha\/#breadcrumb\",\"itemListElement\":[{\"@type\":\"ListItem\",\"position\":1,\"name\":\"Intervist\u00eb ekskluzive me kryetarin e PPD-s\u00eb z.Ali Rexha\"}]},{\"@type\":\"Person\",\"@id\":\"https:\/\/www.visit-ulcinj.com\/blog\/#\/schema\/person\/dcab619c614d3038751c63bc2aadc06d\",\"name\":\"ulqini\",\"sameAs\":[\"http:\/\/www.visit-ulcinj.com\"],\"url\":\"https:\/\/www.visit-ulcinj.com\/blog\/author\/admin\/\"}]}<\/script>\n<!-- \/ Yoast SEO plugin. -->","yoast_head_json":{"title":"Intervist\u00eb ekskluzive me kryetarin e PPD-s\u00eb z.Ali Rexha - Lajme nga Ulqini","description":"Rexha: Koha p\u00ebr unitet politik dhe progres shoq\u00ebror Koha javore: Z. Rexha, Partia p\u00ebr Prosperitet\u00a0Demokratik vazhdon t\u00eb mbetet n\u00eb sken\u00ebn politike\u00a0me nje","robots":{"index":"index","follow":"follow","max-snippet":"max-snippet:-1","max-image-preview":"max-image-preview:large","max-video-preview":"max-video-preview:-1"},"canonical":"https:\/\/www.visit-ulcinj.com\/blog\/2010\/10\/19\/interviste-ekskluzive-me-kryetarin-e-ppd-se-z-ali-rexha\/","og_locale":"en_US","og_type":"article","og_title":"Intervist\u00eb ekskluzive me kryetarin e PPD-s\u00eb z.Ali Rexha - Lajme nga Ulqini","og_description":"Rexha: Koha p\u00ebr unitet politik dhe progres shoq\u00ebror Koha javore: Z. Rexha, Partia p\u00ebr Prosperitet\u00a0Demokratik vazhdon t\u00eb mbetet n\u00eb sken\u00ebn politike\u00a0me nje","og_url":"https:\/\/www.visit-ulcinj.com\/blog\/2010\/10\/19\/interviste-ekskluzive-me-kryetarin-e-ppd-se-z-ali-rexha\/","og_site_name":"Lajme nga Ulqini","article_published_time":"2010-10-18T22:12:10+00:00","og_image":[{"url":"http:\/\/www.visit-ulcinj.com\/blog\/wp-content\/uploads\/2010\/09\/Ali-Rexha_Ulqin.jpg"}],"twitter_misc":{"Written by":"ulqini","Est. reading time":"7 minutes"},"schema":{"@context":"https:\/\/schema.org","@graph":[{"@type":"WebSite","@id":"https:\/\/www.visit-ulcinj.com\/blog\/#website","url":"https:\/\/www.visit-ulcinj.com\/blog\/","name":"Lajme nga Ulqini","description":"Lajme,Vijesti,Ulqini,Ulqin,Crna Gora,Mali i Zi","potentialAction":[{"@type":"SearchAction","target":{"@type":"EntryPoint","urlTemplate":"https:\/\/www.visit-ulcinj.com\/blog\/?s={search_term_string}"},"query-input":"required name=search_term_string"}],"inLanguage":"en-US"},{"@type":"ImageObject","inLanguage":"en-US","@id":"https:\/\/www.visit-ulcinj.com\/blog\/2010\/10\/19\/interviste-ekskluzive-me-kryetarin-e-ppd-se-z-ali-rexha\/#primaryimage","url":"https:\/\/www.visit-ulcinj.com\/blog\/wp-content\/uploads\/2010\/09\/Ali-Rexha_Ulqin.jpg","contentUrl":"https:\/\/www.visit-ulcinj.com\/blog\/wp-content\/uploads\/2010\/09\/Ali-Rexha_Ulqin.jpg","width":"800","height":"922"},{"@type":"WebPage","@id":"https:\/\/www.visit-ulcinj.com\/blog\/2010\/10\/19\/interviste-ekskluzive-me-kryetarin-e-ppd-se-z-ali-rexha\/#webpage","url":"https:\/\/www.visit-ulcinj.com\/blog\/2010\/10\/19\/interviste-ekskluzive-me-kryetarin-e-ppd-se-z-ali-rexha\/","name":"Intervist\u00eb ekskluzive me kryetarin e PPD-s\u00eb z.Ali Rexha - Lajme nga Ulqini","isPartOf":{"@id":"https:\/\/www.visit-ulcinj.com\/blog\/#website"},"primaryImageOfPage":{"@id":"https:\/\/www.visit-ulcinj.com\/blog\/2010\/10\/19\/interviste-ekskluzive-me-kryetarin-e-ppd-se-z-ali-rexha\/#primaryimage"},"datePublished":"2010-10-18T22:12:10+00:00","dateModified":"2010-10-18T22:12:10+00:00","author":{"@id":"https:\/\/www.visit-ulcinj.com\/blog\/#\/schema\/person\/dcab619c614d3038751c63bc2aadc06d"},"description":"Rexha: Koha p\u00ebr unitet politik dhe progres shoq\u00ebror Koha javore: Z. Rexha, Partia p\u00ebr Prosperitet\u00a0Demokratik vazhdon t\u00eb mbetet n\u00eb sken\u00ebn politike\u00a0me nje","breadcrumb":{"@id":"https:\/\/www.visit-ulcinj.com\/blog\/2010\/10\/19\/interviste-ekskluzive-me-kryetarin-e-ppd-se-z-ali-rexha\/#breadcrumb"},"inLanguage":"en-US","potentialAction":[{"@type":"ReadAction","target":["https:\/\/www.visit-ulcinj.com\/blog\/2010\/10\/19\/interviste-ekskluzive-me-kryetarin-e-ppd-se-z-ali-rexha\/"]}]},{"@type":"BreadcrumbList","@id":"https:\/\/www.visit-ulcinj.com\/blog\/2010\/10\/19\/interviste-ekskluzive-me-kryetarin-e-ppd-se-z-ali-rexha\/#breadcrumb","itemListElement":[{"@type":"ListItem","position":1,"name":"Intervist\u00eb ekskluzive me kryetarin e PPD-s\u00eb z.Ali Rexha"}]},{"@type":"Person","@id":"https:\/\/www.visit-ulcinj.com\/blog\/#\/schema\/person\/dcab619c614d3038751c63bc2aadc06d","name":"ulqini","sameAs":["http:\/\/www.visit-ulcinj.com"],"url":"https:\/\/www.visit-ulcinj.com\/blog\/author\/admin\/"}]}},"jetpack_featured_media_url":"","jetpack_sharing_enabled":true,"jetpack_shortlink":"https:\/\/wp.me\/pe6lTn-a3i","_links":{"self":[{"href":"https:\/\/www.visit-ulcinj.com\/blog\/wp-json\/wp\/v2\/posts\/38644"}],"collection":[{"href":"https:\/\/www.visit-ulcinj.com\/blog\/wp-json\/wp\/v2\/posts"}],"about":[{"href":"https:\/\/www.visit-ulcinj.com\/blog\/wp-json\/wp\/v2\/types\/post"}],"author":[{"embeddable":true,"href":"https:\/\/www.visit-ulcinj.com\/blog\/wp-json\/wp\/v2\/users\/1"}],"replies":[{"embeddable":true,"href":"https:\/\/www.visit-ulcinj.com\/blog\/wp-json\/wp\/v2\/comments?post=38644"}],"version-history":[{"count":0,"href":"https:\/\/www.visit-ulcinj.com\/blog\/wp-json\/wp\/v2\/posts\/38644\/revisions"}],"wp:attachment":[{"href":"https:\/\/www.visit-ulcinj.com\/blog\/wp-json\/wp\/v2\/media?parent=38644"}],"wp:term":[{"taxonomy":"category","embeddable":true,"href":"https:\/\/www.visit-ulcinj.com\/blog\/wp-json\/wp\/v2\/categories?post=38644"},{"taxonomy":"post_tag","embeddable":true,"href":"https:\/\/www.visit-ulcinj.com\/blog\/wp-json\/wp\/v2\/tags?post=38644"}],"curies":[{"name":"wp","href":"https:\/\/api.w.org\/{rel}","templated":true}]}}