{"id":38647,"date":"2010-10-19T00:28:54","date_gmt":"2010-10-18T22:28:54","guid":{"rendered":"http:\/\/www.visit-ulcinj.com\/blog\/?p=38647"},"modified":"2010-10-19T00:28:54","modified_gmt":"2010-10-18T22:28:54","slug":"dilemat-e-gabuara-nga-xhemal-peroviq","status":"publish","type":"post","link":"https:\/\/www.visit-ulcinj.com\/blog\/2010\/10\/19\/dilemat-e-gabuara-nga-xhemal-peroviq\/","title":{"rendered":"Dilemat e gabuara nga Xhemal Peroviq"},"content":{"rendered":"<p><a href=\"http:\/\/www.visit-ulcinj.com\/blog\/wp-content\/uploads\/2010\/10\/xhemal-peroviq.jpg\"><img loading=\"lazy\" class=\"alignleft size-full wp-image-38648\" title=\"xhemal peroviq\" src=\"http:\/\/www.visit-ulcinj.com\/blog\/wp-content\/uploads\/2010\/10\/xhemal-peroviq.jpg\" alt=\"\" width=\"201\" height=\"320\" srcset=\"https:\/\/www.visit-ulcinj.com\/blog\/wp-content\/uploads\/2010\/10\/xhemal-peroviq.jpg 201w, https:\/\/www.visit-ulcinj.com\/blog\/wp-content\/uploads\/2010\/10\/xhemal-peroviq-188x300.jpg 188w\" sizes=\"(max-width: 201px) 100vw, 201px\" \/><\/a>Brenda komunitetit mysliman shqiptar\u00a0shpesh zhvillohet debati rreth q\u00ebndrimit q\u00eb\u00a0pretendon se pjes\u00ebmarrja politike e nj\u00eb myslimani\u00a0t\u00eb devotsh\u00ebm si votues apo si kandidat\u00a0n\u00eb zgjedhje shkon ndesh me besimin islam.\u00a0Ky q\u00ebndrim \u00ebsht\u00eb plot\u00ebsisht i gabuar dhe nuk\u00a0ka baza n\u00eb parimet e islamit. Ky q\u00ebndrim m\u00eb\u00a0sjell nd\u00ebr mend th\u00ebnien e famshme t\u00eb nj\u00ebrit\u00a0nd\u00ebr filozof\u00ebt m\u00eb t\u00eb m\u00ebdhenj politik,\u00a0Edmund Burke, q\u00eb thot se p\u00ebr t\u00eb b\u00ebr\u00eb t\u00eb\u00a0mundur q\u00eb e keqja t\u00eb fitoj\u00eb, mjafton q\u00eb t\u00eb\u00a0b\u00ebhet e mundur q\u00eb njer\u00ebzit e mir\u00eb t\u00eb mos\u00a0b\u00ebjn\u00eb asgj\u00eb. Kjo shprehje e Burke tregon\u00a0qart\u00eb se sa i gabuar \u00ebsht\u00eb mendimi q\u00eb besimtar\u00ebt\u00a0e mir\u00eb t\u00eb mos angazhohen, t\u00eb mos votojn\u00eb,\u00a0por ta l\u00ebn\u00eb shoq\u00ebrin\u00eb n\u00eb dor\u00ebn e atyre\u00a0jobesimtar\u00ebve q\u00eb nuk jan\u00eb t\u00eb frym\u00ebzuar nga\u00a0parimet e ligjet hyjnore sikurse jan\u00eb besimtar\u00ebt\u00a0e devotsh\u00ebm.\u00a0Kurani fam\u00ebmadh u thot\u00eb qart\u00eb besimtar\u00ebve\u00a0\u201c&#8230; urdh\u00ebroni n\u00eb t\u00eb mir\u00eb dhe ndaloni nga e\u00a0keqja&#8230;\u201d(Ali-\u2019Imr\u00e2n, 110), dhe t\u00eb mos\u00a0mjaftohen vet\u00ebm me fjal\u00eb e lutje por t\u00eb nd\u00ebrmarrin\u00a0edhe veprime konkrete. Mesazhi i\u00a0islamit \u00ebsht\u00eb gjith\u00ebp\u00ebrfshir\u00ebs dhe shtrihet n\u00eb\u00a0t\u00eb gjitha aspektet e jet\u00ebs, prandaj \u00ebsht\u00eb e\u00a0nevojshme q\u00eb z\u00ebri i besimtarit t\u00eb d\u00ebgjohet\u00a0edhe n\u00eb politik\u00eb, duke i dh\u00ebn\u00eb asaj sa m\u00eb\u00a0shum\u00eb nga parimet e islamit, si p\u00ebr shembull\u00a0nj\u00eb nivel m\u00eb t\u00eb lart\u00eb t\u00eb drejt\u00ebsis\u00eb, mbrojtje\u00a0p\u00ebr t\u00eb dob\u00ebtit dhe t\u00eb varfrit, apo parimet\u00a0morale n\u00eb familje, etj. \u00cbsht\u00eb detyr\u00eb e besimtar\u00ebve\u00a0t\u00eb devotsh\u00ebm q\u00eb t\u00eb mb\u00ebshtesin vet\u00ebm\u00a0zyrtar\u00ebt publik\u00eb q\u00eb d\u00ebshmojn\u00eb se jan\u00eb t\u00eb\u00a0besuesh\u00ebm, t\u00eb ndersh\u00ebm, t\u00eb dijsh\u00ebm dhe t\u00eb\u00a0dobish\u00ebm p\u00ebr shoq\u00ebrin\u00eb.\u00a0Gjithashtu \u00ebsht\u00eb detyr\u00eb e besimtar\u00ebve t\u00eb zellsh\u00ebm\u00a0q\u00eb t\u00eb dalin n\u00eb zgjedhje p\u00ebr t\u00eb votuar\u00a0kund\u00ebr atyre zyrtar\u00ebve q\u00eb jan\u00eb t\u00eb d\u00ebmsh\u00ebm\u00a0p\u00ebr shoq\u00ebrin\u00eb. Kjo do t\u00eb thot\u00eb q\u00eb\u00a0besimtari i mir\u00eb e ka p\u00ebr detyr\u00eb\u00a0q\u00eb t\u00eb ndihmoj\u00eb t\u00eb zgjidhen e t\u00eb\u00a0vijn\u00eb n\u00eb pushtet ata q\u00eb kan\u00eb\u00a0p\u00ebrqafuar vlera si liria, barazia,\u00a0ndershm\u00ebria dhe duhet t\u00eb\u00a0angazhohen politikisht p\u00ebr t\u00eb\u00a0realizuar ato objektiva q\u00eb jan\u00eb t\u00eb\u00a0shtrenjta sipas prioritetit; dje &#8211;\u00a0angazhimi kund\u00ebr urrejtjes,\u00a0v\u00ebllavrasjes, krimeve,..,sotkund\u00ebr\u00a0padrejt\u00ebsis\u00eb, korrupsionit,\u00a0varf\u00ebris\u00eb &#8230;; nes\u00ebr- p\u00ebr prosperitet\u00a0ekonomik, arsim, kultur\u00eb&#8230;!\u00a0Nj\u00eb besimtar i mir\u00eb nuk rri\u00a0duarkryq kur situata \u00ebsht\u00eb shum\u00eb\u00a0negative dhe gjendja ekonomike\u00a0dhe sociale \u00ebsht\u00eb pran\u00eb shkat\u00ebrrimit\u00a0sepse Allahu thot\u00eb: \u201cMos\u00a0prishni rendin n\u00eb tok\u00eb\u201d (El-\u00a0Bekare 11,12). Prandaj gjithmon\u00eb\u00a0duhet t\u00eb inkurajojm\u00eb iden\u00eb e\u00a0pjes\u00ebmarrjes n\u00eb jet\u00ebn politike\u00a0demokratike t\u00eb besimtar\u00ebve,\u00a0sepse nj\u00eb musliman i v\u00ebrtet\u00eb e ka\u00a0p\u00ebr detyr\u00eb fetare dhe qytetare q\u00eb t\u00eb p\u00ebrpiqet\u00a0t\u00eb \u00e7oj\u00eb shoq\u00ebrin\u00eb p\u00ebrpara drejt idealeve t\u00eb\u00a0drejt\u00ebsis\u00eb, ndershm\u00ebris\u00eb, barazis\u00eb dhe\u00a0m\u00ebshir\u00ebs. Pra, angazhimi n\u00eb votime dhe kandidimi\u00a0n\u00eb zgjedhje \u00ebsht\u00eb nj\u00eb nd\u00ebr format m\u00eb\u00a0efikase p\u00ebr t\u00eb p\u00ebrmbushur k\u00ebt\u00eb detyr\u00eb fetare.\u00a0Ka besimtar\u00eb musliman q\u00eb gabimisht mendojn\u00eb\u00a0se besimtar\u00ebt duhet t\u00eb izolohen dhe t\u00eb\u00a0mos bashk\u00ebpunojn\u00eb me njer\u00ebz t\u00eb besimeve\u00a0tjera. Dihet se Pejgamberi a.s. n\u00eb shtetin e tij\u00a0n\u00eb Medine bashk\u00ebjetonte dhe bashk\u00ebpunonte\u00a0me besimtar\u00eb t\u00eb krishter\u00eb dhe hebrej. Profeti\u00a0Jusuf gjithashtu jetonte n\u00eb nj\u00eb vend jo-musliman\u00a0dhe vendosi t\u00eb b\u00ebhej, me bekimin e\u00a0Per\u00ebndis\u00eb, minist\u00ebr i financave n\u00eb Egjipt\u00a0(Sure Jusuf 12:55,56). Ai pranoi t\u00eb p\u00ebrfshihej\u00a0n\u00eb jet\u00ebn politike t\u00eb nj\u00eb vendi ku nuk mbizot\u00ebronin\u00a0ligjet e Allahut vet\u00ebm e vet\u00ebm p\u00ebr\u00a0t\u00eb mir\u00ebn e p\u00ebrgjithshme. Musliman\u00ebt n\u00eb fakt,\u00a0si\u00e7 tregon rasti i pejgamberit Jusuf, jan\u00eb t\u00eb\u00a0mandatuar nga Kurani q\u00eb t\u00eb bashk\u00ebpunojn\u00eb\u00a0me k\u00ebdo tjet\u00ebr p\u00ebr t\u00eb mir\u00ebn e p\u00ebrbashk\u00ebt. Por\u00a0si u b\u00eb p\u00ebrzgjedhja e Jusufit? \u201c Si: \u201c&#8230; besnik\u00a0i dijsh\u00ebm&#8230;\u201d (Jusuf :55) . Ky \u00ebsht\u00eb p\u00ebrshkrimi\u00a0m\u00eb i sakt\u00eb i atij q\u00eb meriton besimin dhe\u00a0vot\u00ebn. Dhe pik\u00ebrisht me k\u00ebt\u00eb radhitje, m\u00eb s\u00eb\u00a0pari besnik dhe pastaj i dijsh\u00ebm. Sepse n\u00eb\u00a0politik\u00eb merren vendime q\u00eb kan\u00eb r\u00ebnd\u00ebsi dhe\u00a0pasoja p\u00ebr jet\u00ebn e njeriut dhe komunitetin.\u00a0Me pjes\u00ebmarrjen n\u00eb politik\u00eb, besimtar\u00ebt e\u00a0zellsh\u00ebm musliman jo vet\u00ebm q\u00eb p\u00ebrmir\u00ebsojn\u00eb\u00a0bot\u00ebn ku jetojn\u00eb por mund t&#8217;u garantojn\u00eb nj\u00eb\u00a0realitet m\u00eb t\u00eb mir\u00eb dhe t\u00eb lumtur v\u00ebllez\u00ebrve e\u00a0motrave t\u00eb tjer\u00eb musliman. Duke votuar ose\u00a0duke u kandiduar mysliman\u00ebt, si \u00e7do komunitet\u00a0tjet\u00ebr, mund t\u00eb fitojn\u00eb ndikim ndaj politikan\u00ebve\u00a0dhe pushtetit dhe mund t\u00eb sigurojn\u00eb\u00a0mir\u00ebqenie p\u00ebr komunitetin e vet.\u00a0K\u00ebshtu p\u00ebr shembull n\u00ebse problemet aktuale\u00a0t\u00eb komunitetit mysliman sot jan\u00eb: kthimi i\u00a0pronave t\u00eb uzurpuara nga ish pushteti komunist,\u00a0pranimi i diplomave t\u00eb medreses, mbrojtja\u00a0dhe rind\u00ebrtimi i xhamive, ndalimi i ndonj\u00eb\u00a0padrejt\u00ebsie apo imoraliteti etj. z\u00ebri i besimtar\u00ebve\u00a0ka p\u00ebr t&#8217;u d\u00ebgjuar e p\u00ebr t&#8217;u marr\u00eb n\u00eb\u00a0konsiderat\u00eb m\u00eb shum\u00eb kur politikan\u00ebt e din\u00eb\u00a0se musliman\u00ebt votojn\u00eb e p\u00ebr rrjedhoj\u00eb mund\u00a0t&#8217;i nd\u00ebshkojn\u00eb apo shp\u00ebrblejn\u00eb me vot\u00ebn e\u00a0tyre. Dhe e kund\u00ebrta, n\u00ebse ata e din\u00eb q\u00eb besimtar\u00ebt\u00a0e v\u00ebrtet\u00eb nuk marrin pjes\u00eb fare n\u00eb\u00a0votime at\u00ebher\u00eb ata kan\u00eb p\u00ebr ti injoruar apo\u00a0shp\u00ebrfillur interesat dhe nevojat tyre.\u00a0Nj\u00eb nd\u00ebr detyrat kryesore t\u00eb \u00e7do muslimani,\u00a0\u00ebsht\u00eb q\u00eb t\u00eb jet\u00eb shembull dhe me vepra t\u00eb\u00a0mira t\u00eb paraqes\u00eb dhe promovoj\u00eb nj\u00eb imazh t\u00eb\u00a0mir\u00eb t\u00eb fes\u00eb islame.\u00a0Allahu n\u00eb suren EL ASR betohet:\u00a0\u201cPasha koh\u00ebn, \u00e7do njeri \u00ebsht\u00eb n\u00eb humbje t\u00eb\u00a0sigurt, p\u00ebrve\u00e7 atyre q\u00eb besuan, q\u00eb b\u00ebn\u00eb vepra\u00a0t\u00eb mira, q\u00eb porosit\u00ebn njeri tjetrin t\u2019i p\u00ebrmbahen\u00a0t\u00eb v\u00ebrtet\u00ebs dhe q\u00eb k\u00ebshilluan nj\u00ebri-tjetrin\u00a0t\u00eb jen\u00eb t\u00eb duruesh\u00ebm (tolerant)\u201d.\u00a0Pra muslimani i mir\u00eb duhet t\u00eb jet\u00eb i dobish\u00ebm\u00a0p\u00ebr komunitetin, i gatsh\u00ebm q\u00eb publikisht t\u00eb\u00a0kritikojn\u00eb t\u00eb keqen dhe t\u00eb lavd\u00ebroj\u00eb t\u00eb mir\u00ebn,\u00a0t\u00eb jet\u00eb aktiv n\u00eb \u00e7\u00ebshtjet jetike t\u00eb komunitetit,\u00a0dmth. t\u00eb jet\u00eb i duksh\u00ebm n\u00eb jet\u00ebn politike.<\/p>\n<p><strong><em>(autori \u00ebsht\u00eb p\u00ebrfaq\u00ebsues i OJQ-ve n\u00eb Ulqin)<\/em><\/strong><\/p>\n<p><strong>Xhemal Peroviq<br \/>\nKoha Javore<\/strong><\/p>\n","protected":false},"excerpt":{"rendered":"<p>Brenda komunitetit mysliman shqiptar\u00a0shpesh zhvillohet debati rreth q\u00ebndrimit q\u00eb\u00a0pretendon se pjes\u00ebmarrja politike e nj\u00eb myslimani\u00a0t\u00eb devotsh\u00ebm si votues apo si kandidat\u00a0n\u00eb zgjedhje shkon ndesh me besimin islam.\u00a0Ky q\u00ebndrim \u00ebsht\u00eb plot\u00ebsisht i gabuar dhe nuk\u00a0ka baza n\u00eb parimet e islamit. Ky q\u00ebndrim m\u00eb\u00a0sjell nd\u00ebr mend th\u00ebnien e famshme t\u00eb nj\u00ebrit\u00a0nd\u00ebr filozof\u00ebt m\u00eb t\u00eb m\u00ebdhenj politik,\u00a0Edmund Burke, [&hellip;]<\/p>\n","protected":false},"author":1,"featured_media":0,"comment_status":"open","ping_status":"closed","sticky":false,"template":"","format":"standard","meta":{"spay_email":"","jetpack_publicize_message":"","jetpack_is_tweetstorm":false,"jetpack_publicize_feature_enabled":true},"categories":[14249],"tags":[200,18,4265],"jetpack_publicize_connections":[],"yoast_head":"<!-- This site is optimized with the Yoast SEO plugin v19.1 - https:\/\/yoast.com\/wordpress\/plugins\/seo\/ -->\n<title>Dilemat e gabuara nga Xhemal Peroviq - Lajme nga Ulqini<\/title>\n<meta name=\"description\" content=\"Brenda komunitetit mysliman shqiptar\u00a0shpesh zhvillohet debati rreth q\u00ebndrimit q\u00eb\u00a0pretendon se pjes\u00ebmarrja politike e nj\u00eb myslimani\u00a0t\u00eb devotsh\u00ebm si votues\" \/>\n<meta name=\"robots\" content=\"index, follow, max-snippet:-1, max-image-preview:large, max-video-preview:-1\" \/>\n<link rel=\"canonical\" href=\"https:\/\/www.visit-ulcinj.com\/blog\/2010\/10\/19\/dilemat-e-gabuara-nga-xhemal-peroviq\/\" \/>\n<meta property=\"og:locale\" content=\"en_US\" \/>\n<meta property=\"og:type\" content=\"article\" \/>\n<meta property=\"og:title\" content=\"Dilemat e gabuara nga Xhemal Peroviq - Lajme nga Ulqini\" \/>\n<meta property=\"og:description\" content=\"Brenda komunitetit mysliman shqiptar\u00a0shpesh zhvillohet debati rreth q\u00ebndrimit q\u00eb\u00a0pretendon se pjes\u00ebmarrja politike e nj\u00eb myslimani\u00a0t\u00eb devotsh\u00ebm si votues\" \/>\n<meta property=\"og:url\" content=\"https:\/\/www.visit-ulcinj.com\/blog\/2010\/10\/19\/dilemat-e-gabuara-nga-xhemal-peroviq\/\" \/>\n<meta property=\"og:site_name\" content=\"Lajme nga Ulqini\" \/>\n<meta property=\"article:published_time\" content=\"2010-10-18T22:28:54+00:00\" \/>\n<meta property=\"og:image\" content=\"http:\/\/www.visit-ulcinj.com\/blog\/wp-content\/uploads\/2010\/10\/xhemal-peroviq.jpg\" \/>\n<meta name=\"twitter:label1\" content=\"Written by\" \/>\n\t<meta name=\"twitter:data1\" content=\"ulqini\" \/>\n\t<meta name=\"twitter:label2\" content=\"Est. reading time\" \/>\n\t<meta name=\"twitter:data2\" content=\"5 minutes\" \/>\n<script type=\"application\/ld+json\" class=\"yoast-schema-graph\">{\"@context\":\"https:\/\/schema.org\",\"@graph\":[{\"@type\":\"WebSite\",\"@id\":\"https:\/\/www.visit-ulcinj.com\/blog\/#website\",\"url\":\"https:\/\/www.visit-ulcinj.com\/blog\/\",\"name\":\"Lajme nga Ulqini\",\"description\":\"Lajme,Vijesti,Ulqini,Ulqin,Crna Gora,Mali i Zi\",\"potentialAction\":[{\"@type\":\"SearchAction\",\"target\":{\"@type\":\"EntryPoint\",\"urlTemplate\":\"https:\/\/www.visit-ulcinj.com\/blog\/?s={search_term_string}\"},\"query-input\":\"required name=search_term_string\"}],\"inLanguage\":\"en-US\"},{\"@type\":\"ImageObject\",\"inLanguage\":\"en-US\",\"@id\":\"https:\/\/www.visit-ulcinj.com\/blog\/2010\/10\/19\/dilemat-e-gabuara-nga-xhemal-peroviq\/#primaryimage\",\"url\":\"https:\/\/www.visit-ulcinj.com\/blog\/wp-content\/uploads\/2010\/10\/xhemal-peroviq.jpg\",\"contentUrl\":\"https:\/\/www.visit-ulcinj.com\/blog\/wp-content\/uploads\/2010\/10\/xhemal-peroviq.jpg\",\"width\":\"201\",\"height\":\"320\"},{\"@type\":\"WebPage\",\"@id\":\"https:\/\/www.visit-ulcinj.com\/blog\/2010\/10\/19\/dilemat-e-gabuara-nga-xhemal-peroviq\/#webpage\",\"url\":\"https:\/\/www.visit-ulcinj.com\/blog\/2010\/10\/19\/dilemat-e-gabuara-nga-xhemal-peroviq\/\",\"name\":\"Dilemat e gabuara nga Xhemal Peroviq - Lajme nga Ulqini\",\"isPartOf\":{\"@id\":\"https:\/\/www.visit-ulcinj.com\/blog\/#website\"},\"primaryImageOfPage\":{\"@id\":\"https:\/\/www.visit-ulcinj.com\/blog\/2010\/10\/19\/dilemat-e-gabuara-nga-xhemal-peroviq\/#primaryimage\"},\"datePublished\":\"2010-10-18T22:28:54+00:00\",\"dateModified\":\"2010-10-18T22:28:54+00:00\",\"author\":{\"@id\":\"https:\/\/www.visit-ulcinj.com\/blog\/#\/schema\/person\/dcab619c614d3038751c63bc2aadc06d\"},\"description\":\"Brenda komunitetit mysliman shqiptar\u00a0shpesh zhvillohet debati rreth q\u00ebndrimit q\u00eb\u00a0pretendon se pjes\u00ebmarrja politike e nj\u00eb myslimani\u00a0t\u00eb devotsh\u00ebm si votues\",\"breadcrumb\":{\"@id\":\"https:\/\/www.visit-ulcinj.com\/blog\/2010\/10\/19\/dilemat-e-gabuara-nga-xhemal-peroviq\/#breadcrumb\"},\"inLanguage\":\"en-US\",\"potentialAction\":[{\"@type\":\"ReadAction\",\"target\":[\"https:\/\/www.visit-ulcinj.com\/blog\/2010\/10\/19\/dilemat-e-gabuara-nga-xhemal-peroviq\/\"]}]},{\"@type\":\"BreadcrumbList\",\"@id\":\"https:\/\/www.visit-ulcinj.com\/blog\/2010\/10\/19\/dilemat-e-gabuara-nga-xhemal-peroviq\/#breadcrumb\",\"itemListElement\":[{\"@type\":\"ListItem\",\"position\":1,\"name\":\"Dilemat e gabuara nga Xhemal Peroviq\"}]},{\"@type\":\"Person\",\"@id\":\"https:\/\/www.visit-ulcinj.com\/blog\/#\/schema\/person\/dcab619c614d3038751c63bc2aadc06d\",\"name\":\"ulqini\",\"sameAs\":[\"http:\/\/www.visit-ulcinj.com\"],\"url\":\"https:\/\/www.visit-ulcinj.com\/blog\/author\/admin\/\"}]}<\/script>\n<!-- \/ Yoast SEO plugin. -->","yoast_head_json":{"title":"Dilemat e gabuara nga Xhemal Peroviq - Lajme nga Ulqini","description":"Brenda komunitetit mysliman shqiptar\u00a0shpesh zhvillohet debati rreth q\u00ebndrimit q\u00eb\u00a0pretendon se pjes\u00ebmarrja politike e nj\u00eb myslimani\u00a0t\u00eb devotsh\u00ebm si votues","robots":{"index":"index","follow":"follow","max-snippet":"max-snippet:-1","max-image-preview":"max-image-preview:large","max-video-preview":"max-video-preview:-1"},"canonical":"https:\/\/www.visit-ulcinj.com\/blog\/2010\/10\/19\/dilemat-e-gabuara-nga-xhemal-peroviq\/","og_locale":"en_US","og_type":"article","og_title":"Dilemat e gabuara nga Xhemal Peroviq - Lajme nga Ulqini","og_description":"Brenda komunitetit mysliman shqiptar\u00a0shpesh zhvillohet debati rreth q\u00ebndrimit q\u00eb\u00a0pretendon se pjes\u00ebmarrja politike e nj\u00eb myslimani\u00a0t\u00eb devotsh\u00ebm si votues","og_url":"https:\/\/www.visit-ulcinj.com\/blog\/2010\/10\/19\/dilemat-e-gabuara-nga-xhemal-peroviq\/","og_site_name":"Lajme nga Ulqini","article_published_time":"2010-10-18T22:28:54+00:00","og_image":[{"url":"http:\/\/www.visit-ulcinj.com\/blog\/wp-content\/uploads\/2010\/10\/xhemal-peroviq.jpg"}],"twitter_misc":{"Written by":"ulqini","Est. reading time":"5 minutes"},"schema":{"@context":"https:\/\/schema.org","@graph":[{"@type":"WebSite","@id":"https:\/\/www.visit-ulcinj.com\/blog\/#website","url":"https:\/\/www.visit-ulcinj.com\/blog\/","name":"Lajme nga Ulqini","description":"Lajme,Vijesti,Ulqini,Ulqin,Crna Gora,Mali i Zi","potentialAction":[{"@type":"SearchAction","target":{"@type":"EntryPoint","urlTemplate":"https:\/\/www.visit-ulcinj.com\/blog\/?s={search_term_string}"},"query-input":"required name=search_term_string"}],"inLanguage":"en-US"},{"@type":"ImageObject","inLanguage":"en-US","@id":"https:\/\/www.visit-ulcinj.com\/blog\/2010\/10\/19\/dilemat-e-gabuara-nga-xhemal-peroviq\/#primaryimage","url":"https:\/\/www.visit-ulcinj.com\/blog\/wp-content\/uploads\/2010\/10\/xhemal-peroviq.jpg","contentUrl":"https:\/\/www.visit-ulcinj.com\/blog\/wp-content\/uploads\/2010\/10\/xhemal-peroviq.jpg","width":"201","height":"320"},{"@type":"WebPage","@id":"https:\/\/www.visit-ulcinj.com\/blog\/2010\/10\/19\/dilemat-e-gabuara-nga-xhemal-peroviq\/#webpage","url":"https:\/\/www.visit-ulcinj.com\/blog\/2010\/10\/19\/dilemat-e-gabuara-nga-xhemal-peroviq\/","name":"Dilemat e gabuara nga Xhemal Peroviq - Lajme nga Ulqini","isPartOf":{"@id":"https:\/\/www.visit-ulcinj.com\/blog\/#website"},"primaryImageOfPage":{"@id":"https:\/\/www.visit-ulcinj.com\/blog\/2010\/10\/19\/dilemat-e-gabuara-nga-xhemal-peroviq\/#primaryimage"},"datePublished":"2010-10-18T22:28:54+00:00","dateModified":"2010-10-18T22:28:54+00:00","author":{"@id":"https:\/\/www.visit-ulcinj.com\/blog\/#\/schema\/person\/dcab619c614d3038751c63bc2aadc06d"},"description":"Brenda komunitetit mysliman shqiptar\u00a0shpesh zhvillohet debati rreth q\u00ebndrimit q\u00eb\u00a0pretendon se pjes\u00ebmarrja politike e nj\u00eb myslimani\u00a0t\u00eb devotsh\u00ebm si votues","breadcrumb":{"@id":"https:\/\/www.visit-ulcinj.com\/blog\/2010\/10\/19\/dilemat-e-gabuara-nga-xhemal-peroviq\/#breadcrumb"},"inLanguage":"en-US","potentialAction":[{"@type":"ReadAction","target":["https:\/\/www.visit-ulcinj.com\/blog\/2010\/10\/19\/dilemat-e-gabuara-nga-xhemal-peroviq\/"]}]},{"@type":"BreadcrumbList","@id":"https:\/\/www.visit-ulcinj.com\/blog\/2010\/10\/19\/dilemat-e-gabuara-nga-xhemal-peroviq\/#breadcrumb","itemListElement":[{"@type":"ListItem","position":1,"name":"Dilemat e gabuara nga Xhemal Peroviq"}]},{"@type":"Person","@id":"https:\/\/www.visit-ulcinj.com\/blog\/#\/schema\/person\/dcab619c614d3038751c63bc2aadc06d","name":"ulqini","sameAs":["http:\/\/www.visit-ulcinj.com"],"url":"https:\/\/www.visit-ulcinj.com\/blog\/author\/admin\/"}]}},"jetpack_featured_media_url":"","jetpack_sharing_enabled":true,"jetpack_shortlink":"https:\/\/wp.me\/pe6lTn-a3l","_links":{"self":[{"href":"https:\/\/www.visit-ulcinj.com\/blog\/wp-json\/wp\/v2\/posts\/38647"}],"collection":[{"href":"https:\/\/www.visit-ulcinj.com\/blog\/wp-json\/wp\/v2\/posts"}],"about":[{"href":"https:\/\/www.visit-ulcinj.com\/blog\/wp-json\/wp\/v2\/types\/post"}],"author":[{"embeddable":true,"href":"https:\/\/www.visit-ulcinj.com\/blog\/wp-json\/wp\/v2\/users\/1"}],"replies":[{"embeddable":true,"href":"https:\/\/www.visit-ulcinj.com\/blog\/wp-json\/wp\/v2\/comments?post=38647"}],"version-history":[{"count":0,"href":"https:\/\/www.visit-ulcinj.com\/blog\/wp-json\/wp\/v2\/posts\/38647\/revisions"}],"wp:attachment":[{"href":"https:\/\/www.visit-ulcinj.com\/blog\/wp-json\/wp\/v2\/media?parent=38647"}],"wp:term":[{"taxonomy":"category","embeddable":true,"href":"https:\/\/www.visit-ulcinj.com\/blog\/wp-json\/wp\/v2\/categories?post=38647"},{"taxonomy":"post_tag","embeddable":true,"href":"https:\/\/www.visit-ulcinj.com\/blog\/wp-json\/wp\/v2\/tags?post=38647"}],"curies":[{"name":"wp","href":"https:\/\/api.w.org\/{rel}","templated":true}]}}