{"id":38655,"date":"2010-10-19T14:43:01","date_gmt":"2010-10-19T12:43:01","guid":{"rendered":"http:\/\/www.visit-ulcinj.com\/blog\/?p=38655"},"modified":"2010-10-19T14:43:01","modified_gmt":"2010-10-19T12:43:01","slug":"forca-trazi-da-se-utvrde-neregularnosti-izbora","status":"publish","type":"post","link":"https:\/\/www.visit-ulcinj.com\/blog\/2010\/10\/19\/forca-trazi-da-se-utvrde-neregularnosti-izbora\/","title":{"rendered":"FORCA tra\u017ei da se utvrde neregularnosti izbora"},"content":{"rendered":"<p><img loading=\"lazy\" class=\"alignleft\" title=\"Iz Force su ocijenili da je bilo neregularnosti \" src=\"http:\/\/www.visit-ulcinj.com\/blog\/wp-content\/uploads\/2008\/12\/nazif-cungu_dita-flamurit.jpg\" alt=\"\" width=\"490\" height=\"380\" \/>Nova demokratska snaga Forca pokrenu\u0107e utvr\u0111ivanje neregularnosti jer su, kako navode, prepoznali brojna kr\u0161enja tokom ju\u010dera\u0161njeg\u00a0 izbornog procesa u Ulcinju.<\/p>\n<p>\u201cNa\u017ealost, standardi posljednjih izbora su bili najni\u017ei do sada zabilje\u017eeni, daleko od standarda koje \u017eelimo izgraditi, \u010dime je doveden u pitanje proces izgradnje standarda za evroatlantske integracije na\u0161e dr\u017eave\u201d,saop\u0161tio je predsjednik te partije Nazif Cungu.<\/p>\n<p><strong>Iz Force su ocijenili da je bilo neregularnosti i tokom kampanje.<\/strong><\/p>\n<p>\u201cAktualna izvr\u0161na vlast Op\u0161tine\u00a0 trudila se tokom cijele izborne kampanje da nasilno zadr\u017ei fotelje manipuli\u0161u\u0107i glasovima, izvode\u0107i predizborne investicije, prete\u0107i zapo\u0161ljenima u javnom sektoru i vr\u0161e\u0107i zaposljvanje na partijskoj osnovi\u201d, naveo je Cungu u saop\u0161tenju.<\/p>\n<p>Prema njegovim rije\u010dima, nedostatak stranih i doma\u0107ih posmatra\u010da u monitorisanju izbornog procesa shva\u0107en je kao dozvola za manipulacije izbornog procesa.<\/p>\n<p>Forca \u0107e, kako su poru\u010dili, sara\u0111ivati sa civilnim sektorom i medijima u Crnoj Gori na rasvetljavanju svih prekr\u0161aja i zloupotreba koje su ra\u0111ene tokom kampanje i na dan izbora.<\/p>\n<p><a href=\"http:\/\/www.cafemontenegro.com\/index.php?group=23&amp;news=139552\" target=\"_blank\"><strong>CDM<\/strong><\/a><\/p>\n","protected":false},"excerpt":{"rendered":"<p>Nova demokratska snaga Forca pokrenu\u0107e utvr\u0111ivanje neregularnosti jer su, kako navode, prepoznali brojna kr\u0161enja tokom ju\u010dera\u0161njeg\u00a0 izbornog procesa u Ulcinju. \u201cNa\u017ealost, standardi posljednjih izbora su bili najni\u017ei do sada zabilje\u017eeni, daleko od standarda koje \u017eelimo izgraditi, \u010dime je doveden u pitanje proces izgradnje standarda za evroatlantske integracije na\u0161e dr\u017eave\u201d,saop\u0161tio je predsjednik te partije Nazif Cungu. [&hellip;]<\/p>\n","protected":false},"author":1,"featured_media":0,"comment_status":"open","ping_status":"closed","sticky":false,"template":"","format":"standard","meta":{"spay_email":"","jetpack_publicize_message":"","jetpack_is_tweetstorm":false,"jetpack_publicize_feature_enabled":true},"categories":[8337],"tags":[117,824],"jetpack_publicize_connections":[],"yoast_head":"<!-- This site is optimized with the Yoast SEO plugin v19.1 - https:\/\/yoast.com\/wordpress\/plugins\/seo\/ -->\n<title>FORCA tra\u017ei da se utvrde neregularnosti izbora - Lajme nga Ulqini<\/title>\n<meta name=\"description\" content=\"Nova demokratska snaga Forca pokrenu\u0107e utvr\u0111ivanje neregularnosti jer su, kako navode, prepoznali brojna kr\u0161enja tokom ju\u010dera\u0161njeg\u00a0 izbornog procesa u\" \/>\n<meta name=\"robots\" content=\"index, follow, max-snippet:-1, max-image-preview:large, max-video-preview:-1\" \/>\n<link rel=\"canonical\" href=\"https:\/\/www.visit-ulcinj.com\/blog\/2010\/10\/19\/forca-trazi-da-se-utvrde-neregularnosti-izbora\/\" \/>\n<meta property=\"og:locale\" content=\"en_US\" \/>\n<meta property=\"og:type\" content=\"article\" \/>\n<meta property=\"og:title\" content=\"FORCA tra\u017ei da se utvrde neregularnosti izbora - Lajme nga Ulqini\" \/>\n<meta property=\"og:description\" content=\"Nova demokratska snaga Forca pokrenu\u0107e utvr\u0111ivanje neregularnosti jer su, kako navode, prepoznali brojna kr\u0161enja tokom ju\u010dera\u0161njeg\u00a0 izbornog procesa u\" \/>\n<meta property=\"og:url\" content=\"https:\/\/www.visit-ulcinj.com\/blog\/2010\/10\/19\/forca-trazi-da-se-utvrde-neregularnosti-izbora\/\" \/>\n<meta property=\"og:site_name\" content=\"Lajme nga Ulqini\" \/>\n<meta property=\"article:published_time\" content=\"2010-10-19T12:43:01+00:00\" \/>\n<meta property=\"og:image\" content=\"http:\/\/www.visit-ulcinj.com\/blog\/wp-content\/uploads\/2008\/12\/nazif-cungu_dita-flamurit.jpg\" \/>\n<meta name=\"twitter:label1\" content=\"Written by\" \/>\n\t<meta name=\"twitter:data1\" content=\"ulqini\" \/>\n\t<meta name=\"twitter:label2\" content=\"Est. reading time\" \/>\n\t<meta name=\"twitter:data2\" content=\"1 minute\" \/>\n<script type=\"application\/ld+json\" class=\"yoast-schema-graph\">{\"@context\":\"https:\/\/schema.org\",\"@graph\":[{\"@type\":\"WebSite\",\"@id\":\"https:\/\/www.visit-ulcinj.com\/blog\/#website\",\"url\":\"https:\/\/www.visit-ulcinj.com\/blog\/\",\"name\":\"Lajme nga Ulqini\",\"description\":\"Lajme,Vijesti,Ulqini,Ulqin,Crna Gora,Mali i Zi\",\"potentialAction\":[{\"@type\":\"SearchAction\",\"target\":{\"@type\":\"EntryPoint\",\"urlTemplate\":\"https:\/\/www.visit-ulcinj.com\/blog\/?s={search_term_string}\"},\"query-input\":\"required name=search_term_string\"}],\"inLanguage\":\"en-US\"},{\"@type\":\"ImageObject\",\"inLanguage\":\"en-US\",\"@id\":\"https:\/\/www.visit-ulcinj.com\/blog\/2010\/10\/19\/forca-trazi-da-se-utvrde-neregularnosti-izbora\/#primaryimage\",\"url\":\"http:\/\/www.visit-ulcinj.com\/blog\/wp-content\/uploads\/2008\/12\/nazif-cungu_dita-flamurit.jpg\",\"contentUrl\":\"http:\/\/www.visit-ulcinj.com\/blog\/wp-content\/uploads\/2008\/12\/nazif-cungu_dita-flamurit.jpg\"},{\"@type\":\"WebPage\",\"@id\":\"https:\/\/www.visit-ulcinj.com\/blog\/2010\/10\/19\/forca-trazi-da-se-utvrde-neregularnosti-izbora\/#webpage\",\"url\":\"https:\/\/www.visit-ulcinj.com\/blog\/2010\/10\/19\/forca-trazi-da-se-utvrde-neregularnosti-izbora\/\",\"name\":\"FORCA tra\u017ei da se utvrde neregularnosti izbora - Lajme nga Ulqini\",\"isPartOf\":{\"@id\":\"https:\/\/www.visit-ulcinj.com\/blog\/#website\"},\"primaryImageOfPage\":{\"@id\":\"https:\/\/www.visit-ulcinj.com\/blog\/2010\/10\/19\/forca-trazi-da-se-utvrde-neregularnosti-izbora\/#primaryimage\"},\"datePublished\":\"2010-10-19T12:43:01+00:00\",\"dateModified\":\"2010-10-19T12:43:01+00:00\",\"author\":{\"@id\":\"https:\/\/www.visit-ulcinj.com\/blog\/#\/schema\/person\/dcab619c614d3038751c63bc2aadc06d\"},\"description\":\"Nova demokratska snaga Forca pokrenu\u0107e utvr\u0111ivanje neregularnosti jer su, kako navode, prepoznali brojna kr\u0161enja tokom ju\u010dera\u0161njeg\u00a0 izbornog procesa u\",\"breadcrumb\":{\"@id\":\"https:\/\/www.visit-ulcinj.com\/blog\/2010\/10\/19\/forca-trazi-da-se-utvrde-neregularnosti-izbora\/#breadcrumb\"},\"inLanguage\":\"en-US\",\"potentialAction\":[{\"@type\":\"ReadAction\",\"target\":[\"https:\/\/www.visit-ulcinj.com\/blog\/2010\/10\/19\/forca-trazi-da-se-utvrde-neregularnosti-izbora\/\"]}]},{\"@type\":\"BreadcrumbList\",\"@id\":\"https:\/\/www.visit-ulcinj.com\/blog\/2010\/10\/19\/forca-trazi-da-se-utvrde-neregularnosti-izbora\/#breadcrumb\",\"itemListElement\":[{\"@type\":\"ListItem\",\"position\":1,\"name\":\"FORCA tra\u017ei da se utvrde neregularnosti izbora\"}]},{\"@type\":\"Person\",\"@id\":\"https:\/\/www.visit-ulcinj.com\/blog\/#\/schema\/person\/dcab619c614d3038751c63bc2aadc06d\",\"name\":\"ulqini\",\"sameAs\":[\"http:\/\/www.visit-ulcinj.com\"],\"url\":\"https:\/\/www.visit-ulcinj.com\/blog\/author\/admin\/\"}]}<\/script>\n<!-- \/ Yoast SEO plugin. -->","yoast_head_json":{"title":"FORCA tra\u017ei da se utvrde neregularnosti izbora - Lajme nga Ulqini","description":"Nova demokratska snaga Forca pokrenu\u0107e utvr\u0111ivanje neregularnosti jer su, kako navode, prepoznali brojna kr\u0161enja tokom ju\u010dera\u0161njeg\u00a0 izbornog procesa u","robots":{"index":"index","follow":"follow","max-snippet":"max-snippet:-1","max-image-preview":"max-image-preview:large","max-video-preview":"max-video-preview:-1"},"canonical":"https:\/\/www.visit-ulcinj.com\/blog\/2010\/10\/19\/forca-trazi-da-se-utvrde-neregularnosti-izbora\/","og_locale":"en_US","og_type":"article","og_title":"FORCA tra\u017ei da se utvrde neregularnosti izbora - Lajme nga Ulqini","og_description":"Nova demokratska snaga Forca pokrenu\u0107e utvr\u0111ivanje neregularnosti jer su, kako navode, prepoznali brojna kr\u0161enja tokom ju\u010dera\u0161njeg\u00a0 izbornog procesa u","og_url":"https:\/\/www.visit-ulcinj.com\/blog\/2010\/10\/19\/forca-trazi-da-se-utvrde-neregularnosti-izbora\/","og_site_name":"Lajme nga Ulqini","article_published_time":"2010-10-19T12:43:01+00:00","og_image":[{"url":"http:\/\/www.visit-ulcinj.com\/blog\/wp-content\/uploads\/2008\/12\/nazif-cungu_dita-flamurit.jpg"}],"twitter_misc":{"Written by":"ulqini","Est. reading time":"1 minute"},"schema":{"@context":"https:\/\/schema.org","@graph":[{"@type":"WebSite","@id":"https:\/\/www.visit-ulcinj.com\/blog\/#website","url":"https:\/\/www.visit-ulcinj.com\/blog\/","name":"Lajme nga Ulqini","description":"Lajme,Vijesti,Ulqini,Ulqin,Crna Gora,Mali i Zi","potentialAction":[{"@type":"SearchAction","target":{"@type":"EntryPoint","urlTemplate":"https:\/\/www.visit-ulcinj.com\/blog\/?s={search_term_string}"},"query-input":"required name=search_term_string"}],"inLanguage":"en-US"},{"@type":"ImageObject","inLanguage":"en-US","@id":"https:\/\/www.visit-ulcinj.com\/blog\/2010\/10\/19\/forca-trazi-da-se-utvrde-neregularnosti-izbora\/#primaryimage","url":"http:\/\/www.visit-ulcinj.com\/blog\/wp-content\/uploads\/2008\/12\/nazif-cungu_dita-flamurit.jpg","contentUrl":"http:\/\/www.visit-ulcinj.com\/blog\/wp-content\/uploads\/2008\/12\/nazif-cungu_dita-flamurit.jpg"},{"@type":"WebPage","@id":"https:\/\/www.visit-ulcinj.com\/blog\/2010\/10\/19\/forca-trazi-da-se-utvrde-neregularnosti-izbora\/#webpage","url":"https:\/\/www.visit-ulcinj.com\/blog\/2010\/10\/19\/forca-trazi-da-se-utvrde-neregularnosti-izbora\/","name":"FORCA tra\u017ei da se utvrde neregularnosti izbora - Lajme nga Ulqini","isPartOf":{"@id":"https:\/\/www.visit-ulcinj.com\/blog\/#website"},"primaryImageOfPage":{"@id":"https:\/\/www.visit-ulcinj.com\/blog\/2010\/10\/19\/forca-trazi-da-se-utvrde-neregularnosti-izbora\/#primaryimage"},"datePublished":"2010-10-19T12:43:01+00:00","dateModified":"2010-10-19T12:43:01+00:00","author":{"@id":"https:\/\/www.visit-ulcinj.com\/blog\/#\/schema\/person\/dcab619c614d3038751c63bc2aadc06d"},"description":"Nova demokratska snaga Forca pokrenu\u0107e utvr\u0111ivanje neregularnosti jer su, kako navode, prepoznali brojna kr\u0161enja tokom ju\u010dera\u0161njeg\u00a0 izbornog procesa u","breadcrumb":{"@id":"https:\/\/www.visit-ulcinj.com\/blog\/2010\/10\/19\/forca-trazi-da-se-utvrde-neregularnosti-izbora\/#breadcrumb"},"inLanguage":"en-US","potentialAction":[{"@type":"ReadAction","target":["https:\/\/www.visit-ulcinj.com\/blog\/2010\/10\/19\/forca-trazi-da-se-utvrde-neregularnosti-izbora\/"]}]},{"@type":"BreadcrumbList","@id":"https:\/\/www.visit-ulcinj.com\/blog\/2010\/10\/19\/forca-trazi-da-se-utvrde-neregularnosti-izbora\/#breadcrumb","itemListElement":[{"@type":"ListItem","position":1,"name":"FORCA tra\u017ei da se utvrde neregularnosti izbora"}]},{"@type":"Person","@id":"https:\/\/www.visit-ulcinj.com\/blog\/#\/schema\/person\/dcab619c614d3038751c63bc2aadc06d","name":"ulqini","sameAs":["http:\/\/www.visit-ulcinj.com"],"url":"https:\/\/www.visit-ulcinj.com\/blog\/author\/admin\/"}]}},"jetpack_featured_media_url":"","jetpack_sharing_enabled":true,"jetpack_shortlink":"https:\/\/wp.me\/pe6lTn-a3t","_links":{"self":[{"href":"https:\/\/www.visit-ulcinj.com\/blog\/wp-json\/wp\/v2\/posts\/38655"}],"collection":[{"href":"https:\/\/www.visit-ulcinj.com\/blog\/wp-json\/wp\/v2\/posts"}],"about":[{"href":"https:\/\/www.visit-ulcinj.com\/blog\/wp-json\/wp\/v2\/types\/post"}],"author":[{"embeddable":true,"href":"https:\/\/www.visit-ulcinj.com\/blog\/wp-json\/wp\/v2\/users\/1"}],"replies":[{"embeddable":true,"href":"https:\/\/www.visit-ulcinj.com\/blog\/wp-json\/wp\/v2\/comments?post=38655"}],"version-history":[{"count":0,"href":"https:\/\/www.visit-ulcinj.com\/blog\/wp-json\/wp\/v2\/posts\/38655\/revisions"}],"wp:attachment":[{"href":"https:\/\/www.visit-ulcinj.com\/blog\/wp-json\/wp\/v2\/media?parent=38655"}],"wp:term":[{"taxonomy":"category","embeddable":true,"href":"https:\/\/www.visit-ulcinj.com\/blog\/wp-json\/wp\/v2\/categories?post=38655"},{"taxonomy":"post_tag","embeddable":true,"href":"https:\/\/www.visit-ulcinj.com\/blog\/wp-json\/wp\/v2\/tags?post=38655"}],"curies":[{"name":"wp","href":"https:\/\/api.w.org\/{rel}","templated":true}]}}