{"id":38658,"date":"2010-10-19T15:09:42","date_gmt":"2010-10-19T13:09:42","guid":{"rendered":"http:\/\/www.visit-ulcinj.com\/blog\/?p=38658"},"modified":"2010-11-05T18:10:27","modified_gmt":"2010-11-05T17:10:27","slug":"forca-konference-zhgjedhjet-2010-2","status":"publish","type":"post","link":"https:\/\/www.visit-ulcinj.com\/blog\/2010\/10\/19\/forca-konference-zhgjedhjet-2010-2\/","title":{"rendered":"Forca: Konference &#8211; Zhgjedhjet 2010 &#8211; 2"},"content":{"rendered":"<p><strong><a href=\"http:\/\/www.visit-ulcinj.com\/blog\/wp-content\/uploads\/2010\/10\/Nazif-Cungu-konferenca-per-media-ulqin1.jpg\"><img loading=\"lazy\" class=\"alignleft size-full wp-image-38660\" title=\"Nazif Cungu-konferenca per media -ulqin\" src=\"http:\/\/www.visit-ulcinj.com\/blog\/wp-content\/uploads\/2010\/10\/Nazif-Cungu-konferenca-per-media-ulqin1.jpg\" alt=\"\" width=\"490\" height=\"381\" srcset=\"https:\/\/www.visit-ulcinj.com\/blog\/wp-content\/uploads\/2010\/10\/Nazif-Cungu-konferenca-per-media-ulqin1.jpg 490w, https:\/\/www.visit-ulcinj.com\/blog\/wp-content\/uploads\/2010\/10\/Nazif-Cungu-konferenca-per-media-ulqin1-300x233.jpg 300w\" sizes=\"(max-width: 490px) 100vw, 490px\" \/><\/a>T\u00eb nderuar qytetar\u00eb,<\/strong><\/p>\n<p>S\u00eb pari, dua t\u00eb fal\u00ebnderoj\u00eb votuesit, an\u00ebtar\u00ebt dhe simpatizuesit e Forc\u00ebs dhe n\u00eb ve\u00e7anti \u00a0Forc\u00ebn rinore p\u00ebr angazhimin e palodhsh\u00ebm gjat\u00eb fushat\u00ebs dhe p\u00ebr angazhimin e tyre n\u00eb komisione.<\/p>\n<p>K\u00ebto zgjedhje p\u00ebrs\u00ebri kan\u00eb v\u00ebrtetuar se FORCA \u00ebsht\u00eb partia m\u00eb e madhe n\u00eb Komun\u00ebn e Ulqinit q\u00eb d\u00ebshmon edhe rritja e re e numrit t\u00eb votuesve t\u00eb Forc\u00ebs.<\/p>\n<p>Me k\u00ebt\u00eb rast edhe nj\u00eb her\u00eb ju fal\u00ebnderoj p\u00ebr besimin q\u00eb na keni dh\u00ebn\u00eb dhe ju v\u00ebrtetoj edhe nj\u00eb her\u00eb q\u00eb Forca nuk do t\u00eb zhg\u00ebnjej besimin tuaj.<\/p>\n<p>Pasi analizuam situat\u00ebn e ngarkuar gjat\u00eb procesit zgjedhor dhe identifikuam shkelje t\u00eb shumta n\u00eb procesin zgjedhor, K\u00ebshilli Qendror i Forc\u00ebs s\u00eb Re Demokratike vendosi q\u00eb detajisht t\u00eb analizoi shkall\u00ebn e ndikimit t\u00eb keqp\u00ebrdorimeve.<\/p>\n<p>N\u00eb lidhje me k\u00ebto zgjedhje ne kemi rezerva te m\u00ebdha dhe do te nisim nj\u00eb proces t\u00eb gj\u00ebr\u00eb p\u00ebr te identifikuar parregullsit\u00eb.<\/p>\n<p>Fatkeq\u00ebsisht standardi i zgjedhjeve t\u00eb fundit ka qen\u00eb m\u00eb i dob\u00ebti deri tani, shum\u00eb larg nga standardet q\u00eb duam t\u00eb nd\u00ebrtojm\u00eb sepse kan\u00eb v\u00ebn\u00eb n\u00eb pik\u00ebpyetje edhe vet\u00eb proceset e nd\u00ebrtimit t\u00eb standardeve p\u00ebr integrime euroatlantike t\u00eb shtetit ton\u00eb.<\/p>\n<p>Me parregullsit\u00eb,\u00a0 qoft\u00eb gjat\u00eb fushat\u00ebs dhe qoft\u00eb gjat\u00eb dit\u00ebs s\u00eb djeshme t\u00eb zgjedhjeve, \u00ebsht\u00eb d\u00ebmtuar r\u00ebnd\u00eb procesi i konsolidimit t\u00eb shtetit ligjor dhe t\u00eb shtetit demokratik.<\/p>\n<p>Dy nga kriteret kryesore t\u00eb Kopenhagenit q\u00eb duhen p\u00ebrmbushur nga shteti i Malit t\u00eb Zi p\u00ebr tu b\u00ebr\u00eb an\u00ebtar n\u00eb Bashkimin Evropian jan\u00eb: Zgjedhjet e lira dhe t\u00eb ndershme dhe sundimi i shtetit ligjor.<\/p>\n<p>I vet\u00ebdijsh\u00ebm q\u00eb Forca ia rrezikon pozit\u00ebn, ekzekutivi aktual i komun\u00ebs \u00ebsht\u00eb p\u00ebrpjekur gjat\u00eb gjith\u00eb k\u00ebsaj fushate elektorale q\u00eb ta mbaj\u00eb karrigen me zor duke manipuluar n\u00eb votime, duke b\u00ebr\u00eb investime elektorale, duke k\u00ebrc\u00ebnuar t\u00eb pun\u00ebsuarit e sektorit publik apo duke b\u00ebr\u00eb pun\u00ebsime partiake.<\/p>\n<p>Edhe pse n\u00eb koalicion mb\u00ebshtetja elektoratit p\u00ebr ata ka qen e vog\u00ebl sepse mbet\u00ebn rreth nj\u00eb t\u00eb kat\u00ebrt\u00ebn\u00a0 e mb\u00ebshtetjes s\u00eb elektoratit n\u00eb t\u00ebr\u00ebsi, dhe kjo d\u00ebshmoj edhe nj\u00eb her\u00eb q\u00eb n\u00eb komun\u00ebn e Ulqinit duhen forca t\u00eb reja p\u00ebr t\u00eb ndryshuar situat\u00ebn e r\u00ebnd ku e ka fundosur ky ekzekutiv.<\/p>\n<p>S\u00eb dyti, Mungesa e veprimit t\u00eb organeve kompetente p\u00ebr t\u00eb parandaluar investimet elektorale n\u00eb infrastruktur\u00eb,ndri\u00e7ime dhe rrug\u00eb pa plan\u00eb dhe pa leje nd\u00ebrtimi \u00ebsht\u00eb gjithashtu kund\u00ebr standardeve demokratike evropiane.<\/p>\n<p>S\u00eb treti, Mungesa e v\u00ebzhguesve t\u00eb huaj dhe vendas p\u00ebr t\u00eb monitoruar procesin zgjedhor t\u00eb djesh\u00ebm \u00ebsht\u00eb kuptuar si leje p\u00ebr t\u00eb punuar p\u00ebr manipulime t\u00eb procesit zgjedhor.<\/p>\n<p>Ne do t\u00eb bashk\u00ebpunojm\u00eb me shoq\u00ebrin\u00eb civile dhe mediat e Malit t\u00eb Zi p\u00ebr t\u00eb zbardhur t\u00eb gjitha shkeljet dhe keqp\u00ebrdorimet q\u00eb jan\u00eb b\u00ebr\u00eb gjat\u00eb fushat\u00ebs dhe n\u00eb dit\u00ebn e zgjedhjeve.<\/p>\n<p>N\u00eb Kuvendin e ardhsh\u00ebm t\u00eb komun\u00ebs son\u00eb k\u00ebshilltar\u00ebt e Forc\u00ebs do t\u00eb veprojn\u00eb n\u00eb drejtim t\u00eb parandalimit t\u00eb k\u00ebsi lloj veprimeve jodemokratike.<\/p>\n<p><strong>Kryetari &#8211; Nazif Cungu<br \/>\n<\/strong><strong>ZMADHO FLET\u00cbN E ZGJEDHJEVE LOKALE N\u00cb ULQIN<\/strong><br \/>\n<strong><img loading=\"lazy\" class=\"alignleft\" title=\"ZMADHO FLET\u00cbN E ZGJEDHJEVE LOKALE N\u00cb ULQIN\" src=\"http:\/\/www.visit-ulcinj.com\/blog\/wp-content\/uploads\/2010\/11\/Rezultatet-e-zgjedhjeve-lokale-ne-komun-te-ulqinit.jpg\" alt=\"\" width=\"490\" height=\"390\" \/><br \/>\n<\/strong><\/p>\n","protected":false},"excerpt":{"rendered":"<p>T\u00eb nderuar qytetar\u00eb, S\u00eb pari, dua t\u00eb fal\u00ebnderoj\u00eb votuesit, an\u00ebtar\u00ebt dhe simpatizuesit e Forc\u00ebs dhe n\u00eb ve\u00e7anti \u00a0Forc\u00ebn rinore p\u00ebr angazhimin e palodhsh\u00ebm gjat\u00eb fushat\u00ebs dhe p\u00ebr angazhimin e tyre n\u00eb komisione. K\u00ebto zgjedhje p\u00ebrs\u00ebri kan\u00eb v\u00ebrtetuar se FORCA \u00ebsht\u00eb partia m\u00eb e madhe n\u00eb Komun\u00ebn e Ulqinit q\u00eb d\u00ebshmon edhe rritja e re e [&hellip;]<\/p>\n","protected":false},"author":1,"featured_media":0,"comment_status":"open","ping_status":"closed","sticky":false,"template":"","format":"standard","meta":{"spay_email":"","jetpack_publicize_message":"","jetpack_is_tweetstorm":false,"jetpack_publicize_feature_enabled":true},"categories":[6],"tags":[672,118,200,18],"jetpack_publicize_connections":[],"yoast_head":"<!-- This site is optimized with the Yoast SEO plugin v19.1 - https:\/\/yoast.com\/wordpress\/plugins\/seo\/ -->\n<title>Forca: Konference - Zhgjedhjet 2010 - 2 - Lajme nga Ulqini<\/title>\n<meta name=\"description\" content=\"T\u00eb nderuar qytetar\u00eb, S\u00eb pari, dua t\u00eb fal\u00ebnderoj\u00eb votuesit, an\u00ebtar\u00ebt dhe simpatizuesit e Forc\u00ebs dhe n\u00eb ve\u00e7anti \u00a0Forc\u00ebn rinore p\u00ebr angazhimin e palodhsh\u00ebm\" \/>\n<meta name=\"robots\" content=\"index, follow, max-snippet:-1, max-image-preview:large, max-video-preview:-1\" \/>\n<link rel=\"canonical\" href=\"https:\/\/www.visit-ulcinj.com\/blog\/2010\/10\/19\/forca-konference-zhgjedhjet-2010-2\/\" \/>\n<meta property=\"og:locale\" content=\"en_US\" \/>\n<meta property=\"og:type\" content=\"article\" \/>\n<meta property=\"og:title\" content=\"Forca: Konference - Zhgjedhjet 2010 - 2 - Lajme nga Ulqini\" \/>\n<meta property=\"og:description\" content=\"T\u00eb nderuar qytetar\u00eb, S\u00eb pari, dua t\u00eb fal\u00ebnderoj\u00eb votuesit, an\u00ebtar\u00ebt dhe simpatizuesit e Forc\u00ebs dhe n\u00eb ve\u00e7anti \u00a0Forc\u00ebn rinore p\u00ebr angazhimin e palodhsh\u00ebm\" \/>\n<meta property=\"og:url\" content=\"https:\/\/www.visit-ulcinj.com\/blog\/2010\/10\/19\/forca-konference-zhgjedhjet-2010-2\/\" \/>\n<meta property=\"og:site_name\" content=\"Lajme nga Ulqini\" \/>\n<meta property=\"article:published_time\" content=\"2010-10-19T13:09:42+00:00\" \/>\n<meta property=\"article:modified_time\" content=\"2010-11-05T17:10:27+00:00\" \/>\n<meta property=\"og:image\" content=\"http:\/\/www.visit-ulcinj.com\/blog\/wp-content\/uploads\/2010\/10\/Nazif-Cungu-konferenca-per-media-ulqin1.jpg\" \/>\n<meta name=\"twitter:label1\" content=\"Written by\" \/>\n\t<meta name=\"twitter:data1\" content=\"ulqini\" \/>\n\t<meta name=\"twitter:label2\" content=\"Est. reading time\" \/>\n\t<meta name=\"twitter:data2\" content=\"3 minutes\" \/>\n<script type=\"application\/ld+json\" class=\"yoast-schema-graph\">{\"@context\":\"https:\/\/schema.org\",\"@graph\":[{\"@type\":\"WebSite\",\"@id\":\"https:\/\/www.visit-ulcinj.com\/blog\/#website\",\"url\":\"https:\/\/www.visit-ulcinj.com\/blog\/\",\"name\":\"Lajme nga Ulqini\",\"description\":\"Lajme,Vijesti,Ulqini,Ulqin,Crna Gora,Mali i Zi\",\"potentialAction\":[{\"@type\":\"SearchAction\",\"target\":{\"@type\":\"EntryPoint\",\"urlTemplate\":\"https:\/\/www.visit-ulcinj.com\/blog\/?s={search_term_string}\"},\"query-input\":\"required name=search_term_string\"}],\"inLanguage\":\"en-US\"},{\"@type\":\"ImageObject\",\"inLanguage\":\"en-US\",\"@id\":\"https:\/\/www.visit-ulcinj.com\/blog\/2010\/10\/19\/forca-konference-zhgjedhjet-2010-2\/#primaryimage\",\"url\":\"https:\/\/www.visit-ulcinj.com\/blog\/wp-content\/uploads\/2010\/10\/Nazif-Cungu-konferenca-per-media-ulqin1.jpg\",\"contentUrl\":\"https:\/\/www.visit-ulcinj.com\/blog\/wp-content\/uploads\/2010\/10\/Nazif-Cungu-konferenca-per-media-ulqin1.jpg\",\"width\":\"490\",\"height\":\"381\"},{\"@type\":\"WebPage\",\"@id\":\"https:\/\/www.visit-ulcinj.com\/blog\/2010\/10\/19\/forca-konference-zhgjedhjet-2010-2\/#webpage\",\"url\":\"https:\/\/www.visit-ulcinj.com\/blog\/2010\/10\/19\/forca-konference-zhgjedhjet-2010-2\/\",\"name\":\"Forca: Konference - Zhgjedhjet 2010 - 2 - Lajme nga Ulqini\",\"isPartOf\":{\"@id\":\"https:\/\/www.visit-ulcinj.com\/blog\/#website\"},\"primaryImageOfPage\":{\"@id\":\"https:\/\/www.visit-ulcinj.com\/blog\/2010\/10\/19\/forca-konference-zhgjedhjet-2010-2\/#primaryimage\"},\"datePublished\":\"2010-10-19T13:09:42+00:00\",\"dateModified\":\"2010-11-05T17:10:27+00:00\",\"author\":{\"@id\":\"https:\/\/www.visit-ulcinj.com\/blog\/#\/schema\/person\/dcab619c614d3038751c63bc2aadc06d\"},\"description\":\"T\u00eb nderuar qytetar\u00eb, S\u00eb pari, dua t\u00eb fal\u00ebnderoj\u00eb votuesit, an\u00ebtar\u00ebt dhe simpatizuesit e Forc\u00ebs dhe n\u00eb ve\u00e7anti \u00a0Forc\u00ebn rinore p\u00ebr angazhimin e palodhsh\u00ebm\",\"breadcrumb\":{\"@id\":\"https:\/\/www.visit-ulcinj.com\/blog\/2010\/10\/19\/forca-konference-zhgjedhjet-2010-2\/#breadcrumb\"},\"inLanguage\":\"en-US\",\"potentialAction\":[{\"@type\":\"ReadAction\",\"target\":[\"https:\/\/www.visit-ulcinj.com\/blog\/2010\/10\/19\/forca-konference-zhgjedhjet-2010-2\/\"]}]},{\"@type\":\"BreadcrumbList\",\"@id\":\"https:\/\/www.visit-ulcinj.com\/blog\/2010\/10\/19\/forca-konference-zhgjedhjet-2010-2\/#breadcrumb\",\"itemListElement\":[{\"@type\":\"ListItem\",\"position\":1,\"name\":\"Forca: Konference &#8211; Zhgjedhjet 2010 &#8211; 2\"}]},{\"@type\":\"Person\",\"@id\":\"https:\/\/www.visit-ulcinj.com\/blog\/#\/schema\/person\/dcab619c614d3038751c63bc2aadc06d\",\"name\":\"ulqini\",\"sameAs\":[\"http:\/\/www.visit-ulcinj.com\"],\"url\":\"https:\/\/www.visit-ulcinj.com\/blog\/author\/admin\/\"}]}<\/script>\n<!-- \/ Yoast SEO plugin. -->","yoast_head_json":{"title":"Forca: Konference - Zhgjedhjet 2010 - 2 - Lajme nga Ulqini","description":"T\u00eb nderuar qytetar\u00eb, S\u00eb pari, dua t\u00eb fal\u00ebnderoj\u00eb votuesit, an\u00ebtar\u00ebt dhe simpatizuesit e Forc\u00ebs dhe n\u00eb ve\u00e7anti \u00a0Forc\u00ebn rinore p\u00ebr angazhimin e palodhsh\u00ebm","robots":{"index":"index","follow":"follow","max-snippet":"max-snippet:-1","max-image-preview":"max-image-preview:large","max-video-preview":"max-video-preview:-1"},"canonical":"https:\/\/www.visit-ulcinj.com\/blog\/2010\/10\/19\/forca-konference-zhgjedhjet-2010-2\/","og_locale":"en_US","og_type":"article","og_title":"Forca: Konference - Zhgjedhjet 2010 - 2 - Lajme nga Ulqini","og_description":"T\u00eb nderuar qytetar\u00eb, S\u00eb pari, dua t\u00eb fal\u00ebnderoj\u00eb votuesit, an\u00ebtar\u00ebt dhe simpatizuesit e Forc\u00ebs dhe n\u00eb ve\u00e7anti \u00a0Forc\u00ebn rinore p\u00ebr angazhimin e palodhsh\u00ebm","og_url":"https:\/\/www.visit-ulcinj.com\/blog\/2010\/10\/19\/forca-konference-zhgjedhjet-2010-2\/","og_site_name":"Lajme nga Ulqini","article_published_time":"2010-10-19T13:09:42+00:00","article_modified_time":"2010-11-05T17:10:27+00:00","og_image":[{"url":"http:\/\/www.visit-ulcinj.com\/blog\/wp-content\/uploads\/2010\/10\/Nazif-Cungu-konferenca-per-media-ulqin1.jpg"}],"twitter_misc":{"Written by":"ulqini","Est. reading time":"3 minutes"},"schema":{"@context":"https:\/\/schema.org","@graph":[{"@type":"WebSite","@id":"https:\/\/www.visit-ulcinj.com\/blog\/#website","url":"https:\/\/www.visit-ulcinj.com\/blog\/","name":"Lajme nga Ulqini","description":"Lajme,Vijesti,Ulqini,Ulqin,Crna Gora,Mali i Zi","potentialAction":[{"@type":"SearchAction","target":{"@type":"EntryPoint","urlTemplate":"https:\/\/www.visit-ulcinj.com\/blog\/?s={search_term_string}"},"query-input":"required name=search_term_string"}],"inLanguage":"en-US"},{"@type":"ImageObject","inLanguage":"en-US","@id":"https:\/\/www.visit-ulcinj.com\/blog\/2010\/10\/19\/forca-konference-zhgjedhjet-2010-2\/#primaryimage","url":"https:\/\/www.visit-ulcinj.com\/blog\/wp-content\/uploads\/2010\/10\/Nazif-Cungu-konferenca-per-media-ulqin1.jpg","contentUrl":"https:\/\/www.visit-ulcinj.com\/blog\/wp-content\/uploads\/2010\/10\/Nazif-Cungu-konferenca-per-media-ulqin1.jpg","width":"490","height":"381"},{"@type":"WebPage","@id":"https:\/\/www.visit-ulcinj.com\/blog\/2010\/10\/19\/forca-konference-zhgjedhjet-2010-2\/#webpage","url":"https:\/\/www.visit-ulcinj.com\/blog\/2010\/10\/19\/forca-konference-zhgjedhjet-2010-2\/","name":"Forca: Konference - Zhgjedhjet 2010 - 2 - Lajme nga Ulqini","isPartOf":{"@id":"https:\/\/www.visit-ulcinj.com\/blog\/#website"},"primaryImageOfPage":{"@id":"https:\/\/www.visit-ulcinj.com\/blog\/2010\/10\/19\/forca-konference-zhgjedhjet-2010-2\/#primaryimage"},"datePublished":"2010-10-19T13:09:42+00:00","dateModified":"2010-11-05T17:10:27+00:00","author":{"@id":"https:\/\/www.visit-ulcinj.com\/blog\/#\/schema\/person\/dcab619c614d3038751c63bc2aadc06d"},"description":"T\u00eb nderuar qytetar\u00eb, S\u00eb pari, dua t\u00eb fal\u00ebnderoj\u00eb votuesit, an\u00ebtar\u00ebt dhe simpatizuesit e Forc\u00ebs dhe n\u00eb ve\u00e7anti \u00a0Forc\u00ebn rinore p\u00ebr angazhimin e palodhsh\u00ebm","breadcrumb":{"@id":"https:\/\/www.visit-ulcinj.com\/blog\/2010\/10\/19\/forca-konference-zhgjedhjet-2010-2\/#breadcrumb"},"inLanguage":"en-US","potentialAction":[{"@type":"ReadAction","target":["https:\/\/www.visit-ulcinj.com\/blog\/2010\/10\/19\/forca-konference-zhgjedhjet-2010-2\/"]}]},{"@type":"BreadcrumbList","@id":"https:\/\/www.visit-ulcinj.com\/blog\/2010\/10\/19\/forca-konference-zhgjedhjet-2010-2\/#breadcrumb","itemListElement":[{"@type":"ListItem","position":1,"name":"Forca: Konference &#8211; Zhgjedhjet 2010 &#8211; 2"}]},{"@type":"Person","@id":"https:\/\/www.visit-ulcinj.com\/blog\/#\/schema\/person\/dcab619c614d3038751c63bc2aadc06d","name":"ulqini","sameAs":["http:\/\/www.visit-ulcinj.com"],"url":"https:\/\/www.visit-ulcinj.com\/blog\/author\/admin\/"}]}},"jetpack_featured_media_url":"","jetpack_sharing_enabled":true,"jetpack_shortlink":"https:\/\/wp.me\/pe6lTn-a3w","_links":{"self":[{"href":"https:\/\/www.visit-ulcinj.com\/blog\/wp-json\/wp\/v2\/posts\/38658"}],"collection":[{"href":"https:\/\/www.visit-ulcinj.com\/blog\/wp-json\/wp\/v2\/posts"}],"about":[{"href":"https:\/\/www.visit-ulcinj.com\/blog\/wp-json\/wp\/v2\/types\/post"}],"author":[{"embeddable":true,"href":"https:\/\/www.visit-ulcinj.com\/blog\/wp-json\/wp\/v2\/users\/1"}],"replies":[{"embeddable":true,"href":"https:\/\/www.visit-ulcinj.com\/blog\/wp-json\/wp\/v2\/comments?post=38658"}],"version-history":[{"count":0,"href":"https:\/\/www.visit-ulcinj.com\/blog\/wp-json\/wp\/v2\/posts\/38658\/revisions"}],"wp:attachment":[{"href":"https:\/\/www.visit-ulcinj.com\/blog\/wp-json\/wp\/v2\/media?parent=38658"}],"wp:term":[{"taxonomy":"category","embeddable":true,"href":"https:\/\/www.visit-ulcinj.com\/blog\/wp-json\/wp\/v2\/categories?post=38658"},{"taxonomy":"post_tag","embeddable":true,"href":"https:\/\/www.visit-ulcinj.com\/blog\/wp-json\/wp\/v2\/tags?post=38658"}],"curies":[{"name":"wp","href":"https:\/\/api.w.org\/{rel}","templated":true}]}}