{"id":38664,"date":"2010-10-19T15:31:59","date_gmt":"2010-10-19T13:31:59","guid":{"rendered":"http:\/\/www.visit-ulcinj.com\/blog\/?p=38664"},"modified":"2010-10-19T15:31:59","modified_gmt":"2010-10-19T13:31:59","slug":"velika-plaza-i-ada-bojana-objavljen-javni-poziv-za-marketing-strategiju","status":"publish","type":"post","link":"https:\/\/www.visit-ulcinj.com\/blog\/2010\/10\/19\/velika-plaza-i-ada-bojana-objavljen-javni-poziv-za-marketing-strategiju\/","title":{"rendered":"Velika pla\u017ea i Ada Bojana: Objavljen javni poziv za marketing strategiju"},"content":{"rendered":"<p><a href=\"http:\/\/www.visit-ulcinj.com\/blog\/wp-content\/uploads\/2010\/10\/Velika-plaza-_-Ada-Bojana_-poziv-za-marketing-_strategiju.jpg\"><img loading=\"lazy\" class=\"alignleft size-full wp-image-38665\" title=\"Velika plaza _ Ada Bojana_ poziv za marketing _strategiju\" src=\"http:\/\/www.visit-ulcinj.com\/blog\/wp-content\/uploads\/2010\/10\/Velika-plaza-_-Ada-Bojana_-poziv-za-marketing-_strategiju.jpg\" alt=\"\" width=\"490\" height=\"390\" \/><\/a>PODGORICA &#8211; Ministarstvo ure\u0111enja prostora i za\u0161tite \u017eivotne sredine objavilo je danas javni poziv za izradu marketing i komunikacione strategije za Veliku pla\u017eu i Adu Bojanu.<\/p>\n<p>Uz marketing komunikacionu strategiju od ponu\u0111a\u010da se tra\u017ei da izradi i analizu me\u0111unarodnog investicionog tr\u017ei\u0161ta sa komparativnom analizom svjetskih konkurentnih destinacija. Vrijednost javne nabavke je 250 hiljada EUR.<\/p>\n<p>Pravo u\u010de\u0161\u0107a imaju kompanije i gra\u0111ani koja posjeduju iskustvo i kvalifikacije u skladu sa javnim pozivom i tenderskom dokumentacijom.<\/p>\n<p><strong>Mina-<\/strong><strong>business<br \/>\n<!--YouTube Error: bad URL entered--><\/strong><\/p>\n","protected":false},"excerpt":{"rendered":"<p>PODGORICA &#8211; Ministarstvo ure\u0111enja prostora i za\u0161tite \u017eivotne sredine objavilo je danas javni poziv za izradu marketing i komunikacione strategije za Veliku pla\u017eu i Adu Bojanu. Uz marketing komunikacionu strategiju od ponu\u0111a\u010da se tra\u017ei da izradi i analizu me\u0111unarodnog investicionog tr\u017ei\u0161ta sa komparativnom analizom svjetskih konkurentnih destinacija. Vrijednost javne nabavke je 250 hiljada EUR. Pravo [&hellip;]<\/p>\n","protected":false},"author":1,"featured_media":0,"comment_status":"open","ping_status":"closed","sticky":false,"template":"","format":"standard","meta":{"spay_email":"","jetpack_publicize_message":"","jetpack_is_tweetstorm":false,"jetpack_publicize_feature_enabled":true},"categories":[10],"tags":[138,2118,19,3745,265],"jetpack_publicize_connections":[],"yoast_head":"<!-- This site is optimized with the Yoast SEO plugin v19.1 - https:\/\/yoast.com\/wordpress\/plugins\/seo\/ -->\n<title>Velika pla\u017ea i Ada Bojana: Objavljen javni poziv za marketing strategiju - Lajme nga Ulqini<\/title>\n<meta name=\"description\" content=\"PODGORICA - Ministarstvo ure\u0111enja prostora i za\u0161tite \u017eivotne sredine objavilo je danas javni poziv za izradu marketing i komunikacione strategije za\" \/>\n<meta name=\"robots\" content=\"index, follow, max-snippet:-1, max-image-preview:large, max-video-preview:-1\" \/>\n<link rel=\"canonical\" href=\"https:\/\/www.visit-ulcinj.com\/blog\/2010\/10\/19\/velika-plaza-i-ada-bojana-objavljen-javni-poziv-za-marketing-strategiju\/\" \/>\n<meta property=\"og:locale\" content=\"en_US\" \/>\n<meta property=\"og:type\" content=\"article\" \/>\n<meta property=\"og:title\" content=\"Velika pla\u017ea i Ada Bojana: Objavljen javni poziv za marketing strategiju - Lajme nga Ulqini\" \/>\n<meta property=\"og:description\" content=\"PODGORICA - Ministarstvo ure\u0111enja prostora i za\u0161tite \u017eivotne sredine objavilo je danas javni poziv za izradu marketing i komunikacione strategije za\" \/>\n<meta property=\"og:url\" content=\"https:\/\/www.visit-ulcinj.com\/blog\/2010\/10\/19\/velika-plaza-i-ada-bojana-objavljen-javni-poziv-za-marketing-strategiju\/\" \/>\n<meta property=\"og:site_name\" content=\"Lajme nga Ulqini\" \/>\n<meta property=\"article:published_time\" content=\"2010-10-19T13:31:59+00:00\" \/>\n<meta property=\"og:image\" content=\"http:\/\/www.visit-ulcinj.com\/blog\/wp-content\/uploads\/2010\/10\/Velika-plaza-_-Ada-Bojana_-poziv-za-marketing-_strategiju.jpg\" \/>\n<meta name=\"twitter:label1\" content=\"Written by\" \/>\n\t<meta name=\"twitter:data1\" content=\"ulqini\" \/>\n<script type=\"application\/ld+json\" class=\"yoast-schema-graph\">{\"@context\":\"https:\/\/schema.org\",\"@graph\":[{\"@type\":\"WebSite\",\"@id\":\"https:\/\/www.visit-ulcinj.com\/blog\/#website\",\"url\":\"https:\/\/www.visit-ulcinj.com\/blog\/\",\"name\":\"Lajme nga Ulqini\",\"description\":\"Lajme,Vijesti,Ulqini,Ulqin,Crna Gora,Mali i Zi\",\"potentialAction\":[{\"@type\":\"SearchAction\",\"target\":{\"@type\":\"EntryPoint\",\"urlTemplate\":\"https:\/\/www.visit-ulcinj.com\/blog\/?s={search_term_string}\"},\"query-input\":\"required name=search_term_string\"}],\"inLanguage\":\"en-US\"},{\"@type\":\"ImageObject\",\"inLanguage\":\"en-US\",\"@id\":\"https:\/\/www.visit-ulcinj.com\/blog\/2010\/10\/19\/velika-plaza-i-ada-bojana-objavljen-javni-poziv-za-marketing-strategiju\/#primaryimage\",\"url\":\"https:\/\/www.visit-ulcinj.com\/blog\/wp-content\/uploads\/2010\/10\/Velika-plaza-_-Ada-Bojana_-poziv-za-marketing-_strategiju.jpg\",\"contentUrl\":\"https:\/\/www.visit-ulcinj.com\/blog\/wp-content\/uploads\/2010\/10\/Velika-plaza-_-Ada-Bojana_-poziv-za-marketing-_strategiju.jpg\",\"width\":\"1424\",\"height\":\"614\"},{\"@type\":\"WebPage\",\"@id\":\"https:\/\/www.visit-ulcinj.com\/blog\/2010\/10\/19\/velika-plaza-i-ada-bojana-objavljen-javni-poziv-za-marketing-strategiju\/#webpage\",\"url\":\"https:\/\/www.visit-ulcinj.com\/blog\/2010\/10\/19\/velika-plaza-i-ada-bojana-objavljen-javni-poziv-za-marketing-strategiju\/\",\"name\":\"Velika pla\u017ea i Ada Bojana: Objavljen javni poziv za marketing strategiju - Lajme nga Ulqini\",\"isPartOf\":{\"@id\":\"https:\/\/www.visit-ulcinj.com\/blog\/#website\"},\"primaryImageOfPage\":{\"@id\":\"https:\/\/www.visit-ulcinj.com\/blog\/2010\/10\/19\/velika-plaza-i-ada-bojana-objavljen-javni-poziv-za-marketing-strategiju\/#primaryimage\"},\"datePublished\":\"2010-10-19T13:31:59+00:00\",\"dateModified\":\"2010-10-19T13:31:59+00:00\",\"author\":{\"@id\":\"https:\/\/www.visit-ulcinj.com\/blog\/#\/schema\/person\/dcab619c614d3038751c63bc2aadc06d\"},\"description\":\"PODGORICA - Ministarstvo ure\u0111enja prostora i za\u0161tite \u017eivotne sredine objavilo je danas javni poziv za izradu marketing i komunikacione strategije za\",\"breadcrumb\":{\"@id\":\"https:\/\/www.visit-ulcinj.com\/blog\/2010\/10\/19\/velika-plaza-i-ada-bojana-objavljen-javni-poziv-za-marketing-strategiju\/#breadcrumb\"},\"inLanguage\":\"en-US\",\"potentialAction\":[{\"@type\":\"ReadAction\",\"target\":[\"https:\/\/www.visit-ulcinj.com\/blog\/2010\/10\/19\/velika-plaza-i-ada-bojana-objavljen-javni-poziv-za-marketing-strategiju\/\"]}]},{\"@type\":\"BreadcrumbList\",\"@id\":\"https:\/\/www.visit-ulcinj.com\/blog\/2010\/10\/19\/velika-plaza-i-ada-bojana-objavljen-javni-poziv-za-marketing-strategiju\/#breadcrumb\",\"itemListElement\":[{\"@type\":\"ListItem\",\"position\":1,\"name\":\"Velika pla\u017ea i Ada Bojana: Objavljen javni poziv za marketing strategiju\"}]},{\"@type\":\"Person\",\"@id\":\"https:\/\/www.visit-ulcinj.com\/blog\/#\/schema\/person\/dcab619c614d3038751c63bc2aadc06d\",\"name\":\"ulqini\",\"sameAs\":[\"http:\/\/www.visit-ulcinj.com\"],\"url\":\"https:\/\/www.visit-ulcinj.com\/blog\/author\/admin\/\"}]}<\/script>\n<!-- \/ Yoast SEO plugin. -->","yoast_head_json":{"title":"Velika pla\u017ea i Ada Bojana: Objavljen javni poziv za marketing strategiju - Lajme nga Ulqini","description":"PODGORICA - Ministarstvo ure\u0111enja prostora i za\u0161tite \u017eivotne sredine objavilo je danas javni poziv za izradu marketing i komunikacione strategije za","robots":{"index":"index","follow":"follow","max-snippet":"max-snippet:-1","max-image-preview":"max-image-preview:large","max-video-preview":"max-video-preview:-1"},"canonical":"https:\/\/www.visit-ulcinj.com\/blog\/2010\/10\/19\/velika-plaza-i-ada-bojana-objavljen-javni-poziv-za-marketing-strategiju\/","og_locale":"en_US","og_type":"article","og_title":"Velika pla\u017ea i Ada Bojana: Objavljen javni poziv za marketing strategiju - Lajme nga Ulqini","og_description":"PODGORICA - Ministarstvo ure\u0111enja prostora i za\u0161tite \u017eivotne sredine objavilo je danas javni poziv za izradu marketing i komunikacione strategije za","og_url":"https:\/\/www.visit-ulcinj.com\/blog\/2010\/10\/19\/velika-plaza-i-ada-bojana-objavljen-javni-poziv-za-marketing-strategiju\/","og_site_name":"Lajme nga Ulqini","article_published_time":"2010-10-19T13:31:59+00:00","og_image":[{"url":"http:\/\/www.visit-ulcinj.com\/blog\/wp-content\/uploads\/2010\/10\/Velika-plaza-_-Ada-Bojana_-poziv-za-marketing-_strategiju.jpg"}],"twitter_misc":{"Written by":"ulqini"},"schema":{"@context":"https:\/\/schema.org","@graph":[{"@type":"WebSite","@id":"https:\/\/www.visit-ulcinj.com\/blog\/#website","url":"https:\/\/www.visit-ulcinj.com\/blog\/","name":"Lajme nga Ulqini","description":"Lajme,Vijesti,Ulqini,Ulqin,Crna Gora,Mali i Zi","potentialAction":[{"@type":"SearchAction","target":{"@type":"EntryPoint","urlTemplate":"https:\/\/www.visit-ulcinj.com\/blog\/?s={search_term_string}"},"query-input":"required name=search_term_string"}],"inLanguage":"en-US"},{"@type":"ImageObject","inLanguage":"en-US","@id":"https:\/\/www.visit-ulcinj.com\/blog\/2010\/10\/19\/velika-plaza-i-ada-bojana-objavljen-javni-poziv-za-marketing-strategiju\/#primaryimage","url":"https:\/\/www.visit-ulcinj.com\/blog\/wp-content\/uploads\/2010\/10\/Velika-plaza-_-Ada-Bojana_-poziv-za-marketing-_strategiju.jpg","contentUrl":"https:\/\/www.visit-ulcinj.com\/blog\/wp-content\/uploads\/2010\/10\/Velika-plaza-_-Ada-Bojana_-poziv-za-marketing-_strategiju.jpg","width":"1424","height":"614"},{"@type":"WebPage","@id":"https:\/\/www.visit-ulcinj.com\/blog\/2010\/10\/19\/velika-plaza-i-ada-bojana-objavljen-javni-poziv-za-marketing-strategiju\/#webpage","url":"https:\/\/www.visit-ulcinj.com\/blog\/2010\/10\/19\/velika-plaza-i-ada-bojana-objavljen-javni-poziv-za-marketing-strategiju\/","name":"Velika pla\u017ea i Ada Bojana: Objavljen javni poziv za marketing strategiju - Lajme nga Ulqini","isPartOf":{"@id":"https:\/\/www.visit-ulcinj.com\/blog\/#website"},"primaryImageOfPage":{"@id":"https:\/\/www.visit-ulcinj.com\/blog\/2010\/10\/19\/velika-plaza-i-ada-bojana-objavljen-javni-poziv-za-marketing-strategiju\/#primaryimage"},"datePublished":"2010-10-19T13:31:59+00:00","dateModified":"2010-10-19T13:31:59+00:00","author":{"@id":"https:\/\/www.visit-ulcinj.com\/blog\/#\/schema\/person\/dcab619c614d3038751c63bc2aadc06d"},"description":"PODGORICA - Ministarstvo ure\u0111enja prostora i za\u0161tite \u017eivotne sredine objavilo je danas javni poziv za izradu marketing i komunikacione strategije za","breadcrumb":{"@id":"https:\/\/www.visit-ulcinj.com\/blog\/2010\/10\/19\/velika-plaza-i-ada-bojana-objavljen-javni-poziv-za-marketing-strategiju\/#breadcrumb"},"inLanguage":"en-US","potentialAction":[{"@type":"ReadAction","target":["https:\/\/www.visit-ulcinj.com\/blog\/2010\/10\/19\/velika-plaza-i-ada-bojana-objavljen-javni-poziv-za-marketing-strategiju\/"]}]},{"@type":"BreadcrumbList","@id":"https:\/\/www.visit-ulcinj.com\/blog\/2010\/10\/19\/velika-plaza-i-ada-bojana-objavljen-javni-poziv-za-marketing-strategiju\/#breadcrumb","itemListElement":[{"@type":"ListItem","position":1,"name":"Velika pla\u017ea i Ada Bojana: Objavljen javni poziv za marketing strategiju"}]},{"@type":"Person","@id":"https:\/\/www.visit-ulcinj.com\/blog\/#\/schema\/person\/dcab619c614d3038751c63bc2aadc06d","name":"ulqini","sameAs":["http:\/\/www.visit-ulcinj.com"],"url":"https:\/\/www.visit-ulcinj.com\/blog\/author\/admin\/"}]}},"jetpack_featured_media_url":"","jetpack_sharing_enabled":true,"jetpack_shortlink":"https:\/\/wp.me\/pe6lTn-a3C","_links":{"self":[{"href":"https:\/\/www.visit-ulcinj.com\/blog\/wp-json\/wp\/v2\/posts\/38664"}],"collection":[{"href":"https:\/\/www.visit-ulcinj.com\/blog\/wp-json\/wp\/v2\/posts"}],"about":[{"href":"https:\/\/www.visit-ulcinj.com\/blog\/wp-json\/wp\/v2\/types\/post"}],"author":[{"embeddable":true,"href":"https:\/\/www.visit-ulcinj.com\/blog\/wp-json\/wp\/v2\/users\/1"}],"replies":[{"embeddable":true,"href":"https:\/\/www.visit-ulcinj.com\/blog\/wp-json\/wp\/v2\/comments?post=38664"}],"version-history":[{"count":0,"href":"https:\/\/www.visit-ulcinj.com\/blog\/wp-json\/wp\/v2\/posts\/38664\/revisions"}],"wp:attachment":[{"href":"https:\/\/www.visit-ulcinj.com\/blog\/wp-json\/wp\/v2\/media?parent=38664"}],"wp:term":[{"taxonomy":"category","embeddable":true,"href":"https:\/\/www.visit-ulcinj.com\/blog\/wp-json\/wp\/v2\/categories?post=38664"},{"taxonomy":"post_tag","embeddable":true,"href":"https:\/\/www.visit-ulcinj.com\/blog\/wp-json\/wp\/v2\/tags?post=38664"}],"curies":[{"name":"wp","href":"https:\/\/api.w.org\/{rel}","templated":true}]}}