{"id":38667,"date":"2010-10-19T19:42:12","date_gmt":"2010-10-19T17:42:12","guid":{"rendered":"http:\/\/www.visit-ulcinj.com\/blog\/?p=38667"},"modified":"2010-10-19T19:48:27","modified_gmt":"2010-10-19T17:48:27","slug":"ciljeta-kendon-per-ndarjen-por-eshte-e-dashuruar-si-kurre-me-pare","status":"publish","type":"post","link":"https:\/\/www.visit-ulcinj.com\/blog\/2010\/10\/19\/ciljeta-kendon-per-ndarjen-por-eshte-e-dashuruar-si-kurre-me-pare\/","title":{"rendered":"\u00c7iljeta k\u00ebndon p\u00ebr ndarjen, por \u00ebsht\u00eb e dashuruar si kurr\u00eb m\u00eb par\u00eb"},"content":{"rendered":"<p><a href=\"http:\/\/www.visit-ulcinj.com\/blog\/wp-content\/uploads\/2010\/10\/Ciljeta.jpg\"><img loading=\"lazy\" class=\"size-full wp-image-38668 alignleft\" title=\"Ciljeta\" src=\"http:\/\/www.visit-ulcinj.com\/blog\/wp-content\/uploads\/2010\/10\/Ciljeta.jpg\" alt=\"\" width=\"259\" height=\"345\" \/><\/a>Teksa k\u00ebndoi k\u00ebnd\u00ebn \u201cT\u00eb dy qajm\u00eb t\u00eb ndar\u00eb\u201d t\u00eb diel\u00ebn e kaluar, si konkurente tek \u201cK\u00ebnga Magjike\u201d, u p\u00ebrlot me t\u00eb v\u00ebrtet\u00eb dhe natyrisht n\u00eb k\u00ebto raste secili nga ne nxiton t\u00eb mendoj\u00eb se \u00e7far\u00eb ka personale n\u00eb tekstin e k\u00ebng\u00ebs. Aty flitet p\u00ebr nj\u00eb \u00e7ift q\u00eb dikur jan\u00eb dashur shum\u00eb dhe tashm\u00eb jan\u00eb ndar\u00eb. A thua t\u00eb ket\u00eb qen\u00eb historia e \u00c7iljet\u00ebs me Romeon, ajo histori e gjat\u00eb dashurie q\u00eb u mediatizua n\u00eb maksimum p\u00ebr t\u00eb cil\u00ebn k\u00ebndon k\u00ebng\u00ebtarja?A thua t\u00eb ket\u00eb qen\u00eb ky kujtim nostalgjik q\u00eb e b\u00ebri vajz\u00ebn bukuroshe t\u00eb p\u00ebrlotet n\u00eb sken\u00eb? Me siguri plag\u00ebt e nj\u00eb ndarjeje nuk mbyllen kollaj mund t\u00eb mendoj\u00eb shum\u00ebkush.<\/p>\n<p>E v\u00ebrtet\u00eb \u00ebsht\u00eb, por ama n\u00eb jet\u00eb duhet par\u00eb p\u00ebrpara\u00a0 dhe t\u00eb mos mbetemi peng i t\u00eb shkuar\u00ebs. N\u00eb fakt gjithmon\u00eb kurioziteti jon\u00eb ka qen\u00eb se a ka mbetur \u00c7iljeta peng i s\u00eb shkuar\u00ebs dhe a e ka k\u00ebrkuar ajo nj\u00eb tekst t\u00eb till\u00eb ashtu si\u00e7 i kan\u00eb personalizuar shum\u00eb artist\u00eb k\u00ebng\u00ebt e tyre? Sipas miqve t\u00eb \u00c7iljet\u00ebs m\u00ebsojm\u00eb q\u00eb\u00a0 Flori Mumajesi ka gati nj\u00eb vit q\u00eb e ka kompozuar k\u00ebt\u00eb k\u00ebng\u00eb nd\u00ebrkoh\u00eb q\u00eb vargjet jan\u00eb t\u00eb Ardit Roshit. Meqen\u00ebse \u00c7iljeta pati mjaft sukses me balad\u00ebn \u201cDor\u00ebheqja\u201d u mendua q\u00eb edhe k\u00ebsaj here ajo t\u00eb prezantohej n\u00eb festival me nj\u00eb balad\u00eb t\u00eb cilat dihet se jan\u00eb mjaft prek\u00ebse. Mir\u00ebpo miket e veta tregojn\u00eb se \u00c7iljeta nuk ka arsye ta mbaj\u00eb mendjen tek e kaluara e saj.<\/p>\n<p>P\u00ebrkundrazi ajo tani \u00ebsht\u00eb m\u00eb e lumtur se kurr\u00eb, pasi ka r\u00ebn\u00eb p\u00ebrs\u00ebri n\u00eb dashuri. P\u00ebr momentin nuk dim\u00eb se p\u00ebr cilin b\u00ebhet fjal\u00eb, por ata q\u00eb i kan\u00eb par\u00eb bashk\u00eb tregojn\u00eb se i dashuri i ri i \u00c7iljet\u00ebs \u00ebsht\u00eb rreth 28 vje\u00e7, brun dhe me trup shum\u00eb t\u00eb bukur, tipik i atyre q\u00eb shkojn\u00eb n\u00eb palestra. Nd\u00ebrkoh\u00eb q\u00eb k\u00ebnga m\u00eb e re e \u00c7iljet\u00ebs ka rreth 12 mij\u00eb klikime n\u00eb dit\u00eb edhe dashuria e saj po shkon si mos m\u00eb mir\u00eb. E kemi th\u00ebn\u00eb, \u00ebsht\u00eb momenti i \u00c7iljet\u00ebs.<\/p>\n<!--YouTube Error: bad URL entered-->\n","protected":false},"excerpt":{"rendered":"<p>Teksa k\u00ebndoi k\u00ebnd\u00ebn \u201cT\u00eb dy qajm\u00eb t\u00eb ndar\u00eb\u201d t\u00eb diel\u00ebn e kaluar, si konkurente tek \u201cK\u00ebnga Magjike\u201d, u p\u00ebrlot me t\u00eb v\u00ebrtet\u00eb dhe natyrisht n\u00eb k\u00ebto raste secili nga ne nxiton t\u00eb mendoj\u00eb se \u00e7far\u00eb ka personale n\u00eb tekstin e k\u00ebng\u00ebs. Aty flitet p\u00ebr nj\u00eb \u00e7ift q\u00eb dikur jan\u00eb dashur shum\u00eb dhe tashm\u00eb jan\u00eb ndar\u00eb. [&hellip;]<\/p>\n","protected":false},"author":1,"featured_media":0,"comment_status":"open","ping_status":"closed","sticky":false,"template":"","format":"standard","meta":{"spay_email":"","jetpack_publicize_message":"","jetpack_is_tweetstorm":false,"jetpack_publicize_feature_enabled":true},"categories":[1],"tags":[16057,5456,16058,6624],"jetpack_publicize_connections":[],"yoast_head":"<!-- This site is optimized with the Yoast SEO plugin v19.1 - https:\/\/yoast.com\/wordpress\/plugins\/seo\/ -->\n<title>\u00c7iljeta k\u00ebndon p\u00ebr ndarjen, por \u00ebsht\u00eb e dashuruar si kurr\u00eb m\u00eb par\u00eb - Lajme nga Ulqini<\/title>\n<meta name=\"description\" content=\"Teksa k\u00ebndoi k\u00ebnd\u00ebn \u201cT\u00eb dy qajm\u00eb t\u00eb ndar\u00eb\u201d t\u00eb diel\u00ebn e kaluar, si konkurente tek \u201cK\u00ebnga Magjike\u201d, u p\u00ebrlot me t\u00eb v\u00ebrtet\u00eb dhe natyrisht n\u00eb k\u00ebto raste\" \/>\n<meta name=\"robots\" content=\"index, follow, max-snippet:-1, max-image-preview:large, max-video-preview:-1\" \/>\n<link rel=\"canonical\" href=\"https:\/\/www.visit-ulcinj.com\/blog\/2010\/10\/19\/ciljeta-kendon-per-ndarjen-por-eshte-e-dashuruar-si-kurre-me-pare\/\" \/>\n<meta property=\"og:locale\" content=\"en_US\" \/>\n<meta property=\"og:type\" content=\"article\" \/>\n<meta property=\"og:title\" content=\"\u00c7iljeta k\u00ebndon p\u00ebr ndarjen, por \u00ebsht\u00eb e dashuruar si kurr\u00eb m\u00eb par\u00eb - Lajme nga Ulqini\" \/>\n<meta property=\"og:description\" content=\"Teksa k\u00ebndoi k\u00ebnd\u00ebn \u201cT\u00eb dy qajm\u00eb t\u00eb ndar\u00eb\u201d t\u00eb diel\u00ebn e kaluar, si konkurente tek \u201cK\u00ebnga Magjike\u201d, u p\u00ebrlot me t\u00eb v\u00ebrtet\u00eb dhe natyrisht n\u00eb k\u00ebto raste\" \/>\n<meta property=\"og:url\" content=\"https:\/\/www.visit-ulcinj.com\/blog\/2010\/10\/19\/ciljeta-kendon-per-ndarjen-por-eshte-e-dashuruar-si-kurre-me-pare\/\" \/>\n<meta property=\"og:site_name\" content=\"Lajme nga Ulqini\" \/>\n<meta property=\"article:published_time\" content=\"2010-10-19T17:42:12+00:00\" \/>\n<meta property=\"article:modified_time\" content=\"2010-10-19T17:48:27+00:00\" \/>\n<meta property=\"og:image\" content=\"http:\/\/www.visit-ulcinj.com\/blog\/wp-content\/uploads\/2010\/10\/Ciljeta.jpg\" \/>\n<meta name=\"twitter:label1\" content=\"Written by\" \/>\n\t<meta name=\"twitter:data1\" content=\"ulqini\" \/>\n\t<meta name=\"twitter:label2\" content=\"Est. reading time\" \/>\n\t<meta name=\"twitter:data2\" content=\"2 minutes\" \/>\n<script type=\"application\/ld+json\" class=\"yoast-schema-graph\">{\"@context\":\"https:\/\/schema.org\",\"@graph\":[{\"@type\":\"WebSite\",\"@id\":\"https:\/\/www.visit-ulcinj.com\/blog\/#website\",\"url\":\"https:\/\/www.visit-ulcinj.com\/blog\/\",\"name\":\"Lajme nga Ulqini\",\"description\":\"Lajme,Vijesti,Ulqini,Ulqin,Crna Gora,Mali i Zi\",\"potentialAction\":[{\"@type\":\"SearchAction\",\"target\":{\"@type\":\"EntryPoint\",\"urlTemplate\":\"https:\/\/www.visit-ulcinj.com\/blog\/?s={search_term_string}\"},\"query-input\":\"required name=search_term_string\"}],\"inLanguage\":\"en-US\"},{\"@type\":\"ImageObject\",\"inLanguage\":\"en-US\",\"@id\":\"https:\/\/www.visit-ulcinj.com\/blog\/2010\/10\/19\/ciljeta-kendon-per-ndarjen-por-eshte-e-dashuruar-si-kurre-me-pare\/#primaryimage\",\"url\":\"http:\/\/www.visit-ulcinj.com\/blog\/wp-content\/uploads\/2010\/10\/Ciljeta.jpg\",\"contentUrl\":\"http:\/\/www.visit-ulcinj.com\/blog\/wp-content\/uploads\/2010\/10\/Ciljeta.jpg\"},{\"@type\":\"WebPage\",\"@id\":\"https:\/\/www.visit-ulcinj.com\/blog\/2010\/10\/19\/ciljeta-kendon-per-ndarjen-por-eshte-e-dashuruar-si-kurre-me-pare\/#webpage\",\"url\":\"https:\/\/www.visit-ulcinj.com\/blog\/2010\/10\/19\/ciljeta-kendon-per-ndarjen-por-eshte-e-dashuruar-si-kurre-me-pare\/\",\"name\":\"\u00c7iljeta k\u00ebndon p\u00ebr ndarjen, por \u00ebsht\u00eb e dashuruar si kurr\u00eb m\u00eb par\u00eb - Lajme nga Ulqini\",\"isPartOf\":{\"@id\":\"https:\/\/www.visit-ulcinj.com\/blog\/#website\"},\"primaryImageOfPage\":{\"@id\":\"https:\/\/www.visit-ulcinj.com\/blog\/2010\/10\/19\/ciljeta-kendon-per-ndarjen-por-eshte-e-dashuruar-si-kurre-me-pare\/#primaryimage\"},\"datePublished\":\"2010-10-19T17:42:12+00:00\",\"dateModified\":\"2010-10-19T17:48:27+00:00\",\"author\":{\"@id\":\"https:\/\/www.visit-ulcinj.com\/blog\/#\/schema\/person\/dcab619c614d3038751c63bc2aadc06d\"},\"description\":\"Teksa k\u00ebndoi k\u00ebnd\u00ebn \u201cT\u00eb dy qajm\u00eb t\u00eb ndar\u00eb\u201d t\u00eb diel\u00ebn e kaluar, si konkurente tek \u201cK\u00ebnga Magjike\u201d, u p\u00ebrlot me t\u00eb v\u00ebrtet\u00eb dhe natyrisht n\u00eb k\u00ebto raste\",\"breadcrumb\":{\"@id\":\"https:\/\/www.visit-ulcinj.com\/blog\/2010\/10\/19\/ciljeta-kendon-per-ndarjen-por-eshte-e-dashuruar-si-kurre-me-pare\/#breadcrumb\"},\"inLanguage\":\"en-US\",\"potentialAction\":[{\"@type\":\"ReadAction\",\"target\":[\"https:\/\/www.visit-ulcinj.com\/blog\/2010\/10\/19\/ciljeta-kendon-per-ndarjen-por-eshte-e-dashuruar-si-kurre-me-pare\/\"]}]},{\"@type\":\"BreadcrumbList\",\"@id\":\"https:\/\/www.visit-ulcinj.com\/blog\/2010\/10\/19\/ciljeta-kendon-per-ndarjen-por-eshte-e-dashuruar-si-kurre-me-pare\/#breadcrumb\",\"itemListElement\":[{\"@type\":\"ListItem\",\"position\":1,\"name\":\"\u00c7iljeta k\u00ebndon p\u00ebr ndarjen, por \u00ebsht\u00eb e dashuruar si kurr\u00eb m\u00eb par\u00eb\"}]},{\"@type\":\"Person\",\"@id\":\"https:\/\/www.visit-ulcinj.com\/blog\/#\/schema\/person\/dcab619c614d3038751c63bc2aadc06d\",\"name\":\"ulqini\",\"sameAs\":[\"http:\/\/www.visit-ulcinj.com\"],\"url\":\"https:\/\/www.visit-ulcinj.com\/blog\/author\/admin\/\"}]}<\/script>\n<!-- \/ Yoast SEO plugin. -->","yoast_head_json":{"title":"\u00c7iljeta k\u00ebndon p\u00ebr ndarjen, por \u00ebsht\u00eb e dashuruar si kurr\u00eb m\u00eb par\u00eb - Lajme nga Ulqini","description":"Teksa k\u00ebndoi k\u00ebnd\u00ebn \u201cT\u00eb dy qajm\u00eb t\u00eb ndar\u00eb\u201d t\u00eb diel\u00ebn e kaluar, si konkurente tek \u201cK\u00ebnga Magjike\u201d, u p\u00ebrlot me t\u00eb v\u00ebrtet\u00eb dhe natyrisht n\u00eb k\u00ebto raste","robots":{"index":"index","follow":"follow","max-snippet":"max-snippet:-1","max-image-preview":"max-image-preview:large","max-video-preview":"max-video-preview:-1"},"canonical":"https:\/\/www.visit-ulcinj.com\/blog\/2010\/10\/19\/ciljeta-kendon-per-ndarjen-por-eshte-e-dashuruar-si-kurre-me-pare\/","og_locale":"en_US","og_type":"article","og_title":"\u00c7iljeta k\u00ebndon p\u00ebr ndarjen, por \u00ebsht\u00eb e dashuruar si kurr\u00eb m\u00eb par\u00eb - Lajme nga Ulqini","og_description":"Teksa k\u00ebndoi k\u00ebnd\u00ebn \u201cT\u00eb dy qajm\u00eb t\u00eb ndar\u00eb\u201d t\u00eb diel\u00ebn e kaluar, si konkurente tek \u201cK\u00ebnga Magjike\u201d, u p\u00ebrlot me t\u00eb v\u00ebrtet\u00eb dhe natyrisht n\u00eb k\u00ebto raste","og_url":"https:\/\/www.visit-ulcinj.com\/blog\/2010\/10\/19\/ciljeta-kendon-per-ndarjen-por-eshte-e-dashuruar-si-kurre-me-pare\/","og_site_name":"Lajme nga Ulqini","article_published_time":"2010-10-19T17:42:12+00:00","article_modified_time":"2010-10-19T17:48:27+00:00","og_image":[{"url":"http:\/\/www.visit-ulcinj.com\/blog\/wp-content\/uploads\/2010\/10\/Ciljeta.jpg"}],"twitter_misc":{"Written by":"ulqini","Est. reading time":"2 minutes"},"schema":{"@context":"https:\/\/schema.org","@graph":[{"@type":"WebSite","@id":"https:\/\/www.visit-ulcinj.com\/blog\/#website","url":"https:\/\/www.visit-ulcinj.com\/blog\/","name":"Lajme nga Ulqini","description":"Lajme,Vijesti,Ulqini,Ulqin,Crna Gora,Mali i Zi","potentialAction":[{"@type":"SearchAction","target":{"@type":"EntryPoint","urlTemplate":"https:\/\/www.visit-ulcinj.com\/blog\/?s={search_term_string}"},"query-input":"required name=search_term_string"}],"inLanguage":"en-US"},{"@type":"ImageObject","inLanguage":"en-US","@id":"https:\/\/www.visit-ulcinj.com\/blog\/2010\/10\/19\/ciljeta-kendon-per-ndarjen-por-eshte-e-dashuruar-si-kurre-me-pare\/#primaryimage","url":"http:\/\/www.visit-ulcinj.com\/blog\/wp-content\/uploads\/2010\/10\/Ciljeta.jpg","contentUrl":"http:\/\/www.visit-ulcinj.com\/blog\/wp-content\/uploads\/2010\/10\/Ciljeta.jpg"},{"@type":"WebPage","@id":"https:\/\/www.visit-ulcinj.com\/blog\/2010\/10\/19\/ciljeta-kendon-per-ndarjen-por-eshte-e-dashuruar-si-kurre-me-pare\/#webpage","url":"https:\/\/www.visit-ulcinj.com\/blog\/2010\/10\/19\/ciljeta-kendon-per-ndarjen-por-eshte-e-dashuruar-si-kurre-me-pare\/","name":"\u00c7iljeta k\u00ebndon p\u00ebr ndarjen, por \u00ebsht\u00eb e dashuruar si kurr\u00eb m\u00eb par\u00eb - Lajme nga Ulqini","isPartOf":{"@id":"https:\/\/www.visit-ulcinj.com\/blog\/#website"},"primaryImageOfPage":{"@id":"https:\/\/www.visit-ulcinj.com\/blog\/2010\/10\/19\/ciljeta-kendon-per-ndarjen-por-eshte-e-dashuruar-si-kurre-me-pare\/#primaryimage"},"datePublished":"2010-10-19T17:42:12+00:00","dateModified":"2010-10-19T17:48:27+00:00","author":{"@id":"https:\/\/www.visit-ulcinj.com\/blog\/#\/schema\/person\/dcab619c614d3038751c63bc2aadc06d"},"description":"Teksa k\u00ebndoi k\u00ebnd\u00ebn \u201cT\u00eb dy qajm\u00eb t\u00eb ndar\u00eb\u201d t\u00eb diel\u00ebn e kaluar, si konkurente tek \u201cK\u00ebnga Magjike\u201d, u p\u00ebrlot me t\u00eb v\u00ebrtet\u00eb dhe natyrisht n\u00eb k\u00ebto raste","breadcrumb":{"@id":"https:\/\/www.visit-ulcinj.com\/blog\/2010\/10\/19\/ciljeta-kendon-per-ndarjen-por-eshte-e-dashuruar-si-kurre-me-pare\/#breadcrumb"},"inLanguage":"en-US","potentialAction":[{"@type":"ReadAction","target":["https:\/\/www.visit-ulcinj.com\/blog\/2010\/10\/19\/ciljeta-kendon-per-ndarjen-por-eshte-e-dashuruar-si-kurre-me-pare\/"]}]},{"@type":"BreadcrumbList","@id":"https:\/\/www.visit-ulcinj.com\/blog\/2010\/10\/19\/ciljeta-kendon-per-ndarjen-por-eshte-e-dashuruar-si-kurre-me-pare\/#breadcrumb","itemListElement":[{"@type":"ListItem","position":1,"name":"\u00c7iljeta k\u00ebndon p\u00ebr ndarjen, por \u00ebsht\u00eb e dashuruar si kurr\u00eb m\u00eb par\u00eb"}]},{"@type":"Person","@id":"https:\/\/www.visit-ulcinj.com\/blog\/#\/schema\/person\/dcab619c614d3038751c63bc2aadc06d","name":"ulqini","sameAs":["http:\/\/www.visit-ulcinj.com"],"url":"https:\/\/www.visit-ulcinj.com\/blog\/author\/admin\/"}]}},"jetpack_featured_media_url":"","jetpack_sharing_enabled":true,"jetpack_shortlink":"https:\/\/wp.me\/pe6lTn-a3F","_links":{"self":[{"href":"https:\/\/www.visit-ulcinj.com\/blog\/wp-json\/wp\/v2\/posts\/38667"}],"collection":[{"href":"https:\/\/www.visit-ulcinj.com\/blog\/wp-json\/wp\/v2\/posts"}],"about":[{"href":"https:\/\/www.visit-ulcinj.com\/blog\/wp-json\/wp\/v2\/types\/post"}],"author":[{"embeddable":true,"href":"https:\/\/www.visit-ulcinj.com\/blog\/wp-json\/wp\/v2\/users\/1"}],"replies":[{"embeddable":true,"href":"https:\/\/www.visit-ulcinj.com\/blog\/wp-json\/wp\/v2\/comments?post=38667"}],"version-history":[{"count":0,"href":"https:\/\/www.visit-ulcinj.com\/blog\/wp-json\/wp\/v2\/posts\/38667\/revisions"}],"wp:attachment":[{"href":"https:\/\/www.visit-ulcinj.com\/blog\/wp-json\/wp\/v2\/media?parent=38667"}],"wp:term":[{"taxonomy":"category","embeddable":true,"href":"https:\/\/www.visit-ulcinj.com\/blog\/wp-json\/wp\/v2\/categories?post=38667"},{"taxonomy":"post_tag","embeddable":true,"href":"https:\/\/www.visit-ulcinj.com\/blog\/wp-json\/wp\/v2\/tags?post=38667"}],"curies":[{"name":"wp","href":"https:\/\/api.w.org\/{rel}","templated":true}]}}