{"id":38689,"date":"2010-10-20T22:07:29","date_gmt":"2010-10-20T20:07:29","guid":{"rendered":"http:\/\/www.visit-ulcinj.com\/blog\/?p=38689"},"modified":"2010-10-24T14:02:16","modified_gmt":"2010-10-24T12:02:16","slug":"tuna-foto-seksi-ne-insomnia-ne-zvicer","status":"publish","type":"post","link":"https:\/\/www.visit-ulcinj.com\/blog\/2010\/10\/20\/tuna-foto-seksi-ne-insomnia-ne-zvicer\/","title":{"rendered":"Tuna , foto seksi ne Insomnia ne Zvicer"},"content":{"rendered":"<p><a href=\"http:\/\/www.visit-ulcinj.com\/blog\/wp-content\/uploads\/2010\/10\/Altuna-Sejdi-ne-Insomnia-.jpg\"><img loading=\"lazy\" class=\"alignleft size-full wp-image-38693\" title=\"Altuna Sejdi-ne-Insomnia\" src=\"http:\/\/www.visit-ulcinj.com\/blog\/wp-content\/uploads\/2010\/10\/Altuna-Sejdi-ne-Insomnia-.jpg\" alt=\"\" width=\"576\" height=\"432\" \/><\/a><\/p>\n<p>Tuna, k\u00ebng\u00ebtarja e mir\u00ebnjohur shqiptare nga Maqedonia nuk i ka ndalur aktivitetet e saj muzikore edhe pas martes\u00ebs me Rilnd Rek\u00ebn.<br \/>\nTuna vazhdon t\u00eb merr pjes\u00eb n\u00eb shum\u00eb koncerte dhe mbremje festive n\u00ebp\u00ebr kryeqendrat shqiptare duke treguar si zakonisht se \u00ebsht\u00eb nj\u00eb k\u00ebng\u00ebtare e kompletuar dhe shum\u00eb e bukur.<\/p>\n<p><a href=\"http:\/\/www.visit-ulcinj.com\/blog\/wp-content\/uploads\/2010\/10\/Altuna-Sejdi-ne-Insomnia-3.jpg\"><img loading=\"lazy\" class=\"alignleft size-full wp-image-38695\" title=\"Altuna Sejdi-ne-Insomnia-3\" src=\"http:\/\/www.visit-ulcinj.com\/blog\/wp-content\/uploads\/2010\/10\/Altuna-Sejdi-ne-Insomnia-3.jpg\" alt=\"\" width=\"640\" height=\"480\" \/><\/a><a href=\"http:\/\/www.visit-ulcinj.com\/blog\/wp-content\/uploads\/2010\/10\/Altuna-Sejdi-ne-Insomnia-5.jpg\"><img loading=\"lazy\" class=\"alignleft size-full wp-image-38697\" title=\"Altuna Sejdi-ne-Insomnia-5\" src=\"http:\/\/www.visit-ulcinj.com\/blog\/wp-content\/uploads\/2010\/10\/Altuna-Sejdi-ne-Insomnia-5.jpg\" alt=\"\" width=\"640\" height=\"480\" \/><\/a><a href=\"http:\/\/www.visit-ulcinj.com\/blog\/wp-content\/uploads\/2010\/10\/Altuna-Sejdi-ne-Insomnia-6.jpg\"><img loading=\"lazy\" class=\"alignleft size-full wp-image-38698\" title=\"Altuna Sejdi-ne-Insomnia-6\" src=\"http:\/\/www.visit-ulcinj.com\/blog\/wp-content\/uploads\/2010\/10\/Altuna-Sejdi-ne-Insomnia-6.jpg\" alt=\"\" width=\"640\" height=\"480\" \/><\/a><a href=\"http:\/\/www.visit-ulcinj.com\/blog\/wp-content\/uploads\/2010\/10\/Altuna-Sejdi-dhe-2po2-ne-Insomnia.jpg\"><img loading=\"lazy\" class=\"alignleft size-full wp-image-38690\" title=\"Altuna Sejdi-dhe-2po2-ne-Insomnia\" src=\"http:\/\/www.visit-ulcinj.com\/blog\/wp-content\/uploads\/2010\/10\/Altuna-Sejdi-dhe-2po2-ne-Insomnia.jpg\" alt=\"\" width=\"640\" height=\"480\" \/><\/a><a href=\"http:\/\/www.visit-ulcinj.com\/blog\/wp-content\/uploads\/2010\/10\/Altuna-Sejdi-dhe-2po2-ne-Insomnia.JPG-3.jpg\"><img loading=\"lazy\" class=\"alignleft size-full wp-image-38692\" title=\"Altuna Sejdi-dhe-2po2-ne-Insomnia.JPG-3\" src=\"http:\/\/www.visit-ulcinj.com\/blog\/wp-content\/uploads\/2010\/10\/Altuna-Sejdi-dhe-2po2-ne-Insomnia.JPG-3.jpg\" alt=\"\" width=\"640\" height=\"480\" \/><\/a><a href=\"http:\/\/www.visit-ulcinj.com\/blog\/wp-content\/uploads\/2010\/10\/Altuna-Sejdi-dhe-2po2-ne-Insomnia.JPG-2.jpg\"><img loading=\"lazy\" class=\"alignleft size-full wp-image-38691\" title=\"Altuna Sejdi-dhe-2po2-ne-Insomnia.JPG-2\" src=\"http:\/\/www.visit-ulcinj.com\/blog\/wp-content\/uploads\/2010\/10\/Altuna-Sejdi-dhe-2po2-ne-Insomnia.JPG-2.jpg\" alt=\"\" width=\"640\" height=\"480\" \/><\/a><\/p>\n<p>Tuna poashtu \u00ebsht\u00eb n\u00eb p\u00ebrfundim t\u00eb spotit p\u00ebr k\u00ebng\u00ebn \u201cpse jo\u201d, thrilerin e t\u00eb cilit e ka publikuar, nd\u00ebrsa pritet q\u00eb shum\u00eb shpejt t\u00eb publikohet edhe spoti i k\u00ebng\u00ebs.<\/p>\n<!--YouTube Error: bad URL entered-->\n","protected":false},"excerpt":{"rendered":"<p>Tuna, k\u00ebng\u00ebtarja e mir\u00ebnjohur shqiptare nga Maqedonia nuk i ka ndalur aktivitetet e saj muzikore edhe pas martes\u00ebs me Rilnd Rek\u00ebn. Tuna vazhdon t\u00eb merr pjes\u00eb n\u00eb shum\u00eb koncerte dhe mbremje festive n\u00ebp\u00ebr kryeqendrat shqiptare duke treguar si zakonisht se \u00ebsht\u00eb nj\u00eb k\u00ebng\u00ebtare e kompletuar dhe shum\u00eb e bukur. Tuna poashtu \u00ebsht\u00eb n\u00eb p\u00ebrfundim t\u00eb [&hellip;]<\/p>\n","protected":false},"author":1,"featured_media":0,"comment_status":"open","ping_status":"closed","sticky":false,"template":"","format":"standard","meta":{"spay_email":"","jetpack_publicize_message":"","jetpack_is_tweetstorm":false,"jetpack_publicize_feature_enabled":true},"categories":[1],"tags":[14946,16069,16072,16071,6997,13348,16070],"jetpack_publicize_connections":[],"yoast_head":"<!-- This site is optimized with the Yoast SEO plugin v19.1 - https:\/\/yoast.com\/wordpress\/plugins\/seo\/ -->\n<title>Tuna , foto seksi ne Insomnia ne Zvicer - Lajme nga Ulqini<\/title>\n<meta name=\"description\" content=\"Tuna, k\u00ebng\u00ebtarja e mir\u00ebnjohur shqiptare nga Maqedonia nuk i ka ndalur aktivitetet e saj muzikore edhe pas martes\u00ebs me Rilnd Rek\u00ebn. Tuna vazhdon t\u00eb merr\" \/>\n<meta name=\"robots\" content=\"index, follow, max-snippet:-1, max-image-preview:large, max-video-preview:-1\" \/>\n<link rel=\"canonical\" href=\"https:\/\/www.visit-ulcinj.com\/blog\/2010\/10\/20\/tuna-foto-seksi-ne-insomnia-ne-zvicer\/\" \/>\n<meta property=\"og:locale\" content=\"en_US\" \/>\n<meta property=\"og:type\" content=\"article\" \/>\n<meta property=\"og:title\" content=\"Tuna , foto seksi ne Insomnia ne Zvicer - Lajme nga Ulqini\" \/>\n<meta property=\"og:description\" content=\"Tuna, k\u00ebng\u00ebtarja e mir\u00ebnjohur shqiptare nga Maqedonia nuk i ka ndalur aktivitetet e saj muzikore edhe pas martes\u00ebs me Rilnd Rek\u00ebn. Tuna vazhdon t\u00eb merr\" \/>\n<meta property=\"og:url\" content=\"https:\/\/www.visit-ulcinj.com\/blog\/2010\/10\/20\/tuna-foto-seksi-ne-insomnia-ne-zvicer\/\" \/>\n<meta property=\"og:site_name\" content=\"Lajme nga Ulqini\" \/>\n<meta property=\"article:published_time\" content=\"2010-10-20T20:07:29+00:00\" \/>\n<meta property=\"article:modified_time\" content=\"2010-10-24T12:02:16+00:00\" \/>\n<meta property=\"og:image\" content=\"http:\/\/www.visit-ulcinj.com\/blog\/wp-content\/uploads\/2010\/10\/Altuna-Sejdi-ne-Insomnia-.jpg\" \/>\n<meta name=\"twitter:label1\" content=\"Written by\" \/>\n\t<meta name=\"twitter:data1\" content=\"ulqini\" \/>\n\t<meta name=\"twitter:label2\" content=\"Est. reading time\" \/>\n\t<meta name=\"twitter:data2\" content=\"1 minute\" \/>\n<script type=\"application\/ld+json\" class=\"yoast-schema-graph\">{\"@context\":\"https:\/\/schema.org\",\"@graph\":[{\"@type\":\"WebSite\",\"@id\":\"https:\/\/www.visit-ulcinj.com\/blog\/#website\",\"url\":\"https:\/\/www.visit-ulcinj.com\/blog\/\",\"name\":\"Lajme nga Ulqini\",\"description\":\"Lajme,Vijesti,Ulqini,Ulqin,Crna Gora,Mali i Zi\",\"potentialAction\":[{\"@type\":\"SearchAction\",\"target\":{\"@type\":\"EntryPoint\",\"urlTemplate\":\"https:\/\/www.visit-ulcinj.com\/blog\/?s={search_term_string}\"},\"query-input\":\"required name=search_term_string\"}],\"inLanguage\":\"en-US\"},{\"@type\":\"ImageObject\",\"inLanguage\":\"en-US\",\"@id\":\"https:\/\/www.visit-ulcinj.com\/blog\/2010\/10\/20\/tuna-foto-seksi-ne-insomnia-ne-zvicer\/#primaryimage\",\"url\":\"http:\/\/www.visit-ulcinj.com\/blog\/wp-content\/uploads\/2010\/10\/Altuna-Sejdi-ne-Insomnia-.jpg\",\"contentUrl\":\"http:\/\/www.visit-ulcinj.com\/blog\/wp-content\/uploads\/2010\/10\/Altuna-Sejdi-ne-Insomnia-.jpg\"},{\"@type\":\"WebPage\",\"@id\":\"https:\/\/www.visit-ulcinj.com\/blog\/2010\/10\/20\/tuna-foto-seksi-ne-insomnia-ne-zvicer\/#webpage\",\"url\":\"https:\/\/www.visit-ulcinj.com\/blog\/2010\/10\/20\/tuna-foto-seksi-ne-insomnia-ne-zvicer\/\",\"name\":\"Tuna , foto seksi ne Insomnia ne Zvicer - Lajme nga Ulqini\",\"isPartOf\":{\"@id\":\"https:\/\/www.visit-ulcinj.com\/blog\/#website\"},\"primaryImageOfPage\":{\"@id\":\"https:\/\/www.visit-ulcinj.com\/blog\/2010\/10\/20\/tuna-foto-seksi-ne-insomnia-ne-zvicer\/#primaryimage\"},\"datePublished\":\"2010-10-20T20:07:29+00:00\",\"dateModified\":\"2010-10-24T12:02:16+00:00\",\"author\":{\"@id\":\"https:\/\/www.visit-ulcinj.com\/blog\/#\/schema\/person\/dcab619c614d3038751c63bc2aadc06d\"},\"description\":\"Tuna, k\u00ebng\u00ebtarja e mir\u00ebnjohur shqiptare nga Maqedonia nuk i ka ndalur aktivitetet e saj muzikore edhe pas martes\u00ebs me Rilnd Rek\u00ebn. Tuna vazhdon t\u00eb merr\",\"breadcrumb\":{\"@id\":\"https:\/\/www.visit-ulcinj.com\/blog\/2010\/10\/20\/tuna-foto-seksi-ne-insomnia-ne-zvicer\/#breadcrumb\"},\"inLanguage\":\"en-US\",\"potentialAction\":[{\"@type\":\"ReadAction\",\"target\":[\"https:\/\/www.visit-ulcinj.com\/blog\/2010\/10\/20\/tuna-foto-seksi-ne-insomnia-ne-zvicer\/\"]}]},{\"@type\":\"BreadcrumbList\",\"@id\":\"https:\/\/www.visit-ulcinj.com\/blog\/2010\/10\/20\/tuna-foto-seksi-ne-insomnia-ne-zvicer\/#breadcrumb\",\"itemListElement\":[{\"@type\":\"ListItem\",\"position\":1,\"name\":\"Tuna , foto seksi ne Insomnia ne Zvicer\"}]},{\"@type\":\"Person\",\"@id\":\"https:\/\/www.visit-ulcinj.com\/blog\/#\/schema\/person\/dcab619c614d3038751c63bc2aadc06d\",\"name\":\"ulqini\",\"sameAs\":[\"http:\/\/www.visit-ulcinj.com\"],\"url\":\"https:\/\/www.visit-ulcinj.com\/blog\/author\/admin\/\"}]}<\/script>\n<!-- \/ Yoast SEO plugin. -->","yoast_head_json":{"title":"Tuna , foto seksi ne Insomnia ne Zvicer - Lajme nga Ulqini","description":"Tuna, k\u00ebng\u00ebtarja e mir\u00ebnjohur shqiptare nga Maqedonia nuk i ka ndalur aktivitetet e saj muzikore edhe pas martes\u00ebs me Rilnd Rek\u00ebn. Tuna vazhdon t\u00eb merr","robots":{"index":"index","follow":"follow","max-snippet":"max-snippet:-1","max-image-preview":"max-image-preview:large","max-video-preview":"max-video-preview:-1"},"canonical":"https:\/\/www.visit-ulcinj.com\/blog\/2010\/10\/20\/tuna-foto-seksi-ne-insomnia-ne-zvicer\/","og_locale":"en_US","og_type":"article","og_title":"Tuna , foto seksi ne Insomnia ne Zvicer - Lajme nga Ulqini","og_description":"Tuna, k\u00ebng\u00ebtarja e mir\u00ebnjohur shqiptare nga Maqedonia nuk i ka ndalur aktivitetet e saj muzikore edhe pas martes\u00ebs me Rilnd Rek\u00ebn. Tuna vazhdon t\u00eb merr","og_url":"https:\/\/www.visit-ulcinj.com\/blog\/2010\/10\/20\/tuna-foto-seksi-ne-insomnia-ne-zvicer\/","og_site_name":"Lajme nga Ulqini","article_published_time":"2010-10-20T20:07:29+00:00","article_modified_time":"2010-10-24T12:02:16+00:00","og_image":[{"url":"http:\/\/www.visit-ulcinj.com\/blog\/wp-content\/uploads\/2010\/10\/Altuna-Sejdi-ne-Insomnia-.jpg"}],"twitter_misc":{"Written by":"ulqini","Est. reading time":"1 minute"},"schema":{"@context":"https:\/\/schema.org","@graph":[{"@type":"WebSite","@id":"https:\/\/www.visit-ulcinj.com\/blog\/#website","url":"https:\/\/www.visit-ulcinj.com\/blog\/","name":"Lajme nga Ulqini","description":"Lajme,Vijesti,Ulqini,Ulqin,Crna Gora,Mali i Zi","potentialAction":[{"@type":"SearchAction","target":{"@type":"EntryPoint","urlTemplate":"https:\/\/www.visit-ulcinj.com\/blog\/?s={search_term_string}"},"query-input":"required name=search_term_string"}],"inLanguage":"en-US"},{"@type":"ImageObject","inLanguage":"en-US","@id":"https:\/\/www.visit-ulcinj.com\/blog\/2010\/10\/20\/tuna-foto-seksi-ne-insomnia-ne-zvicer\/#primaryimage","url":"http:\/\/www.visit-ulcinj.com\/blog\/wp-content\/uploads\/2010\/10\/Altuna-Sejdi-ne-Insomnia-.jpg","contentUrl":"http:\/\/www.visit-ulcinj.com\/blog\/wp-content\/uploads\/2010\/10\/Altuna-Sejdi-ne-Insomnia-.jpg"},{"@type":"WebPage","@id":"https:\/\/www.visit-ulcinj.com\/blog\/2010\/10\/20\/tuna-foto-seksi-ne-insomnia-ne-zvicer\/#webpage","url":"https:\/\/www.visit-ulcinj.com\/blog\/2010\/10\/20\/tuna-foto-seksi-ne-insomnia-ne-zvicer\/","name":"Tuna , foto seksi ne Insomnia ne Zvicer - Lajme nga Ulqini","isPartOf":{"@id":"https:\/\/www.visit-ulcinj.com\/blog\/#website"},"primaryImageOfPage":{"@id":"https:\/\/www.visit-ulcinj.com\/blog\/2010\/10\/20\/tuna-foto-seksi-ne-insomnia-ne-zvicer\/#primaryimage"},"datePublished":"2010-10-20T20:07:29+00:00","dateModified":"2010-10-24T12:02:16+00:00","author":{"@id":"https:\/\/www.visit-ulcinj.com\/blog\/#\/schema\/person\/dcab619c614d3038751c63bc2aadc06d"},"description":"Tuna, k\u00ebng\u00ebtarja e mir\u00ebnjohur shqiptare nga Maqedonia nuk i ka ndalur aktivitetet e saj muzikore edhe pas martes\u00ebs me Rilnd Rek\u00ebn. Tuna vazhdon t\u00eb merr","breadcrumb":{"@id":"https:\/\/www.visit-ulcinj.com\/blog\/2010\/10\/20\/tuna-foto-seksi-ne-insomnia-ne-zvicer\/#breadcrumb"},"inLanguage":"en-US","potentialAction":[{"@type":"ReadAction","target":["https:\/\/www.visit-ulcinj.com\/blog\/2010\/10\/20\/tuna-foto-seksi-ne-insomnia-ne-zvicer\/"]}]},{"@type":"BreadcrumbList","@id":"https:\/\/www.visit-ulcinj.com\/blog\/2010\/10\/20\/tuna-foto-seksi-ne-insomnia-ne-zvicer\/#breadcrumb","itemListElement":[{"@type":"ListItem","position":1,"name":"Tuna , foto seksi ne Insomnia ne Zvicer"}]},{"@type":"Person","@id":"https:\/\/www.visit-ulcinj.com\/blog\/#\/schema\/person\/dcab619c614d3038751c63bc2aadc06d","name":"ulqini","sameAs":["http:\/\/www.visit-ulcinj.com"],"url":"https:\/\/www.visit-ulcinj.com\/blog\/author\/admin\/"}]}},"jetpack_featured_media_url":"","jetpack_sharing_enabled":true,"jetpack_shortlink":"https:\/\/wp.me\/pe6lTn-a41","_links":{"self":[{"href":"https:\/\/www.visit-ulcinj.com\/blog\/wp-json\/wp\/v2\/posts\/38689"}],"collection":[{"href":"https:\/\/www.visit-ulcinj.com\/blog\/wp-json\/wp\/v2\/posts"}],"about":[{"href":"https:\/\/www.visit-ulcinj.com\/blog\/wp-json\/wp\/v2\/types\/post"}],"author":[{"embeddable":true,"href":"https:\/\/www.visit-ulcinj.com\/blog\/wp-json\/wp\/v2\/users\/1"}],"replies":[{"embeddable":true,"href":"https:\/\/www.visit-ulcinj.com\/blog\/wp-json\/wp\/v2\/comments?post=38689"}],"version-history":[{"count":0,"href":"https:\/\/www.visit-ulcinj.com\/blog\/wp-json\/wp\/v2\/posts\/38689\/revisions"}],"wp:attachment":[{"href":"https:\/\/www.visit-ulcinj.com\/blog\/wp-json\/wp\/v2\/media?parent=38689"}],"wp:term":[{"taxonomy":"category","embeddable":true,"href":"https:\/\/www.visit-ulcinj.com\/blog\/wp-json\/wp\/v2\/categories?post=38689"},{"taxonomy":"post_tag","embeddable":true,"href":"https:\/\/www.visit-ulcinj.com\/blog\/wp-json\/wp\/v2\/tags?post=38689"}],"curies":[{"name":"wp","href":"https:\/\/api.w.org\/{rel}","templated":true}]}}