{"id":38708,"date":"2010-10-20T23:01:54","date_gmt":"2010-10-20T21:01:54","guid":{"rendered":"http:\/\/www.visit-ulcinj.com\/blog\/?p=38708"},"modified":"2010-10-20T23:13:17","modified_gmt":"2010-10-20T21:13:17","slug":"taekwondo-kampionati-i-malit-te-zi","status":"publish","type":"post","link":"https:\/\/www.visit-ulcinj.com\/blog\/2010\/10\/20\/taekwondo-kampionati-i-malit-te-zi\/","title":{"rendered":"Taekwondo kampionati i Malit te Zi"},"content":{"rendered":"<p><strong><a href=\"http:\/\/www.visit-ulcinj.com\/blog\/wp-content\/uploads\/2010\/10\/Klubi-i-Taekowndo-se-Ulqini.jpg\"><img loading=\"lazy\" class=\"alignleft size-full wp-image-38709\" title=\"Klubi i Taekowndo-se Ulqini\" src=\"http:\/\/www.visit-ulcinj.com\/blog\/wp-content\/uploads\/2010\/10\/Klubi-i-Taekowndo-se-Ulqini.jpg\" alt=\"\" width=\"490\" height=\"360\" \/><\/a>Gjat\u00eb k\u00ebtij vikendi me dat\u00eb 17.10.2010 n\u00eb Podgoric u mbajt kampionati i Malit t\u00eb Zi n\u00eb sportin olimpik t\u00eb Taekwondo-s\u00eb p\u00ebr kategorin\u00eb e pionir\u00ebve, kadet\u00ebve dhe junior\u00ebve. <\/strong><\/p>\n<p>Klubi i Taekowndo-s\u00eb Ulqini kampion i Malit t\u00eb Zi, shk\u00eblqen me 14 medalje t\u00eb arta, gjegj\u00ebsisht 14 kampion n\u00eb Mal t\u00eb Zi nga KT Ulqini.<\/p>\n<p>Klubi i taekwondo-s\u00eb ulqini u paraqit me 23 garues, ku p\u00ebr shkaqe finaciare klubi i taekwondo-s\u00eb Ulqini nuk arriti q\u00eb t\u00eb marr\u00eb pjes\u00eb me nj\u00eb num\u00ebr edhe m\u00eb t\u00eb madh\u00eb garuesish, k\u00ebshtu q\u00eb u detyruan \u00a0t\u00eb marrin pjes\u00eb me garuesit m\u00eb perspektiv.<\/p>\n<p>Rezultati i klubit t\u00eb taekwondos\u00eb Ulqini n\u00eb k\u00ebt\u00eb kampionat ishte rezultati m\u00eb i lart\u00eb i arritur deri m\u00eb tani n\u00eb kampionatin e Malit t\u00eb Zi: KT Ulqini arrin\u00eb t\u00eb grumbulloj gjith\u00ebsejt 20 medalje, prej tyre 14 medalje t\u00eb arta, 4 medalje t\u00eb argjend\u00ebta, dhe 2 medalje t\u00eb bronz\u00ebta.<\/p>\n<p>Garuesi nga klubi i Taekwondo-s\u00eb Ulqini Esad Kraja ishte garuesi m\u00eb i mir\u00eb i kampionatit n\u00eb kategorin e pionir\u00ebve.<\/p>\n<p>Nga klubi i Taekwondo-s\u00eb Ulqini \u00a0dol\u00ebn 14 kampion\u00eb p\u00ebr k\u00ebt\u00eb vit\u00eb t\u00eb cil\u00ebt u kurorzuan me medalje t\u00eb arta:<\/p>\n<p>Nuri Kanaqi, Amina Kanaqi, Rinor Jahja, Bojan Vladisavljeviq, Esad Kraja, Ardiana Karamanaga, Medina Kanaqi, Adelisa Muslijeviq, Sulejman Murati, Amir Suka, Artan Fici, Mersudin Kurti, Raif Bilali dhe Adrijan Zenuni.<\/p>\n<p>N\u00ebnkampion\u00ebt e Malit t\u00eb Zi p\u00ebr k\u00ebt vit\u00eb nga klubi i taekwondo-s\u00eb Ulqini t\u00eb cil\u00ebt u kurorzuan me medalje t\u00eb argjend\u00ebta arrit\u00ebn k\u00ebto garues:<\/p>\n<p>Edina Kraja, Blendi \u00c7apriqi, Ramazan Jahja dhe Arijeta Zati.<\/p>\n<p>Kurse me medalje t\u00eb bronz\u00ebta u kurorzuan k\u00ebto garues:<\/p>\n<p>Rrezarta Husiq dhe Izadin Kurti.<\/p>\n<p>M\u00eb gj\u00ebrsisht kryetrajneri i k\u00ebtij klubi Fikret Dushku shton: \u00a0N\u00eb k\u00ebt\u00eb kampionat\u00eb treguam suksesin m\u00eb t\u00eb lart\u00eb deri m\u00eb tani, arrit\u00ebn q\u00eb p\u00ebr vitin 2010 t\u00eb kemi 14 kampion n\u00eb Mal t\u00eb Zi nga klubi yn\u00eb. Jemi t\u00eb k\u00ebnaqur p\u00ebr suksesin e arritur shpresojm\u00eb se edhe n\u00eb t\u00eb ardhmen do t\u00eb mundohemi ti p\u00ebrs\u00ebsrisim k\u00ebto suksese me k\u00ebto garuesit tan\u00eb t\u00eb cil\u00ebt po bejn\u00eb nj\u00eb st\u00ebrvitje shum\u00eb t\u00eb mir\u00eb. I p\u00ebrsh\u00ebndes t\u00eb gjith\u00eb garuesit e n\u00eb ve\u00e7anti 14 kampion\u00ebt tan\u00eb duke ju uruar suksese n\u00eb jet\u00eb. \u00a0D\u00ebshiroj t\u00eb falenderoj sponsorin kryesor\u00eb t\u00eb klubit ton\u00eb, Tapacir Kurti, dhe t\u00eb gjith\u00eb prind\u00ebrit e garuesve t\u00eb cil\u00ebt na mund\u00ebsuan pjesmarrjen ton\u00eb n\u00eb k\u00ebt\u00eb kampionat\u00eb.<br \/>\n<!--YouTube Error: bad URL entered--><\/p>\n","protected":false},"excerpt":{"rendered":"<p>Gjat\u00eb k\u00ebtij vikendi me dat\u00eb 17.10.2010 n\u00eb Podgoric u mbajt kampionati i Malit t\u00eb Zi n\u00eb sportin olimpik t\u00eb Taekwondo-s\u00eb p\u00ebr kategorin\u00eb e pionir\u00ebve, kadet\u00ebve dhe junior\u00ebve. Klubi i Taekowndo-s\u00eb Ulqini kampion i Malit t\u00eb Zi, shk\u00eblqen me 14 medalje t\u00eb arta, gjegj\u00ebsisht 14 kampion n\u00eb Mal t\u00eb Zi nga KT Ulqini. Klubi i taekwondo-s\u00eb [&hellip;]<\/p>\n","protected":false},"author":1,"featured_media":0,"comment_status":"open","ping_status":"closed","sticky":false,"template":"","format":"standard","meta":{"spay_email":"","jetpack_publicize_message":"","jetpack_is_tweetstorm":false,"jetpack_publicize_feature_enabled":true},"categories":[3],"tags":[10284,16077,12912,16076,16075,5924,2956,15698,13046,10289,10288,5926,16074,13145,2950,13142,10294,12915,15695,10283,16073,10295],"jetpack_publicize_connections":[],"yoast_head":"<!-- This site is optimized with the Yoast SEO plugin v19.1 - https:\/\/yoast.com\/wordpress\/plugins\/seo\/ -->\n<title>Taekwondo kampionati i Malit te Zi - Lajme nga Ulqini<\/title>\n<meta name=\"description\" content=\"Gjat\u00eb k\u00ebtij vikendi me dat\u00eb 17.10.2010 n\u00eb Podgoric u mbajt kampionati i Malit t\u00eb Zi n\u00eb sportin olimpik t\u00eb Taekwondo-s\u00eb p\u00ebr kategorin\u00eb e pionir\u00ebve,\" \/>\n<meta name=\"robots\" content=\"index, follow, max-snippet:-1, max-image-preview:large, max-video-preview:-1\" \/>\n<link rel=\"canonical\" href=\"https:\/\/www.visit-ulcinj.com\/blog\/2010\/10\/20\/taekwondo-kampionati-i-malit-te-zi\/\" \/>\n<meta property=\"og:locale\" content=\"en_US\" \/>\n<meta property=\"og:type\" content=\"article\" \/>\n<meta property=\"og:title\" content=\"Taekwondo kampionati i Malit te Zi - Lajme nga Ulqini\" \/>\n<meta property=\"og:description\" content=\"Gjat\u00eb k\u00ebtij vikendi me dat\u00eb 17.10.2010 n\u00eb Podgoric u mbajt kampionati i Malit t\u00eb Zi n\u00eb sportin olimpik t\u00eb Taekwondo-s\u00eb p\u00ebr kategorin\u00eb e pionir\u00ebve,\" \/>\n<meta property=\"og:url\" content=\"https:\/\/www.visit-ulcinj.com\/blog\/2010\/10\/20\/taekwondo-kampionati-i-malit-te-zi\/\" \/>\n<meta property=\"og:site_name\" content=\"Lajme nga Ulqini\" \/>\n<meta property=\"article:published_time\" content=\"2010-10-20T21:01:54+00:00\" \/>\n<meta property=\"article:modified_time\" content=\"2010-10-20T21:13:17+00:00\" \/>\n<meta property=\"og:image\" content=\"http:\/\/www.visit-ulcinj.com\/blog\/wp-content\/uploads\/2010\/10\/Klubi-i-Taekowndo-se-Ulqini.jpg\" \/>\n<meta name=\"twitter:label1\" content=\"Written by\" \/>\n\t<meta name=\"twitter:data1\" content=\"ulqini\" \/>\n\t<meta name=\"twitter:label2\" content=\"Est. reading time\" \/>\n\t<meta name=\"twitter:data2\" content=\"2 minutes\" \/>\n<script type=\"application\/ld+json\" class=\"yoast-schema-graph\">{\"@context\":\"https:\/\/schema.org\",\"@graph\":[{\"@type\":\"WebSite\",\"@id\":\"https:\/\/www.visit-ulcinj.com\/blog\/#website\",\"url\":\"https:\/\/www.visit-ulcinj.com\/blog\/\",\"name\":\"Lajme nga Ulqini\",\"description\":\"Lajme,Vijesti,Ulqini,Ulqin,Crna Gora,Mali i Zi\",\"potentialAction\":[{\"@type\":\"SearchAction\",\"target\":{\"@type\":\"EntryPoint\",\"urlTemplate\":\"https:\/\/www.visit-ulcinj.com\/blog\/?s={search_term_string}\"},\"query-input\":\"required name=search_term_string\"}],\"inLanguage\":\"en-US\"},{\"@type\":\"ImageObject\",\"inLanguage\":\"en-US\",\"@id\":\"https:\/\/www.visit-ulcinj.com\/blog\/2010\/10\/20\/taekwondo-kampionati-i-malit-te-zi\/#primaryimage\",\"url\":\"https:\/\/www.visit-ulcinj.com\/blog\/wp-content\/uploads\/2010\/10\/Klubi-i-Taekowndo-se-Ulqini.jpg\",\"contentUrl\":\"https:\/\/www.visit-ulcinj.com\/blog\/wp-content\/uploads\/2010\/10\/Klubi-i-Taekowndo-se-Ulqini.jpg\",\"width\":\"720\",\"height\":\"318\"},{\"@type\":\"WebPage\",\"@id\":\"https:\/\/www.visit-ulcinj.com\/blog\/2010\/10\/20\/taekwondo-kampionati-i-malit-te-zi\/#webpage\",\"url\":\"https:\/\/www.visit-ulcinj.com\/blog\/2010\/10\/20\/taekwondo-kampionati-i-malit-te-zi\/\",\"name\":\"Taekwondo kampionati i Malit te Zi - Lajme nga Ulqini\",\"isPartOf\":{\"@id\":\"https:\/\/www.visit-ulcinj.com\/blog\/#website\"},\"primaryImageOfPage\":{\"@id\":\"https:\/\/www.visit-ulcinj.com\/blog\/2010\/10\/20\/taekwondo-kampionati-i-malit-te-zi\/#primaryimage\"},\"datePublished\":\"2010-10-20T21:01:54+00:00\",\"dateModified\":\"2010-10-20T21:13:17+00:00\",\"author\":{\"@id\":\"https:\/\/www.visit-ulcinj.com\/blog\/#\/schema\/person\/dcab619c614d3038751c63bc2aadc06d\"},\"description\":\"Gjat\u00eb k\u00ebtij vikendi me dat\u00eb 17.10.2010 n\u00eb Podgoric u mbajt kampionati i Malit t\u00eb Zi n\u00eb sportin olimpik t\u00eb Taekwondo-s\u00eb p\u00ebr kategorin\u00eb e pionir\u00ebve,\",\"breadcrumb\":{\"@id\":\"https:\/\/www.visit-ulcinj.com\/blog\/2010\/10\/20\/taekwondo-kampionati-i-malit-te-zi\/#breadcrumb\"},\"inLanguage\":\"en-US\",\"potentialAction\":[{\"@type\":\"ReadAction\",\"target\":[\"https:\/\/www.visit-ulcinj.com\/blog\/2010\/10\/20\/taekwondo-kampionati-i-malit-te-zi\/\"]}]},{\"@type\":\"BreadcrumbList\",\"@id\":\"https:\/\/www.visit-ulcinj.com\/blog\/2010\/10\/20\/taekwondo-kampionati-i-malit-te-zi\/#breadcrumb\",\"itemListElement\":[{\"@type\":\"ListItem\",\"position\":1,\"name\":\"Taekwondo kampionati i Malit te Zi\"}]},{\"@type\":\"Person\",\"@id\":\"https:\/\/www.visit-ulcinj.com\/blog\/#\/schema\/person\/dcab619c614d3038751c63bc2aadc06d\",\"name\":\"ulqini\",\"sameAs\":[\"http:\/\/www.visit-ulcinj.com\"],\"url\":\"https:\/\/www.visit-ulcinj.com\/blog\/author\/admin\/\"}]}<\/script>\n<!-- \/ Yoast SEO plugin. -->","yoast_head_json":{"title":"Taekwondo kampionati i Malit te Zi - Lajme nga Ulqini","description":"Gjat\u00eb k\u00ebtij vikendi me dat\u00eb 17.10.2010 n\u00eb Podgoric u mbajt kampionati i Malit t\u00eb Zi n\u00eb sportin olimpik t\u00eb Taekwondo-s\u00eb p\u00ebr kategorin\u00eb e pionir\u00ebve,","robots":{"index":"index","follow":"follow","max-snippet":"max-snippet:-1","max-image-preview":"max-image-preview:large","max-video-preview":"max-video-preview:-1"},"canonical":"https:\/\/www.visit-ulcinj.com\/blog\/2010\/10\/20\/taekwondo-kampionati-i-malit-te-zi\/","og_locale":"en_US","og_type":"article","og_title":"Taekwondo kampionati i Malit te Zi - Lajme nga Ulqini","og_description":"Gjat\u00eb k\u00ebtij vikendi me dat\u00eb 17.10.2010 n\u00eb Podgoric u mbajt kampionati i Malit t\u00eb Zi n\u00eb sportin olimpik t\u00eb Taekwondo-s\u00eb p\u00ebr kategorin\u00eb e pionir\u00ebve,","og_url":"https:\/\/www.visit-ulcinj.com\/blog\/2010\/10\/20\/taekwondo-kampionati-i-malit-te-zi\/","og_site_name":"Lajme nga Ulqini","article_published_time":"2010-10-20T21:01:54+00:00","article_modified_time":"2010-10-20T21:13:17+00:00","og_image":[{"url":"http:\/\/www.visit-ulcinj.com\/blog\/wp-content\/uploads\/2010\/10\/Klubi-i-Taekowndo-se-Ulqini.jpg"}],"twitter_misc":{"Written by":"ulqini","Est. reading time":"2 minutes"},"schema":{"@context":"https:\/\/schema.org","@graph":[{"@type":"WebSite","@id":"https:\/\/www.visit-ulcinj.com\/blog\/#website","url":"https:\/\/www.visit-ulcinj.com\/blog\/","name":"Lajme nga Ulqini","description":"Lajme,Vijesti,Ulqini,Ulqin,Crna Gora,Mali i Zi","potentialAction":[{"@type":"SearchAction","target":{"@type":"EntryPoint","urlTemplate":"https:\/\/www.visit-ulcinj.com\/blog\/?s={search_term_string}"},"query-input":"required name=search_term_string"}],"inLanguage":"en-US"},{"@type":"ImageObject","inLanguage":"en-US","@id":"https:\/\/www.visit-ulcinj.com\/blog\/2010\/10\/20\/taekwondo-kampionati-i-malit-te-zi\/#primaryimage","url":"https:\/\/www.visit-ulcinj.com\/blog\/wp-content\/uploads\/2010\/10\/Klubi-i-Taekowndo-se-Ulqini.jpg","contentUrl":"https:\/\/www.visit-ulcinj.com\/blog\/wp-content\/uploads\/2010\/10\/Klubi-i-Taekowndo-se-Ulqini.jpg","width":"720","height":"318"},{"@type":"WebPage","@id":"https:\/\/www.visit-ulcinj.com\/blog\/2010\/10\/20\/taekwondo-kampionati-i-malit-te-zi\/#webpage","url":"https:\/\/www.visit-ulcinj.com\/blog\/2010\/10\/20\/taekwondo-kampionati-i-malit-te-zi\/","name":"Taekwondo kampionati i Malit te Zi - Lajme nga Ulqini","isPartOf":{"@id":"https:\/\/www.visit-ulcinj.com\/blog\/#website"},"primaryImageOfPage":{"@id":"https:\/\/www.visit-ulcinj.com\/blog\/2010\/10\/20\/taekwondo-kampionati-i-malit-te-zi\/#primaryimage"},"datePublished":"2010-10-20T21:01:54+00:00","dateModified":"2010-10-20T21:13:17+00:00","author":{"@id":"https:\/\/www.visit-ulcinj.com\/blog\/#\/schema\/person\/dcab619c614d3038751c63bc2aadc06d"},"description":"Gjat\u00eb k\u00ebtij vikendi me dat\u00eb 17.10.2010 n\u00eb Podgoric u mbajt kampionati i Malit t\u00eb Zi n\u00eb sportin olimpik t\u00eb Taekwondo-s\u00eb p\u00ebr kategorin\u00eb e pionir\u00ebve,","breadcrumb":{"@id":"https:\/\/www.visit-ulcinj.com\/blog\/2010\/10\/20\/taekwondo-kampionati-i-malit-te-zi\/#breadcrumb"},"inLanguage":"en-US","potentialAction":[{"@type":"ReadAction","target":["https:\/\/www.visit-ulcinj.com\/blog\/2010\/10\/20\/taekwondo-kampionati-i-malit-te-zi\/"]}]},{"@type":"BreadcrumbList","@id":"https:\/\/www.visit-ulcinj.com\/blog\/2010\/10\/20\/taekwondo-kampionati-i-malit-te-zi\/#breadcrumb","itemListElement":[{"@type":"ListItem","position":1,"name":"Taekwondo kampionati i Malit te Zi"}]},{"@type":"Person","@id":"https:\/\/www.visit-ulcinj.com\/blog\/#\/schema\/person\/dcab619c614d3038751c63bc2aadc06d","name":"ulqini","sameAs":["http:\/\/www.visit-ulcinj.com"],"url":"https:\/\/www.visit-ulcinj.com\/blog\/author\/admin\/"}]}},"jetpack_featured_media_url":"","jetpack_sharing_enabled":true,"jetpack_shortlink":"https:\/\/wp.me\/pe6lTn-a4k","_links":{"self":[{"href":"https:\/\/www.visit-ulcinj.com\/blog\/wp-json\/wp\/v2\/posts\/38708"}],"collection":[{"href":"https:\/\/www.visit-ulcinj.com\/blog\/wp-json\/wp\/v2\/posts"}],"about":[{"href":"https:\/\/www.visit-ulcinj.com\/blog\/wp-json\/wp\/v2\/types\/post"}],"author":[{"embeddable":true,"href":"https:\/\/www.visit-ulcinj.com\/blog\/wp-json\/wp\/v2\/users\/1"}],"replies":[{"embeddable":true,"href":"https:\/\/www.visit-ulcinj.com\/blog\/wp-json\/wp\/v2\/comments?post=38708"}],"version-history":[{"count":0,"href":"https:\/\/www.visit-ulcinj.com\/blog\/wp-json\/wp\/v2\/posts\/38708\/revisions"}],"wp:attachment":[{"href":"https:\/\/www.visit-ulcinj.com\/blog\/wp-json\/wp\/v2\/media?parent=38708"}],"wp:term":[{"taxonomy":"category","embeddable":true,"href":"https:\/\/www.visit-ulcinj.com\/blog\/wp-json\/wp\/v2\/categories?post=38708"},{"taxonomy":"post_tag","embeddable":true,"href":"https:\/\/www.visit-ulcinj.com\/blog\/wp-json\/wp\/v2\/tags?post=38708"}],"curies":[{"name":"wp","href":"https:\/\/api.w.org\/{rel}","templated":true}]}}