{"id":38726,"date":"2010-10-22T13:40:03","date_gmt":"2010-10-22T11:40:03","guid":{"rendered":"http:\/\/www.visit-ulcinj.com\/blog\/?p=38726"},"modified":"2010-10-22T13:40:03","modified_gmt":"2010-10-22T11:40:03","slug":"koga-skrelja-protezira","status":"publish","type":"post","link":"https:\/\/www.visit-ulcinj.com\/blog\/2010\/10\/22\/koga-skrelja-protezira\/","title":{"rendered":"Koga \u0160krelja prote\u017eira"},"content":{"rendered":"<p><strong><a href=\"http:\/\/www.visit-ulcinj.com\/blog\/wp-content\/uploads\/2010\/10\/Luigj-Lui-Shkrela2.jpg\"><img loading=\"lazy\" class=\"alignleft size-full wp-image-38727\" title=\"Luigj Lui Shkrela\" src=\"http:\/\/www.visit-ulcinj.com\/blog\/wp-content\/uploads\/2010\/10\/Luigj-Lui-Shkrela2.jpg\" alt=\"\" width=\"490\" height=\"380\" \/><\/a>Velizar Kalu\u0111erovi\u0107 iznio podatke o tome kako se funkcioneri DPS-a pona\u0161aju uo\u010di izbora<\/strong><br \/>\nPodgorica &#8211; Poslanik SNP-a Velizar Kalu\u0111erovi\u0107 optu\u017eio je ju\u010de kolegu iz DPS-a Ljui\u0111a \u0160krelju da je zloupotrijebio poslani\u010dki polo\u017eaj kako bi uo\u010di izbora u Ulcinju za svoju partiju obezbijedio podr\u0161ku.<br \/>\nPozivaju\u0107i se na slu\u017ebeni dopis ulcinjskog DPS-a, Kalu\u0111erovi\u0107 je na sjednici Administrativnog odbora rekao da je \u0160krelja od biv\u0161eg direktora Fonda PIO Radoja \u017dugi\u0107a tra\u017eio da uplati doprinos za tri radnika ulcinjske solane \u201eBajo Sekuli\u0107\u201c kako bi dobili pravo na penziju. U dopisu, u koji su \u201eVijesti\u201c imale uvid, predsjednik ulcinjskog DPS-a poslao je \u017dugi\u0107u podatke o trojici radnika koji su ispunili uslove za penziju a nemaju izmirene obaveze penzijskog osiguranja, tra\u017ee\u0107i da im se doprinosi uplate \u201eu skladu sa prethodnim dogovorom\u201c.<br \/>\n\u201eVi ste kao \u010dlan Sudskog savjeta i poslanik u Skup\u0161tini zloupotrijebili svoju poziciju, i poku\u0161ali da pred izbore obezbijedite podr\u0161ku bira\u010da na nezakonit na\u010din\u201c, optu\u017eio je Kalu\u0111erovi\u0107 \u0160krelju.<\/p>\n<p>Burno reaguju\u0107i na Kalu\u0111erovi\u0107eve prozivke, \u0160krelja je kazao da u zahtjevu nema ni\u0161ta sporno poja\u0161njavaju\u0107i da kao politi\u010dar ima pravo da tra\u017ei pomo\u0107 za svakog ko mu se obrati. On je pojasnio da puno ljudi koji od njega tra\u017ee pomo\u0107, isti\u010du\u0107i da ne vodi ra\u010duna o njihovoj partijskoj pripadnosti. \u0160krelja je kazao da se radi o javnom dokumentu i da nije korektno dovoditi ga u vezu sa izbornim mahinacijama.<br \/>\n\u201dLjudi su od mene tra\u017eili pomo\u0107 i ja sam se potrudio da im iza\u0111em u susret. \u010cak sad da me pitate ko su- ako znam o kojim se ljudima radi, ne digao se sa ovoga stola&#8230; Ako mislite da sam prekr\u0161io zakon tu\u017eite me, a ja \u0107u tra\u017eiti da mi se ukine imunitet i pred sudom potvrdim da nisam u\u010dinio ni\u0161ta lo\u0161e jer sam pomagao ljudima\u201c, kazao je on.<br \/>\nNa primjedbu Kalu\u0111erovi\u0107a da time diskrimini\u0161e one radnike koji imaju ista prava ali nijesu potezali veze, \u0160krelja je priznao da svi treba da u\u017eivaju ista prava: \u201cKako \u0107u ja da znam \u0161ta nekome fali ako nije do\u0161ao kod mene da tra\u017ei pomo\u0107\u201c.<\/p>\n<p>Pravosu\u0111e juri one \u0161to upozoravaju na kriminal<\/p>\n<p>Iako su se na\u010delno slo\u017eili da Skup\u0161tina ne ukine poslani\u010dki imunitet potpredsjedniku PzP-a Branku Radulovi\u0107u, Novici Stani\u0107u (Nova) i Miloju Pupovi\u0107u (SNP) zbog privatne tu\u017ebe za klevetu, ve\u0107ina poslanika je pitala treba li preispitati pitanje poslani\u010dkog imuniteta. Podsje\u0107aju\u0107i da su poslanici za klevetu optu\u017eeni uzbog ukazivanja na izborne kra\u0111e, Ko\u010da Pavlovi\u0107 (PzP) je ocijenio da pravosu\u0111e juri one koji vide kriminal, umjesto da ispita one koji ga \u010dine. On je podsjetio da su Pupovi\u0107 i Stani\u0107 ukazivali na izborne neregularnosti u Pljevljima, dok je Radulovi\u0107 reagovao zbog na\u010dina na koji je Regulatorna agencija za energetiku odre\u0111ivala cijene struje.<br \/>\n\u201eUmjesto da se pozabavi na\u0161im optu\u017ebama i ispita prijave koje smo im dostavili, u Dr\u017eavnom tu\u017eila\u0161tvu prave se ludi. Dok ti slu\u010dajevi \u010dame u fiokama, ljudima koji vide kriminal sudi se za klevetu\u201c, upozorio je on.<br \/>\nPavlovi\u0107 je bio uzdr\u017ean kada se glasalo o skidanju imuniteta Radulovi\u0107u, sa kojim je ina\u010de u sva\u0111i, ali je to obrazlo\u017eio Radulovi\u0107evom najavom da \u0107e sam tra\u017eiti da mu se skine imunitet.<br \/>\nOdbor se proglasio nenadle\u017enim za zahtjev Blagote Erakovi\u0107a da mu se isplate zaostale zarade nakon prijevremenog isteka mandata u savjetu TVCG.<\/p>\n<p><strong>Sa. K.<br \/>\n<a href=\"http:\/\/www.vijesti.me\/index.php?id_pre=352138&amp;godina=2010\" target=\"_blank\">Vijesti<\/a><\/strong><\/p>\n","protected":false},"excerpt":{"rendered":"<p>Velizar Kalu\u0111erovi\u0107 iznio podatke o tome kako se funkcioneri DPS-a pona\u0161aju uo\u010di izbora Podgorica &#8211; Poslanik SNP-a Velizar Kalu\u0111erovi\u0107 optu\u017eio je ju\u010de kolegu iz DPS-a Ljui\u0111a \u0160krelju da je zloupotrijebio poslani\u010dki polo\u017eaj kako bi uo\u010di izbora u Ulcinju za svoju partiju obezbijedio podr\u0161ku. Pozivaju\u0107i se na slu\u017ebeni dopis ulcinjskog DPS-a, Kalu\u0111erovi\u0107 je na sjednici Administrativnog [&hellip;]<\/p>\n","protected":false},"author":1,"featured_media":0,"comment_status":"open","ping_status":"closed","sticky":false,"template":"","format":"standard","meta":{"spay_email":"","jetpack_publicize_message":"","jetpack_is_tweetstorm":false,"jetpack_publicize_feature_enabled":true},"categories":[8337],"tags":[19],"jetpack_publicize_connections":[],"yoast_head":"<!-- This site is optimized with the Yoast SEO plugin v19.1 - https:\/\/yoast.com\/wordpress\/plugins\/seo\/ -->\n<title>Koga \u0160krelja prote\u017eira - Lajme nga Ulqini<\/title>\n<meta name=\"description\" content=\"Velizar Kalu\u0111erovi\u0107 iznio podatke o tome kako se funkcioneri DPS-a pona\u0161aju uo\u010di izbora Podgorica - Poslanik SNP-a Velizar Kalu\u0111erovi\u0107 optu\u017eio je ju\u010de\" \/>\n<meta name=\"robots\" content=\"index, follow, max-snippet:-1, max-image-preview:large, max-video-preview:-1\" \/>\n<link rel=\"canonical\" href=\"https:\/\/www.visit-ulcinj.com\/blog\/2010\/10\/22\/koga-skrelja-protezira\/\" \/>\n<meta property=\"og:locale\" content=\"en_US\" \/>\n<meta property=\"og:type\" content=\"article\" \/>\n<meta property=\"og:title\" content=\"Koga \u0160krelja prote\u017eira - Lajme nga Ulqini\" \/>\n<meta property=\"og:description\" content=\"Velizar Kalu\u0111erovi\u0107 iznio podatke o tome kako se funkcioneri DPS-a pona\u0161aju uo\u010di izbora Podgorica - Poslanik SNP-a Velizar Kalu\u0111erovi\u0107 optu\u017eio je ju\u010de\" \/>\n<meta property=\"og:url\" content=\"https:\/\/www.visit-ulcinj.com\/blog\/2010\/10\/22\/koga-skrelja-protezira\/\" \/>\n<meta property=\"og:site_name\" content=\"Lajme nga Ulqini\" \/>\n<meta property=\"article:published_time\" content=\"2010-10-22T11:40:03+00:00\" \/>\n<meta property=\"og:image\" content=\"http:\/\/www.visit-ulcinj.com\/blog\/wp-content\/uploads\/2010\/10\/Luigj-Lui-Shkrela2.jpg\" \/>\n<meta name=\"twitter:label1\" content=\"Written by\" \/>\n\t<meta name=\"twitter:data1\" content=\"ulqini\" \/>\n\t<meta name=\"twitter:label2\" content=\"Est. reading time\" \/>\n\t<meta name=\"twitter:data2\" content=\"3 minutes\" \/>\n<script type=\"application\/ld+json\" class=\"yoast-schema-graph\">{\"@context\":\"https:\/\/schema.org\",\"@graph\":[{\"@type\":\"WebSite\",\"@id\":\"https:\/\/www.visit-ulcinj.com\/blog\/#website\",\"url\":\"https:\/\/www.visit-ulcinj.com\/blog\/\",\"name\":\"Lajme nga Ulqini\",\"description\":\"Lajme,Vijesti,Ulqini,Ulqin,Crna Gora,Mali i Zi\",\"potentialAction\":[{\"@type\":\"SearchAction\",\"target\":{\"@type\":\"EntryPoint\",\"urlTemplate\":\"https:\/\/www.visit-ulcinj.com\/blog\/?s={search_term_string}\"},\"query-input\":\"required name=search_term_string\"}],\"inLanguage\":\"en-US\"},{\"@type\":\"ImageObject\",\"inLanguage\":\"en-US\",\"@id\":\"https:\/\/www.visit-ulcinj.com\/blog\/2010\/10\/22\/koga-skrelja-protezira\/#primaryimage\",\"url\":\"https:\/\/www.visit-ulcinj.com\/blog\/wp-content\/uploads\/2010\/10\/Luigj-Lui-Shkrela2.jpg\",\"contentUrl\":\"https:\/\/www.visit-ulcinj.com\/blog\/wp-content\/uploads\/2010\/10\/Luigj-Lui-Shkrela2.jpg\",\"width\":\"579\",\"height\":\"480\"},{\"@type\":\"WebPage\",\"@id\":\"https:\/\/www.visit-ulcinj.com\/blog\/2010\/10\/22\/koga-skrelja-protezira\/#webpage\",\"url\":\"https:\/\/www.visit-ulcinj.com\/blog\/2010\/10\/22\/koga-skrelja-protezira\/\",\"name\":\"Koga \u0160krelja prote\u017eira - Lajme nga Ulqini\",\"isPartOf\":{\"@id\":\"https:\/\/www.visit-ulcinj.com\/blog\/#website\"},\"primaryImageOfPage\":{\"@id\":\"https:\/\/www.visit-ulcinj.com\/blog\/2010\/10\/22\/koga-skrelja-protezira\/#primaryimage\"},\"datePublished\":\"2010-10-22T11:40:03+00:00\",\"dateModified\":\"2010-10-22T11:40:03+00:00\",\"author\":{\"@id\":\"https:\/\/www.visit-ulcinj.com\/blog\/#\/schema\/person\/dcab619c614d3038751c63bc2aadc06d\"},\"description\":\"Velizar Kalu\u0111erovi\u0107 iznio podatke o tome kako se funkcioneri DPS-a pona\u0161aju uo\u010di izbora Podgorica - Poslanik SNP-a Velizar Kalu\u0111erovi\u0107 optu\u017eio je ju\u010de\",\"breadcrumb\":{\"@id\":\"https:\/\/www.visit-ulcinj.com\/blog\/2010\/10\/22\/koga-skrelja-protezira\/#breadcrumb\"},\"inLanguage\":\"en-US\",\"potentialAction\":[{\"@type\":\"ReadAction\",\"target\":[\"https:\/\/www.visit-ulcinj.com\/blog\/2010\/10\/22\/koga-skrelja-protezira\/\"]}]},{\"@type\":\"BreadcrumbList\",\"@id\":\"https:\/\/www.visit-ulcinj.com\/blog\/2010\/10\/22\/koga-skrelja-protezira\/#breadcrumb\",\"itemListElement\":[{\"@type\":\"ListItem\",\"position\":1,\"name\":\"Koga \u0160krelja prote\u017eira\"}]},{\"@type\":\"Person\",\"@id\":\"https:\/\/www.visit-ulcinj.com\/blog\/#\/schema\/person\/dcab619c614d3038751c63bc2aadc06d\",\"name\":\"ulqini\",\"sameAs\":[\"http:\/\/www.visit-ulcinj.com\"],\"url\":\"https:\/\/www.visit-ulcinj.com\/blog\/author\/admin\/\"}]}<\/script>\n<!-- \/ Yoast SEO plugin. -->","yoast_head_json":{"title":"Koga \u0160krelja prote\u017eira - Lajme nga Ulqini","description":"Velizar Kalu\u0111erovi\u0107 iznio podatke o tome kako se funkcioneri DPS-a pona\u0161aju uo\u010di izbora Podgorica - Poslanik SNP-a Velizar Kalu\u0111erovi\u0107 optu\u017eio je ju\u010de","robots":{"index":"index","follow":"follow","max-snippet":"max-snippet:-1","max-image-preview":"max-image-preview:large","max-video-preview":"max-video-preview:-1"},"canonical":"https:\/\/www.visit-ulcinj.com\/blog\/2010\/10\/22\/koga-skrelja-protezira\/","og_locale":"en_US","og_type":"article","og_title":"Koga \u0160krelja prote\u017eira - Lajme nga Ulqini","og_description":"Velizar Kalu\u0111erovi\u0107 iznio podatke o tome kako se funkcioneri DPS-a pona\u0161aju uo\u010di izbora Podgorica - Poslanik SNP-a Velizar Kalu\u0111erovi\u0107 optu\u017eio je ju\u010de","og_url":"https:\/\/www.visit-ulcinj.com\/blog\/2010\/10\/22\/koga-skrelja-protezira\/","og_site_name":"Lajme nga Ulqini","article_published_time":"2010-10-22T11:40:03+00:00","og_image":[{"url":"http:\/\/www.visit-ulcinj.com\/blog\/wp-content\/uploads\/2010\/10\/Luigj-Lui-Shkrela2.jpg"}],"twitter_misc":{"Written by":"ulqini","Est. reading time":"3 minutes"},"schema":{"@context":"https:\/\/schema.org","@graph":[{"@type":"WebSite","@id":"https:\/\/www.visit-ulcinj.com\/blog\/#website","url":"https:\/\/www.visit-ulcinj.com\/blog\/","name":"Lajme nga Ulqini","description":"Lajme,Vijesti,Ulqini,Ulqin,Crna Gora,Mali i Zi","potentialAction":[{"@type":"SearchAction","target":{"@type":"EntryPoint","urlTemplate":"https:\/\/www.visit-ulcinj.com\/blog\/?s={search_term_string}"},"query-input":"required name=search_term_string"}],"inLanguage":"en-US"},{"@type":"ImageObject","inLanguage":"en-US","@id":"https:\/\/www.visit-ulcinj.com\/blog\/2010\/10\/22\/koga-skrelja-protezira\/#primaryimage","url":"https:\/\/www.visit-ulcinj.com\/blog\/wp-content\/uploads\/2010\/10\/Luigj-Lui-Shkrela2.jpg","contentUrl":"https:\/\/www.visit-ulcinj.com\/blog\/wp-content\/uploads\/2010\/10\/Luigj-Lui-Shkrela2.jpg","width":"579","height":"480"},{"@type":"WebPage","@id":"https:\/\/www.visit-ulcinj.com\/blog\/2010\/10\/22\/koga-skrelja-protezira\/#webpage","url":"https:\/\/www.visit-ulcinj.com\/blog\/2010\/10\/22\/koga-skrelja-protezira\/","name":"Koga \u0160krelja prote\u017eira - Lajme nga Ulqini","isPartOf":{"@id":"https:\/\/www.visit-ulcinj.com\/blog\/#website"},"primaryImageOfPage":{"@id":"https:\/\/www.visit-ulcinj.com\/blog\/2010\/10\/22\/koga-skrelja-protezira\/#primaryimage"},"datePublished":"2010-10-22T11:40:03+00:00","dateModified":"2010-10-22T11:40:03+00:00","author":{"@id":"https:\/\/www.visit-ulcinj.com\/blog\/#\/schema\/person\/dcab619c614d3038751c63bc2aadc06d"},"description":"Velizar Kalu\u0111erovi\u0107 iznio podatke o tome kako se funkcioneri DPS-a pona\u0161aju uo\u010di izbora Podgorica - Poslanik SNP-a Velizar Kalu\u0111erovi\u0107 optu\u017eio je ju\u010de","breadcrumb":{"@id":"https:\/\/www.visit-ulcinj.com\/blog\/2010\/10\/22\/koga-skrelja-protezira\/#breadcrumb"},"inLanguage":"en-US","potentialAction":[{"@type":"ReadAction","target":["https:\/\/www.visit-ulcinj.com\/blog\/2010\/10\/22\/koga-skrelja-protezira\/"]}]},{"@type":"BreadcrumbList","@id":"https:\/\/www.visit-ulcinj.com\/blog\/2010\/10\/22\/koga-skrelja-protezira\/#breadcrumb","itemListElement":[{"@type":"ListItem","position":1,"name":"Koga \u0160krelja prote\u017eira"}]},{"@type":"Person","@id":"https:\/\/www.visit-ulcinj.com\/blog\/#\/schema\/person\/dcab619c614d3038751c63bc2aadc06d","name":"ulqini","sameAs":["http:\/\/www.visit-ulcinj.com"],"url":"https:\/\/www.visit-ulcinj.com\/blog\/author\/admin\/"}]}},"jetpack_featured_media_url":"","jetpack_sharing_enabled":true,"jetpack_shortlink":"https:\/\/wp.me\/pe6lTn-a4C","_links":{"self":[{"href":"https:\/\/www.visit-ulcinj.com\/blog\/wp-json\/wp\/v2\/posts\/38726"}],"collection":[{"href":"https:\/\/www.visit-ulcinj.com\/blog\/wp-json\/wp\/v2\/posts"}],"about":[{"href":"https:\/\/www.visit-ulcinj.com\/blog\/wp-json\/wp\/v2\/types\/post"}],"author":[{"embeddable":true,"href":"https:\/\/www.visit-ulcinj.com\/blog\/wp-json\/wp\/v2\/users\/1"}],"replies":[{"embeddable":true,"href":"https:\/\/www.visit-ulcinj.com\/blog\/wp-json\/wp\/v2\/comments?post=38726"}],"version-history":[{"count":0,"href":"https:\/\/www.visit-ulcinj.com\/blog\/wp-json\/wp\/v2\/posts\/38726\/revisions"}],"wp:attachment":[{"href":"https:\/\/www.visit-ulcinj.com\/blog\/wp-json\/wp\/v2\/media?parent=38726"}],"wp:term":[{"taxonomy":"category","embeddable":true,"href":"https:\/\/www.visit-ulcinj.com\/blog\/wp-json\/wp\/v2\/categories?post=38726"},{"taxonomy":"post_tag","embeddable":true,"href":"https:\/\/www.visit-ulcinj.com\/blog\/wp-json\/wp\/v2\/tags?post=38726"}],"curies":[{"name":"wp","href":"https:\/\/api.w.org\/{rel}","templated":true}]}}