{"id":38729,"date":"2010-10-22T13:53:52","date_gmt":"2010-10-22T11:53:52","guid":{"rendered":"http:\/\/www.visit-ulcinj.com\/blog\/?p=38729"},"modified":"2010-10-22T13:53:52","modified_gmt":"2010-10-22T11:53:52","slug":"shqiptaret-ne-mal-te-zi-kerkojne-gjuhen-e-tyre-ne-parlament","status":"publish","type":"post","link":"https:\/\/www.visit-ulcinj.com\/blog\/2010\/10\/22\/shqiptaret-ne-mal-te-zi-kerkojne-gjuhen-e-tyre-ne-parlament\/","title":{"rendered":"Shqiptar\u00ebt n\u00eb Mal t\u00eb Zi k\u00ebrkojn\u00eb gjuh\u00ebn e tyre n\u00eb parlament"},"content":{"rendered":"<p><a href=\"http:\/\/www.visit-ulcinj.com\/blog\/wp-content\/uploads\/2010\/10\/Bardhi-Hollaj.jpg\"><img loading=\"lazy\" class=\"alignleft size-full wp-image-38730\" title=\"Bardhi-Hollaj\" src=\"http:\/\/www.visit-ulcinj.com\/blog\/wp-content\/uploads\/2010\/10\/Bardhi-Hollaj.jpg\" alt=\"\" width=\"321\" height=\"163\" srcset=\"https:\/\/www.visit-ulcinj.com\/blog\/wp-content\/uploads\/2010\/10\/Bardhi-Hollaj.jpg 321w, https:\/\/www.visit-ulcinj.com\/blog\/wp-content\/uploads\/2010\/10\/Bardhi-Hollaj-300x152.jpg 300w\" sizes=\"(max-width: 321px) 100vw, 321px\" \/><\/a>Podgoric\u00eb, 21 tetor &#8211; Duke debatuar mbi ligjin e ri t\u00eb let\u00ebrnjoftimit, deputet\u00ebt shqiptar\u00eb k\u00ebrkuan p\u00ebrfaq\u00ebsimin e gjuh\u00ebs shqipe n\u00eb dokumentet personale dhe ata t\u00eb diskutojn\u00eb n\u00eb gjuh\u00ebn shqipe n\u00eb parlament, e drejt\u00eb kjo q\u00eb \u00ebsht\u00eb definuar me kushtetut\u00ebn e Malit t\u00eb Zi.<br \/>\nKryetari dhe deputeti i Lidhjes Demokratike, Mehmet Bardhi thot\u00eb se nuk do ta votoj\u00eb k\u00ebt\u00eb dokument t\u00eb ri ligjor, meq\u00eb i diskriminon shqiptar\u00ebt, nuk parasheh p\u00ebrdorimin e gjuh\u00ebs s\u00eb tyre amtare.<\/p>\n<p>\u201cFormulari \u00ebsht\u00eb i shkruar n\u00eb gjuh\u00ebn malazeze edhe n\u00eb at\u00eb angleze, por jo edhe n\u00eb gjuh\u00ebn shqipe. Si do ta plot\u00ebsojn\u00eb shqiptar\u00ebt, qytetar\u00eb t\u00eb Malit t\u00eb Zi. Po shihet qart\u00eb se pushteti d\u00ebshiron t\u00eb na asimilojn\u00eb ne shqiptar\u00ebt\u201d, \u00ebsht\u00eb kategorik deputeti Bardhi, i njohur p\u00ebr mbrojtjen e \u00e7\u00ebshtjes shqiptare n\u00eb Kuvendin e Malit t\u00eb Zi.<\/p>\n<p>Edhe ligjven\u00ebsi i koalicionit shqiptar \u201cPerspektiva\u201d, Amir Hollaj, angazhohet q\u00eb formulari i l\u00ebshimit t\u00eb let\u00ebrnjoftimit t\u00eb jet\u00eb n\u00eb gjuh\u00ebn zyrtare malazeze dhe at\u00eb angleze, por edhe n\u00eb gjuh\u00ebt e pakicave, t\u00eb cilat me aktin m\u00eb t\u00eb lart\u00eb shtet\u00ebror definohen si gjuh\u00eb n\u00eb p\u00ebrdorim zyrtar, pra edhe n\u00eb gjuh\u00ebn shqipe.<\/p>\n<p>Propozuesi i k\u00ebtij ligji, ndihm\u00ebsministri i Pun\u00ebve t\u00eb Brendshme, Osman Subashiqi (shqiptar) nga Partia Socialdemokratike, partnere e koalicionit qeveritar, p\u00ebrgjigjet se gjuha shqipe \u00ebsht\u00eb e barabart\u00eb me gjuh\u00ebt n\u00eb p\u00ebrdorim zyrtar.<\/p>\n<p>\u201cT\u00eb dh\u00ebnat n\u00eb kart\u00ebn e let\u00ebrnjoftimit sh\u00ebnohen edhe n\u00eb gjuh\u00ebn shqipe n\u00ebse k\u00ebrkon qytetari q\u00eb aplikon p\u00ebr k\u00ebt\u00eb dokument personal\u201d, shprehet Osmani.<\/p>\n<p>Ai po ashtu i quajti t\u00eb pabaz\u00eb v\u00ebrejtjet e opozit\u00ebs se, gjoja, qytetar\u00ebt nuk guxojn\u00eb t\u00eb k\u00ebrkojn\u00eb dokumentet personale n\u00eb gjuh\u00ebn serbe me alfabet cirilik.<\/p>\n<p>Por, sipas ndihm\u00ebsministrit t\u00eb pun\u00ebve t\u00eb brendshme, Osman Subashiqi, tash dy vjet, q\u00ebkur ka filluar l\u00ebshimi i dokumenteve personale, Ministria e Pun\u00ebve t\u00eb Brendshme t\u00eb Malit t\u00eb Zi ka dh\u00ebn\u00eb rreth 14 mij\u00eb let\u00ebrnjoftime dhe 9 mij\u00eb pasaporta n\u00eb gjuh\u00ebn serbe, n\u00eb gjuh\u00ebn shqipe 4 mij\u00eb, mbi 3 mij\u00eb n\u00eb gjuh\u00ebn boshnjake dhe 1 mij\u00eb n\u00eb gjuh\u00ebn kroate.<\/p>\n<p><strong>Koha Net<\/strong><\/p>\n","protected":false},"excerpt":{"rendered":"<p>Podgoric\u00eb, 21 tetor &#8211; Duke debatuar mbi ligjin e ri t\u00eb let\u00ebrnjoftimit, deputet\u00ebt shqiptar\u00eb k\u00ebrkuan p\u00ebrfaq\u00ebsimin e gjuh\u00ebs shqipe n\u00eb dokumentet personale dhe ata t\u00eb diskutojn\u00eb n\u00eb gjuh\u00ebn shqipe n\u00eb parlament, e drejt\u00eb kjo q\u00eb \u00ebsht\u00eb definuar me kushtetut\u00ebn e Malit t\u00eb Zi. Kryetari dhe deputeti i Lidhjes Demokratike, Mehmet Bardhi thot\u00eb se nuk do [&hellip;]<\/p>\n","protected":false},"author":1,"featured_media":0,"comment_status":"open","ping_status":"closed","sticky":false,"template":"","format":"standard","meta":{"spay_email":"","jetpack_publicize_message":"","jetpack_is_tweetstorm":false,"jetpack_publicize_feature_enabled":true},"categories":[1],"tags":[95,5615,200,18],"jetpack_publicize_connections":[],"yoast_head":"<!-- This site is optimized with the Yoast SEO plugin v19.1 - https:\/\/yoast.com\/wordpress\/plugins\/seo\/ -->\n<title>Shqiptar\u00ebt n\u00eb Mal t\u00eb Zi k\u00ebrkojn\u00eb gjuh\u00ebn e tyre n\u00eb parlament - Lajme nga Ulqini<\/title>\n<meta name=\"description\" content=\"Podgoric\u00eb, 21 tetor - Duke debatuar mbi ligjin e ri t\u00eb let\u00ebrnjoftimit, deputet\u00ebt shqiptar\u00eb k\u00ebrkuan p\u00ebrfaq\u00ebsimin e gjuh\u00ebs shqipe n\u00eb dokumentet personale\" \/>\n<meta name=\"robots\" content=\"index, follow, max-snippet:-1, max-image-preview:large, max-video-preview:-1\" \/>\n<link rel=\"canonical\" href=\"https:\/\/www.visit-ulcinj.com\/blog\/2010\/10\/22\/shqiptaret-ne-mal-te-zi-kerkojne-gjuhen-e-tyre-ne-parlament\/\" \/>\n<meta property=\"og:locale\" content=\"en_US\" \/>\n<meta property=\"og:type\" content=\"article\" \/>\n<meta property=\"og:title\" content=\"Shqiptar\u00ebt n\u00eb Mal t\u00eb Zi k\u00ebrkojn\u00eb gjuh\u00ebn e tyre n\u00eb parlament - Lajme nga Ulqini\" \/>\n<meta property=\"og:description\" content=\"Podgoric\u00eb, 21 tetor - Duke debatuar mbi ligjin e ri t\u00eb let\u00ebrnjoftimit, deputet\u00ebt shqiptar\u00eb k\u00ebrkuan p\u00ebrfaq\u00ebsimin e gjuh\u00ebs shqipe n\u00eb dokumentet personale\" \/>\n<meta property=\"og:url\" content=\"https:\/\/www.visit-ulcinj.com\/blog\/2010\/10\/22\/shqiptaret-ne-mal-te-zi-kerkojne-gjuhen-e-tyre-ne-parlament\/\" \/>\n<meta property=\"og:site_name\" content=\"Lajme nga Ulqini\" \/>\n<meta property=\"article:published_time\" content=\"2010-10-22T11:53:52+00:00\" \/>\n<meta property=\"og:image\" content=\"http:\/\/www.visit-ulcinj.com\/blog\/wp-content\/uploads\/2010\/10\/Bardhi-Hollaj.jpg\" \/>\n<meta name=\"twitter:label1\" content=\"Written by\" \/>\n\t<meta name=\"twitter:data1\" content=\"ulqini\" \/>\n\t<meta name=\"twitter:label2\" content=\"Est. reading time\" \/>\n\t<meta name=\"twitter:data2\" content=\"2 minutes\" \/>\n<script type=\"application\/ld+json\" class=\"yoast-schema-graph\">{\"@context\":\"https:\/\/schema.org\",\"@graph\":[{\"@type\":\"WebSite\",\"@id\":\"https:\/\/www.visit-ulcinj.com\/blog\/#website\",\"url\":\"https:\/\/www.visit-ulcinj.com\/blog\/\",\"name\":\"Lajme nga Ulqini\",\"description\":\"Lajme,Vijesti,Ulqini,Ulqin,Crna Gora,Mali i Zi\",\"potentialAction\":[{\"@type\":\"SearchAction\",\"target\":{\"@type\":\"EntryPoint\",\"urlTemplate\":\"https:\/\/www.visit-ulcinj.com\/blog\/?s={search_term_string}\"},\"query-input\":\"required name=search_term_string\"}],\"inLanguage\":\"en-US\"},{\"@type\":\"ImageObject\",\"inLanguage\":\"en-US\",\"@id\":\"https:\/\/www.visit-ulcinj.com\/blog\/2010\/10\/22\/shqiptaret-ne-mal-te-zi-kerkojne-gjuhen-e-tyre-ne-parlament\/#primaryimage\",\"url\":\"https:\/\/www.visit-ulcinj.com\/blog\/wp-content\/uploads\/2010\/10\/Bardhi-Hollaj.jpg\",\"contentUrl\":\"https:\/\/www.visit-ulcinj.com\/blog\/wp-content\/uploads\/2010\/10\/Bardhi-Hollaj.jpg\",\"width\":\"321\",\"height\":\"163\"},{\"@type\":\"WebPage\",\"@id\":\"https:\/\/www.visit-ulcinj.com\/blog\/2010\/10\/22\/shqiptaret-ne-mal-te-zi-kerkojne-gjuhen-e-tyre-ne-parlament\/#webpage\",\"url\":\"https:\/\/www.visit-ulcinj.com\/blog\/2010\/10\/22\/shqiptaret-ne-mal-te-zi-kerkojne-gjuhen-e-tyre-ne-parlament\/\",\"name\":\"Shqiptar\u00ebt n\u00eb Mal t\u00eb Zi k\u00ebrkojn\u00eb gjuh\u00ebn e tyre n\u00eb parlament - Lajme nga Ulqini\",\"isPartOf\":{\"@id\":\"https:\/\/www.visit-ulcinj.com\/blog\/#website\"},\"primaryImageOfPage\":{\"@id\":\"https:\/\/www.visit-ulcinj.com\/blog\/2010\/10\/22\/shqiptaret-ne-mal-te-zi-kerkojne-gjuhen-e-tyre-ne-parlament\/#primaryimage\"},\"datePublished\":\"2010-10-22T11:53:52+00:00\",\"dateModified\":\"2010-10-22T11:53:52+00:00\",\"author\":{\"@id\":\"https:\/\/www.visit-ulcinj.com\/blog\/#\/schema\/person\/dcab619c614d3038751c63bc2aadc06d\"},\"description\":\"Podgoric\u00eb, 21 tetor - Duke debatuar mbi ligjin e ri t\u00eb let\u00ebrnjoftimit, deputet\u00ebt shqiptar\u00eb k\u00ebrkuan p\u00ebrfaq\u00ebsimin e gjuh\u00ebs shqipe n\u00eb dokumentet personale\",\"breadcrumb\":{\"@id\":\"https:\/\/www.visit-ulcinj.com\/blog\/2010\/10\/22\/shqiptaret-ne-mal-te-zi-kerkojne-gjuhen-e-tyre-ne-parlament\/#breadcrumb\"},\"inLanguage\":\"en-US\",\"potentialAction\":[{\"@type\":\"ReadAction\",\"target\":[\"https:\/\/www.visit-ulcinj.com\/blog\/2010\/10\/22\/shqiptaret-ne-mal-te-zi-kerkojne-gjuhen-e-tyre-ne-parlament\/\"]}]},{\"@type\":\"BreadcrumbList\",\"@id\":\"https:\/\/www.visit-ulcinj.com\/blog\/2010\/10\/22\/shqiptaret-ne-mal-te-zi-kerkojne-gjuhen-e-tyre-ne-parlament\/#breadcrumb\",\"itemListElement\":[{\"@type\":\"ListItem\",\"position\":1,\"name\":\"Shqiptar\u00ebt n\u00eb Mal t\u00eb Zi k\u00ebrkojn\u00eb gjuh\u00ebn e tyre n\u00eb parlament\"}]},{\"@type\":\"Person\",\"@id\":\"https:\/\/www.visit-ulcinj.com\/blog\/#\/schema\/person\/dcab619c614d3038751c63bc2aadc06d\",\"name\":\"ulqini\",\"sameAs\":[\"http:\/\/www.visit-ulcinj.com\"],\"url\":\"https:\/\/www.visit-ulcinj.com\/blog\/author\/admin\/\"}]}<\/script>\n<!-- \/ Yoast SEO plugin. -->","yoast_head_json":{"title":"Shqiptar\u00ebt n\u00eb Mal t\u00eb Zi k\u00ebrkojn\u00eb gjuh\u00ebn e tyre n\u00eb parlament - Lajme nga Ulqini","description":"Podgoric\u00eb, 21 tetor - Duke debatuar mbi ligjin e ri t\u00eb let\u00ebrnjoftimit, deputet\u00ebt shqiptar\u00eb k\u00ebrkuan p\u00ebrfaq\u00ebsimin e gjuh\u00ebs shqipe n\u00eb dokumentet personale","robots":{"index":"index","follow":"follow","max-snippet":"max-snippet:-1","max-image-preview":"max-image-preview:large","max-video-preview":"max-video-preview:-1"},"canonical":"https:\/\/www.visit-ulcinj.com\/blog\/2010\/10\/22\/shqiptaret-ne-mal-te-zi-kerkojne-gjuhen-e-tyre-ne-parlament\/","og_locale":"en_US","og_type":"article","og_title":"Shqiptar\u00ebt n\u00eb Mal t\u00eb Zi k\u00ebrkojn\u00eb gjuh\u00ebn e tyre n\u00eb parlament - Lajme nga Ulqini","og_description":"Podgoric\u00eb, 21 tetor - Duke debatuar mbi ligjin e ri t\u00eb let\u00ebrnjoftimit, deputet\u00ebt shqiptar\u00eb k\u00ebrkuan p\u00ebrfaq\u00ebsimin e gjuh\u00ebs shqipe n\u00eb dokumentet personale","og_url":"https:\/\/www.visit-ulcinj.com\/blog\/2010\/10\/22\/shqiptaret-ne-mal-te-zi-kerkojne-gjuhen-e-tyre-ne-parlament\/","og_site_name":"Lajme nga Ulqini","article_published_time":"2010-10-22T11:53:52+00:00","og_image":[{"url":"http:\/\/www.visit-ulcinj.com\/blog\/wp-content\/uploads\/2010\/10\/Bardhi-Hollaj.jpg"}],"twitter_misc":{"Written by":"ulqini","Est. reading time":"2 minutes"},"schema":{"@context":"https:\/\/schema.org","@graph":[{"@type":"WebSite","@id":"https:\/\/www.visit-ulcinj.com\/blog\/#website","url":"https:\/\/www.visit-ulcinj.com\/blog\/","name":"Lajme nga Ulqini","description":"Lajme,Vijesti,Ulqini,Ulqin,Crna Gora,Mali i Zi","potentialAction":[{"@type":"SearchAction","target":{"@type":"EntryPoint","urlTemplate":"https:\/\/www.visit-ulcinj.com\/blog\/?s={search_term_string}"},"query-input":"required name=search_term_string"}],"inLanguage":"en-US"},{"@type":"ImageObject","inLanguage":"en-US","@id":"https:\/\/www.visit-ulcinj.com\/blog\/2010\/10\/22\/shqiptaret-ne-mal-te-zi-kerkojne-gjuhen-e-tyre-ne-parlament\/#primaryimage","url":"https:\/\/www.visit-ulcinj.com\/blog\/wp-content\/uploads\/2010\/10\/Bardhi-Hollaj.jpg","contentUrl":"https:\/\/www.visit-ulcinj.com\/blog\/wp-content\/uploads\/2010\/10\/Bardhi-Hollaj.jpg","width":"321","height":"163"},{"@type":"WebPage","@id":"https:\/\/www.visit-ulcinj.com\/blog\/2010\/10\/22\/shqiptaret-ne-mal-te-zi-kerkojne-gjuhen-e-tyre-ne-parlament\/#webpage","url":"https:\/\/www.visit-ulcinj.com\/blog\/2010\/10\/22\/shqiptaret-ne-mal-te-zi-kerkojne-gjuhen-e-tyre-ne-parlament\/","name":"Shqiptar\u00ebt n\u00eb Mal t\u00eb Zi k\u00ebrkojn\u00eb gjuh\u00ebn e tyre n\u00eb parlament - Lajme nga Ulqini","isPartOf":{"@id":"https:\/\/www.visit-ulcinj.com\/blog\/#website"},"primaryImageOfPage":{"@id":"https:\/\/www.visit-ulcinj.com\/blog\/2010\/10\/22\/shqiptaret-ne-mal-te-zi-kerkojne-gjuhen-e-tyre-ne-parlament\/#primaryimage"},"datePublished":"2010-10-22T11:53:52+00:00","dateModified":"2010-10-22T11:53:52+00:00","author":{"@id":"https:\/\/www.visit-ulcinj.com\/blog\/#\/schema\/person\/dcab619c614d3038751c63bc2aadc06d"},"description":"Podgoric\u00eb, 21 tetor - Duke debatuar mbi ligjin e ri t\u00eb let\u00ebrnjoftimit, deputet\u00ebt shqiptar\u00eb k\u00ebrkuan p\u00ebrfaq\u00ebsimin e gjuh\u00ebs shqipe n\u00eb dokumentet personale","breadcrumb":{"@id":"https:\/\/www.visit-ulcinj.com\/blog\/2010\/10\/22\/shqiptaret-ne-mal-te-zi-kerkojne-gjuhen-e-tyre-ne-parlament\/#breadcrumb"},"inLanguage":"en-US","potentialAction":[{"@type":"ReadAction","target":["https:\/\/www.visit-ulcinj.com\/blog\/2010\/10\/22\/shqiptaret-ne-mal-te-zi-kerkojne-gjuhen-e-tyre-ne-parlament\/"]}]},{"@type":"BreadcrumbList","@id":"https:\/\/www.visit-ulcinj.com\/blog\/2010\/10\/22\/shqiptaret-ne-mal-te-zi-kerkojne-gjuhen-e-tyre-ne-parlament\/#breadcrumb","itemListElement":[{"@type":"ListItem","position":1,"name":"Shqiptar\u00ebt n\u00eb Mal t\u00eb Zi k\u00ebrkojn\u00eb gjuh\u00ebn e tyre n\u00eb parlament"}]},{"@type":"Person","@id":"https:\/\/www.visit-ulcinj.com\/blog\/#\/schema\/person\/dcab619c614d3038751c63bc2aadc06d","name":"ulqini","sameAs":["http:\/\/www.visit-ulcinj.com"],"url":"https:\/\/www.visit-ulcinj.com\/blog\/author\/admin\/"}]}},"jetpack_featured_media_url":"","jetpack_sharing_enabled":true,"jetpack_shortlink":"https:\/\/wp.me\/pe6lTn-a4F","_links":{"self":[{"href":"https:\/\/www.visit-ulcinj.com\/blog\/wp-json\/wp\/v2\/posts\/38729"}],"collection":[{"href":"https:\/\/www.visit-ulcinj.com\/blog\/wp-json\/wp\/v2\/posts"}],"about":[{"href":"https:\/\/www.visit-ulcinj.com\/blog\/wp-json\/wp\/v2\/types\/post"}],"author":[{"embeddable":true,"href":"https:\/\/www.visit-ulcinj.com\/blog\/wp-json\/wp\/v2\/users\/1"}],"replies":[{"embeddable":true,"href":"https:\/\/www.visit-ulcinj.com\/blog\/wp-json\/wp\/v2\/comments?post=38729"}],"version-history":[{"count":0,"href":"https:\/\/www.visit-ulcinj.com\/blog\/wp-json\/wp\/v2\/posts\/38729\/revisions"}],"wp:attachment":[{"href":"https:\/\/www.visit-ulcinj.com\/blog\/wp-json\/wp\/v2\/media?parent=38729"}],"wp:term":[{"taxonomy":"category","embeddable":true,"href":"https:\/\/www.visit-ulcinj.com\/blog\/wp-json\/wp\/v2\/categories?post=38729"},{"taxonomy":"post_tag","embeddable":true,"href":"https:\/\/www.visit-ulcinj.com\/blog\/wp-json\/wp\/v2\/tags?post=38729"}],"curies":[{"name":"wp","href":"https:\/\/api.w.org\/{rel}","templated":true}]}}