{"id":38733,"date":"2010-10-22T21:10:56","date_gmt":"2010-10-22T19:10:56","guid":{"rendered":"http:\/\/www.visit-ulcinj.com\/blog\/?p=38733"},"modified":"2010-10-22T21:11:48","modified_gmt":"2010-10-22T19:11:48","slug":"nora-istrefi-nuk-kemi-plane-per-martese","status":"publish","type":"post","link":"https:\/\/www.visit-ulcinj.com\/blog\/2010\/10\/22\/nora-istrefi-nuk-kemi-plane-per-martese\/","title":{"rendered":"Nora Istrefi: Nuk kemi plane p\u00ebr martes\u00eb"},"content":{"rendered":"<p>Nora Istrefi thot\u00eb se edhe pse ajo \u00ebsht\u00eb shum\u00eb e lumtur me lidhjen e saj me t\u00eb fejuarin Robertin, ata nuk kan\u00eb plane t\u00eb af\u00ebrta p\u00ebr martes\u00eb.<\/p>\n<p><a href=\"http:\/\/www.visit-ulcinj.com\/blog\/wp-content\/uploads\/2010\/10\/Nora-Istrefi-me-Robertin.jpg\"><img loading=\"lazy\" class=\"alignleft size-full wp-image-38734\" title=\"Nora-Istrefi-me-Robertin\" src=\"http:\/\/www.visit-ulcinj.com\/blog\/wp-content\/uploads\/2010\/10\/Nora-Istrefi-me-Robertin.jpg\" alt=\"\" width=\"504\" height=\"378\" \/><\/a><\/p>\n<p>\u201cNj\u00ebher\u00eb p\u00ebrnj\u00ebher\u00eb nuk kemi plane p\u00ebr martes\u00eb. Jemi duke e shijuar fejes\u00ebn ton\u00eb, por sigurisht q\u00eb n\u00eb t\u00eb ardhmen fejesa jon\u00eb do t\u00eb kuror\u00ebzohet me martes\u00eb\u201d, ka th\u00ebn\u00eb Nora p\u00ebr Telegrafi.<\/p>\n<p>Nora po ashtu \u00ebsht\u00eb shprehur e k\u00ebnaqur me bashk\u00ebpunimin me Linda Halimin dhe Big-D n\u00eb k\u00ebng\u00ebn \u201cAll mine\u201d, me t\u00eb cil\u00ebn ata konkurrojn\u00eb n\u00eb Festivalin \u201cK\u00ebnga Magjike\u201d.<\/p>\n<p>\u201cN\u00eb momentin kur un\u00eb kam marr\u00eb ftes\u00eb nga Linda, n\u00eb asnj\u00eb moment nuk kam hezituar. Linda \u00ebsht\u00eb nj\u00eb vajz\u00eb shum\u00eb e talentuar dhe me shum\u00eb d\u00ebshir\u00eb kam pranuar ftes\u00ebn e saj. Un\u00eb mendoj se paraqitja jon\u00eb ka qen\u00eb shum\u00eb e mir\u00eb dhe nga fjal\u00ebt q\u00eb kam d\u00ebgjuar \u00ebsht\u00eb pritur shum\u00eb mir\u00eb nga publiku\u201d, ka shtuar k\u00ebng\u00ebtarja.<\/p>\n<!--YouTube Error: bad URL entered-->\n","protected":false},"excerpt":{"rendered":"<p>Nora Istrefi thot\u00eb se edhe pse ajo \u00ebsht\u00eb shum\u00eb e lumtur me lidhjen e saj me t\u00eb fejuarin Robertin, ata nuk kan\u00eb plane t\u00eb af\u00ebrta p\u00ebr martes\u00eb. \u201cNj\u00ebher\u00eb p\u00ebrnj\u00ebher\u00eb nuk kemi plane p\u00ebr martes\u00eb. Jemi duke e shijuar fejes\u00ebn ton\u00eb, por sigurisht q\u00eb n\u00eb t\u00eb ardhmen fejesa jon\u00eb do t\u00eb kuror\u00ebzohet me martes\u00eb\u201d, ka th\u00ebn\u00eb [&hellip;]<\/p>\n","protected":false},"author":1,"featured_media":0,"comment_status":"open","ping_status":"closed","sticky":false,"template":"","format":"standard","meta":{"spay_email":"","jetpack_publicize_message":"","jetpack_is_tweetstorm":false,"jetpack_publicize_feature_enabled":true},"categories":[1],"tags":[4939,16082,16085,16084,16083],"jetpack_publicize_connections":[],"yoast_head":"<!-- This site is optimized with the Yoast SEO plugin v19.1 - https:\/\/yoast.com\/wordpress\/plugins\/seo\/ -->\n<title>Nora Istrefi: Nuk kemi plane p\u00ebr martes\u00eb - Lajme nga Ulqini<\/title>\n<meta name=\"description\" content=\"Nora Istrefi thot\u00eb se edhe pse ajo \u00ebsht\u00eb shum\u00eb e lumtur me lidhjen e saj me t\u00eb fejuarin Robertin, ata nuk kan\u00eb plane t\u00eb af\u00ebrta p\u00ebr martes\u00eb. \u201cNj\u00ebher\u00eb\" \/>\n<meta name=\"robots\" content=\"index, follow, max-snippet:-1, max-image-preview:large, max-video-preview:-1\" \/>\n<link rel=\"canonical\" href=\"https:\/\/www.visit-ulcinj.com\/blog\/2010\/10\/22\/nora-istrefi-nuk-kemi-plane-per-martese\/\" \/>\n<meta property=\"og:locale\" content=\"en_US\" \/>\n<meta property=\"og:type\" content=\"article\" \/>\n<meta property=\"og:title\" content=\"Nora Istrefi: Nuk kemi plane p\u00ebr martes\u00eb - Lajme nga Ulqini\" \/>\n<meta property=\"og:description\" content=\"Nora Istrefi thot\u00eb se edhe pse ajo \u00ebsht\u00eb shum\u00eb e lumtur me lidhjen e saj me t\u00eb fejuarin Robertin, ata nuk kan\u00eb plane t\u00eb af\u00ebrta p\u00ebr martes\u00eb. \u201cNj\u00ebher\u00eb\" \/>\n<meta property=\"og:url\" content=\"https:\/\/www.visit-ulcinj.com\/blog\/2010\/10\/22\/nora-istrefi-nuk-kemi-plane-per-martese\/\" \/>\n<meta property=\"og:site_name\" content=\"Lajme nga Ulqini\" \/>\n<meta property=\"article:published_time\" content=\"2010-10-22T19:10:56+00:00\" \/>\n<meta property=\"article:modified_time\" content=\"2010-10-22T19:11:48+00:00\" \/>\n<meta property=\"og:image\" content=\"http:\/\/www.visit-ulcinj.com\/blog\/wp-content\/uploads\/2010\/10\/Nora-Istrefi-me-Robertin.jpg\" \/>\n<meta name=\"twitter:label1\" content=\"Written by\" \/>\n\t<meta name=\"twitter:data1\" content=\"ulqini\" \/>\n\t<meta name=\"twitter:label2\" content=\"Est. reading time\" \/>\n\t<meta name=\"twitter:data2\" content=\"1 minute\" \/>\n<script type=\"application\/ld+json\" class=\"yoast-schema-graph\">{\"@context\":\"https:\/\/schema.org\",\"@graph\":[{\"@type\":\"WebSite\",\"@id\":\"https:\/\/www.visit-ulcinj.com\/blog\/#website\",\"url\":\"https:\/\/www.visit-ulcinj.com\/blog\/\",\"name\":\"Lajme nga Ulqini\",\"description\":\"Lajme,Vijesti,Ulqini,Ulqin,Crna Gora,Mali i Zi\",\"potentialAction\":[{\"@type\":\"SearchAction\",\"target\":{\"@type\":\"EntryPoint\",\"urlTemplate\":\"https:\/\/www.visit-ulcinj.com\/blog\/?s={search_term_string}\"},\"query-input\":\"required name=search_term_string\"}],\"inLanguage\":\"en-US\"},{\"@type\":\"ImageObject\",\"inLanguage\":\"en-US\",\"@id\":\"https:\/\/www.visit-ulcinj.com\/blog\/2010\/10\/22\/nora-istrefi-nuk-kemi-plane-per-martese\/#primaryimage\",\"url\":\"http:\/\/www.visit-ulcinj.com\/blog\/wp-content\/uploads\/2010\/10\/Nora-Istrefi-me-Robertin.jpg\",\"contentUrl\":\"http:\/\/www.visit-ulcinj.com\/blog\/wp-content\/uploads\/2010\/10\/Nora-Istrefi-me-Robertin.jpg\"},{\"@type\":\"WebPage\",\"@id\":\"https:\/\/www.visit-ulcinj.com\/blog\/2010\/10\/22\/nora-istrefi-nuk-kemi-plane-per-martese\/#webpage\",\"url\":\"https:\/\/www.visit-ulcinj.com\/blog\/2010\/10\/22\/nora-istrefi-nuk-kemi-plane-per-martese\/\",\"name\":\"Nora Istrefi: Nuk kemi plane p\u00ebr martes\u00eb - Lajme nga Ulqini\",\"isPartOf\":{\"@id\":\"https:\/\/www.visit-ulcinj.com\/blog\/#website\"},\"primaryImageOfPage\":{\"@id\":\"https:\/\/www.visit-ulcinj.com\/blog\/2010\/10\/22\/nora-istrefi-nuk-kemi-plane-per-martese\/#primaryimage\"},\"datePublished\":\"2010-10-22T19:10:56+00:00\",\"dateModified\":\"2010-10-22T19:11:48+00:00\",\"author\":{\"@id\":\"https:\/\/www.visit-ulcinj.com\/blog\/#\/schema\/person\/dcab619c614d3038751c63bc2aadc06d\"},\"description\":\"Nora Istrefi thot\u00eb se edhe pse ajo \u00ebsht\u00eb shum\u00eb e lumtur me lidhjen e saj me t\u00eb fejuarin Robertin, ata nuk kan\u00eb plane t\u00eb af\u00ebrta p\u00ebr martes\u00eb. \u201cNj\u00ebher\u00eb\",\"breadcrumb\":{\"@id\":\"https:\/\/www.visit-ulcinj.com\/blog\/2010\/10\/22\/nora-istrefi-nuk-kemi-plane-per-martese\/#breadcrumb\"},\"inLanguage\":\"en-US\",\"potentialAction\":[{\"@type\":\"ReadAction\",\"target\":[\"https:\/\/www.visit-ulcinj.com\/blog\/2010\/10\/22\/nora-istrefi-nuk-kemi-plane-per-martese\/\"]}]},{\"@type\":\"BreadcrumbList\",\"@id\":\"https:\/\/www.visit-ulcinj.com\/blog\/2010\/10\/22\/nora-istrefi-nuk-kemi-plane-per-martese\/#breadcrumb\",\"itemListElement\":[{\"@type\":\"ListItem\",\"position\":1,\"name\":\"Nora Istrefi: Nuk kemi plane p\u00ebr martes\u00eb\"}]},{\"@type\":\"Person\",\"@id\":\"https:\/\/www.visit-ulcinj.com\/blog\/#\/schema\/person\/dcab619c614d3038751c63bc2aadc06d\",\"name\":\"ulqini\",\"sameAs\":[\"http:\/\/www.visit-ulcinj.com\"],\"url\":\"https:\/\/www.visit-ulcinj.com\/blog\/author\/admin\/\"}]}<\/script>\n<!-- \/ Yoast SEO plugin. -->","yoast_head_json":{"title":"Nora Istrefi: Nuk kemi plane p\u00ebr martes\u00eb - Lajme nga Ulqini","description":"Nora Istrefi thot\u00eb se edhe pse ajo \u00ebsht\u00eb shum\u00eb e lumtur me lidhjen e saj me t\u00eb fejuarin Robertin, ata nuk kan\u00eb plane t\u00eb af\u00ebrta p\u00ebr martes\u00eb. \u201cNj\u00ebher\u00eb","robots":{"index":"index","follow":"follow","max-snippet":"max-snippet:-1","max-image-preview":"max-image-preview:large","max-video-preview":"max-video-preview:-1"},"canonical":"https:\/\/www.visit-ulcinj.com\/blog\/2010\/10\/22\/nora-istrefi-nuk-kemi-plane-per-martese\/","og_locale":"en_US","og_type":"article","og_title":"Nora Istrefi: Nuk kemi plane p\u00ebr martes\u00eb - Lajme nga Ulqini","og_description":"Nora Istrefi thot\u00eb se edhe pse ajo \u00ebsht\u00eb shum\u00eb e lumtur me lidhjen e saj me t\u00eb fejuarin Robertin, ata nuk kan\u00eb plane t\u00eb af\u00ebrta p\u00ebr martes\u00eb. \u201cNj\u00ebher\u00eb","og_url":"https:\/\/www.visit-ulcinj.com\/blog\/2010\/10\/22\/nora-istrefi-nuk-kemi-plane-per-martese\/","og_site_name":"Lajme nga Ulqini","article_published_time":"2010-10-22T19:10:56+00:00","article_modified_time":"2010-10-22T19:11:48+00:00","og_image":[{"url":"http:\/\/www.visit-ulcinj.com\/blog\/wp-content\/uploads\/2010\/10\/Nora-Istrefi-me-Robertin.jpg"}],"twitter_misc":{"Written by":"ulqini","Est. reading time":"1 minute"},"schema":{"@context":"https:\/\/schema.org","@graph":[{"@type":"WebSite","@id":"https:\/\/www.visit-ulcinj.com\/blog\/#website","url":"https:\/\/www.visit-ulcinj.com\/blog\/","name":"Lajme nga Ulqini","description":"Lajme,Vijesti,Ulqini,Ulqin,Crna Gora,Mali i Zi","potentialAction":[{"@type":"SearchAction","target":{"@type":"EntryPoint","urlTemplate":"https:\/\/www.visit-ulcinj.com\/blog\/?s={search_term_string}"},"query-input":"required name=search_term_string"}],"inLanguage":"en-US"},{"@type":"ImageObject","inLanguage":"en-US","@id":"https:\/\/www.visit-ulcinj.com\/blog\/2010\/10\/22\/nora-istrefi-nuk-kemi-plane-per-martese\/#primaryimage","url":"http:\/\/www.visit-ulcinj.com\/blog\/wp-content\/uploads\/2010\/10\/Nora-Istrefi-me-Robertin.jpg","contentUrl":"http:\/\/www.visit-ulcinj.com\/blog\/wp-content\/uploads\/2010\/10\/Nora-Istrefi-me-Robertin.jpg"},{"@type":"WebPage","@id":"https:\/\/www.visit-ulcinj.com\/blog\/2010\/10\/22\/nora-istrefi-nuk-kemi-plane-per-martese\/#webpage","url":"https:\/\/www.visit-ulcinj.com\/blog\/2010\/10\/22\/nora-istrefi-nuk-kemi-plane-per-martese\/","name":"Nora Istrefi: Nuk kemi plane p\u00ebr martes\u00eb - Lajme nga Ulqini","isPartOf":{"@id":"https:\/\/www.visit-ulcinj.com\/blog\/#website"},"primaryImageOfPage":{"@id":"https:\/\/www.visit-ulcinj.com\/blog\/2010\/10\/22\/nora-istrefi-nuk-kemi-plane-per-martese\/#primaryimage"},"datePublished":"2010-10-22T19:10:56+00:00","dateModified":"2010-10-22T19:11:48+00:00","author":{"@id":"https:\/\/www.visit-ulcinj.com\/blog\/#\/schema\/person\/dcab619c614d3038751c63bc2aadc06d"},"description":"Nora Istrefi thot\u00eb se edhe pse ajo \u00ebsht\u00eb shum\u00eb e lumtur me lidhjen e saj me t\u00eb fejuarin Robertin, ata nuk kan\u00eb plane t\u00eb af\u00ebrta p\u00ebr martes\u00eb. \u201cNj\u00ebher\u00eb","breadcrumb":{"@id":"https:\/\/www.visit-ulcinj.com\/blog\/2010\/10\/22\/nora-istrefi-nuk-kemi-plane-per-martese\/#breadcrumb"},"inLanguage":"en-US","potentialAction":[{"@type":"ReadAction","target":["https:\/\/www.visit-ulcinj.com\/blog\/2010\/10\/22\/nora-istrefi-nuk-kemi-plane-per-martese\/"]}]},{"@type":"BreadcrumbList","@id":"https:\/\/www.visit-ulcinj.com\/blog\/2010\/10\/22\/nora-istrefi-nuk-kemi-plane-per-martese\/#breadcrumb","itemListElement":[{"@type":"ListItem","position":1,"name":"Nora Istrefi: Nuk kemi plane p\u00ebr martes\u00eb"}]},{"@type":"Person","@id":"https:\/\/www.visit-ulcinj.com\/blog\/#\/schema\/person\/dcab619c614d3038751c63bc2aadc06d","name":"ulqini","sameAs":["http:\/\/www.visit-ulcinj.com"],"url":"https:\/\/www.visit-ulcinj.com\/blog\/author\/admin\/"}]}},"jetpack_featured_media_url":"","jetpack_sharing_enabled":true,"jetpack_shortlink":"https:\/\/wp.me\/pe6lTn-a4J","_links":{"self":[{"href":"https:\/\/www.visit-ulcinj.com\/blog\/wp-json\/wp\/v2\/posts\/38733"}],"collection":[{"href":"https:\/\/www.visit-ulcinj.com\/blog\/wp-json\/wp\/v2\/posts"}],"about":[{"href":"https:\/\/www.visit-ulcinj.com\/blog\/wp-json\/wp\/v2\/types\/post"}],"author":[{"embeddable":true,"href":"https:\/\/www.visit-ulcinj.com\/blog\/wp-json\/wp\/v2\/users\/1"}],"replies":[{"embeddable":true,"href":"https:\/\/www.visit-ulcinj.com\/blog\/wp-json\/wp\/v2\/comments?post=38733"}],"version-history":[{"count":0,"href":"https:\/\/www.visit-ulcinj.com\/blog\/wp-json\/wp\/v2\/posts\/38733\/revisions"}],"wp:attachment":[{"href":"https:\/\/www.visit-ulcinj.com\/blog\/wp-json\/wp\/v2\/media?parent=38733"}],"wp:term":[{"taxonomy":"category","embeddable":true,"href":"https:\/\/www.visit-ulcinj.com\/blog\/wp-json\/wp\/v2\/categories?post=38733"},{"taxonomy":"post_tag","embeddable":true,"href":"https:\/\/www.visit-ulcinj.com\/blog\/wp-json\/wp\/v2\/tags?post=38733"}],"curies":[{"name":"wp","href":"https:\/\/api.w.org\/{rel}","templated":true}]}}