{"id":38738,"date":"2010-10-22T21:28:40","date_gmt":"2010-10-22T19:28:40","guid":{"rendered":"http:\/\/www.visit-ulcinj.com\/blog\/?p=38738"},"modified":"2010-10-22T21:30:31","modified_gmt":"2010-10-22T19:30:31","slug":"kaltrina-selimi-vitin-tjeter-do-martohem","status":"publish","type":"post","link":"https:\/\/www.visit-ulcinj.com\/blog\/2010\/10\/22\/kaltrina-selimi-vitin-tjeter-do-martohem\/","title":{"rendered":"Kaltrina Selimi: Vitin tjet\u00ebr do martohem"},"content":{"rendered":"<p>Kaltrina Selimi k\u00ebng\u00ebtarja e cila njihet p\u00ebr z\u00ebrin dhe paraqitjen e ve\u00e7ant\u00eb, ka disa vite q\u00eb \u00ebsht\u00eb nd\u00ebr m\u00eb t\u00eb k\u00ebrkuarat n\u00eb treg. Momentalisht gjendet n\u00eb Lond\u00ebr ku pushon n\u00eb krah\u00ebt e t\u00eb dashurit, por nuk ngurron t\u00eb na rr\u00ebfej\u00eb sesi po i kalon dit\u00ebt atje&#8230;<\/p>\n<p><a href=\"http:\/\/www.visit-ulcinj.com\/blog\/wp-content\/uploads\/2010\/10\/Kaltrina-Selimi.jpg\"><img loading=\"lazy\" class=\"alignleft size-full wp-image-38739\" title=\"Kaltrina-Selimi\" src=\"http:\/\/www.visit-ulcinj.com\/blog\/wp-content\/uploads\/2010\/10\/Kaltrina-Selimi.jpg\" alt=\"\" width=\"490\" height=\"320\" \/><\/a><\/p>\n<p><strong> Kaltrina ka dy muaj q\u00eb jeni n\u00eb Lond\u00ebr. Pse kaq gjat\u00eb?<\/strong><\/p>\n<p>N\u00eb fakt asnj\u00ebher\u00eb nuk kam q\u00ebndruar m\u00eb gjat\u00eb se kaq dhe gjat\u00eb k\u00ebsaj kohe kam pezulluar  t\u00eb gjitha angazhimet e mia, kam dashur t\u00eb b\u00ebj nj\u00eb pushim t\u00eb plot\u00eb n\u00eb Lond\u00ebr.. Sigurisht, gj\u00ebja q\u00eb po m\u00eb mban k\u00ebtu \u00ebsht\u00eb Dritoni, i fejuari im.<\/p>\n<p><strong> Ju faktikisht bashk\u00ebjetoni me t\u00eb fejuarin, \u00e7far\u00eb ka ndryshuar k\u00ebto dit\u00eb n\u00eb lidhjen tuaj?<\/strong><\/p>\n<p>Po p\u00ebrjetojm\u00eb dit\u00ebt m\u00eb t\u00eb mira t\u00eb lidhjes son\u00eb, nuk mund t\u00eb them se ka ndryshuar di\u00e7ka n\u00eb ve\u00e7anti, p\u00ebrve\u00e7 se lidhja jon\u00eb sa vjen e b\u00ebhet m\u00eb e fort\u00eb.<\/p>\n<p><strong> A keni menduar p\u00ebr dasm\u00ebn, n\u00ebse po, kur?<\/strong><\/p>\n<p>Po kemi menduar edhe p\u00ebr dasm\u00ebn, dhe besoj q\u00eb do t\u00eb jet\u00eb vitin e ardhsh\u00ebm gjat\u00eb stin\u00ebs s\u00eb ver\u00ebs, mir\u00ebpo dat\u00ebn akoma s\u2019e kemi caktuar.<\/p>\n<p><strong> Me \u00e7far\u00eb jeni marr\u00eb k\u00ebto dit\u00eb p\u00ebrve\u00e7 Dritonit?<\/strong><\/p>\n<p>P\u00ebrve\u00e7 nj\u00eb pushimi shum\u00eb t\u00eb mir\u00eb, po shijoj vendet m\u00eb t\u00eb bukura n\u00eb Lond\u00ebr si dhe shum\u00eb qytete t\u00eb tjera n\u00eb Angli. Gjithashtu si \u00e7do fem\u00ebr besoj, edhe un\u00eb jam shum\u00eb  adhuruese e shoppingut dhe kam bler\u00eb aq shum\u00eb gj\u00ebra sa q\u00eb kam r\u00ebn\u00eb n\u00eb  hall se  nuk do kem vend p\u00ebr t\u00eb gjitha n\u00eb valixhe&#8230;.<\/p>\n<p><strong> Cili \u00ebsht\u00eb projekti i radh\u00ebs n\u00eb muzik\u00eb?<\/strong><\/p>\n<p>Besoj shum\u00eb shpejt pasi t\u00eb vij n\u00eb  Kosov\u00eb  do t\u00eb  b\u00ebj incizimin e nj\u00eb  k\u00ebnge t\u00eb re, t\u00eb cil\u00ebs besoj se do t\u2019i realizoj edhe videoklipin. P\u00ebr k\u00ebt\u00eb falenderoj v\u00ebllain tim, i cili m\u00eb ndihmon shum\u00eb n\u00eb p\u00ebrzgjedhjen e k\u00ebng\u00ebve dhe t\u00eb gjitha angazhimet e mia rreth muzik\u00ebs.<\/p>\n<!--YouTube Error: bad URL entered-->\n","protected":false},"excerpt":{"rendered":"<p>Kaltrina Selimi k\u00ebng\u00ebtarja e cila njihet p\u00ebr z\u00ebrin dhe paraqitjen e ve\u00e7ant\u00eb, ka disa vite q\u00eb \u00ebsht\u00eb nd\u00ebr m\u00eb t\u00eb k\u00ebrkuarat n\u00eb treg. Momentalisht gjendet n\u00eb Lond\u00ebr ku pushon n\u00eb krah\u00ebt e t\u00eb dashurit, por nuk ngurron t\u00eb na rr\u00ebfej\u00eb sesi po i kalon dit\u00ebt atje&#8230; Kaltrina ka dy muaj q\u00eb jeni n\u00eb Lond\u00ebr. Pse [&hellip;]<\/p>\n","protected":false},"author":1,"featured_media":0,"comment_status":"open","ping_status":"closed","sticky":false,"template":"","format":"standard","meta":{"spay_email":"","jetpack_publicize_message":"","jetpack_is_tweetstorm":false,"jetpack_publicize_feature_enabled":true},"categories":[1],"tags":[5572,16086],"jetpack_publicize_connections":[],"yoast_head":"<!-- This site is optimized with the Yoast SEO plugin v19.1 - https:\/\/yoast.com\/wordpress\/plugins\/seo\/ -->\n<title>Kaltrina Selimi: Vitin tjet\u00ebr do martohem - Lajme nga Ulqini<\/title>\n<meta name=\"description\" content=\"Kaltrina Selimi k\u00ebng\u00ebtarja e cila njihet p\u00ebr z\u00ebrin dhe paraqitjen e ve\u00e7ant\u00eb, ka disa vite q\u00eb \u00ebsht\u00eb nd\u00ebr m\u00eb t\u00eb k\u00ebrkuarat n\u00eb treg. Momentalisht gjendet n\u00eb\" \/>\n<meta name=\"robots\" content=\"index, follow, max-snippet:-1, max-image-preview:large, max-video-preview:-1\" \/>\n<link rel=\"canonical\" href=\"https:\/\/www.visit-ulcinj.com\/blog\/2010\/10\/22\/kaltrina-selimi-vitin-tjeter-do-martohem\/\" \/>\n<meta property=\"og:locale\" content=\"en_US\" \/>\n<meta property=\"og:type\" content=\"article\" \/>\n<meta property=\"og:title\" content=\"Kaltrina Selimi: Vitin tjet\u00ebr do martohem - Lajme nga Ulqini\" \/>\n<meta property=\"og:description\" content=\"Kaltrina Selimi k\u00ebng\u00ebtarja e cila njihet p\u00ebr z\u00ebrin dhe paraqitjen e ve\u00e7ant\u00eb, ka disa vite q\u00eb \u00ebsht\u00eb nd\u00ebr m\u00eb t\u00eb k\u00ebrkuarat n\u00eb treg. Momentalisht gjendet n\u00eb\" \/>\n<meta property=\"og:url\" content=\"https:\/\/www.visit-ulcinj.com\/blog\/2010\/10\/22\/kaltrina-selimi-vitin-tjeter-do-martohem\/\" \/>\n<meta property=\"og:site_name\" content=\"Lajme nga Ulqini\" \/>\n<meta property=\"article:published_time\" content=\"2010-10-22T19:28:40+00:00\" \/>\n<meta property=\"article:modified_time\" content=\"2010-10-22T19:30:31+00:00\" \/>\n<meta property=\"og:image\" content=\"http:\/\/www.visit-ulcinj.com\/blog\/wp-content\/uploads\/2010\/10\/Kaltrina-Selimi.jpg\" \/>\n<meta name=\"twitter:label1\" content=\"Written by\" \/>\n\t<meta name=\"twitter:data1\" content=\"ulqini\" \/>\n\t<meta name=\"twitter:label2\" content=\"Est. reading time\" \/>\n\t<meta name=\"twitter:data2\" content=\"2 minutes\" \/>\n<script type=\"application\/ld+json\" class=\"yoast-schema-graph\">{\"@context\":\"https:\/\/schema.org\",\"@graph\":[{\"@type\":\"WebSite\",\"@id\":\"https:\/\/www.visit-ulcinj.com\/blog\/#website\",\"url\":\"https:\/\/www.visit-ulcinj.com\/blog\/\",\"name\":\"Lajme nga Ulqini\",\"description\":\"Lajme,Vijesti,Ulqini,Ulqin,Crna Gora,Mali i Zi\",\"potentialAction\":[{\"@type\":\"SearchAction\",\"target\":{\"@type\":\"EntryPoint\",\"urlTemplate\":\"https:\/\/www.visit-ulcinj.com\/blog\/?s={search_term_string}\"},\"query-input\":\"required name=search_term_string\"}],\"inLanguage\":\"en-US\"},{\"@type\":\"ImageObject\",\"inLanguage\":\"en-US\",\"@id\":\"https:\/\/www.visit-ulcinj.com\/blog\/2010\/10\/22\/kaltrina-selimi-vitin-tjeter-do-martohem\/#primaryimage\",\"url\":\"http:\/\/www.visit-ulcinj.com\/blog\/wp-content\/uploads\/2010\/10\/Kaltrina-Selimi.jpg\",\"contentUrl\":\"http:\/\/www.visit-ulcinj.com\/blog\/wp-content\/uploads\/2010\/10\/Kaltrina-Selimi.jpg\"},{\"@type\":\"WebPage\",\"@id\":\"https:\/\/www.visit-ulcinj.com\/blog\/2010\/10\/22\/kaltrina-selimi-vitin-tjeter-do-martohem\/#webpage\",\"url\":\"https:\/\/www.visit-ulcinj.com\/blog\/2010\/10\/22\/kaltrina-selimi-vitin-tjeter-do-martohem\/\",\"name\":\"Kaltrina Selimi: Vitin tjet\u00ebr do martohem - Lajme nga Ulqini\",\"isPartOf\":{\"@id\":\"https:\/\/www.visit-ulcinj.com\/blog\/#website\"},\"primaryImageOfPage\":{\"@id\":\"https:\/\/www.visit-ulcinj.com\/blog\/2010\/10\/22\/kaltrina-selimi-vitin-tjeter-do-martohem\/#primaryimage\"},\"datePublished\":\"2010-10-22T19:28:40+00:00\",\"dateModified\":\"2010-10-22T19:30:31+00:00\",\"author\":{\"@id\":\"https:\/\/www.visit-ulcinj.com\/blog\/#\/schema\/person\/dcab619c614d3038751c63bc2aadc06d\"},\"description\":\"Kaltrina Selimi k\u00ebng\u00ebtarja e cila njihet p\u00ebr z\u00ebrin dhe paraqitjen e ve\u00e7ant\u00eb, ka disa vite q\u00eb \u00ebsht\u00eb nd\u00ebr m\u00eb t\u00eb k\u00ebrkuarat n\u00eb treg. Momentalisht gjendet n\u00eb\",\"breadcrumb\":{\"@id\":\"https:\/\/www.visit-ulcinj.com\/blog\/2010\/10\/22\/kaltrina-selimi-vitin-tjeter-do-martohem\/#breadcrumb\"},\"inLanguage\":\"en-US\",\"potentialAction\":[{\"@type\":\"ReadAction\",\"target\":[\"https:\/\/www.visit-ulcinj.com\/blog\/2010\/10\/22\/kaltrina-selimi-vitin-tjeter-do-martohem\/\"]}]},{\"@type\":\"BreadcrumbList\",\"@id\":\"https:\/\/www.visit-ulcinj.com\/blog\/2010\/10\/22\/kaltrina-selimi-vitin-tjeter-do-martohem\/#breadcrumb\",\"itemListElement\":[{\"@type\":\"ListItem\",\"position\":1,\"name\":\"Kaltrina Selimi: Vitin tjet\u00ebr do martohem\"}]},{\"@type\":\"Person\",\"@id\":\"https:\/\/www.visit-ulcinj.com\/blog\/#\/schema\/person\/dcab619c614d3038751c63bc2aadc06d\",\"name\":\"ulqini\",\"sameAs\":[\"http:\/\/www.visit-ulcinj.com\"],\"url\":\"https:\/\/www.visit-ulcinj.com\/blog\/author\/admin\/\"}]}<\/script>\n<!-- \/ Yoast SEO plugin. -->","yoast_head_json":{"title":"Kaltrina Selimi: Vitin tjet\u00ebr do martohem - Lajme nga Ulqini","description":"Kaltrina Selimi k\u00ebng\u00ebtarja e cila njihet p\u00ebr z\u00ebrin dhe paraqitjen e ve\u00e7ant\u00eb, ka disa vite q\u00eb \u00ebsht\u00eb nd\u00ebr m\u00eb t\u00eb k\u00ebrkuarat n\u00eb treg. Momentalisht gjendet n\u00eb","robots":{"index":"index","follow":"follow","max-snippet":"max-snippet:-1","max-image-preview":"max-image-preview:large","max-video-preview":"max-video-preview:-1"},"canonical":"https:\/\/www.visit-ulcinj.com\/blog\/2010\/10\/22\/kaltrina-selimi-vitin-tjeter-do-martohem\/","og_locale":"en_US","og_type":"article","og_title":"Kaltrina Selimi: Vitin tjet\u00ebr do martohem - Lajme nga Ulqini","og_description":"Kaltrina Selimi k\u00ebng\u00ebtarja e cila njihet p\u00ebr z\u00ebrin dhe paraqitjen e ve\u00e7ant\u00eb, ka disa vite q\u00eb \u00ebsht\u00eb nd\u00ebr m\u00eb t\u00eb k\u00ebrkuarat n\u00eb treg. Momentalisht gjendet n\u00eb","og_url":"https:\/\/www.visit-ulcinj.com\/blog\/2010\/10\/22\/kaltrina-selimi-vitin-tjeter-do-martohem\/","og_site_name":"Lajme nga Ulqini","article_published_time":"2010-10-22T19:28:40+00:00","article_modified_time":"2010-10-22T19:30:31+00:00","og_image":[{"url":"http:\/\/www.visit-ulcinj.com\/blog\/wp-content\/uploads\/2010\/10\/Kaltrina-Selimi.jpg"}],"twitter_misc":{"Written by":"ulqini","Est. reading time":"2 minutes"},"schema":{"@context":"https:\/\/schema.org","@graph":[{"@type":"WebSite","@id":"https:\/\/www.visit-ulcinj.com\/blog\/#website","url":"https:\/\/www.visit-ulcinj.com\/blog\/","name":"Lajme nga Ulqini","description":"Lajme,Vijesti,Ulqini,Ulqin,Crna Gora,Mali i Zi","potentialAction":[{"@type":"SearchAction","target":{"@type":"EntryPoint","urlTemplate":"https:\/\/www.visit-ulcinj.com\/blog\/?s={search_term_string}"},"query-input":"required name=search_term_string"}],"inLanguage":"en-US"},{"@type":"ImageObject","inLanguage":"en-US","@id":"https:\/\/www.visit-ulcinj.com\/blog\/2010\/10\/22\/kaltrina-selimi-vitin-tjeter-do-martohem\/#primaryimage","url":"http:\/\/www.visit-ulcinj.com\/blog\/wp-content\/uploads\/2010\/10\/Kaltrina-Selimi.jpg","contentUrl":"http:\/\/www.visit-ulcinj.com\/blog\/wp-content\/uploads\/2010\/10\/Kaltrina-Selimi.jpg"},{"@type":"WebPage","@id":"https:\/\/www.visit-ulcinj.com\/blog\/2010\/10\/22\/kaltrina-selimi-vitin-tjeter-do-martohem\/#webpage","url":"https:\/\/www.visit-ulcinj.com\/blog\/2010\/10\/22\/kaltrina-selimi-vitin-tjeter-do-martohem\/","name":"Kaltrina Selimi: Vitin tjet\u00ebr do martohem - Lajme nga Ulqini","isPartOf":{"@id":"https:\/\/www.visit-ulcinj.com\/blog\/#website"},"primaryImageOfPage":{"@id":"https:\/\/www.visit-ulcinj.com\/blog\/2010\/10\/22\/kaltrina-selimi-vitin-tjeter-do-martohem\/#primaryimage"},"datePublished":"2010-10-22T19:28:40+00:00","dateModified":"2010-10-22T19:30:31+00:00","author":{"@id":"https:\/\/www.visit-ulcinj.com\/blog\/#\/schema\/person\/dcab619c614d3038751c63bc2aadc06d"},"description":"Kaltrina Selimi k\u00ebng\u00ebtarja e cila njihet p\u00ebr z\u00ebrin dhe paraqitjen e ve\u00e7ant\u00eb, ka disa vite q\u00eb \u00ebsht\u00eb nd\u00ebr m\u00eb t\u00eb k\u00ebrkuarat n\u00eb treg. Momentalisht gjendet n\u00eb","breadcrumb":{"@id":"https:\/\/www.visit-ulcinj.com\/blog\/2010\/10\/22\/kaltrina-selimi-vitin-tjeter-do-martohem\/#breadcrumb"},"inLanguage":"en-US","potentialAction":[{"@type":"ReadAction","target":["https:\/\/www.visit-ulcinj.com\/blog\/2010\/10\/22\/kaltrina-selimi-vitin-tjeter-do-martohem\/"]}]},{"@type":"BreadcrumbList","@id":"https:\/\/www.visit-ulcinj.com\/blog\/2010\/10\/22\/kaltrina-selimi-vitin-tjeter-do-martohem\/#breadcrumb","itemListElement":[{"@type":"ListItem","position":1,"name":"Kaltrina Selimi: Vitin tjet\u00ebr do martohem"}]},{"@type":"Person","@id":"https:\/\/www.visit-ulcinj.com\/blog\/#\/schema\/person\/dcab619c614d3038751c63bc2aadc06d","name":"ulqini","sameAs":["http:\/\/www.visit-ulcinj.com"],"url":"https:\/\/www.visit-ulcinj.com\/blog\/author\/admin\/"}]}},"jetpack_featured_media_url":"","jetpack_sharing_enabled":true,"jetpack_shortlink":"https:\/\/wp.me\/pe6lTn-a4O","_links":{"self":[{"href":"https:\/\/www.visit-ulcinj.com\/blog\/wp-json\/wp\/v2\/posts\/38738"}],"collection":[{"href":"https:\/\/www.visit-ulcinj.com\/blog\/wp-json\/wp\/v2\/posts"}],"about":[{"href":"https:\/\/www.visit-ulcinj.com\/blog\/wp-json\/wp\/v2\/types\/post"}],"author":[{"embeddable":true,"href":"https:\/\/www.visit-ulcinj.com\/blog\/wp-json\/wp\/v2\/users\/1"}],"replies":[{"embeddable":true,"href":"https:\/\/www.visit-ulcinj.com\/blog\/wp-json\/wp\/v2\/comments?post=38738"}],"version-history":[{"count":0,"href":"https:\/\/www.visit-ulcinj.com\/blog\/wp-json\/wp\/v2\/posts\/38738\/revisions"}],"wp:attachment":[{"href":"https:\/\/www.visit-ulcinj.com\/blog\/wp-json\/wp\/v2\/media?parent=38738"}],"wp:term":[{"taxonomy":"category","embeddable":true,"href":"https:\/\/www.visit-ulcinj.com\/blog\/wp-json\/wp\/v2\/categories?post=38738"},{"taxonomy":"post_tag","embeddable":true,"href":"https:\/\/www.visit-ulcinj.com\/blog\/wp-json\/wp\/v2\/tags?post=38738"}],"curies":[{"name":"wp","href":"https:\/\/api.w.org\/{rel}","templated":true}]}}