{"id":38743,"date":"2010-10-22T21:58:14","date_gmt":"2010-10-22T19:58:14","guid":{"rendered":"http:\/\/www.visit-ulcinj.com\/blog\/?p=38743"},"modified":"2010-10-22T22:00:01","modified_gmt":"2010-10-22T20:00:01","slug":"albania%e2%80%99s-next-top-model-prezantohet-nga-aurela-hoxha","status":"publish","type":"post","link":"https:\/\/www.visit-ulcinj.com\/blog\/2010\/10\/22\/albania%e2%80%99s-next-top-model-prezantohet-nga-aurela-hoxha\/","title":{"rendered":"Albania\u2019s Next Top Model, prezantohet nga Aurela Hoxha"},"content":{"rendered":"<p>Ka nj\u00eb ekperienc\u00eb personale si modele, drejton nj\u00eb agjenci mode bashk\u00eb me nj\u00eb revist\u00eb, ndaj ftesa p\u00ebr t\u00eb moderuar nj\u00eb spekak\u00ebl vet\u00ebm me modele i \u00ebsh\u00eb dukur e duhura p\u00ebr pasionin q\u00eb ka p\u00ebr mod\u00ebn.<\/p>\n<p><a href=\"http:\/\/www.visit-ulcinj.com\/blog\/wp-content\/uploads\/2010\/10\/Aurela-Hoxha-Albanias-Next-Top-Model-2.jpg\"><img loading=\"lazy\" class=\"alignleft size-full wp-image-38744\" title=\"Aurela-Hoxha-Albanias-Next-Top-Model-2\" src=\"http:\/\/www.visit-ulcinj.com\/blog\/wp-content\/uploads\/2010\/10\/Aurela-Hoxha-Albanias-Next-Top-Model-2.jpg\" alt=\"\" width=\"490\" height=\"720\" \/><\/a><\/p>\n<p>25 vje\u00e7arja me e tiparet e brunes, Aurela Hoxha, do t\u00eb prezantoj\u00eb spektaklin \u201cAlbanians next top model\u201d, hanj\u00eb show i njohur n\u00eb bot\u00eb, q\u00eb organizohet p\u00ebr her\u00eb t\u00eb par\u00eb n\u00eb Shqip\u00ebri.<\/p>\n<p>Eventi \u00ebsht\u00eb nj\u00eb produksion i tipit \u201creality show\u201d, ku marrin pjes\u00eb vajza modele, t\u00eb cilat do t\u00eb konkurrojn\u00eb p\u00ebr \u00e7mimin e madh \u201cAlbanians next top model\u201d. Jan\u00eb 39 vajza t\u00eb p\u00ebrzgjedhura, t\u00eb cilat do skualifikohen jav\u00eb pas jave n\u00eb spektaklin q\u00eb pritet t\u00eb filloj\u00eb t\u00eb transmetohet n\u00eb \u201cDigit Alb\u201d dhe \u201cTop Channel\u201d, n\u00eb fund t\u00eb muajit tetor.<\/p>\n<p><a href=\"http:\/\/www.visit-ulcinj.com\/blog\/wp-content\/uploads\/2010\/10\/Aurela-Hoxha-7.jpg\"><img loading=\"lazy\" class=\"alignleft size-full wp-image-38746\" title=\"Aurela-Hoxha-7\" src=\"http:\/\/www.visit-ulcinj.com\/blog\/wp-content\/uploads\/2010\/10\/Aurela-Hoxha-7.jpg\" alt=\"\" width=\"604\" height=\"405\" \/><\/a><\/p>\n<p>Aurela ka marr\u00eb ftes\u00eb nga producentja Andeta Radi dhe do t\u00eb prezantoj\u00eb e vetme ne sken\u00ebn ku do t\u00eb do ket\u00eb p\u00ebrball\u00eb nj\u00eb panel me ekspert\u00eb mode, q\u00eb do t\u00eb b\u00ebjn\u00eb gjykimin dhe p\u00ebrzgjedhjen e vajzave. N\u00eb spektaklet n\u00eb bot\u00eb, ky format prezantohet nga vaza t\u00eb bukura si; Tyra Hanks q\u00eb drejton \u201cAmericans next top model\u201d, apo Haidi Klum, spektaklin n\u00eb Gjermani.<\/p>\n<p>P\u00ebr Aurel\u00ebn kjo \u00ebsht\u00eb eksperienca e par\u00eb si prezantuese vet\u00ebm, pasi ka qen\u00eb n\u00eb krah t\u00eb Ardit Gjebreas n\u00eb \u201cE diela Shqiptare\u201d, dhe disa spektakleve t\u00eb agjencis\u00eb s\u00eb saj t\u00eb mod\u00ebs.<\/p>\n","protected":false},"excerpt":{"rendered":"<p>Ka nj\u00eb ekperienc\u00eb personale si modele, drejton nj\u00eb agjenci mode bashk\u00eb me nj\u00eb revist\u00eb, ndaj ftesa p\u00ebr t\u00eb moderuar nj\u00eb spekak\u00ebl vet\u00ebm me modele i \u00ebsh\u00eb dukur e duhura p\u00ebr pasionin q\u00eb ka p\u00ebr mod\u00ebn. 25 vje\u00e7arja me e tiparet e brunes, Aurela Hoxha, do t\u00eb prezantoj\u00eb spektaklin \u201cAlbanians next top model\u201d, hanj\u00eb show i [&hellip;]<\/p>\n","protected":false},"author":1,"featured_media":0,"comment_status":"open","ping_status":"closed","sticky":false,"template":"","format":"standard","meta":{"spay_email":"","jetpack_publicize_message":"","jetpack_is_tweetstorm":false,"jetpack_publicize_feature_enabled":true},"categories":[1],"tags":[16087,13521,16088,5081],"jetpack_publicize_connections":[],"yoast_head":"<!-- This site is optimized with the Yoast SEO plugin v19.1 - https:\/\/yoast.com\/wordpress\/plugins\/seo\/ -->\n<title>Albania\u2019s Next Top Model, prezantohet nga Aurela Hoxha - Lajme nga Ulqini<\/title>\n<meta name=\"description\" content=\"Ka nj\u00eb ekperienc\u00eb personale si modele, drejton nj\u00eb agjenci mode bashk\u00eb me nj\u00eb revist\u00eb, ndaj ftesa p\u00ebr t\u00eb moderuar nj\u00eb spekak\u00ebl vet\u00ebm me modele i \u00ebsh\u00eb\" \/>\n<meta name=\"robots\" content=\"index, follow, max-snippet:-1, max-image-preview:large, max-video-preview:-1\" \/>\n<link rel=\"canonical\" href=\"https:\/\/www.visit-ulcinj.com\/blog\/2010\/10\/22\/albania\u2019s-next-top-model-prezantohet-nga-aurela-hoxha\/\" \/>\n<meta property=\"og:locale\" content=\"en_US\" \/>\n<meta property=\"og:type\" content=\"article\" \/>\n<meta property=\"og:title\" content=\"Albania\u2019s Next Top Model, prezantohet nga Aurela Hoxha - Lajme nga Ulqini\" \/>\n<meta property=\"og:description\" content=\"Ka nj\u00eb ekperienc\u00eb personale si modele, drejton nj\u00eb agjenci mode bashk\u00eb me nj\u00eb revist\u00eb, ndaj ftesa p\u00ebr t\u00eb moderuar nj\u00eb spekak\u00ebl vet\u00ebm me modele i \u00ebsh\u00eb\" \/>\n<meta property=\"og:url\" content=\"https:\/\/www.visit-ulcinj.com\/blog\/2010\/10\/22\/albania\u2019s-next-top-model-prezantohet-nga-aurela-hoxha\/\" \/>\n<meta property=\"og:site_name\" content=\"Lajme nga Ulqini\" \/>\n<meta property=\"article:published_time\" content=\"2010-10-22T19:58:14+00:00\" \/>\n<meta property=\"article:modified_time\" content=\"2010-10-22T20:00:01+00:00\" \/>\n<meta property=\"og:image\" content=\"http:\/\/www.visit-ulcinj.com\/blog\/wp-content\/uploads\/2010\/10\/Aurela-Hoxha-Albanias-Next-Top-Model-2.jpg\" \/>\n<meta name=\"twitter:label1\" content=\"Written by\" \/>\n\t<meta name=\"twitter:data1\" content=\"ulqini\" \/>\n\t<meta name=\"twitter:label2\" content=\"Est. reading time\" \/>\n\t<meta name=\"twitter:data2\" content=\"1 minute\" \/>\n<script type=\"application\/ld+json\" class=\"yoast-schema-graph\">{\"@context\":\"https:\/\/schema.org\",\"@graph\":[{\"@type\":\"WebSite\",\"@id\":\"https:\/\/www.visit-ulcinj.com\/blog\/#website\",\"url\":\"https:\/\/www.visit-ulcinj.com\/blog\/\",\"name\":\"Lajme nga Ulqini\",\"description\":\"Lajme,Vijesti,Ulqini,Ulqin,Crna Gora,Mali i Zi\",\"potentialAction\":[{\"@type\":\"SearchAction\",\"target\":{\"@type\":\"EntryPoint\",\"urlTemplate\":\"https:\/\/www.visit-ulcinj.com\/blog\/?s={search_term_string}\"},\"query-input\":\"required name=search_term_string\"}],\"inLanguage\":\"en-US\"},{\"@type\":\"ImageObject\",\"inLanguage\":\"en-US\",\"@id\":\"https:\/\/www.visit-ulcinj.com\/blog\/2010\/10\/22\/albania%e2%80%99s-next-top-model-prezantohet-nga-aurela-hoxha\/#primaryimage\",\"url\":\"http:\/\/www.visit-ulcinj.com\/blog\/wp-content\/uploads\/2010\/10\/Aurela-Hoxha-Albanias-Next-Top-Model-2.jpg\",\"contentUrl\":\"http:\/\/www.visit-ulcinj.com\/blog\/wp-content\/uploads\/2010\/10\/Aurela-Hoxha-Albanias-Next-Top-Model-2.jpg\"},{\"@type\":\"WebPage\",\"@id\":\"https:\/\/www.visit-ulcinj.com\/blog\/2010\/10\/22\/albania%e2%80%99s-next-top-model-prezantohet-nga-aurela-hoxha\/#webpage\",\"url\":\"https:\/\/www.visit-ulcinj.com\/blog\/2010\/10\/22\/albania%e2%80%99s-next-top-model-prezantohet-nga-aurela-hoxha\/\",\"name\":\"Albania\u2019s Next Top Model, prezantohet nga Aurela Hoxha - Lajme nga Ulqini\",\"isPartOf\":{\"@id\":\"https:\/\/www.visit-ulcinj.com\/blog\/#website\"},\"primaryImageOfPage\":{\"@id\":\"https:\/\/www.visit-ulcinj.com\/blog\/2010\/10\/22\/albania%e2%80%99s-next-top-model-prezantohet-nga-aurela-hoxha\/#primaryimage\"},\"datePublished\":\"2010-10-22T19:58:14+00:00\",\"dateModified\":\"2010-10-22T20:00:01+00:00\",\"author\":{\"@id\":\"https:\/\/www.visit-ulcinj.com\/blog\/#\/schema\/person\/dcab619c614d3038751c63bc2aadc06d\"},\"description\":\"Ka nj\u00eb ekperienc\u00eb personale si modele, drejton nj\u00eb agjenci mode bashk\u00eb me nj\u00eb revist\u00eb, ndaj ftesa p\u00ebr t\u00eb moderuar nj\u00eb spekak\u00ebl vet\u00ebm me modele i \u00ebsh\u00eb\",\"breadcrumb\":{\"@id\":\"https:\/\/www.visit-ulcinj.com\/blog\/2010\/10\/22\/albania%e2%80%99s-next-top-model-prezantohet-nga-aurela-hoxha\/#breadcrumb\"},\"inLanguage\":\"en-US\",\"potentialAction\":[{\"@type\":\"ReadAction\",\"target\":[\"https:\/\/www.visit-ulcinj.com\/blog\/2010\/10\/22\/albania%e2%80%99s-next-top-model-prezantohet-nga-aurela-hoxha\/\"]}]},{\"@type\":\"BreadcrumbList\",\"@id\":\"https:\/\/www.visit-ulcinj.com\/blog\/2010\/10\/22\/albania%e2%80%99s-next-top-model-prezantohet-nga-aurela-hoxha\/#breadcrumb\",\"itemListElement\":[{\"@type\":\"ListItem\",\"position\":1,\"name\":\"Albania\u2019s Next Top Model, prezantohet nga Aurela Hoxha\"}]},{\"@type\":\"Person\",\"@id\":\"https:\/\/www.visit-ulcinj.com\/blog\/#\/schema\/person\/dcab619c614d3038751c63bc2aadc06d\",\"name\":\"ulqini\",\"sameAs\":[\"http:\/\/www.visit-ulcinj.com\"],\"url\":\"https:\/\/www.visit-ulcinj.com\/blog\/author\/admin\/\"}]}<\/script>\n<!-- \/ Yoast SEO plugin. -->","yoast_head_json":{"title":"Albania\u2019s Next Top Model, prezantohet nga Aurela Hoxha - Lajme nga Ulqini","description":"Ka nj\u00eb ekperienc\u00eb personale si modele, drejton nj\u00eb agjenci mode bashk\u00eb me nj\u00eb revist\u00eb, ndaj ftesa p\u00ebr t\u00eb moderuar nj\u00eb spekak\u00ebl vet\u00ebm me modele i \u00ebsh\u00eb","robots":{"index":"index","follow":"follow","max-snippet":"max-snippet:-1","max-image-preview":"max-image-preview:large","max-video-preview":"max-video-preview:-1"},"canonical":"https:\/\/www.visit-ulcinj.com\/blog\/2010\/10\/22\/albania\u2019s-next-top-model-prezantohet-nga-aurela-hoxha\/","og_locale":"en_US","og_type":"article","og_title":"Albania\u2019s Next Top Model, prezantohet nga Aurela Hoxha - Lajme nga Ulqini","og_description":"Ka nj\u00eb ekperienc\u00eb personale si modele, drejton nj\u00eb agjenci mode bashk\u00eb me nj\u00eb revist\u00eb, ndaj ftesa p\u00ebr t\u00eb moderuar nj\u00eb spekak\u00ebl vet\u00ebm me modele i \u00ebsh\u00eb","og_url":"https:\/\/www.visit-ulcinj.com\/blog\/2010\/10\/22\/albania\u2019s-next-top-model-prezantohet-nga-aurela-hoxha\/","og_site_name":"Lajme nga Ulqini","article_published_time":"2010-10-22T19:58:14+00:00","article_modified_time":"2010-10-22T20:00:01+00:00","og_image":[{"url":"http:\/\/www.visit-ulcinj.com\/blog\/wp-content\/uploads\/2010\/10\/Aurela-Hoxha-Albanias-Next-Top-Model-2.jpg"}],"twitter_misc":{"Written by":"ulqini","Est. reading time":"1 minute"},"schema":{"@context":"https:\/\/schema.org","@graph":[{"@type":"WebSite","@id":"https:\/\/www.visit-ulcinj.com\/blog\/#website","url":"https:\/\/www.visit-ulcinj.com\/blog\/","name":"Lajme nga Ulqini","description":"Lajme,Vijesti,Ulqini,Ulqin,Crna Gora,Mali i Zi","potentialAction":[{"@type":"SearchAction","target":{"@type":"EntryPoint","urlTemplate":"https:\/\/www.visit-ulcinj.com\/blog\/?s={search_term_string}"},"query-input":"required name=search_term_string"}],"inLanguage":"en-US"},{"@type":"ImageObject","inLanguage":"en-US","@id":"https:\/\/www.visit-ulcinj.com\/blog\/2010\/10\/22\/albania%e2%80%99s-next-top-model-prezantohet-nga-aurela-hoxha\/#primaryimage","url":"http:\/\/www.visit-ulcinj.com\/blog\/wp-content\/uploads\/2010\/10\/Aurela-Hoxha-Albanias-Next-Top-Model-2.jpg","contentUrl":"http:\/\/www.visit-ulcinj.com\/blog\/wp-content\/uploads\/2010\/10\/Aurela-Hoxha-Albanias-Next-Top-Model-2.jpg"},{"@type":"WebPage","@id":"https:\/\/www.visit-ulcinj.com\/blog\/2010\/10\/22\/albania%e2%80%99s-next-top-model-prezantohet-nga-aurela-hoxha\/#webpage","url":"https:\/\/www.visit-ulcinj.com\/blog\/2010\/10\/22\/albania%e2%80%99s-next-top-model-prezantohet-nga-aurela-hoxha\/","name":"Albania\u2019s Next Top Model, prezantohet nga Aurela Hoxha - Lajme nga Ulqini","isPartOf":{"@id":"https:\/\/www.visit-ulcinj.com\/blog\/#website"},"primaryImageOfPage":{"@id":"https:\/\/www.visit-ulcinj.com\/blog\/2010\/10\/22\/albania%e2%80%99s-next-top-model-prezantohet-nga-aurela-hoxha\/#primaryimage"},"datePublished":"2010-10-22T19:58:14+00:00","dateModified":"2010-10-22T20:00:01+00:00","author":{"@id":"https:\/\/www.visit-ulcinj.com\/blog\/#\/schema\/person\/dcab619c614d3038751c63bc2aadc06d"},"description":"Ka nj\u00eb ekperienc\u00eb personale si modele, drejton nj\u00eb agjenci mode bashk\u00eb me nj\u00eb revist\u00eb, ndaj ftesa p\u00ebr t\u00eb moderuar nj\u00eb spekak\u00ebl vet\u00ebm me modele i \u00ebsh\u00eb","breadcrumb":{"@id":"https:\/\/www.visit-ulcinj.com\/blog\/2010\/10\/22\/albania%e2%80%99s-next-top-model-prezantohet-nga-aurela-hoxha\/#breadcrumb"},"inLanguage":"en-US","potentialAction":[{"@type":"ReadAction","target":["https:\/\/www.visit-ulcinj.com\/blog\/2010\/10\/22\/albania%e2%80%99s-next-top-model-prezantohet-nga-aurela-hoxha\/"]}]},{"@type":"BreadcrumbList","@id":"https:\/\/www.visit-ulcinj.com\/blog\/2010\/10\/22\/albania%e2%80%99s-next-top-model-prezantohet-nga-aurela-hoxha\/#breadcrumb","itemListElement":[{"@type":"ListItem","position":1,"name":"Albania\u2019s Next Top Model, prezantohet nga Aurela Hoxha"}]},{"@type":"Person","@id":"https:\/\/www.visit-ulcinj.com\/blog\/#\/schema\/person\/dcab619c614d3038751c63bc2aadc06d","name":"ulqini","sameAs":["http:\/\/www.visit-ulcinj.com"],"url":"https:\/\/www.visit-ulcinj.com\/blog\/author\/admin\/"}]}},"jetpack_featured_media_url":"","jetpack_sharing_enabled":true,"jetpack_shortlink":"https:\/\/wp.me\/pe6lTn-a4T","_links":{"self":[{"href":"https:\/\/www.visit-ulcinj.com\/blog\/wp-json\/wp\/v2\/posts\/38743"}],"collection":[{"href":"https:\/\/www.visit-ulcinj.com\/blog\/wp-json\/wp\/v2\/posts"}],"about":[{"href":"https:\/\/www.visit-ulcinj.com\/blog\/wp-json\/wp\/v2\/types\/post"}],"author":[{"embeddable":true,"href":"https:\/\/www.visit-ulcinj.com\/blog\/wp-json\/wp\/v2\/users\/1"}],"replies":[{"embeddable":true,"href":"https:\/\/www.visit-ulcinj.com\/blog\/wp-json\/wp\/v2\/comments?post=38743"}],"version-history":[{"count":0,"href":"https:\/\/www.visit-ulcinj.com\/blog\/wp-json\/wp\/v2\/posts\/38743\/revisions"}],"wp:attachment":[{"href":"https:\/\/www.visit-ulcinj.com\/blog\/wp-json\/wp\/v2\/media?parent=38743"}],"wp:term":[{"taxonomy":"category","embeddable":true,"href":"https:\/\/www.visit-ulcinj.com\/blog\/wp-json\/wp\/v2\/categories?post=38743"},{"taxonomy":"post_tag","embeddable":true,"href":"https:\/\/www.visit-ulcinj.com\/blog\/wp-json\/wp\/v2\/tags?post=38743"}],"curies":[{"name":"wp","href":"https:\/\/api.w.org\/{rel}","templated":true}]}}