{"id":38752,"date":"2010-10-22T23:43:23","date_gmt":"2010-10-22T21:43:23","guid":{"rendered":"http:\/\/www.visit-ulcinj.com\/blog\/?p=38752"},"modified":"2010-10-22T23:43:23","modified_gmt":"2010-10-22T21:43:23","slug":"hajdinaga-se-nicega-ne-sjeca","status":"publish","type":"post","link":"https:\/\/www.visit-ulcinj.com\/blog\/2010\/10\/22\/hajdinaga-se-nicega-ne-sjeca\/","title":{"rendered":"Hajdinaga se ni\u010dega ne sje\u0107a"},"content":{"rendered":"<p><a href=\"http:\/\/www.visit-ulcinj.com\/blog\/wp-content\/uploads\/2010\/10\/Gzim-Hajdinaga1.jpg\"><img loading=\"lazy\" class=\"alignleft size-full wp-image-38753\" title=\"Gzim Hajdinaga\" src=\"http:\/\/www.visit-ulcinj.com\/blog\/wp-content\/uploads\/2010\/10\/Gzim-Hajdinaga1.jpg\" alt=\"\" width=\"490\" height=\"303\" srcset=\"https:\/\/www.visit-ulcinj.com\/blog\/wp-content\/uploads\/2010\/10\/Gzim-Hajdinaga1.jpg 490w, https:\/\/www.visit-ulcinj.com\/blog\/wp-content\/uploads\/2010\/10\/Gzim-Hajdinaga1-300x185.jpg 300w\" sizes=\"(max-width: 490px) 100vw, 490px\" \/><\/a>Podgorica \u2013 Ulcinjski gradona\u010delnik Gzim Hajdinaga potvrdio je da je op\u0161tina uzimala akontacije od sugra\u0111ana koji su bespravno gradili, ali je kazao da to nije zna\u010dilo da su \u201coni za\u0161ti\u0107eni do kraja od ru\u0161enja\u201d.<br \/>\nHajdinaga je svjedo\u010dio ju\u010de pred vije\u0107em sudije Ratka \u0106upi\u0107a u Vi\u0161em sudu u Podgorici, u nastavku glavnog pretresa gra\u0111evinskim inspektorima optu\u017eenim za primanje mita.<br \/>\nPrema optu\u017enici Dra\u017eena Buri\u0107a, zamjenika specijalnog tu\u017eioca, Pavle Z. Briskovi\u0107, Radomir N. Gazivoda, Tahiri H. Ru\u017edi i Islam Red\u017ea, optu\u017eeni su za krivi\u010dno djelo \\&#8221;primanja mita\\&#8221;.<\/p>\n<p>Sudiju je zanimalo da li je svjedok upu\u0107en u gradnju objekata bez gra\u0111evinskih dozvola, te na\u010din kako da se legalizuju.<br \/>\n\u201cGeneralni urbanisti\u010dki plan je postojao za jednu zonu, ali ne i za \u010ditavu op\u0161tinu. Radili smo na izradi i dopuni DUP-a, \u0161to je problem ne samo Ulcinja ve\u0107 svih primorskih op\u0161tina. Nastojali smo da zaustavimo divlju gradnju i sa\u010duvamo teritoriju op\u0161tine. Na Kolegijumu smo donijeli zaklju\u010dak da se za sve objekte koje smo zatekli u postoje\u0107im gabaritima, a sagra\u0111eni su bez gra\u0111evinske dozvole, od investitora naplati akontacija koja \u0107e se ura\u010dunati u kona\u010dnu cijenu za pla\u0107anje komunalija. Ovo se odnosilo na one gra\u0111evinske objekte tamo gdje ne zadiru u razvoj grada. Kako je op\u0161tinska kasa bila slabo popunjena, odlu\u010dili smo se da uzmemo akontaciju od investitora, kako bismo imali novca da platimo izradu planske dokumenatcije. Ovim zaklju\u010dkom smo odlu\u010dili da se akontacija pla\u0107a samo na zate\u010deno i izgra\u0111eno stanje objekata, te da vi\u0161e ne smiju da grade, ve\u0107 da se zaustave\u201d, odgovorioje svjedok.<\/p>\n<p>Briskovi\u0107ev branilac advokatica Vesna Ga\u010devi\u0107-Rogova pitala je kako je op\u0161tina znala da postoje\u0107i gra\u0111evinski objekti bez dozvole ne\u0107e zadirati u njen razvoj i to prije nego \u0161to je donijet DUP, Hajdinaga je kazao da je naplata akontacija komunalija vr\u0161ena prema ocjeni Sekretarijata za urbanizam, i to za one objekte koji ne zadiru u razvoj grada.<br \/>\n\u201cNakon donijetih zaklju\u010daka, mi smo sklopili ugovore sa investitorima. Preciziran je iznos i rok do kada da plate akontaciju, a ostavili smo mogu\u0107nost da plate i u ratama. Ali pla\u0107anje akontacije nije zna\u010dilo da su za\u0161ti\u0107eni do kraja od ru\u0161enja. Za zate\u010deno stanje investitor koji je platio komunalije u obliku akontacije nije trebalo da se pla\u0161i ru\u0161enja. Ako bi nastavio sa gradnjom, takav objekat bi bio sru\u0161en, mimo one povr\u0161ine koju smo zatekli. Sekretarijat za inspekcijske poslove, odnosno na\u010delnik je nadle\u017ean da potpi\u0161e rje\u0161enje za ru\u0161enje objekta. Logi\u010dno je da se predsjednik Op\u0161tine upozna sa tom odlukom da bi se neki objekat ru\u0161io, ali na\u010delnik Sekretarijata za inspekcijske poslove je autonoman u svom radu\u201d, kazao je Hajdinaga.<\/p>\n<p>Odgovaraju\u0107i na pitanja zamjenika specijalnog tu\u017eioca, ko je nadle\u017ean za sprovo\u0111enje rje\u0161enja za ru\u0161enje bespravno sagra\u0111enih objekata, Hajdinaga je kazao da njegova saglasnost nije potrebna.<br \/>\n\u201cBilo je slu\u010dajeva kada se na\u010delnik Sekretarijata za inspekcijske poslove meni li\u010dno obra\u0107ao za saglasnost za ru\u0161enje. Ja niti sam odobravao saglasnost niti sam osporavao rje\u0161enje. Ja ne dajem saglasnost za ru\u0161enje. Ja sam maloprije rekao da je bilo slu\u010dajeva da se od mene tra\u017ei saglasnost za ru\u0161enje, ali ja se sada ispravljam i dodajem da ja ne odlu\u010dujem o ru\u0161enju, ve\u0107 Sekretarijat za inspekcijske poslove\u201d, naveo je Hajdinaga.<br \/>\nBriskovi\u0107 je kazao da ipak Hajdinaga kao predsjednik op\u0161tine odlu\u010duje o ru\u0161enju, dok je svjedok odgovorio da ipak on ne odlu\u010duje o ru\u0161enju, ve\u0107 Sekretarijat za inspekcijske poslove. Briskovi\u0107 je uzvratio da je to ipak onako kako on ka\u017ee, te da to propisuje \u010dlan 270 ZUP-a.<br \/>\n\u201cNa hiljade fotografija o objektima divlje gradnje, ja i Tahiri smo uradili i dali smo ih \u0161efu, pa se pitam da li ih je Hajdinaga gledao. Ako to niko nije gledao, za\u0161to sam ja 21 mjesec u pritvoru. Bilo je slu\u010dajeva, kao na Pristanu da se vr\u0161i naplata komunalija bez izgra\u0111enog objekta i zapo\u010dete gradnje, ve\u0107 samo na osnovu projektne dokumentacije, i to u iznosu od 20.000 eura\u201d.<\/p>\n<p>Nakon \u0161to je Hajdinaga kazao da ne zna za to, Briskovi\u0107 je nastavio.<br \/>\n\u201cNa trasi bulevara izvjesni investitor je sagradio objekat, a kada sam je zape\u010datio, neko mu je skinuo plombu i op\u0161tina mu je naplatila 20.000 eura komunalija\u201c, kazao je Briskovi\u0107.<br \/>\n\u201cNisam upoznat\u201d, dodao je Hajdinaga.<br \/>\n\u201cSje\u0107ate li se da ste tra\u017eili od mene da vam hitno spremim dokumentaciju za izvr\u0161enje ru\u0161enja objekta koji je sagradio Halim Kasni\u0107, ali ne da nije sru\u0161en, ve\u0107 je nastavljena gradnja i sagradio je dva puta po 800 kvadrata objekat koji je i sada u funkciji\u201d.<br \/>\n\u201cMo\u017eda sam ja to tra\u017eio od Briskovi\u0107a, ali je on to dao svom \u0161efu, a ne meni, ja se toga ne sje\u0107am\u201d, odgovorio je Hajdinaga.<br \/>\nZavr\u0161ne rije\u010di su zakazane za 10. novembar.<\/p>\n<p><strong>Priznao da su prekr\u0161ili zakon<\/strong><\/p>\n<p>Odgovaraju\u0107i na pitanja advokatice Vesne Ga\u010devi\u0107 \u2013 Rogove da pojasni na osnovu kojeg \u010dlana Zakona o lokalnoj samoupravi je Kolegijum donio zaklju\u010dak da se napla\u0107uje akontacija Hajdinaga je rekao:\u201cPrema Zakonu o lokalnoj samoupravi ne postoji mogu\u0107nost niti ovla\u0161\u0107enje da Kolegijum donosi ovakve zaklju\u010dke\u201d.Advokatica je pomenula investitora Muja Red\u017eu, navode\u0107i da je po ugovoru platio samo jednu od tri predvi\u0111ene rate, a Hajdinaga je kazao da redovno izmirivanje rata prati Sekretarijat za komunalne poslove, te da to nije njegov posao.<\/p>\n<p><strong>K. RADEVI\u0106<br \/>\n<a href=\"http:\/\/www.vijesti.me\/\" target=\"_blank\">Vijesti<\/a><\/strong><\/p>\n","protected":false},"excerpt":{"rendered":"<p>Podgorica \u2013 Ulcinjski gradona\u010delnik Gzim Hajdinaga potvrdio je da je op\u0161tina uzimala akontacije od sugra\u0111ana koji su bespravno gradili, ali je kazao da to nije zna\u010dilo da su \u201coni za\u0161ti\u0107eni do kraja od ru\u0161enja\u201d. Hajdinaga je svjedo\u010dio ju\u010de pred vije\u0107em sudije Ratka \u0106upi\u0107a u Vi\u0161em sudu u Podgorici, u nastavku glavnog pretresa gra\u0111evinskim inspektorima optu\u017eenim [&hellip;]<\/p>\n","protected":false},"author":1,"featured_media":0,"comment_status":"open","ping_status":"closed","sticky":false,"template":"","format":"standard","meta":{"spay_email":"","jetpack_publicize_message":"","jetpack_is_tweetstorm":false,"jetpack_publicize_feature_enabled":true},"categories":[8337],"tags":[19,16089],"jetpack_publicize_connections":[],"yoast_head":"<!-- This site is optimized with the Yoast SEO plugin v19.1 - https:\/\/yoast.com\/wordpress\/plugins\/seo\/ -->\n<title>Hajdinaga se ni\u010dega ne sje\u0107a - Lajme nga Ulqini<\/title>\n<meta name=\"description\" content=\"Podgorica \u2013 Ulcinjski gradona\u010delnik Gzim Hajdinaga potvrdio je da je op\u0161tina uzimala akontacije od sugra\u0111ana koji su bespravno gradili, ali je kazao da to\" \/>\n<meta name=\"robots\" content=\"index, follow, max-snippet:-1, max-image-preview:large, max-video-preview:-1\" \/>\n<link rel=\"canonical\" href=\"https:\/\/www.visit-ulcinj.com\/blog\/2010\/10\/22\/hajdinaga-se-nicega-ne-sjeca\/\" \/>\n<meta property=\"og:locale\" content=\"en_US\" \/>\n<meta property=\"og:type\" content=\"article\" \/>\n<meta property=\"og:title\" content=\"Hajdinaga se ni\u010dega ne sje\u0107a - Lajme nga Ulqini\" \/>\n<meta property=\"og:description\" content=\"Podgorica \u2013 Ulcinjski gradona\u010delnik Gzim Hajdinaga potvrdio je da je op\u0161tina uzimala akontacije od sugra\u0111ana koji su bespravno gradili, ali je kazao da to\" \/>\n<meta property=\"og:url\" content=\"https:\/\/www.visit-ulcinj.com\/blog\/2010\/10\/22\/hajdinaga-se-nicega-ne-sjeca\/\" \/>\n<meta property=\"og:site_name\" content=\"Lajme nga Ulqini\" \/>\n<meta property=\"article:published_time\" content=\"2010-10-22T21:43:23+00:00\" \/>\n<meta property=\"og:image\" content=\"http:\/\/www.visit-ulcinj.com\/blog\/wp-content\/uploads\/2010\/10\/Gzim-Hajdinaga1.jpg\" \/>\n<meta name=\"twitter:label1\" content=\"Written by\" \/>\n\t<meta name=\"twitter:data1\" content=\"ulqini\" \/>\n\t<meta name=\"twitter:label2\" content=\"Est. reading time\" \/>\n\t<meta name=\"twitter:data2\" content=\"5 minutes\" \/>\n<script type=\"application\/ld+json\" class=\"yoast-schema-graph\">{\"@context\":\"https:\/\/schema.org\",\"@graph\":[{\"@type\":\"WebSite\",\"@id\":\"https:\/\/www.visit-ulcinj.com\/blog\/#website\",\"url\":\"https:\/\/www.visit-ulcinj.com\/blog\/\",\"name\":\"Lajme nga Ulqini\",\"description\":\"Lajme,Vijesti,Ulqini,Ulqin,Crna Gora,Mali i Zi\",\"potentialAction\":[{\"@type\":\"SearchAction\",\"target\":{\"@type\":\"EntryPoint\",\"urlTemplate\":\"https:\/\/www.visit-ulcinj.com\/blog\/?s={search_term_string}\"},\"query-input\":\"required name=search_term_string\"}],\"inLanguage\":\"en-US\"},{\"@type\":\"ImageObject\",\"inLanguage\":\"en-US\",\"@id\":\"https:\/\/www.visit-ulcinj.com\/blog\/2010\/10\/22\/hajdinaga-se-nicega-ne-sjeca\/#primaryimage\",\"url\":\"https:\/\/www.visit-ulcinj.com\/blog\/wp-content\/uploads\/2010\/10\/Gzim-Hajdinaga1.jpg\",\"contentUrl\":\"https:\/\/www.visit-ulcinj.com\/blog\/wp-content\/uploads\/2010\/10\/Gzim-Hajdinaga1.jpg\",\"width\":\"490\",\"height\":\"303\"},{\"@type\":\"WebPage\",\"@id\":\"https:\/\/www.visit-ulcinj.com\/blog\/2010\/10\/22\/hajdinaga-se-nicega-ne-sjeca\/#webpage\",\"url\":\"https:\/\/www.visit-ulcinj.com\/blog\/2010\/10\/22\/hajdinaga-se-nicega-ne-sjeca\/\",\"name\":\"Hajdinaga se ni\u010dega ne sje\u0107a - Lajme nga Ulqini\",\"isPartOf\":{\"@id\":\"https:\/\/www.visit-ulcinj.com\/blog\/#website\"},\"primaryImageOfPage\":{\"@id\":\"https:\/\/www.visit-ulcinj.com\/blog\/2010\/10\/22\/hajdinaga-se-nicega-ne-sjeca\/#primaryimage\"},\"datePublished\":\"2010-10-22T21:43:23+00:00\",\"dateModified\":\"2010-10-22T21:43:23+00:00\",\"author\":{\"@id\":\"https:\/\/www.visit-ulcinj.com\/blog\/#\/schema\/person\/dcab619c614d3038751c63bc2aadc06d\"},\"description\":\"Podgorica \u2013 Ulcinjski gradona\u010delnik Gzim Hajdinaga potvrdio je da je op\u0161tina uzimala akontacije od sugra\u0111ana koji su bespravno gradili, ali je kazao da to\",\"breadcrumb\":{\"@id\":\"https:\/\/www.visit-ulcinj.com\/blog\/2010\/10\/22\/hajdinaga-se-nicega-ne-sjeca\/#breadcrumb\"},\"inLanguage\":\"en-US\",\"potentialAction\":[{\"@type\":\"ReadAction\",\"target\":[\"https:\/\/www.visit-ulcinj.com\/blog\/2010\/10\/22\/hajdinaga-se-nicega-ne-sjeca\/\"]}]},{\"@type\":\"BreadcrumbList\",\"@id\":\"https:\/\/www.visit-ulcinj.com\/blog\/2010\/10\/22\/hajdinaga-se-nicega-ne-sjeca\/#breadcrumb\",\"itemListElement\":[{\"@type\":\"ListItem\",\"position\":1,\"name\":\"Hajdinaga se ni\u010dega ne sje\u0107a\"}]},{\"@type\":\"Person\",\"@id\":\"https:\/\/www.visit-ulcinj.com\/blog\/#\/schema\/person\/dcab619c614d3038751c63bc2aadc06d\",\"name\":\"ulqini\",\"sameAs\":[\"http:\/\/www.visit-ulcinj.com\"],\"url\":\"https:\/\/www.visit-ulcinj.com\/blog\/author\/admin\/\"}]}<\/script>\n<!-- \/ Yoast SEO plugin. -->","yoast_head_json":{"title":"Hajdinaga se ni\u010dega ne sje\u0107a - Lajme nga Ulqini","description":"Podgorica \u2013 Ulcinjski gradona\u010delnik Gzim Hajdinaga potvrdio je da je op\u0161tina uzimala akontacije od sugra\u0111ana koji su bespravno gradili, ali je kazao da to","robots":{"index":"index","follow":"follow","max-snippet":"max-snippet:-1","max-image-preview":"max-image-preview:large","max-video-preview":"max-video-preview:-1"},"canonical":"https:\/\/www.visit-ulcinj.com\/blog\/2010\/10\/22\/hajdinaga-se-nicega-ne-sjeca\/","og_locale":"en_US","og_type":"article","og_title":"Hajdinaga se ni\u010dega ne sje\u0107a - Lajme nga Ulqini","og_description":"Podgorica \u2013 Ulcinjski gradona\u010delnik Gzim Hajdinaga potvrdio je da je op\u0161tina uzimala akontacije od sugra\u0111ana koji su bespravno gradili, ali je kazao da to","og_url":"https:\/\/www.visit-ulcinj.com\/blog\/2010\/10\/22\/hajdinaga-se-nicega-ne-sjeca\/","og_site_name":"Lajme nga Ulqini","article_published_time":"2010-10-22T21:43:23+00:00","og_image":[{"url":"http:\/\/www.visit-ulcinj.com\/blog\/wp-content\/uploads\/2010\/10\/Gzim-Hajdinaga1.jpg"}],"twitter_misc":{"Written by":"ulqini","Est. reading time":"5 minutes"},"schema":{"@context":"https:\/\/schema.org","@graph":[{"@type":"WebSite","@id":"https:\/\/www.visit-ulcinj.com\/blog\/#website","url":"https:\/\/www.visit-ulcinj.com\/blog\/","name":"Lajme nga Ulqini","description":"Lajme,Vijesti,Ulqini,Ulqin,Crna Gora,Mali i Zi","potentialAction":[{"@type":"SearchAction","target":{"@type":"EntryPoint","urlTemplate":"https:\/\/www.visit-ulcinj.com\/blog\/?s={search_term_string}"},"query-input":"required name=search_term_string"}],"inLanguage":"en-US"},{"@type":"ImageObject","inLanguage":"en-US","@id":"https:\/\/www.visit-ulcinj.com\/blog\/2010\/10\/22\/hajdinaga-se-nicega-ne-sjeca\/#primaryimage","url":"https:\/\/www.visit-ulcinj.com\/blog\/wp-content\/uploads\/2010\/10\/Gzim-Hajdinaga1.jpg","contentUrl":"https:\/\/www.visit-ulcinj.com\/blog\/wp-content\/uploads\/2010\/10\/Gzim-Hajdinaga1.jpg","width":"490","height":"303"},{"@type":"WebPage","@id":"https:\/\/www.visit-ulcinj.com\/blog\/2010\/10\/22\/hajdinaga-se-nicega-ne-sjeca\/#webpage","url":"https:\/\/www.visit-ulcinj.com\/blog\/2010\/10\/22\/hajdinaga-se-nicega-ne-sjeca\/","name":"Hajdinaga se ni\u010dega ne sje\u0107a - Lajme nga Ulqini","isPartOf":{"@id":"https:\/\/www.visit-ulcinj.com\/blog\/#website"},"primaryImageOfPage":{"@id":"https:\/\/www.visit-ulcinj.com\/blog\/2010\/10\/22\/hajdinaga-se-nicega-ne-sjeca\/#primaryimage"},"datePublished":"2010-10-22T21:43:23+00:00","dateModified":"2010-10-22T21:43:23+00:00","author":{"@id":"https:\/\/www.visit-ulcinj.com\/blog\/#\/schema\/person\/dcab619c614d3038751c63bc2aadc06d"},"description":"Podgorica \u2013 Ulcinjski gradona\u010delnik Gzim Hajdinaga potvrdio je da je op\u0161tina uzimala akontacije od sugra\u0111ana koji su bespravno gradili, ali je kazao da to","breadcrumb":{"@id":"https:\/\/www.visit-ulcinj.com\/blog\/2010\/10\/22\/hajdinaga-se-nicega-ne-sjeca\/#breadcrumb"},"inLanguage":"en-US","potentialAction":[{"@type":"ReadAction","target":["https:\/\/www.visit-ulcinj.com\/blog\/2010\/10\/22\/hajdinaga-se-nicega-ne-sjeca\/"]}]},{"@type":"BreadcrumbList","@id":"https:\/\/www.visit-ulcinj.com\/blog\/2010\/10\/22\/hajdinaga-se-nicega-ne-sjeca\/#breadcrumb","itemListElement":[{"@type":"ListItem","position":1,"name":"Hajdinaga se ni\u010dega ne sje\u0107a"}]},{"@type":"Person","@id":"https:\/\/www.visit-ulcinj.com\/blog\/#\/schema\/person\/dcab619c614d3038751c63bc2aadc06d","name":"ulqini","sameAs":["http:\/\/www.visit-ulcinj.com"],"url":"https:\/\/www.visit-ulcinj.com\/blog\/author\/admin\/"}]}},"jetpack_featured_media_url":"","jetpack_sharing_enabled":true,"jetpack_shortlink":"https:\/\/wp.me\/pe6lTn-a52","_links":{"self":[{"href":"https:\/\/www.visit-ulcinj.com\/blog\/wp-json\/wp\/v2\/posts\/38752"}],"collection":[{"href":"https:\/\/www.visit-ulcinj.com\/blog\/wp-json\/wp\/v2\/posts"}],"about":[{"href":"https:\/\/www.visit-ulcinj.com\/blog\/wp-json\/wp\/v2\/types\/post"}],"author":[{"embeddable":true,"href":"https:\/\/www.visit-ulcinj.com\/blog\/wp-json\/wp\/v2\/users\/1"}],"replies":[{"embeddable":true,"href":"https:\/\/www.visit-ulcinj.com\/blog\/wp-json\/wp\/v2\/comments?post=38752"}],"version-history":[{"count":0,"href":"https:\/\/www.visit-ulcinj.com\/blog\/wp-json\/wp\/v2\/posts\/38752\/revisions"}],"wp:attachment":[{"href":"https:\/\/www.visit-ulcinj.com\/blog\/wp-json\/wp\/v2\/media?parent=38752"}],"wp:term":[{"taxonomy":"category","embeddable":true,"href":"https:\/\/www.visit-ulcinj.com\/blog\/wp-json\/wp\/v2\/categories?post=38752"},{"taxonomy":"post_tag","embeddable":true,"href":"https:\/\/www.visit-ulcinj.com\/blog\/wp-json\/wp\/v2\/tags?post=38752"}],"curies":[{"name":"wp","href":"https:\/\/api.w.org\/{rel}","templated":true}]}}