{"id":3879,"date":"2008-10-04T04:19:27","date_gmt":"2008-10-04T09:19:27","guid":{"rendered":"http:\/\/www.visit-ulcinj.com\/blog\/?p=3879"},"modified":"2008-10-17T13:36:44","modified_gmt":"2008-10-17T18:36:44","slug":"sezoni-turistiksi-nje-vere-pa-shpirt","status":"publish","type":"post","link":"https:\/\/www.visit-ulcinj.com\/blog\/2008\/10\/04\/sezoni-turistiksi-nje-vere-pa-shpirt\/","title":{"rendered":"Sezoni turistik,si nj\u00eb ver\u00eb pa shpirt"},"content":{"rendered":"<p><a href=\"http:\/\/www.visit-ulcinj.com\/blog\/wp-content\/uploads\/2008\/10\/katalog-ulcinja.jpg\"><img loading=\"lazy\" class=\"alignleft size-medium wp-image-3881\" title=\"katalog-ulcinja\" src=\"http:\/\/www.visit-ulcinj.com\/blog\/wp-content\/uploads\/2008\/10\/katalog-ulcinja-181x300.jpg\" alt=\"\" width=\"261\" height=\"338\" \/><\/a><strong>Nj\u00eb ver\u00eb pa shpirt<\/strong><br \/>\nDuhet t\u00eb v\u00ebhet n\u00eb funksion Organizata turistike, e cila duhet t\u00eb jet\u00eb bart\u00ebsi i prezantimit dhe i propagand\u00ebs turistike t\u00eb qytetit, n\u00ebp\u00ebr panaire t\u00eb ndryshme n\u00eb vend dhe jasht\u00eb vendit. T\u00eb gjith\u00eb duhet t\u00eb japin kontributin e vet\u00eb, q\u00eb oferta turistike t\u00eb jet\u00eb m\u00eb e mir\u00eb se tani. Duhet t\u00eb hartohen dhe t\u00eb shtypen udh\u00ebrr\u00ebfyeset dhe materiale t\u00eb ndryshme, t\u00eb cilat do t\u00eb flasin p\u00ebr kultur\u00ebn dhe bukurit\u00eb natyrore t\u00eb qytetit ton\u00eb, e t\u00eb mos p\u00ebrdoren vet\u00ebm ato t\u00eb cil\u00ebt hartohen n\u00eb vendet e tjera.<br \/>\n\u00cbsht\u00eb absurditet q\u00eb nj\u00eb qytet me resurset m\u00eb t\u00eb bukura natyror, t\u00eb cilat i ka si dhunti prej Perendis\u00eb, dhe i cili ka nj\u00eb num\u00ebr t\u00eb madh t\u00eb akomodimeve n\u00eb kategori t\u00eb ndryshme, ta perfundoj\u00eb sezonin n\u00eb shtator, bile ne fillim te shtatorit. Kan\u00eb mbetur pak mysafir\u00eb me t\u00eb cil\u00ebt edhe e fillojm\u00eb sezonin, &#8220;pensionist\u00ebt&#8221; nga Mali i Zi dhe ato t\u00eb rrall\u00eb nga vendet e huaja, t\u00eb cil\u00ebt shijojn\u00eb k\u00ebt\u00eb bukuri magjeps\u00ebse, sepse edhe koh\u00ebn e kan\u00eb pasur t\u00eb bukur deri ne gjysm\u00ebn e shtatorit. Kjo ka qen\u00eb nj\u00eb k\u00ebnaq\u00ebsi shpirt\u00ebrore dhe trupore p\u00ebr ata. Pse tek ne sezoni p\u00ebrfundon kaq shpejt, kurse p\u00ebrreth Tivarit, e t\u00eb mos flasim p\u00ebr Budva, plazhet dhe hotelet ende jan\u00eb plot me mysafir\u00eb. Pse tek ne ndodh k\u00ebshtu? E t\u00eb mos flasim se atje mysafir\u00ebt jan\u00eb shum\u00eb m\u00eb kualitativ\u00eb dhe sezoni padyshim do t\u00eb zgjas\u00eb m\u00eb shum\u00eb. Ne, t\u00eb cil\u00ebt dikur kemi punuar n\u00eb nj\u00eb turiz\u00ebm t\u00eb lart\u00eb dhe ende punojm\u00eb, duhet ta japim analiz\u00ebn e sezonit, i cili sapo kaloi. Ky fenomen p\u00ebrs\u00ebritet vite me radh\u00eb q\u00eb nga vitet e 90-ta. Pak a shum\u00eb dihen shkaqet objektive pse tek ne ndodh k\u00ebshtu, por duhet t\u00eb merremi edhe me ato subjektive. M\u00eb n\u00eb fund duhet te gjith\u00eb t\u00eb luftojm\u00eb q\u00eb problemet, te cilat p\u00ebrs\u00ebriten vite me rradh\u00eb t\u00eb zvog\u00eblohen dhe t\u00eb zhduken.<\/p>\n<div id=\"attachment_3882\" style=\"width: 278px\" class=\"wp-caption alignright\"><a href=\"http:\/\/www.visit-ulcinj.com\/blog\/wp-content\/uploads\/2008\/10\/42_kisstrand202_alban20publikum.jpg\"><img aria-describedby=\"caption-attachment-3882\" loading=\"lazy\" class=\"size-medium wp-image-3882\" title=\"42_kisstrand202_alban20publikum\" src=\"http:\/\/www.visit-ulcinj.com\/blog\/wp-content\/uploads\/2008\/10\/42_kisstrand202_alban20publikum-300x225.jpg\" alt=\"Plazhi i Vog\u00ebl Ulqin\" width=\"268\" height=\"201\" \/><\/a><p id=\"caption-attachment-3882\" class=\"wp-caption-text\">Plazhi i Vog\u00ebl Ulqin<\/p><\/div>\n<p>S\u00eb pari duhet t\u00eb v\u00ebhet n\u00eb funksion Organizata turistike, e cila duhet t\u00eb jet\u00eb bart\u00ebsi i prezantimit dhe i propagand\u00ebs turistike t\u00eb qytetit, n\u00ebp\u00ebr panaire t\u00eb ndryshme n\u00eb vend dhe jasht\u00eb vendit. T\u00eb gjith\u00eb duhet t\u00eb japin kontributin e vet\u00eb, q\u00eb oferta turistike t\u00eb jet\u00eb m\u00eb e mir\u00eb se tani. Duhet t\u00eb hartohen dhe t\u00eb shtypen udh\u00ebrr\u00ebfyeset dhe materiale t\u00eb ndryshme, t\u00eb cilat do t\u00eb flasin p\u00ebr kultur\u00ebn dhe bukurit\u00eb natyrore t\u00eb qytetit ton\u00eb, e t\u00eb mos p\u00ebrdoren vet\u00ebm ato t\u00eb cil\u00ebt hartohen n\u00eb vendet e tjera. Pastaj, nj\u00eb nga mungesat, sipas mendimit tim, \u00ebsht\u00eb lejimi i nd\u00ebrtimit t\u00eb akomodimeve jocil\u00ebsore me \u00e7mime jasht\u00ebzakonisht t\u00eb ulta. A mund t\u00eb paramendohet se sot n\u00eb Ulqin mund te flihet p\u00ebr 4 euro vet\u00ebm 20 metra larg nga deti? Numri prej 100 000 shtret\u00ebrve ndikon q\u00eb t\u00eb kemi nj\u00eb turizem t\u00eb till\u00eb..<br \/>\n<a href=\"http:\/\/www.visit-ulcinj.com\/blog\/wp-content\/uploads\/2008\/10\/42286826_415692593f_b.jpg\"><img loading=\"lazy\" class=\"size-thumbnail wp-image-3883 alignleft\" title=\"kalaja e ulqinit\" src=\"http:\/\/www.visit-ulcinj.com\/blog\/wp-content\/uploads\/2008\/10\/42286826_415692593f_b-150x150.jpg\" alt=\"\" width=\"182\" height=\"150\" \/><\/a>Plazhit t\u00eb Vog\u00ebl dhe Ran\u00ebs duhet t`i khehet shpirti t\u00eb cilin ia ka marr\u00eb Nd\u00ebrmarrja&#8221; T\u00eb Mirat Detare&#8221;, institucioni publik i cili \u00ebsht\u00eb themeluar enkas p\u00ebr Ulqinin. Nga Rana duhet t\u00eb largohen kioskat, qebapat dhe hamburgerat, ki\u00e7i dhe plastika. Duhet q\u00eb Ran\u00ebs t`i kthehet shpirti q\u00eb e ka pasur dikur, t`i kthehet gjelb\u00ebrimi dhe t\u00eb b\u00ebhet nj\u00eb nd\u00ebr shetitoret m\u00eb t\u00eb bukura t\u00eb vendit ton\u00eb, si\u00e7 ka qen\u00eb dikur. Vet\u00ebm tek ne mund t\u00eb ndodh\u00eb q\u00eb t\u00eb zhduket gjelb\u00ebrimi, t\u00eb priten palmat 50 vje\u00e7are, vet\u00ebm p\u00ebr t`i l\u00ebshuar vend nj\u00eb tavoline, e t\u00eb mos reagoj\u00eb askush. N\u00eb Ran\u00eb duhet t\u00eb ndjehet era e peshkut dhe detit.A mund ta paramendoni molon ku nuk guxon t\u00eb afrohet asnj\u00eb jaht prej rrjetave dhe bovave, sepse ajo \u00ebsht\u00eb shnd\u00ebrruar n\u00eb plazh. Zot\u00ebrinjt\u00eb e t\u00eb &#8220;Mir\u00ebs Detare&#8221;duhet ta dijn\u00eb se Turizmi m\u00eb i mir\u00eb n\u00eb bot\u00eb vjen nga mysafir\u00ebt me jahte e anije, pra nga turizmi nautik. Jam i bindur se ata e dijn\u00eb k\u00ebt\u00eb, por Ulqinit i b\u00ebhet me q\u00ebllim, aq m\u00eb tep\u00ebr p\u00ebr shkak se tek ne emde nuk ka marin\u00eb.<a href=\"http:\/\/www.visit-ulcinj.com\/blog\/wp-content\/uploads\/2008\/10\/141868459.jpg\"><img loading=\"lazy\" class=\"alignright size-thumbnail wp-image-3884\" title=\"kalaja e ulqini1\" src=\"http:\/\/www.visit-ulcinj.com\/blog\/wp-content\/uploads\/2008\/10\/141868459-150x150.jpg\" alt=\"\" width=\"201\" height=\"150\" \/><\/a><br \/>\nNe e kemi t\u00eb qart\u00eb se Republika e Malit te Zi i ka \u00e7uar duart, nga qyteti i Ulqinit. Premtimet e dh\u00ebna para dhe gjat\u00eb Referendumit kan\u00eb mbetur vet\u00ebm premtime. Kjo \u00ebsht\u00eb evidente n\u00eb planet urbanistike regjionale, n\u00eb t\u00eb cil\u00ebt qytetar\u00ebt e Ulqinit dhe organizatat e ndryshme kan\u00eb pasur mbi 700 v\u00ebrejtje ku asnj\u00ebra nuk \u00ebsht\u00eb marr\u00eb parasysh. Shihet qart\u00eb se na kan\u00eb l\u00ebn\u00eb n\u00eb marginat e rrjedhave t\u00eb zhvillimit turistik. Deri n\u00eb vitet e 90-ta Ulqini ka dh\u00ebn\u00eb kontribut t\u00eb madh n\u00eb turizmin e Malit t\u00eb Zi. Dikur 40% t\u00eb t\u00eb ardhurave nga turizmi n\u00eb nivel t\u00eb Republik\u00ebs kan\u00eb ardhur nga Ulqini, kurse sot ajo p\u00ebrqindje nuk vlen t\u00eb p\u00ebrmendet. Shum\u00eb gj\u00ebra kan\u00eb ndikuar n\u00eb k\u00ebt\u00eb r\u00ebnie. Politika e l\u00ebnies t\u00eb Ulqinit pasdore nga ana e shtetit \u00ebsht\u00eb e qart\u00eb, duke i shkat\u00ebrruar hotelet dhe duke b\u00ebr\u00eb privatizim t\u00eb pa par\u00eb n\u00eb k\u00ebto treva, dhe falimentimet q\u00eb kan\u00eb ndodhur n\u00eb hoteilerin\u00eb e Ulqinit, si dhe mosinvestimet n\u00eb infrastruktur\u00eb, e tregojn\u00eb qart\u00eb k\u00ebt\u00eb. P\u00ebrfaqesuesit tan\u00eb n\u00eb Parlamentin e Malit t\u00eb Zi dhe ata t\u00eb pushtetit vendor, duhen t\u00eb jen\u00eb prezent\u00eb, dhe t\u00eb k\u00ebrkojn\u00eb pjes\u00ebmarrjen ton\u00eb dhe te drejtat tona n\u00eb secilin tender. Ne jetojm\u00eb k\u00ebtu dhe ne duhet t\u00eb disponojm\u00eb me ato q\u00eb i kemi dhunti prej Per\u00ebndis\u00eb.<br \/>\n<a href=\"http:\/\/www.visit-ulcinj.com\/blog\/wp-content\/uploads\/2008\/06\/master-plan-ulcinja-2.thumbnail.jpg\"><img loading=\"lazy\" class=\"alignleft\" src=\"http:\/\/www.visit-ulcinj.com\/blog\/wp-content\/uploads\/2008\/06\/master-plan-ulcinja-2.thumbnail.jpg\" alt=\"\" width=\"200\" height=\"193\" \/><\/a>Master plani, m\u00eb duket se ka mbetur vet\u00ebm nj\u00eb \u00ebnd\u00ebrr. Investimet t\u00eb cilat i ka parapar\u00eb n\u00eb Plazhin e Madh dyshoj se do mbesin vet\u00ebm \u00ebnd\u00ebrr. M\u00eb kujtohet autori i k\u00ebtij plani zot\u00ebri Fridrih Engel, t\u00eb cilin kam pasur nder ta shoq\u00ebroj duke ia treguar bukurit\u00eb e Kalas\u00eb son\u00eb, i cili vuri n\u00eb dukje se investimet kapitale n\u00eb infrastruktur\u00eb duhet t\u00eb b\u00ebhen edhe n\u00ebn menaxhimin e pushtetit vendor.<br \/>\nVet\u00ebm tek ne mund t\u00eb lejoh\u00ebt nj\u00eb skenar, ku n\u00eb secilin hap n\u00eb rrug\u00eb dhe n\u00eb sheshe t\u00eb parkohen mjetet pa pages\u00eb dhe pa regull. Nj\u00eb horor, q\u00eb ndodh shpeshher\u00eb para syve te atyre t\u00eb cil\u00ebt duhet t\u00eb punojn\u00eb n\u00eb regullimin e tij. Duhet t\u00eb vendoset trafiku funksional n\u00eb rrug\u00ebt kryesore, duke u paguar parkingu si n\u00eb t\u00ebr\u00eb bot\u00ebn e civilizuar. Dilerat apo matrapaz\u00ebt mund t\u00eb hyjn\u00eb n\u00eb librin e Ginisit q\u00eb si nj\u00eb vrim\u00eb e zez\u00eb dominojn\u00eb n\u00eb secil\u00ebn pik\u00eb t\u00eb qytetit. Do t`i p\u00ebrmend posa\u00e7\u00ebrisht ata me motor\u00eb dhe automjete, t\u00eb cil\u00ebt pa nd\u00ebrprerje vrapojn\u00eb n\u00eb magjistral\u00eb shpesh her\u00eb edhe n\u00eb em\u00ebr t\u00eb agjensive turistike, duke b\u00ebr\u00eb nganj\u00ebher\u00eb edhe kontrollin e pasaportave.<br \/>\nJam i mendimit se kultura dhe oferta ka qen\u00eb n\u00eb nj\u00eb nivel m\u00eb t\u00eb lart\u00eb se n\u00eb viteve e kaluar.<br \/>\nPanairi tradicional i librit, i cili p\u00ebr \u00e7do vit organizohet n\u00eb Ulqin, \u00ebsht\u00eb nj\u00eb freski n\u00eb kultur\u00eb, duke pasur parasysh se n\u00eb secilin hap \u00ebsht\u00eb nj\u00eb ofert\u00eb e ki\u00e7it t\u00eb panum\u00ebrt. Ky \u00ebsht\u00eb shekulli i vdekjes s\u00eb librit, prandaj \u00e7do gj\u00eb q\u00eb ka t\u00eb b\u00ebj\u00eb me librin esht\u00eb p\u00ebr t\u00eb p\u00ebrsh\u00ebndetur. Merit\u00eb t\u00eb madhe p\u00ebr k\u00ebt\u00eb, q\u00eb \u00ebsht\u00eb e padiskutueshme, i takon kryetarit t\u00eb Komun\u00ebs, G\u00ebzim Hajdinag\u00ebs. Panairet dhe manifestimet e tilla <a href=\"http:\/\/www.visit-ulcinj.com\/blog\/wp-content\/uploads\/2008\/10\/114923953_0dc6da57d2.jpg\"><img loading=\"lazy\" class=\"size-thumbnail wp-image-3885 alignright\" title=\"Plazhi vog\u00ebl Ulqin\" src=\"http:\/\/www.visit-ulcinj.com\/blog\/wp-content\/uploads\/2008\/10\/114923953_0dc6da57d2-150x150.jpg\" alt=\"\" width=\"210\" height=\"150\" \/><\/a>p\u00ebrcillen nga aktivitete t\u00eb tjera, si\u00e7 jan\u00eb mbr\u00ebmjet letrare. Jam i mendimit se Panairi i librit e ka vendin nd\u00ebrmjet mureve t\u00eb Kalas\u00eb, e jo n\u00eb mesin e hamburgerave dhe qebapave n\u00eb Ran\u00eb. Padyshim, ngjarja m\u00eb e r\u00ebnd\u00ebsishme \u00ebsht\u00eb Skena verore, e cila p\u00ebr nj\u00ebzet vite me radh\u00eb organizohet n\u00eb Kalan\u00eb ton\u00eb shekullore, n\u00eb sheshin e skllav\u00ebve, ku dikur si rob lufte ka q\u00ebndruar p\u00ebr pes\u00eb vite Servantesi i madh. K\u00ebtu ai e ka q\u00ebndisur personazhin m\u00eb t\u00eb famsh\u00ebm n\u00eb let\u00ebrsin\u00eb bot\u00ebrore, si\u00e7 \u00ebsht\u00eb Dul\u00e7inea. N\u00eb k\u00ebt\u00eb vend edhe shum\u00eb t\u00eb tjer\u00eb t\u00eb njohur dhe t\u00eb panjohur kan\u00eb gjetur inspirim p\u00ebr veprat dhe dashurit\u00eb e tyre. Dua ta p\u00ebrmend grupin letraro-muzikor nga Prizreni, i cili p\u00ebr \u00e7do vit i k\u00ebnaq vizitor\u00ebt. Orkestra nga Tirana, e udh\u00ebhequr nga maestro Ramazan Peku, Kori dhe orkestra kamertale nga Viena na kan\u00eb sjellur mbr\u00ebmje t\u00eb paharruara. Me k\u00ebnaq\u00ebsi t\u00eb posa\u00e7me duhet p\u00ebrmendur binjak\u00ebzimin nd\u00ebrmjet qytetit t\u00eb Vien\u00ebs dhe Ulqinit, b\u00ebr\u00eb ky n\u00ebn tingujt e Shtrausit. Gjithashtu dua ta p\u00ebrmend edhe Kalimer\u00ebn poetike dhe aktorin e madh malazez Sllobodan Marunoviq. Natyrisht, ka pasur shfaqje q\u00eb nuk do t`i p\u00ebrmend, pasi kan\u00eb qen\u00eb n\u00ebn nivel t\u00eb duhur. Si mbr\u00ebmje kulminuese m\u00eb duket se ishte mbr\u00ebmja e mysafir\u00ebve nga Kalabria, t\u00eb cil\u00ebt m\u00eb shum\u00eb se dy or\u00eb i kan\u00eb k\u00ebnaqur mysafir\u00ebt e shumt\u00eb. Kultura \u00ebsht\u00eb nj\u00eb ur\u00eb lidh\u00ebse e cila i bashkon popujt dhe shtetet.<br \/>\n<strong>Ismet Karamanaga<br \/>\nKoha Javore<\/strong><\/p>\n<!--YouTube Error: bad URL entered-->\n<p style=\"text-align: center;\"><a class=\"aligncenter\" title=\"???? ????,?????,Ulcinj,Montenegru,??????????,\u00c7ernoqoriya,Besplatni internet oglasi,Besplatni oglasi,besplatni mali oglasi,besplatni turisti?ki oglasi,oglasi, usluge, turizam,Turisti?ke usluge,Doma?i turizam,Besplatni Oglasnik,Brzi Oglasi Besplatno,Besplatno OglasavanjeTurizam,besplatni oglasi sa slikom,Turisticki informator besplatni,li?ni-oglasi,BESPLATNI Turisticki OGLASI SA SLIKAMA,BESPLATNI Turisticki Oglasi saVideom,turisticki smestaj oglasi,Turisti?ki vodi? balkana,BESPLATNA REZERVACIJA SMESTAJA,Postavite besplatno Vas oglas,FREE TOURIST GUIDES,Izdavanje-Turizam oglasi,Balkan Turisticki vodic,shpallje turistike falas,Shpallje Falas,Shpallje falas per Komplekse Turistike,Lajmerime,Njoftime,shpallje shqip per shqiptaret ne shqiperi kosova maqedoni,mal te zi,???????????,Montenegiro,?ern\u00e1 Hora,??????????,Cz\u00f4rnog\u00f3ra,Cz\u00f4rn\u00f4 G\u00f3ra,Carna G\u00f3ra,T\u0161ernogooria,\u00c7ernogoriya,Montain\u00e9agr\u00f3,Montenegwo,?orna Hora,Montenegr\u00f3,M?ntenigro,Chernogoriya ,\u00c7\u00earnogor\u00ee ,?????????,????????? ,??????? ,Montes Nigrae,Mons Niger,M\u00f4ntenegr\u00f4,Muntenegru,??????????,Czarnog\u00f3ra,Muntinigru,Muntenegro,&lt;br &gt;&lt;\/a&gt; Muntenegru,\t?ierna Hora,Cxerngora,????????,?rna gora,Moontineegro,?ornog?ra,\u00c7ernogori\u00fda,Chernogoriya,Mont\u00f5negro,????? ???? ,?r?na Gora,?r?nogorije,?ernogorija,?arnahoryja,??????????,???????????????????? ,?ern\u00f4g\u00f4riy\u00e2,M\u00fbnt\u00een\u00ee?r\u00fb,????? ?????? ,????????,??????????,???????????,M\u00e2nten\u00eegro,???? ????? ,????????,M\u00f4ntenegr\u00f4,????????????,???????????,????????????, ??????????? ,????????????,??????????? ,\u008d\u2022?R\/?K?R ,\u0192\u201a\u0192\u201c\u0192e\u0192l\u0192O\u0192\u008d,\u00b8???\u00b3?\u00b1?\u00b7? ,Muntenegru, ????? ????, Montenegr?,chambres ? louer ? ulcinj, location de vacance, location saisonni?res, louer villa,location de vacance, Locations vacance, h?bergements vacances, locations villa, logements de vacances, location maison avec piscine, Location vacance, locations de vacance, h?bergements de vacances, location villa, locations entre particulier, logements vacance, vacances ? Mont?n?gro - location ? Ulcinj ,location  de bigorre,Urlaub in Ulcinj -Montenegro,Hotelbewertungen Ulcinj,Reisen Ulcinj, Urlaub Ulcinj,Hotel in Serbien und Montenegro von Urlaubern bewertet,Billig Urlaub in Ulcinj,ferienh?user,ferienwohnung,Billige Ferienh?user,Ferienwohnung ULCINJ,Ferien an der Adria,Urlaub im Ferienhaus ulcinjBilligreisen Ulcinj,Pauschalreisen,FKK Strand Ada Bojana ulcinj,Last Minute Angebote ulcinj,Preise f?r Lastminute,Kleinanzeigen gratis,Ausflug nach Ulcinj,FKK-Reisen ada bojana,FKK-Urlaub ulcinj,Privatni smje?taj,rezervacija smje?taja,apartmani,sobe,ku?e,odmor,sobe za odmor ulcinj,Pretra?ivanje privatnog smje?taja,rooms rent accommodation ulcinj, rentail private accommodation ulcinj,?elite rezervirati privatni smje?taj,Private accommodation,Smje?taj ulcinj,Pushime Verore ulqin,pushime t? lira n? ulqin,Pushime ne plazh,Pushime te kendshme,dhoma per pushime ulqin,dhoma me qera ulqin,dhoma te lira ulqin,pushime te lira ulqin,mali i zi,kosova,maqedoni,shqiperi,Pushime ne det te ulqinit,godi?nji odmor u ulcinj,odmor u ulcinj,Ku?a za odmor,kuda na odmor,ljetovanje u ulcinj,slobodne sobe,dhoma te lira,ku?a uz more,turisti?ka ponuda,odmor i zabava,povolne cene,sobe,usluge,Mjesto za Va? odmor , Place for Your holiday,Odmor portal,putovanaja,Iznajmljivanje soba ulcinj,odmor ulcinj info,Va?e mjesto za odmor ulcinj,nudisticka plaza ada bojana,smjestaj ponuda ulcinj,lokacioni i dhomave ulqin,deti,plazhet e bukura,diskoteka,zbavitja,.\" href=\"http:\/\/www.visit-ulcinj.com\/tourism\/\" target=\"_blank\"><img loading=\"lazy\" class=\"aligncenter\" title=\"SHPALLJE TURISTIKE FALAS,FREE TOURIST GUIDES,BESPLATNI TURISTI?KI OGLASI,balkan holiday rentals,ALBANIJA,ALBANIA,SHQIPERIJA,CRNA GORA,HRVATSKA,KROACIA,SLOVENIJA,MAKEDONIJA,MAKEDONIA,SRBIJA,MONTENEGRO,MALI I ZI,\" src=\"http:\/\/www.visit-ulcinj.com\/blog\/wp-content\/uploads\/2008\/09\/balkanholidayrentals.gif\" alt=\"Apatin,  Aran?elovac,  ?uprija,  ?a?ak,  ?apljina,  ?itluk,  ?abac,  ?ipovo,  ?iroki Brijeg,  ?ep?e,  ?ivinice,  Ba?ka Palanka,  Banja Luka,  Banovi?i,  Be?ej,  beograd,  Biha?,  Bijeljina,  Bor,  Bor?a,  Bosanska Gradi?ka,  Bosanska Krupa,  Bosanski ?amac,  Bosanski Brod,  Bosanski Novi,  Br?ko,  Bu?im,  Bugojno,  Cazin,  Crna Gora,  Derventa,  Doboj,  Donji Vakuf,  Drvar,  Dubrovnik,  Fo?a,  Fojnica,  Glamo?,  Gora?de,  Gornji Milanovac,  Gornji Vakuf,  gostivar,  Gra?anica,  Grada?ac,  Gradiska,  Grahovo,  Had?i?i,  Ilid?a,  In?ija,  Jablanica,  Jagodina,  Jajce,  Kakanj,  Kalu?erica,  Kikinda,  Klju?,  Konjic,  Kotor Varo?,  Kragujevac,  Kraljevo,  Kru?evac,  Kula,  Kupres,  Lakta?i,  Lazarevac,  Leskovac,  Livno,  Ljubinje,  ljublana,  Ljubu?ki,  Loznica,  Lukavac,  Maglaj,  Mladenovac,  Modri?a,  montenegro erlajnz,  mostar,  Mrkonji? Grad,  Neum,  Ni?,  Novi Pazar,  Novi Sad,  Novi Travnik,  Obrenovac,  Od?ak,  ohrid,  Ora?je,  Pale,  Pan?evo,  Para?in,  Pirot,  Po?arevac,  Podgorica,  Priboj,  Prijedor,  Prokuplje,  Prozor,  pula,  rijeka,  Ruma,  Sanski Most,  Sarajevo,  Senta,  serbija,  sibenik,  skopje,  Smederevo,  Smederevska Palanka,  Sokolac,  Sombor,  split,  Srebrenica,  Srebrenik,  Sremska Mitrovica,  Stolac,  Struga,  Subotica,  Temerin,  Tesli?,  tetovo,  Travnik,  Trebinje,  tuzla,  U?ice,  ulcinj,  Valjevo,  Velika Kladu?a,  Vi?egrad,  Visoko,  Vitez,  Vogo??a,  vojvodina,  Vranje,  Vr?ac,  Vrbas,  zadar,  Zagreb,  Zaje?ar,  Zavidovi?i,  Zenica,  Zrenjanin,  Zvornik,copacabana ulcinj,  h?tels,  hotel ulqin,  Kosova,  Mali i Zi,  Maqedonija,  Montenegro,  montenegro tourisme plage,  montenegro ulcinj,  Shpallje Falas,  Shpallje Falas per shitjen e shtepis se juaj,  Shpallje Falas per villat e juaj,  Shpallje Falas Real Estate,  Shpallje Falas turistike,  shqiperija,  tourisme,  Ulci?,  ulcinj,  ulqin,  ulqin hotel,  ulqini,  ulqini 2007,Ada Bojana,  Alba?czyk,  Cita di Dolcino,  Copacabana,  Czarnog?ra,  Czarnog?rzec,  Don Kichota,  Ma\u00b3a Pla?a,  Mandra,  MIGUEL DE SERVANTES,  p?\u00b3wyspy Marjan,  Pla?a Valdanos,  Rzeka Bojana,  Shas \/ ?as \/ Sva?,  Ulci?,  Ulcinjsk\u00b9 Riwier?,  Wielka Pla?a,  Wyspa Bojana,GORA,??????????,???????,??????????, ?ern? Hora,TO ULCINJ \/ ULQIN,MONTENEGRO, Czarnog?ra, Muntenegru, ????? ????, Montenegr?,villa ? louer ? ulcinj, location de vacance, location saisonni?res, louer chambres,location de vacance, Locations vacance, h?bergements vacances, locations villa, logements de vacances, location maison avec piscine, Location vacance, locations de vacance, h?bergements de vacances, location, locations entre particulier, logements vacance, vacances ? Mont?n?gro - location ? Ulcinj ,location  de bigorre,Albaniku,  Artana,  Bujanoci,  Burimi,  Dardana,  Dardan?,  De?an,  Dibra,  Drenas,  Drenasi,  Ferizaj,  Ferizaji,  Fush? Kosova,Besplatni internet oglasi,Besplatni oglasi,besplatni mali oglasi,besplatni turisti?ki oglasi,oglasi, usluge, turizam,Turisti?ke usluge,Doma?i turizam,Besplatni Oglasnik,Brzi Oglasi Besplatno,Besplatno OglasavanjeTurizam,besplatni oglasi sa slikom,Turisticki informator besplatni,li?ni-oglasi,BESPLATNI Turisticki OGLASI SA SLIKAMA,BESPLATNI Turisticki Oglasi saVideom,turisticki smestaj oglasi,Turisti?ki vodi? balkana,BESPLATNA REZERVACIJA SMESTAJA,Postavite besplatno Vas oglas,FREE TOURIST GUIDES,Izdavanje-Turizam oglasi,Balkan Turisticki vodic,shpallje turistike falas,Shpallje Falas,Shpallje falas per Komplekse Turistike,Lajmerime,Njoftime,shpallje shqip per shqiptaret ne shqiperi kosova maqedoni,mal te zi,Fush? Kosov?,  Gjakova,  Gjakov?,  Gjilan,  Gjilani,  Gostivari,  Istog,  Istog\u00b7,  Ka?anik,  Ka?aniku,  Kastrioti,  K?r?ova,  Klina,  Klin?,  Kumanova,  Leposaviq,  Leskovci,  Likova,  Lipjan,  Lipjani,  Malisheva,  Malishev?,  Manastiri,  Medvegja,  Mitrovica,  Mitrovic?,  Novob?rd?,  Obiliq\u00b7 Rahovec,  Ohri,  Peja,  Pej?,  Podujeva,  Podujev?,  Presheva,  Prishtina,  Prishtin?,  Prizren,  Prizreni,  Rahoveci,  Sharri,  Sharri (Kosov?),  Shkupi,  Sht?rpca,  Sht?rpc?,  Shtime,  Sk?nderaj,  Struga,  Tetova,  Theranda,  Therand?,  Triumf Riza,  Veleshta,  Viti,  Vitia,  Vushtrri,  Vushtrria,  Zubin Potok,  Zubin Potoku,  Zve?an,  Zve?ani,Struga,Gostivari,Gostivar,Ker?ova,Tirana,Durr?si,Elbasani,Shkodra,Tuzi,Vlora, Kor?a,Fieri,Berati,Lushnja ,Kavaja,Pogradeci,La?i,Gjirokastra,Patosi,Kruja,Ku?ova,Kuk?si,Lezha,Saranda,Peshkopia,Burreli,C?rriku,?orovoda,Shijaku,Librazhdi,Tepelena,Gramshi,Poli?ani,Bulqiza,P?rmeti,Fush?Kruja,Kamza,Rr?sheni,Ballshi,Mamurrasi,BajramCurri,Erseka,Peqini,Divjaka,Selenica,Bilishti,Roskoveci,Puka,Memaliaj,Rrogozhina,Ura Vajgurore,Himara,Delvina,Vora,Kopliku,Maliqi,P?rrenjasi,Kruma, Libohova,Orikumi,Fush?-Arr?za,Sh?ngjini,Rubiku,Miloti, Leskoviku,Konispoli,K?lcyra,Krasta,K?rraba,Manastiri,Hara?ina,Likova,Prilepi,Zajazi,Vrap?ishti,Bogovin?,\" width=\"420\" height=\"120\" \/><\/a><\/p>\n","protected":false},"excerpt":{"rendered":"<p>Nj\u00eb ver\u00eb pa shpirt Duhet t\u00eb v\u00ebhet n\u00eb funksion Organizata turistike, e cila duhet t\u00eb jet\u00eb bart\u00ebsi i prezantimit dhe i propagand\u00ebs turistike t\u00eb qytetit, n\u00ebp\u00ebr panaire t\u00eb ndryshme n\u00eb vend dhe jasht\u00eb vendit. T\u00eb gjith\u00eb duhet t\u00eb japin kontributin e vet\u00eb, q\u00eb oferta turistike t\u00eb jet\u00eb m\u00eb e mir\u00eb se tani. Duhet t\u00eb hartohen [&hellip;]<\/p>\n","protected":false},"author":1,"featured_media":0,"comment_status":"open","ping_status":"closed","sticky":false,"template":"","format":"standard","meta":{"spay_email":"","jetpack_publicize_message":"","jetpack_is_tweetstorm":false,"jetpack_publicize_feature_enabled":true},"categories":[12,15],"tags":[95,200,18],"jetpack_publicize_connections":[],"yoast_head":"<!-- This site is optimized with the Yoast SEO plugin v19.1 - https:\/\/yoast.com\/wordpress\/plugins\/seo\/ -->\n<title>Sezoni turistik,si nj\u00eb ver\u00eb pa shpirt - Lajme nga Ulqini<\/title>\n<meta name=\"description\" content=\"Nj\u00eb ver\u00eb pa shpirt Duhet t\u00eb v\u00ebhet n\u00eb funksion Organizata turistike, e cila duhet t\u00eb jet\u00eb bart\u00ebsi i prezantimit dhe i propagand\u00ebs turistike t\u00eb qytetit,\" \/>\n<meta name=\"robots\" content=\"index, follow, max-snippet:-1, max-image-preview:large, max-video-preview:-1\" \/>\n<link rel=\"canonical\" href=\"https:\/\/www.visit-ulcinj.com\/blog\/2008\/10\/04\/sezoni-turistiksi-nje-vere-pa-shpirt\/\" \/>\n<meta property=\"og:locale\" content=\"en_US\" \/>\n<meta property=\"og:type\" content=\"article\" \/>\n<meta property=\"og:title\" content=\"Sezoni turistik,si nj\u00eb ver\u00eb pa shpirt - Lajme nga Ulqini\" \/>\n<meta property=\"og:description\" content=\"Nj\u00eb ver\u00eb pa shpirt Duhet t\u00eb v\u00ebhet n\u00eb funksion Organizata turistike, e cila duhet t\u00eb jet\u00eb bart\u00ebsi i prezantimit dhe i propagand\u00ebs turistike t\u00eb qytetit,\" \/>\n<meta property=\"og:url\" content=\"https:\/\/www.visit-ulcinj.com\/blog\/2008\/10\/04\/sezoni-turistiksi-nje-vere-pa-shpirt\/\" \/>\n<meta property=\"og:site_name\" content=\"Lajme nga Ulqini\" \/>\n<meta property=\"article:published_time\" content=\"2008-10-04T09:19:27+00:00\" \/>\n<meta property=\"article:modified_time\" content=\"2008-10-17T18:36:44+00:00\" \/>\n<meta property=\"og:image\" content=\"http:\/\/www.visit-ulcinj.com\/blog\/wp-content\/uploads\/2008\/10\/katalog-ulcinja-181x300.jpg\" \/>\n<meta name=\"twitter:label1\" content=\"Written by\" \/>\n\t<meta name=\"twitter:data1\" content=\"ulqini\" \/>\n\t<meta name=\"twitter:label2\" content=\"Est. reading time\" \/>\n\t<meta name=\"twitter:data2\" content=\"8 minutes\" \/>\n<script type=\"application\/ld+json\" class=\"yoast-schema-graph\">{\"@context\":\"https:\/\/schema.org\",\"@graph\":[{\"@type\":\"WebSite\",\"@id\":\"https:\/\/www.visit-ulcinj.com\/blog\/#website\",\"url\":\"https:\/\/www.visit-ulcinj.com\/blog\/\",\"name\":\"Lajme nga Ulqini\",\"description\":\"Lajme,Vijesti,Ulqini,Ulqin,Crna Gora,Mali i Zi\",\"potentialAction\":[{\"@type\":\"SearchAction\",\"target\":{\"@type\":\"EntryPoint\",\"urlTemplate\":\"https:\/\/www.visit-ulcinj.com\/blog\/?s={search_term_string}\"},\"query-input\":\"required name=search_term_string\"}],\"inLanguage\":\"en-US\"},{\"@type\":\"ImageObject\",\"inLanguage\":\"en-US\",\"@id\":\"https:\/\/www.visit-ulcinj.com\/blog\/2008\/10\/04\/sezoni-turistiksi-nje-vere-pa-shpirt\/#primaryimage\",\"url\":\"http:\/\/www.visit-ulcinj.com\/blog\/wp-content\/uploads\/2008\/10\/katalog-ulcinja-181x300.jpg\",\"contentUrl\":\"http:\/\/www.visit-ulcinj.com\/blog\/wp-content\/uploads\/2008\/10\/katalog-ulcinja-181x300.jpg\"},{\"@type\":\"WebPage\",\"@id\":\"https:\/\/www.visit-ulcinj.com\/blog\/2008\/10\/04\/sezoni-turistiksi-nje-vere-pa-shpirt\/#webpage\",\"url\":\"https:\/\/www.visit-ulcinj.com\/blog\/2008\/10\/04\/sezoni-turistiksi-nje-vere-pa-shpirt\/\",\"name\":\"Sezoni turistik,si nj\u00eb ver\u00eb pa shpirt - Lajme nga Ulqini\",\"isPartOf\":{\"@id\":\"https:\/\/www.visit-ulcinj.com\/blog\/#website\"},\"primaryImageOfPage\":{\"@id\":\"https:\/\/www.visit-ulcinj.com\/blog\/2008\/10\/04\/sezoni-turistiksi-nje-vere-pa-shpirt\/#primaryimage\"},\"datePublished\":\"2008-10-04T09:19:27+00:00\",\"dateModified\":\"2008-10-17T18:36:44+00:00\",\"author\":{\"@id\":\"https:\/\/www.visit-ulcinj.com\/blog\/#\/schema\/person\/dcab619c614d3038751c63bc2aadc06d\"},\"description\":\"Nj\u00eb ver\u00eb pa shpirt Duhet t\u00eb v\u00ebhet n\u00eb funksion Organizata turistike, e cila duhet t\u00eb jet\u00eb bart\u00ebsi i prezantimit dhe i propagand\u00ebs turistike t\u00eb qytetit,\",\"breadcrumb\":{\"@id\":\"https:\/\/www.visit-ulcinj.com\/blog\/2008\/10\/04\/sezoni-turistiksi-nje-vere-pa-shpirt\/#breadcrumb\"},\"inLanguage\":\"en-US\",\"potentialAction\":[{\"@type\":\"ReadAction\",\"target\":[\"https:\/\/www.visit-ulcinj.com\/blog\/2008\/10\/04\/sezoni-turistiksi-nje-vere-pa-shpirt\/\"]}]},{\"@type\":\"BreadcrumbList\",\"@id\":\"https:\/\/www.visit-ulcinj.com\/blog\/2008\/10\/04\/sezoni-turistiksi-nje-vere-pa-shpirt\/#breadcrumb\",\"itemListElement\":[{\"@type\":\"ListItem\",\"position\":1,\"name\":\"Sezoni turistik,si nj\u00eb ver\u00eb pa shpirt\"}]},{\"@type\":\"Person\",\"@id\":\"https:\/\/www.visit-ulcinj.com\/blog\/#\/schema\/person\/dcab619c614d3038751c63bc2aadc06d\",\"name\":\"ulqini\",\"sameAs\":[\"http:\/\/www.visit-ulcinj.com\"],\"url\":\"https:\/\/www.visit-ulcinj.com\/blog\/author\/admin\/\"}]}<\/script>\n<!-- \/ Yoast SEO plugin. -->","yoast_head_json":{"title":"Sezoni turistik,si nj\u00eb ver\u00eb pa shpirt - Lajme nga Ulqini","description":"Nj\u00eb ver\u00eb pa shpirt Duhet t\u00eb v\u00ebhet n\u00eb funksion Organizata turistike, e cila duhet t\u00eb jet\u00eb bart\u00ebsi i prezantimit dhe i propagand\u00ebs turistike t\u00eb qytetit,","robots":{"index":"index","follow":"follow","max-snippet":"max-snippet:-1","max-image-preview":"max-image-preview:large","max-video-preview":"max-video-preview:-1"},"canonical":"https:\/\/www.visit-ulcinj.com\/blog\/2008\/10\/04\/sezoni-turistiksi-nje-vere-pa-shpirt\/","og_locale":"en_US","og_type":"article","og_title":"Sezoni turistik,si nj\u00eb ver\u00eb pa shpirt - Lajme nga Ulqini","og_description":"Nj\u00eb ver\u00eb pa shpirt Duhet t\u00eb v\u00ebhet n\u00eb funksion Organizata turistike, e cila duhet t\u00eb jet\u00eb bart\u00ebsi i prezantimit dhe i propagand\u00ebs turistike t\u00eb qytetit,","og_url":"https:\/\/www.visit-ulcinj.com\/blog\/2008\/10\/04\/sezoni-turistiksi-nje-vere-pa-shpirt\/","og_site_name":"Lajme nga Ulqini","article_published_time":"2008-10-04T09:19:27+00:00","article_modified_time":"2008-10-17T18:36:44+00:00","og_image":[{"url":"http:\/\/www.visit-ulcinj.com\/blog\/wp-content\/uploads\/2008\/10\/katalog-ulcinja-181x300.jpg"}],"twitter_misc":{"Written by":"ulqini","Est. reading time":"8 minutes"},"schema":{"@context":"https:\/\/schema.org","@graph":[{"@type":"WebSite","@id":"https:\/\/www.visit-ulcinj.com\/blog\/#website","url":"https:\/\/www.visit-ulcinj.com\/blog\/","name":"Lajme nga Ulqini","description":"Lajme,Vijesti,Ulqini,Ulqin,Crna Gora,Mali i Zi","potentialAction":[{"@type":"SearchAction","target":{"@type":"EntryPoint","urlTemplate":"https:\/\/www.visit-ulcinj.com\/blog\/?s={search_term_string}"},"query-input":"required name=search_term_string"}],"inLanguage":"en-US"},{"@type":"ImageObject","inLanguage":"en-US","@id":"https:\/\/www.visit-ulcinj.com\/blog\/2008\/10\/04\/sezoni-turistiksi-nje-vere-pa-shpirt\/#primaryimage","url":"http:\/\/www.visit-ulcinj.com\/blog\/wp-content\/uploads\/2008\/10\/katalog-ulcinja-181x300.jpg","contentUrl":"http:\/\/www.visit-ulcinj.com\/blog\/wp-content\/uploads\/2008\/10\/katalog-ulcinja-181x300.jpg"},{"@type":"WebPage","@id":"https:\/\/www.visit-ulcinj.com\/blog\/2008\/10\/04\/sezoni-turistiksi-nje-vere-pa-shpirt\/#webpage","url":"https:\/\/www.visit-ulcinj.com\/blog\/2008\/10\/04\/sezoni-turistiksi-nje-vere-pa-shpirt\/","name":"Sezoni turistik,si nj\u00eb ver\u00eb pa shpirt - Lajme nga Ulqini","isPartOf":{"@id":"https:\/\/www.visit-ulcinj.com\/blog\/#website"},"primaryImageOfPage":{"@id":"https:\/\/www.visit-ulcinj.com\/blog\/2008\/10\/04\/sezoni-turistiksi-nje-vere-pa-shpirt\/#primaryimage"},"datePublished":"2008-10-04T09:19:27+00:00","dateModified":"2008-10-17T18:36:44+00:00","author":{"@id":"https:\/\/www.visit-ulcinj.com\/blog\/#\/schema\/person\/dcab619c614d3038751c63bc2aadc06d"},"description":"Nj\u00eb ver\u00eb pa shpirt Duhet t\u00eb v\u00ebhet n\u00eb funksion Organizata turistike, e cila duhet t\u00eb jet\u00eb bart\u00ebsi i prezantimit dhe i propagand\u00ebs turistike t\u00eb qytetit,","breadcrumb":{"@id":"https:\/\/www.visit-ulcinj.com\/blog\/2008\/10\/04\/sezoni-turistiksi-nje-vere-pa-shpirt\/#breadcrumb"},"inLanguage":"en-US","potentialAction":[{"@type":"ReadAction","target":["https:\/\/www.visit-ulcinj.com\/blog\/2008\/10\/04\/sezoni-turistiksi-nje-vere-pa-shpirt\/"]}]},{"@type":"BreadcrumbList","@id":"https:\/\/www.visit-ulcinj.com\/blog\/2008\/10\/04\/sezoni-turistiksi-nje-vere-pa-shpirt\/#breadcrumb","itemListElement":[{"@type":"ListItem","position":1,"name":"Sezoni turistik,si nj\u00eb ver\u00eb pa shpirt"}]},{"@type":"Person","@id":"https:\/\/www.visit-ulcinj.com\/blog\/#\/schema\/person\/dcab619c614d3038751c63bc2aadc06d","name":"ulqini","sameAs":["http:\/\/www.visit-ulcinj.com"],"url":"https:\/\/www.visit-ulcinj.com\/blog\/author\/admin\/"}]}},"jetpack_featured_media_url":"","jetpack_sharing_enabled":true,"jetpack_shortlink":"https:\/\/wp.me\/pe6lTn-10z","_links":{"self":[{"href":"https:\/\/www.visit-ulcinj.com\/blog\/wp-json\/wp\/v2\/posts\/3879"}],"collection":[{"href":"https:\/\/www.visit-ulcinj.com\/blog\/wp-json\/wp\/v2\/posts"}],"about":[{"href":"https:\/\/www.visit-ulcinj.com\/blog\/wp-json\/wp\/v2\/types\/post"}],"author":[{"embeddable":true,"href":"https:\/\/www.visit-ulcinj.com\/blog\/wp-json\/wp\/v2\/users\/1"}],"replies":[{"embeddable":true,"href":"https:\/\/www.visit-ulcinj.com\/blog\/wp-json\/wp\/v2\/comments?post=3879"}],"version-history":[{"count":0,"href":"https:\/\/www.visit-ulcinj.com\/blog\/wp-json\/wp\/v2\/posts\/3879\/revisions"}],"wp:attachment":[{"href":"https:\/\/www.visit-ulcinj.com\/blog\/wp-json\/wp\/v2\/media?parent=3879"}],"wp:term":[{"taxonomy":"category","embeddable":true,"href":"https:\/\/www.visit-ulcinj.com\/blog\/wp-json\/wp\/v2\/categories?post=3879"},{"taxonomy":"post_tag","embeddable":true,"href":"https:\/\/www.visit-ulcinj.com\/blog\/wp-json\/wp\/v2\/tags?post=3879"}],"curies":[{"name":"wp","href":"https:\/\/api.w.org\/{rel}","templated":true}]}}