{"id":38808,"date":"2010-10-23T20:57:28","date_gmt":"2010-10-23T18:57:28","guid":{"rendered":"http:\/\/www.visit-ulcinj.com\/blog\/?p=38808"},"modified":"2010-10-23T20:57:28","modified_gmt":"2010-10-23T18:57:28","slug":"sinishtaj-kunder-standardeve-te-dyfishta","status":"publish","type":"post","link":"https:\/\/www.visit-ulcinj.com\/blog\/2010\/10\/23\/sinishtaj-kunder-standardeve-te-dyfishta\/","title":{"rendered":"Sinishtaj: Kund\u00ebr standardeve t\u00eb dyfishta"},"content":{"rendered":"<p><strong><a href=\"http:\/\/www.visit-ulcinj.com\/blog\/wp-content\/uploads\/2010\/10\/Sinishtaj-Leter-e-hapur-zotit-Leopold-Maurer.jpg\"><img loading=\"lazy\" class=\"alignleft size-full wp-image-38809\" title=\"Vaselj Sinistaj\" src=\"http:\/\/www.visit-ulcinj.com\/blog\/wp-content\/uploads\/2010\/10\/Sinishtaj-Leter-e-hapur-zotit-Leopold-Maurer.jpg\" alt=\"\" width=\"490\" height=\"380\" \/><\/a>Let\u00ebr e hapur zotit Leopold Maurer<\/strong><br \/>\nZoti Maurer,\u00a0Si njeri relativisht i ri (53) vje\u00e7, p\u00ebr fat t\u00eb keq\u00a0jam d\u00ebshmitar i krijimit t\u00eb tri shteteve n\u00eb\u00a0k\u00ebto hap\u00ebsira dhe se kam lindur n\u00eb t\u00eb kat\u00ebrtin\u00a0(ish-RSFJ), e q\u00eb shqiptar\u00ebt nuk kan\u00eb pasur\u00a0kurr\u00eb shansin e barabart\u00eb dhe mund\u00ebsit\u00eb e\u00a0barabarta sikurse popujt e tjer\u00eb. Nj\u00eb politik\u00eb\u00a0e till\u00eb pati p\u00ebr pasoj\u00eb q\u00eb sot nga Mali i Zi jan\u00eb\u00a0shp\u00ebrngulur m\u00eb shum\u00eb shqiptar\u00eb se\u00e7 kemi\u00a0sot n\u00eb vatrat e tyre shekullore.\u00a0Problemi i ligjit zgjedhor n\u00eb Mal t\u00eb Zi, si\u00e7\u00a0tha n\u00eb nj\u00eb deklarat\u00eb t\u00eb vet prof. dr. Gjorgjije\u00a0Blazhiq, nuk \u00ebsht\u00eb problem q\u00eb nuk mund t\u00eb\u00a0kap\u00ebrcehet n\u00ebse ekziston vullneti politik i\u00a0shumic\u00ebs. Problemi q\u00ebndron n\u00eb faktin q\u00eb\u00a0mazhoranca e Kuvendit, sipas inercis\u00eb s\u00eb\u00a0vjet\u00ebr, p\u00ebrpiqet t\u00eb miratoj\u00eb ligjin sipas mas\u00ebs\u00a0s\u00eb partive, e jo n\u00eb interesin e qytetar\u00ebve.\u00a0P\u00ebrndryshe, n\u00eb Mal t\u00eb Zi, nuk thuhet pa arsye\u00a0se \u201cfitimi i veseve \u00ebsht\u00eb nj\u00eb dert kurse heqja\u00a0e tyre nj\u00ebqind derte\u201d. S\u00eb k\u00ebndejmi, si pjes\u00ebtar\u00a0i pakic\u00ebs komb\u00ebtare shqiptare, si pjes\u00ebtar\u00a0i popullit i cili \u00ebsht\u00eb n\u00eb pakic\u00eb por edhe \u00ebsht\u00eb\u00a0autokton dhe i cili shekuj me radh\u00eb jeton n\u00eb\u00a0vatrat e veta, dua t\u00eb theksoj si vijon:\u00a0Qytetar\u00ebt e komb\u00ebsis\u00eb shqiptare me vullnetin\u00a0e vet t\u00eb shfaqur n\u00eb referendumin e mbajtur\u00a0me 21.05.2006 dhan\u00eb kontributin e vet t\u00eb\u00a0plot\u00eb gjat\u00eb marrjes s\u00eb vendimit p\u00ebr\u00a0pavar\u00ebsimmin e Malit t\u00eb Zi edhe p\u00ebrkund\u00ebr\u00a0faktit se vazhdimisht kan\u00eb qen\u00eb t\u00eb diskriminuar\u00a0dhe se disa her\u00eb deri tani kan\u00eb qen\u00eb t\u00eb\u00a0mashtruar me n\u00ebnshkrimin e marr\u00ebveshjeve\u00a0t\u00eb ndryshme politike dhe kan\u00eb pasur\u00a0parasysh edhe mesazhin e keq t\u00eb k\u00ebtij\u00a0pushteti kur ai nuk tregoi gatishm\u00ebrin\u00eb q\u00eb t\u00eb\u00a0p\u00ebrmbush\u00eb k\u00ebrkes\u00ebn dhe shpresimin ton\u00eb p\u00ebr\u00a0themelimin e Komun\u00ebs s\u00eb plot\u00eb t\u00eb Mal\u00ebsis\u00eb \u2013\u00a0Tuzit. Ju me siguri b\u00ebni pyetjen logjike: \u00e7ka\u00a0i ka shtyr\u00eb qytetar\u00ebt e komb\u00ebsis\u00eb shqiptare q\u00eb\u00a0edhe p\u00ebrkund\u00ebr k\u00ebtyre fakteve me vot\u00ebn e\u00a0vet i than\u00eb Po nevoj\u00ebs s\u00eb formimit t\u00eb shtetit\u00a0t\u00eb pavarur t\u00eb Malit t\u00eb Zi?\u00a0P\u00ebr k\u00ebt\u00eb ekzistojn\u00eb disa arsye, por do t\u00eb p\u00ebrpiqem\u00a0t\u00eb sqaroj ato m\u00eb t\u00eb r\u00ebnd\u00ebsishmet,\u00a0ndon\u00ebse jam plot\u00ebsisht i bindur se t\u00eb gjitha\u00a0k\u00ebto elemente tashm\u00eb i keni t\u00eb njohura.\u00a01. Pik\u00ebs\u00ebpari, pavar\u00ebsia e Malit t\u00eb Zi ka qen\u00eb\u00a0edhe k\u00ebrkes\u00eb edhe shpresim edhe i vet\u00eb\u00a0Bashkimit Europian si edhe i vet\u00eb administrat\u00ebs\u00a0amerikane. K\u00ebt\u00eb politik\u00eb e mb\u00ebshtet\u00ebn\u00a0fuqimisht edhe Tirana dhe Prishtina zyrtare.\u00a02. Me ndihm\u00ebn e bashk\u00ebsis\u00eb nd\u00ebrkomb\u00ebtare,\u00a0n\u00eb radh\u00eb t\u00eb par\u00eb me angazhimin e OSBE-s\u00eb,\u00a0Kuvendi Federativ i Bashk\u00ebsis\u00eb shtet\u00ebrore\u00a0Serbi dhe Mali i Zi me dat\u00eb 28 . 02. 2003\u00a0miratoi vendimin p\u00ebr shpalljen e Kart\u00ebs mbi\u00a0t\u00eb drejtat e njeriut dhe t\u00eb pakicave dhe lirit\u00eb\u00a0qytetare, e q\u00eb p\u00ebr ne ka qen\u00eb sinjal i par\u00eb i\u00a0p\u00ebrcaktimit t\u00eb shtetit p\u00ebr demokraci, paqe,\u00a0toleranc\u00eb, respektim t\u00eb t\u00eb drejtave t\u00eb njeriut,\u00a0sundim t\u00eb s\u00eb drejt\u00ebs dhe drejt\u00ebsis\u00eb sociale, e\u00a0pastaj e nj\u00ebjta Kart\u00eb u miratua edhe nga\u00a0Kuvendi Popullor i Republik\u00ebs s\u00eb Serbis\u00eb,\u00a0Kuvendi i Republik\u00ebs s\u00eb Malit t\u00eb Zi dhe\u00a0Kuvendi Federativ.\u00a03. Vet\u00ebm dhjet\u00eb dit\u00eb para dat\u00ebs s\u00eb mbajtjes s\u00eb\u00a0Referendumit p\u00ebr statusin shtet\u00ebror n\u00eb\u00a0Kuvendin e Malit t\u00eb Zi u miratua dhe u nxor\u00a0nj\u00ebz\u00ebri Ligji mbi t\u00eb drejtat dhe lirit\u00eb e pakicave,\u00a0p\u00ebr t\u00eb cilin p\u00ebrs\u00ebri dha nj\u00eb kontribut t\u00eb\u00a0madh OSBE-ja. Nd\u00ebrkaq pas shpalljes s\u00eb\u00a0rezultateve t\u00eb votimit n\u00eb Referendum,\u00a0Gjykata Kushtetuese e Malit t\u00eb Zi, me\u00a0vendimin e vet shfuqizon dy dispozitat m\u00eb t\u00eb\u00a0r\u00ebnd\u00ebsishme nga Ligji mbi t\u00eb drejtat dhe lirit\u00eb\u00a0e pakicave t\u00eb cilat drejtp\u00ebrs\u00ebdrejti u\u00a0p\u00ebrkasin t\u00eb drejtave t\u00eb pakicave p\u00ebrmes\u00a0legjislacionit zgjedhor dhe parimit t\u00eb aksionit\u00a0afirmativ. (Nenet 23 dhe 24 t\u00eb Ligjit n\u00eb\u00a0fjal\u00eb).\u00a0Edhe p\u00ebrkund\u00ebr premtimit t\u00eb fort\u00eb t\u00eb\u00a0pushtetit q\u00eb k\u00ebto dy dispozita t\u00eb shfuqizuara\u00a0do t\u00eb rikthehen, deri n\u00eb dit\u00ebn e sotme kjo nuk\u00a0\u00ebsht\u00eb b\u00ebr\u00eb. P\u00ebrkundrazi, ekzistojn\u00eb p\u00ebrpjekjet\u00a0q\u00eb t\u00eb shmanget ky detyrim, e kjo do t\u00eb\u00a0thoshte se pakicat edhe nj\u00ebher\u00eb jan\u00eb mashtruar\u00a0n\u00eb jet\u00ebn politike t\u00eb Malit t\u00eb Zi.\u00a04. Nga viti 1992 e deri m\u00eb sot p\u00ebr pakic\u00ebn\u00a0nacionale shqiptare para dat\u00ebs s\u00eb mbajtjes s\u00eb\u00a0zgjedhjeve parlamentare, Kuvendi i Malit t\u00eb\u00a0Zi miratoi vendimin me t\u00eb cilin p\u00ebrcaktoi\u00a0qendrat e votimit aty ku shqiptar\u00ebt p\u00ebrb\u00ebnin\u00a0shumic\u00ebn apo num\u00ebr t\u00eb konsideruesh\u00ebm t\u00eb\u00a0popullsis\u00eb dhe p\u00ebrcaktoi numrin e deputet\u00ebve\u00a0\u2013 p\u00ebrfaq\u00ebsuesve t\u00eb pakic\u00ebs shqiptare.\u00a0Pik\u00ebrisht nj\u00eb zgjidhje t\u00eb k\u00ebtill\u00eb ligjore, nd\u00ebr\u00a0t\u00eb tjera, pushteti e shfryt\u00ebzoi si m\u00ebnyr\u00eb t\u00eb\u00a0\u201cgrabitjes\u201d s\u00eb nj\u00eb apo m\u00eb shum\u00eb mandateve\u00a0tona, sepse nuk u respektua parimi i p\u00ebrfaq\u00ebsimit\u00a0t\u00eb drejtp\u00ebrdrejt\u00eb as parimi i aksionit\u00a0afirmativ.\u00a0Mund t\u00eb pritej q\u00eb kjo e drejt\u00eb do t\u00eb shqyrtohet\u00a0m\u00eb von\u00eb n\u00eb m\u00ebnyr\u00eb q\u00eb mandatet e pakicave\u00a0do t\u2019u takonin vet\u00ebm listave t\u00eb pakicave,\u00a0grupit t\u00eb qytetar\u00ebve t\u00eb pakic\u00ebs\u00a0p\u00ebrkat\u00ebse apo kandidatit t\u00eb pavarur t\u00eb\u00a0pakic\u00ebs s\u00eb caktuar. Dhe ndodhi p\u00ebrs\u00ebri\u00a0mashtrimi i radh\u00ebs.\u00a05. Arsyeja e fundit, natyrisht pas pavar\u00ebsimit\u00a0t\u00eb Malit t\u00eb Zi, \u00ebsht\u00eb ajo q\u00eb un\u00eb si deputet i\u00a0Kuvendit Konstitucional n\u00ebnshkrova dokumentin\u00a0me t\u00eb cilin K\u00ebshilli i Evrop\u00ebs p\u00ebrcaktoi\u00a0shtat\u00eb parime q\u00eb duhej t\u00eb inkorporoheshin\u00a0n\u00eb tekstin e ri t\u00eb Kushtetut\u00ebs s\u00eb Malit t\u00eb Zi.\u00a0Pik\u00ebrisht pika e kat\u00ebrt e k\u00ebtij dokumenti u\u00a0referohej t\u00eb drejtave dhe lirive t\u00eb pakicave,\u00a0kurse n\u00eb minimum duhej t\u00eb p\u00ebrcaktohej me\u00a0kushtetut\u00eb ajo q\u00eb p\u00ebrmbante Karta mbi t\u00eb\u00a0drejtat e njeriut dhe pakicave dhe lirit\u00eb\u00a0qytetare. Mir\u00ebpo, teksti i ri i Kushtetut\u00ebs s\u00eb\u00a0Malit t\u00eb Zi me dispozitat e veta nuk\u00a0parashikon minimumin e k\u00ebrkuar nga\u00a0K\u00ebshilli i Europ\u00ebs. K\u00ebsaj radhe jemi\u00a0mashtruar t\u00eb gjith\u00eb s\u00eb bashku, edhe ne edhe\u00a0K\u00ebshilli i Europ\u00ebs. Gjithashtu, Kushtetuta\u00a0nuk ka dispozit\u00eb me t\u00eb cil\u00ebn garantohen t\u00eb\u00a0drejtat e fituara e as nuk p\u00ebrcaktohet m\u00ebnyra\u00a0se si interpretohen t\u00eb drejtat e pakicave.\u00a0Midis tjerash edhe kjo m\u00eb p\u00ebrcaktoi q\u00eb t\u00eb\u00a0mos votoj p\u00ebr tekstin e tanish\u00ebm t\u00eb\u00a0Kushtetut\u00ebs dhe m\u00eb duhet t\u00eb Ju rikujtoi edhe\u00a0faktin q\u00eb p\u00ebr Kushtetut\u00ebn e Malit t\u00eb Zi nuk ka\u00a0votuar asnj\u00eb deputet nga Lista Nacionale\u00a0Shqiptare, q\u00eb natyrisht nuk do t\u00eb thot\u00eb se nuk\u00a0i respektojm\u00eb dispozitat e saj. P\u00ebrkundrazi,\u00a0Kushtetut\u00ebn nuk e respekton mazhoranca e\u00a0Kuvendit, kurse do t\u00eb ishte e logjikshme q\u00eb\u00a0ata t\u00eb cil\u00ebt kan\u00eb votuar Kushtetut\u00ebn t\u00eb ken\u00eb\u00a0detyrim m\u00eb t\u00eb madh edhe ta respektojn\u00eb at\u00eb.\u00a0Kjo aq m\u00eb par\u00eb kur dim\u00eb se dispozitat\u00a0kushtetuese asnj\u00ebher\u00eb nuk interpretohen, ato\u00a0vet\u00ebm zbatohen. Por, si duket, n\u00eb Mal t\u00eb Zi\u00a0nuk \u00ebsht\u00eb problem t\u00eb miratohet Kushtetuta,\u00a0ligjet dhe aktet n\u00ebnligjore, por \u00ebsht\u00eb problem\u00a0implementimi, zbatimi i tyre e kjo, duhet t\u00eb\u00a0pajtohemi, te ne shkon mjaft v\u00ebshtir\u00eb. Th\u00ebn\u00eb\u00a0me fjal\u00ebn e urt\u00eb t\u00eb popullit, askush nuk don t\u00eb\u00a0sharroj\u00eb deg\u00ebn mbi t\u00eb cil\u00ebn q\u00ebndron, kurse\u00a0problem akoma m\u00eb i madh \u00ebsht\u00eb q\u00eb ky\u00a0pushtet ende nuk \u00ebsht\u00eb i gatsh\u00ebm t\u2019I pranoj\u00eb\u00a0standardet nd\u00ebrkomb\u00ebtare nga kjo sfer\u00eb as t\u2019i\u00a0respektoj\u00eb detyrimet tashm\u00eb t\u00eb marra p\u00ebrsip\u00ebr\u00a0nga dokumentet e n\u00ebnshkruara, kurse\u00a0sqarimi p\u00ebr t\u00eb gjitha k\u00ebto \u00ebsht\u00eb q\u00eb Mali i Zi\u00a0\u00ebsht\u00eb shtet qytetar.\u00a0Ju pyes Juve, a mund t\u00eb jet\u00eb shtet qytetar\u00a0n\u00ebse nuk respekton Kushtetut\u00ebn dhe ligjet,\u00a0n\u00ebse gjuha amtare dhe shkrimi nuk mund t\u00eb\u00a0p\u00ebrdoren lirisht; n\u00ebse n\u00eb organet shtet\u00ebrore,\u00a0n\u00eb organet e administrat\u00ebs lokale, n\u00eb nd\u00ebrmarrjet\u00a0publike dhe n\u00eb institucionet publike\u00a0jemi t\u00eb pun\u00ebsuar gjithsej rreth 0.3%, kurse n\u00eb\u00a0numrin e p\u00ebrgjithsh\u00ebm t\u00eb banor\u00ebve t\u00eb Malit\u00a0t\u00eb Zi marrin pjes\u00eb me rreth 7%, n\u00ebse n\u00eb polici\u00a0(polici lokale nuk kemi) jemi n\u00eb num\u00ebr t\u00eb\u00a0pap\u00ebrfillsh\u00ebm, kurse n\u00eb gjyq\u00ebsi dhe n\u00eb\u00a0prokurori pothuajse nuk gjendemi pothuajse\u00a0fare; n\u00ebse p\u00ebr 12.500 banor\u00eb t\u00eb Mal\u00ebsis\u00eb me\u00a0qend\u00ebr vendore Tuzin nuk mund t\u00eb sigurohet\u00a0e drejta e garantuar me Kushtetut\u00eb \u2013 e drejta\u00a0n\u00eb vet\u00ebqeverisje lokale, p\u00ebrkat\u00ebsisht komuna\u00a0e plot\u00eb sikurse t\u00eb gjitha komunat e tjera n\u00eb\u00a0Mal t\u00eb Zi, n\u00ebse abrogohen t\u00eb drejtat tashm\u00eb\u00a0t\u00eb fituara; n\u00ebse pushteti synon t\u2019ua heq\u00eb\u00a0shtet\u00ebsin\u00eb edhe atyre q\u00eb jan\u00eb t\u00eb lindur n\u00eb Mal\u00a0t\u00eb Zi, kan\u00eb kryer sh\u00ebrbimin ushtarak si\u00a0rekrut\u00eb t\u00eb Republik\u00ebs s\u00eb Malit t\u00eb Zi dhe mjaft\u00a0prej tyre kan\u00eb votuar n\u00eb Referendumin mbi\u00a0pavar\u00ebsin\u00eb dhe n\u00ebse, dhe n\u00ebse&#8230;\u00a0Z. Maurer\u00a0P\u00ebr k\u00ebto dhe probleme t\u00eb ngjashme nuk guxojm\u00eb\u00a0t\u00eb heshtim, sepse n\u00eb raste t\u00eb caktuara\u00a0heshtja \u00ebsht\u00eb bashk\u00ebfaj\u00ebsi. I vet\u00ebdish\u00ebm p\u00ebr\u00a0faktin se kompetenca Juaj nuk \u00ebsht\u00eb q\u00eb t\u2019i\u00a0zgjidhni problemet tona, por duke ditur se\u00a0jemi vend n\u00eb tranzicion dhe se i ndiqni me\u00a0v\u00ebmendje l\u00ebvizjet shoq\u00ebrore dhe l\u00ebvizjet e\u00a0gjithmbarshme n\u00eb Mal t\u00eb Zi, e ndjeva t\u00eb\u00a0nevojshme t\u00eb ju d\u00ebrgoj k\u00ebt\u00eb let\u00ebr t\u00eb hapur dhe\u00a0t\u00eb Ju sugjeroj p\u00ebr disa probleme q\u00eb na\u00a0mundojn\u00eb e q\u00eb nuk mund t\u2019i zgjidhim vet\u00eb,\u00a0sepse korrupsioni politik dhe benefitet q\u00eb\u00a0sjell ai jan\u00eb n\u00eb nj\u00eb shkall\u00eb t\u00eb lart\u00eb. Prandaj\u00a0pres q\u00eb t\u00eb has\u00eb n\u00eb mir\u00ebkuptimin tuaj, aq m\u00eb\u00a0par\u00eb q\u00eb Ju, n\u00eb em\u00ebr t\u00eb Bashkimit Europian,\u00a0luftoni kund\u00ebr standardeve t\u00eb dyfishta, e\u00a0standarde t\u00eb dyfishta p\u00ebr mua jan\u00eb p\u00ebr shembull\u00a0q\u00eb serb\u00ebt n\u00eb Kosov\u00eb nuk i njohin institucionet\u00a0e sistemit dhe bojkotojn\u00eb zgjedhjet,\u00a0kurse n\u00eb minimum i kan\u00eb t\u00eb siguruar dhjet\u00eb\u00a0mandate t\u00eb deputet\u00ebve dhe 5 komuna t\u00eb reja,\u00a0apo kur malazez\u00ebt ( rreth 3 mij\u00eb sish,\u00a0gjithashtu n\u00eb Kosov\u00eb, k\u00ebrkojn\u00eb q\u00eb t\u2019u garantohet\u00a0nj\u00eb mandat deputeti, kurse neve shqiptar\u00ebve\u00a0n\u00eb Mal t\u00eb Zi ( q\u00eb jemi rreth 42 mij\u00eb)\u00a0na abrogohen t\u00eb drejtat tashm\u00eb t\u00eb fituara (5\u00a0mandate t\u00eb deputet\u00ebve dhe qendrat e p\u00ebrcaktuara\u00a0t\u00eb votimit dhe na refuzohet me k\u00ebmb\u00ebngulje\u00a0k\u00ebrkesa p\u00ebr themelimin e komun\u00ebs\u00a0s\u00eb plot\u00eb t\u00eb Mal\u00ebsis\u00eb \u2013 Tuzit) edhe p\u00ebrkund\u00ebr\u00a0faktit se i respektojm\u00eb institucionet e sistemit\u00a0dhe nuk i bojkotojm\u00eb zgjedhjet.\u00a0Z. Ambasador\u00a0Teksti i propozuar i Ligjit mbi zgjedhjen e\u00a0k\u00ebshilltar\u00ebve dhe t\u00eb deputet\u00ebve (ndryshimet\u00a0dhe plot\u00ebsimet) nuk p\u00ebrmban as at\u00eb q\u00eb \u00ebsht\u00eb\u00a0e garantuar me Kushtetut\u00eb \u2013 t\u00eb drejt\u00ebn e p\u00ebrfaq\u00ebsimit\u00a0autentik t\u00eb pjes\u00ebtar\u00ebve t\u00eb pakicave\u00a0n\u00eb Kuvendin e Malit t\u00eb Zi dhe n\u00eb kuvendet e\u00a0nj\u00ebsive t\u00eb vet\u00ebqeverisjet lokale n\u00eb t\u00eb cilat\u00a0pakicat p\u00ebrb\u00ebjn\u00eb nj\u00eb pjes\u00eb t\u00eb konsiderueshme\u00a0t\u00eb popullsis\u00eb, n\u00eb p\u00ebrputhje me parimin e\u00a0aksionit afirmativ (neni 79 paragrafi 1, pika\u00a09 t\u00eb Kushtetut\u00ebs s\u00eb Malit t\u00eb Zi). S\u00eb k\u00ebndejmi\u00a0presim q\u00eb t\u00eb hasim n\u00eb mir\u00ebkuptimin tuaj p\u00ebr\u00a0p\u00ebrmbushjen e k\u00ebrkesave tona, pik\u00ebs\u00ebpari t\u00eb\u00a0intervenohet n\u00eb drejtim t\u00eb respektimit t\u00eb\u00a0Kushtetut\u00ebs, pastaj ligjet t\u00eb miratohen brenda\u00a0afatit t\u00eb p\u00ebrcaktuar me ligjin kushtetues dhe\u00a0q\u00eb t\u00eb nj\u00ebjtit t\u00eb jen\u00eb n\u00eb p\u00ebrputhje me\u00a0Kushtetut\u00ebn, t\u00eb garantohen t\u00eb drejtat e fituara\u00a0dhe ato t\u00eb avancohen, e kurrsesi t\u00eb mos\u00a0zvog\u00eblohen apo t\u00eb abrogohen. K\u00ebto jan\u00eb\u00a0parimet q\u00eb ne i presim e k\u00ebto standarde i\u00a0kan\u00eb kaher\u00eb vendet demokratike europiane.\u00a0Gjithashtu Ju pyes: p\u00ebrse k\u00ebto t\u00eb drejta nuk\u00a0mund t\u2019i realizojm\u00eb n\u00eb Malin e Zi dhe p\u00ebrse\u00a0na abrogohen t\u00eb drejtat tashm\u00eb t\u00eb fituara,\u00a0pik\u00ebrisht n\u00eb syt\u00eb e Bashk\u00ebsis\u00eb\u00a0Nd\u00ebrkomb\u00ebtare?<\/p>\n<p><strong>Vasel Sinishtaj<\/strong><\/p>\n<p><strong><em>(autori \u00ebsht\u00eb k\u00ebshilltar i Iniciativ\u00ebs\u00a0Qytetare n\u00eb Tuz dhe Deputet i Kuvendit t\u00eb\u00a0Malit t\u00eb Zi me gjysm\u00eb mandati)<\/em><\/strong><\/p>\n","protected":false},"excerpt":{"rendered":"<p>Let\u00ebr e hapur zotit Leopold Maurer Zoti Maurer,\u00a0Si njeri relativisht i ri (53) vje\u00e7, p\u00ebr fat t\u00eb keq\u00a0jam d\u00ebshmitar i krijimit t\u00eb tri shteteve n\u00eb\u00a0k\u00ebto hap\u00ebsira dhe se kam lindur n\u00eb t\u00eb kat\u00ebrtin\u00a0(ish-RSFJ), e q\u00eb shqiptar\u00ebt nuk kan\u00eb pasur\u00a0kurr\u00eb shansin e barabart\u00eb dhe mund\u00ebsit\u00eb e\u00a0barabarta sikurse popujt e tjer\u00eb. Nj\u00eb politik\u00eb\u00a0e till\u00eb pati p\u00ebr pasoj\u00eb [&hellip;]<\/p>\n","protected":false},"author":1,"featured_media":0,"comment_status":"open","ping_status":"closed","sticky":false,"template":"","format":"standard","meta":{"spay_email":"","jetpack_publicize_message":"","jetpack_is_tweetstorm":false,"jetpack_publicize_feature_enabled":true},"categories":[14249],"tags":[4529,348],"jetpack_publicize_connections":[],"yoast_head":"<!-- This site is optimized with the Yoast SEO plugin v19.1 - https:\/\/yoast.com\/wordpress\/plugins\/seo\/ -->\n<title>Sinishtaj: Kund\u00ebr standardeve t\u00eb dyfishta - Lajme nga Ulqini<\/title>\n<meta name=\"description\" content=\"Let\u00ebr e hapur zotit Leopold Maurer Zoti Maurer,\u00a0Si njeri relativisht i ri (53) vje\u00e7, p\u00ebr fat t\u00eb keq\u00a0jam d\u00ebshmitar i krijimit t\u00eb tri shteteve n\u00eb\u00a0k\u00ebto\" \/>\n<meta name=\"robots\" content=\"index, follow, max-snippet:-1, max-image-preview:large, max-video-preview:-1\" \/>\n<link rel=\"canonical\" href=\"https:\/\/www.visit-ulcinj.com\/blog\/2010\/10\/23\/sinishtaj-kunder-standardeve-te-dyfishta\/\" \/>\n<meta property=\"og:locale\" content=\"en_US\" \/>\n<meta property=\"og:type\" content=\"article\" \/>\n<meta property=\"og:title\" content=\"Sinishtaj: Kund\u00ebr standardeve t\u00eb dyfishta - Lajme nga Ulqini\" \/>\n<meta property=\"og:description\" content=\"Let\u00ebr e hapur zotit Leopold Maurer Zoti Maurer,\u00a0Si njeri relativisht i ri (53) vje\u00e7, p\u00ebr fat t\u00eb keq\u00a0jam d\u00ebshmitar i krijimit t\u00eb tri shteteve n\u00eb\u00a0k\u00ebto\" \/>\n<meta property=\"og:url\" content=\"https:\/\/www.visit-ulcinj.com\/blog\/2010\/10\/23\/sinishtaj-kunder-standardeve-te-dyfishta\/\" \/>\n<meta property=\"og:site_name\" content=\"Lajme nga Ulqini\" \/>\n<meta property=\"article:published_time\" content=\"2010-10-23T18:57:28+00:00\" \/>\n<meta property=\"og:image\" content=\"http:\/\/www.visit-ulcinj.com\/blog\/wp-content\/uploads\/2010\/10\/Sinishtaj-Leter-e-hapur-zotit-Leopold-Maurer.jpg\" \/>\n<meta name=\"twitter:label1\" content=\"Written by\" \/>\n\t<meta name=\"twitter:data1\" content=\"ulqini\" \/>\n\t<meta name=\"twitter:label2\" content=\"Est. reading time\" \/>\n\t<meta name=\"twitter:data2\" content=\"10 minutes\" \/>\n<script type=\"application\/ld+json\" class=\"yoast-schema-graph\">{\"@context\":\"https:\/\/schema.org\",\"@graph\":[{\"@type\":\"WebSite\",\"@id\":\"https:\/\/www.visit-ulcinj.com\/blog\/#website\",\"url\":\"https:\/\/www.visit-ulcinj.com\/blog\/\",\"name\":\"Lajme nga Ulqini\",\"description\":\"Lajme,Vijesti,Ulqini,Ulqin,Crna Gora,Mali i Zi\",\"potentialAction\":[{\"@type\":\"SearchAction\",\"target\":{\"@type\":\"EntryPoint\",\"urlTemplate\":\"https:\/\/www.visit-ulcinj.com\/blog\/?s={search_term_string}\"},\"query-input\":\"required name=search_term_string\"}],\"inLanguage\":\"en-US\"},{\"@type\":\"ImageObject\",\"inLanguage\":\"en-US\",\"@id\":\"https:\/\/www.visit-ulcinj.com\/blog\/2010\/10\/23\/sinishtaj-kunder-standardeve-te-dyfishta\/#primaryimage\",\"url\":\"https:\/\/www.visit-ulcinj.com\/blog\/wp-content\/uploads\/2010\/10\/Sinishtaj-Leter-e-hapur-zotit-Leopold-Maurer.jpg\",\"contentUrl\":\"https:\/\/www.visit-ulcinj.com\/blog\/wp-content\/uploads\/2010\/10\/Sinishtaj-Leter-e-hapur-zotit-Leopold-Maurer.jpg\",\"width\":\"610\",\"height\":\"482\"},{\"@type\":\"WebPage\",\"@id\":\"https:\/\/www.visit-ulcinj.com\/blog\/2010\/10\/23\/sinishtaj-kunder-standardeve-te-dyfishta\/#webpage\",\"url\":\"https:\/\/www.visit-ulcinj.com\/blog\/2010\/10\/23\/sinishtaj-kunder-standardeve-te-dyfishta\/\",\"name\":\"Sinishtaj: Kund\u00ebr standardeve t\u00eb dyfishta - Lajme nga Ulqini\",\"isPartOf\":{\"@id\":\"https:\/\/www.visit-ulcinj.com\/blog\/#website\"},\"primaryImageOfPage\":{\"@id\":\"https:\/\/www.visit-ulcinj.com\/blog\/2010\/10\/23\/sinishtaj-kunder-standardeve-te-dyfishta\/#primaryimage\"},\"datePublished\":\"2010-10-23T18:57:28+00:00\",\"dateModified\":\"2010-10-23T18:57:28+00:00\",\"author\":{\"@id\":\"https:\/\/www.visit-ulcinj.com\/blog\/#\/schema\/person\/dcab619c614d3038751c63bc2aadc06d\"},\"description\":\"Let\u00ebr e hapur zotit Leopold Maurer Zoti Maurer,\u00a0Si njeri relativisht i ri (53) vje\u00e7, p\u00ebr fat t\u00eb keq\u00a0jam d\u00ebshmitar i krijimit t\u00eb tri shteteve n\u00eb\u00a0k\u00ebto\",\"breadcrumb\":{\"@id\":\"https:\/\/www.visit-ulcinj.com\/blog\/2010\/10\/23\/sinishtaj-kunder-standardeve-te-dyfishta\/#breadcrumb\"},\"inLanguage\":\"en-US\",\"potentialAction\":[{\"@type\":\"ReadAction\",\"target\":[\"https:\/\/www.visit-ulcinj.com\/blog\/2010\/10\/23\/sinishtaj-kunder-standardeve-te-dyfishta\/\"]}]},{\"@type\":\"BreadcrumbList\",\"@id\":\"https:\/\/www.visit-ulcinj.com\/blog\/2010\/10\/23\/sinishtaj-kunder-standardeve-te-dyfishta\/#breadcrumb\",\"itemListElement\":[{\"@type\":\"ListItem\",\"position\":1,\"name\":\"Sinishtaj: Kund\u00ebr standardeve t\u00eb dyfishta\"}]},{\"@type\":\"Person\",\"@id\":\"https:\/\/www.visit-ulcinj.com\/blog\/#\/schema\/person\/dcab619c614d3038751c63bc2aadc06d\",\"name\":\"ulqini\",\"sameAs\":[\"http:\/\/www.visit-ulcinj.com\"],\"url\":\"https:\/\/www.visit-ulcinj.com\/blog\/author\/admin\/\"}]}<\/script>\n<!-- \/ Yoast SEO plugin. -->","yoast_head_json":{"title":"Sinishtaj: Kund\u00ebr standardeve t\u00eb dyfishta - Lajme nga Ulqini","description":"Let\u00ebr e hapur zotit Leopold Maurer Zoti Maurer,\u00a0Si njeri relativisht i ri (53) vje\u00e7, p\u00ebr fat t\u00eb keq\u00a0jam d\u00ebshmitar i krijimit t\u00eb tri shteteve n\u00eb\u00a0k\u00ebto","robots":{"index":"index","follow":"follow","max-snippet":"max-snippet:-1","max-image-preview":"max-image-preview:large","max-video-preview":"max-video-preview:-1"},"canonical":"https:\/\/www.visit-ulcinj.com\/blog\/2010\/10\/23\/sinishtaj-kunder-standardeve-te-dyfishta\/","og_locale":"en_US","og_type":"article","og_title":"Sinishtaj: Kund\u00ebr standardeve t\u00eb dyfishta - Lajme nga Ulqini","og_description":"Let\u00ebr e hapur zotit Leopold Maurer Zoti Maurer,\u00a0Si njeri relativisht i ri (53) vje\u00e7, p\u00ebr fat t\u00eb keq\u00a0jam d\u00ebshmitar i krijimit t\u00eb tri shteteve n\u00eb\u00a0k\u00ebto","og_url":"https:\/\/www.visit-ulcinj.com\/blog\/2010\/10\/23\/sinishtaj-kunder-standardeve-te-dyfishta\/","og_site_name":"Lajme nga Ulqini","article_published_time":"2010-10-23T18:57:28+00:00","og_image":[{"url":"http:\/\/www.visit-ulcinj.com\/blog\/wp-content\/uploads\/2010\/10\/Sinishtaj-Leter-e-hapur-zotit-Leopold-Maurer.jpg"}],"twitter_misc":{"Written by":"ulqini","Est. reading time":"10 minutes"},"schema":{"@context":"https:\/\/schema.org","@graph":[{"@type":"WebSite","@id":"https:\/\/www.visit-ulcinj.com\/blog\/#website","url":"https:\/\/www.visit-ulcinj.com\/blog\/","name":"Lajme nga Ulqini","description":"Lajme,Vijesti,Ulqini,Ulqin,Crna Gora,Mali i Zi","potentialAction":[{"@type":"SearchAction","target":{"@type":"EntryPoint","urlTemplate":"https:\/\/www.visit-ulcinj.com\/blog\/?s={search_term_string}"},"query-input":"required name=search_term_string"}],"inLanguage":"en-US"},{"@type":"ImageObject","inLanguage":"en-US","@id":"https:\/\/www.visit-ulcinj.com\/blog\/2010\/10\/23\/sinishtaj-kunder-standardeve-te-dyfishta\/#primaryimage","url":"https:\/\/www.visit-ulcinj.com\/blog\/wp-content\/uploads\/2010\/10\/Sinishtaj-Leter-e-hapur-zotit-Leopold-Maurer.jpg","contentUrl":"https:\/\/www.visit-ulcinj.com\/blog\/wp-content\/uploads\/2010\/10\/Sinishtaj-Leter-e-hapur-zotit-Leopold-Maurer.jpg","width":"610","height":"482"},{"@type":"WebPage","@id":"https:\/\/www.visit-ulcinj.com\/blog\/2010\/10\/23\/sinishtaj-kunder-standardeve-te-dyfishta\/#webpage","url":"https:\/\/www.visit-ulcinj.com\/blog\/2010\/10\/23\/sinishtaj-kunder-standardeve-te-dyfishta\/","name":"Sinishtaj: Kund\u00ebr standardeve t\u00eb dyfishta - Lajme nga Ulqini","isPartOf":{"@id":"https:\/\/www.visit-ulcinj.com\/blog\/#website"},"primaryImageOfPage":{"@id":"https:\/\/www.visit-ulcinj.com\/blog\/2010\/10\/23\/sinishtaj-kunder-standardeve-te-dyfishta\/#primaryimage"},"datePublished":"2010-10-23T18:57:28+00:00","dateModified":"2010-10-23T18:57:28+00:00","author":{"@id":"https:\/\/www.visit-ulcinj.com\/blog\/#\/schema\/person\/dcab619c614d3038751c63bc2aadc06d"},"description":"Let\u00ebr e hapur zotit Leopold Maurer Zoti Maurer,\u00a0Si njeri relativisht i ri (53) vje\u00e7, p\u00ebr fat t\u00eb keq\u00a0jam d\u00ebshmitar i krijimit t\u00eb tri shteteve n\u00eb\u00a0k\u00ebto","breadcrumb":{"@id":"https:\/\/www.visit-ulcinj.com\/blog\/2010\/10\/23\/sinishtaj-kunder-standardeve-te-dyfishta\/#breadcrumb"},"inLanguage":"en-US","potentialAction":[{"@type":"ReadAction","target":["https:\/\/www.visit-ulcinj.com\/blog\/2010\/10\/23\/sinishtaj-kunder-standardeve-te-dyfishta\/"]}]},{"@type":"BreadcrumbList","@id":"https:\/\/www.visit-ulcinj.com\/blog\/2010\/10\/23\/sinishtaj-kunder-standardeve-te-dyfishta\/#breadcrumb","itemListElement":[{"@type":"ListItem","position":1,"name":"Sinishtaj: Kund\u00ebr standardeve t\u00eb dyfishta"}]},{"@type":"Person","@id":"https:\/\/www.visit-ulcinj.com\/blog\/#\/schema\/person\/dcab619c614d3038751c63bc2aadc06d","name":"ulqini","sameAs":["http:\/\/www.visit-ulcinj.com"],"url":"https:\/\/www.visit-ulcinj.com\/blog\/author\/admin\/"}]}},"jetpack_featured_media_url":"","jetpack_sharing_enabled":true,"jetpack_shortlink":"https:\/\/wp.me\/pe6lTn-a5W","_links":{"self":[{"href":"https:\/\/www.visit-ulcinj.com\/blog\/wp-json\/wp\/v2\/posts\/38808"}],"collection":[{"href":"https:\/\/www.visit-ulcinj.com\/blog\/wp-json\/wp\/v2\/posts"}],"about":[{"href":"https:\/\/www.visit-ulcinj.com\/blog\/wp-json\/wp\/v2\/types\/post"}],"author":[{"embeddable":true,"href":"https:\/\/www.visit-ulcinj.com\/blog\/wp-json\/wp\/v2\/users\/1"}],"replies":[{"embeddable":true,"href":"https:\/\/www.visit-ulcinj.com\/blog\/wp-json\/wp\/v2\/comments?post=38808"}],"version-history":[{"count":0,"href":"https:\/\/www.visit-ulcinj.com\/blog\/wp-json\/wp\/v2\/posts\/38808\/revisions"}],"wp:attachment":[{"href":"https:\/\/www.visit-ulcinj.com\/blog\/wp-json\/wp\/v2\/media?parent=38808"}],"wp:term":[{"taxonomy":"category","embeddable":true,"href":"https:\/\/www.visit-ulcinj.com\/blog\/wp-json\/wp\/v2\/categories?post=38808"},{"taxonomy":"post_tag","embeddable":true,"href":"https:\/\/www.visit-ulcinj.com\/blog\/wp-json\/wp\/v2\/tags?post=38808"}],"curies":[{"name":"wp","href":"https:\/\/api.w.org\/{rel}","templated":true}]}}