{"id":38836,"date":"2010-10-24T22:07:11","date_gmt":"2010-10-24T20:07:11","guid":{"rendered":"http:\/\/www.visit-ulcinj.com\/blog\/?p=38836"},"modified":"2010-10-26T17:41:17","modified_gmt":"2010-10-26T15:41:17","slug":"genci-nimanbegu-mbajti-takim-me-z-clive-rumbolt","status":"publish","type":"post","link":"https:\/\/www.visit-ulcinj.com\/blog\/2010\/10\/24\/genci-nimanbegu-mbajti-takim-me-z-clive-rumbolt\/","title":{"rendered":"Genci Nimanbegu, mbajti takim me z. Clive Rumbolt"},"content":{"rendered":"<p><a href=\"http:\/\/www.visit-ulcinj.com\/blog\/wp-content\/uploads\/2010\/10\/GENCI-NIMANBEGU.jpg\"><img loading=\"lazy\" class=\"alignleft size-full wp-image-38837\" title=\"GENCI NIMANBEGU\" src=\"http:\/\/www.visit-ulcinj.com\/blog\/wp-content\/uploads\/2010\/10\/GENCI-NIMANBEGU.jpg\" alt=\"\" width=\"302\" height=\"389\" srcset=\"https:\/\/www.visit-ulcinj.com\/blog\/wp-content\/uploads\/2010\/10\/GENCI-NIMANBEGU.jpg 302w, https:\/\/www.visit-ulcinj.com\/blog\/wp-content\/uploads\/2010\/10\/GENCI-NIMANBEGU-232x300.jpg 232w\" sizes=\"(max-width: 302px) 100vw, 302px\" \/><\/a>N\u00eb Podgoric\u00eb, sot me 21 tetor 2010. N\u00ebnkrytari Forc\u00ebs dhe Deputeti n\u00eb parlamentin e Malit t\u00eb Zi, z Genci Nimanbegu, mbajti takim me z. Clive Rumbolt (Klajv Rambolt) i ngarkuari i sektorit p\u00ebr politik\u00eb, integrime europiane dhe treg\u00ebti t\u00eb Delegacionit t\u00eb Unionit Europian n\u00eb Mal t\u00eb Zi.<\/p>\n<p>z. Nimanbegu n\u00eb nj\u00eb takim pun\u00eb e njohtoi z Rumbolt p\u00ebr disa tema; si p\u00ebr problemtiken e zgjedhjeve lokale n\u00eb Komun\u00ebn e Ulqinit dhe d\u00ebshmit\u00eb q\u00eb d\u00ebshmojn\u00eb t\u00eb gjith\u00eb mjetet q\u00eb jan p\u00ebrdorur q\u00eb t\u00eb ndikohet n\u00eb rrezulltatet e saj, ku ia ka shprehur qendrimin e Forces qe me keto zgjedhje eshte b\u00ebr\u00eb hap mbrapa ne procesin zgjedhore ne MZ, dhe rezervat i ka Forca.<\/p>\n<p>E kem i njohtuar\u00a0 edhe p\u00ebr padi drejt komisionerve q\u00eb n\u00eb maj t\u00eb k\u00ebti viti kan lejuar q\u00eb edhe personat q\u00eb jan\u00eb jasht\u00eb shtetit t\u00eb votojn\u00eb. Forca ka p\u00ebrdorur instrumentat, e sistemit ne MZ, drejtuar komisionit zgjedhor, Prokjuroris\u00eb, Policis\u00eb por nuk jemi t\u00eb k\u00ebnaqur me reagimin e tyre.<br \/>\nMe k\u00ebt\u00eb tem\u00eb \u00ebsht\u00eb e lidhur edhe tema tjet\u00ebr p\u00ebr kushte per votime te lira dhe te ndershme ku Forca prej buxhetit Komunal per dy zgjedhje lokale ka mar vetem 136 euro. Kjo \u00ebsht\u00eb vazhdueshm\u00ebri e politik\u00ebs dhe presionit me q\u00ebllim q\u00eb t\u00eb dobsohet Forca duke mos i krijuar kushtet pune q\u00eb i takojn me t\u00eb gjitha vendimet shtetrore dhe komunale, por edhe parit\u00eb tjera t\u00eb opozit\u00ebs n\u00eb Komun\u00ebn e Ulqinit pasi q\u00eb p\u00ebr 4 vite egzistence, si partia me e madhe ne Ulqin me num\u00ebr te votave dhe keshilltarve kemi mar finasim pre 600 euro.<\/p>\n<p>P\u00ebrpos vijueshm\u00ebris\u00eb s\u00eb zgjedhjeve n\u00eb Komun\u00ebn e Ulqinit jan diskutuar edhe pzetje t\u00eb tjera prej interesit te dy pal\u00ebve.<br \/>\n<strong>Sh\u00ebrbimi p\u00ebr informim<\/strong><\/p>\n","protected":false},"excerpt":{"rendered":"<p>N\u00eb Podgoric\u00eb, sot me 21 tetor 2010. N\u00ebnkrytari Forc\u00ebs dhe Deputeti n\u00eb parlamentin e Malit t\u00eb Zi, z Genci Nimanbegu, mbajti takim me z. Clive Rumbolt (Klajv Rambolt) i ngarkuari i sektorit p\u00ebr politik\u00eb, integrime europiane dhe treg\u00ebti t\u00eb Delegacionit t\u00eb Unionit Europian n\u00eb Mal t\u00eb Zi. z. Nimanbegu n\u00eb nj\u00eb takim pun\u00eb e njohtoi [&hellip;]<\/p>\n","protected":false},"author":1,"featured_media":0,"comment_status":"open","ping_status":"closed","sticky":false,"template":"","format":"standard","meta":{"spay_email":"","jetpack_publicize_message":"","jetpack_is_tweetstorm":false,"jetpack_publicize_feature_enabled":true},"categories":[13],"tags":[1073,200],"jetpack_publicize_connections":[],"yoast_head":"<!-- This site is optimized with the Yoast SEO plugin v19.1 - https:\/\/yoast.com\/wordpress\/plugins\/seo\/ -->\n<title>Genci Nimanbegu, mbajti takim me z. Clive Rumbolt - Lajme nga Ulqini<\/title>\n<meta name=\"description\" content=\"N\u00eb Podgoric\u00eb, sot me 21 tetor 2010. N\u00ebnkrytari Forc\u00ebs dhe Deputeti n\u00eb parlamentin e Malit t\u00eb Zi, z Genci Nimanbegu, mbajti takim me z. Clive Rumbolt\" \/>\n<meta name=\"robots\" content=\"index, follow, max-snippet:-1, max-image-preview:large, max-video-preview:-1\" \/>\n<link rel=\"canonical\" href=\"https:\/\/www.visit-ulcinj.com\/blog\/2010\/10\/24\/genci-nimanbegu-mbajti-takim-me-z-clive-rumbolt\/\" \/>\n<meta property=\"og:locale\" content=\"en_US\" \/>\n<meta property=\"og:type\" content=\"article\" \/>\n<meta property=\"og:title\" content=\"Genci Nimanbegu, mbajti takim me z. Clive Rumbolt - Lajme nga Ulqini\" \/>\n<meta property=\"og:description\" content=\"N\u00eb Podgoric\u00eb, sot me 21 tetor 2010. N\u00ebnkrytari Forc\u00ebs dhe Deputeti n\u00eb parlamentin e Malit t\u00eb Zi, z Genci Nimanbegu, mbajti takim me z. Clive Rumbolt\" \/>\n<meta property=\"og:url\" content=\"https:\/\/www.visit-ulcinj.com\/blog\/2010\/10\/24\/genci-nimanbegu-mbajti-takim-me-z-clive-rumbolt\/\" \/>\n<meta property=\"og:site_name\" content=\"Lajme nga Ulqini\" \/>\n<meta property=\"article:published_time\" content=\"2010-10-24T20:07:11+00:00\" \/>\n<meta property=\"article:modified_time\" content=\"2010-10-26T15:41:17+00:00\" \/>\n<meta property=\"og:image\" content=\"http:\/\/www.visit-ulcinj.com\/blog\/wp-content\/uploads\/2010\/10\/GENCI-NIMANBEGU.jpg\" \/>\n<meta name=\"twitter:label1\" content=\"Written by\" \/>\n\t<meta name=\"twitter:data1\" content=\"ulqini\" \/>\n\t<meta name=\"twitter:label2\" content=\"Est. reading time\" \/>\n\t<meta name=\"twitter:data2\" content=\"2 minutes\" \/>\n<script type=\"application\/ld+json\" class=\"yoast-schema-graph\">{\"@context\":\"https:\/\/schema.org\",\"@graph\":[{\"@type\":\"WebSite\",\"@id\":\"https:\/\/www.visit-ulcinj.com\/blog\/#website\",\"url\":\"https:\/\/www.visit-ulcinj.com\/blog\/\",\"name\":\"Lajme nga Ulqini\",\"description\":\"Lajme,Vijesti,Ulqini,Ulqin,Crna Gora,Mali i Zi\",\"potentialAction\":[{\"@type\":\"SearchAction\",\"target\":{\"@type\":\"EntryPoint\",\"urlTemplate\":\"https:\/\/www.visit-ulcinj.com\/blog\/?s={search_term_string}\"},\"query-input\":\"required name=search_term_string\"}],\"inLanguage\":\"en-US\"},{\"@type\":\"ImageObject\",\"inLanguage\":\"en-US\",\"@id\":\"https:\/\/www.visit-ulcinj.com\/blog\/2010\/10\/24\/genci-nimanbegu-mbajti-takim-me-z-clive-rumbolt\/#primaryimage\",\"url\":\"https:\/\/www.visit-ulcinj.com\/blog\/wp-content\/uploads\/2010\/10\/GENCI-NIMANBEGU.jpg\",\"contentUrl\":\"https:\/\/www.visit-ulcinj.com\/blog\/wp-content\/uploads\/2010\/10\/GENCI-NIMANBEGU.jpg\",\"width\":\"302\",\"height\":\"389\"},{\"@type\":\"WebPage\",\"@id\":\"https:\/\/www.visit-ulcinj.com\/blog\/2010\/10\/24\/genci-nimanbegu-mbajti-takim-me-z-clive-rumbolt\/#webpage\",\"url\":\"https:\/\/www.visit-ulcinj.com\/blog\/2010\/10\/24\/genci-nimanbegu-mbajti-takim-me-z-clive-rumbolt\/\",\"name\":\"Genci Nimanbegu, mbajti takim me z. Clive Rumbolt - Lajme nga Ulqini\",\"isPartOf\":{\"@id\":\"https:\/\/www.visit-ulcinj.com\/blog\/#website\"},\"primaryImageOfPage\":{\"@id\":\"https:\/\/www.visit-ulcinj.com\/blog\/2010\/10\/24\/genci-nimanbegu-mbajti-takim-me-z-clive-rumbolt\/#primaryimage\"},\"datePublished\":\"2010-10-24T20:07:11+00:00\",\"dateModified\":\"2010-10-26T15:41:17+00:00\",\"author\":{\"@id\":\"https:\/\/www.visit-ulcinj.com\/blog\/#\/schema\/person\/dcab619c614d3038751c63bc2aadc06d\"},\"description\":\"N\u00eb Podgoric\u00eb, sot me 21 tetor 2010. N\u00ebnkrytari Forc\u00ebs dhe Deputeti n\u00eb parlamentin e Malit t\u00eb Zi, z Genci Nimanbegu, mbajti takim me z. Clive Rumbolt\",\"breadcrumb\":{\"@id\":\"https:\/\/www.visit-ulcinj.com\/blog\/2010\/10\/24\/genci-nimanbegu-mbajti-takim-me-z-clive-rumbolt\/#breadcrumb\"},\"inLanguage\":\"en-US\",\"potentialAction\":[{\"@type\":\"ReadAction\",\"target\":[\"https:\/\/www.visit-ulcinj.com\/blog\/2010\/10\/24\/genci-nimanbegu-mbajti-takim-me-z-clive-rumbolt\/\"]}]},{\"@type\":\"BreadcrumbList\",\"@id\":\"https:\/\/www.visit-ulcinj.com\/blog\/2010\/10\/24\/genci-nimanbegu-mbajti-takim-me-z-clive-rumbolt\/#breadcrumb\",\"itemListElement\":[{\"@type\":\"ListItem\",\"position\":1,\"name\":\"Genci Nimanbegu, mbajti takim me z. Clive Rumbolt\"}]},{\"@type\":\"Person\",\"@id\":\"https:\/\/www.visit-ulcinj.com\/blog\/#\/schema\/person\/dcab619c614d3038751c63bc2aadc06d\",\"name\":\"ulqini\",\"sameAs\":[\"http:\/\/www.visit-ulcinj.com\"],\"url\":\"https:\/\/www.visit-ulcinj.com\/blog\/author\/admin\/\"}]}<\/script>\n<!-- \/ Yoast SEO plugin. -->","yoast_head_json":{"title":"Genci Nimanbegu, mbajti takim me z. Clive Rumbolt - Lajme nga Ulqini","description":"N\u00eb Podgoric\u00eb, sot me 21 tetor 2010. N\u00ebnkrytari Forc\u00ebs dhe Deputeti n\u00eb parlamentin e Malit t\u00eb Zi, z Genci Nimanbegu, mbajti takim me z. Clive Rumbolt","robots":{"index":"index","follow":"follow","max-snippet":"max-snippet:-1","max-image-preview":"max-image-preview:large","max-video-preview":"max-video-preview:-1"},"canonical":"https:\/\/www.visit-ulcinj.com\/blog\/2010\/10\/24\/genci-nimanbegu-mbajti-takim-me-z-clive-rumbolt\/","og_locale":"en_US","og_type":"article","og_title":"Genci Nimanbegu, mbajti takim me z. Clive Rumbolt - Lajme nga Ulqini","og_description":"N\u00eb Podgoric\u00eb, sot me 21 tetor 2010. N\u00ebnkrytari Forc\u00ebs dhe Deputeti n\u00eb parlamentin e Malit t\u00eb Zi, z Genci Nimanbegu, mbajti takim me z. Clive Rumbolt","og_url":"https:\/\/www.visit-ulcinj.com\/blog\/2010\/10\/24\/genci-nimanbegu-mbajti-takim-me-z-clive-rumbolt\/","og_site_name":"Lajme nga Ulqini","article_published_time":"2010-10-24T20:07:11+00:00","article_modified_time":"2010-10-26T15:41:17+00:00","og_image":[{"url":"http:\/\/www.visit-ulcinj.com\/blog\/wp-content\/uploads\/2010\/10\/GENCI-NIMANBEGU.jpg"}],"twitter_misc":{"Written by":"ulqini","Est. reading time":"2 minutes"},"schema":{"@context":"https:\/\/schema.org","@graph":[{"@type":"WebSite","@id":"https:\/\/www.visit-ulcinj.com\/blog\/#website","url":"https:\/\/www.visit-ulcinj.com\/blog\/","name":"Lajme nga Ulqini","description":"Lajme,Vijesti,Ulqini,Ulqin,Crna Gora,Mali i Zi","potentialAction":[{"@type":"SearchAction","target":{"@type":"EntryPoint","urlTemplate":"https:\/\/www.visit-ulcinj.com\/blog\/?s={search_term_string}"},"query-input":"required name=search_term_string"}],"inLanguage":"en-US"},{"@type":"ImageObject","inLanguage":"en-US","@id":"https:\/\/www.visit-ulcinj.com\/blog\/2010\/10\/24\/genci-nimanbegu-mbajti-takim-me-z-clive-rumbolt\/#primaryimage","url":"https:\/\/www.visit-ulcinj.com\/blog\/wp-content\/uploads\/2010\/10\/GENCI-NIMANBEGU.jpg","contentUrl":"https:\/\/www.visit-ulcinj.com\/blog\/wp-content\/uploads\/2010\/10\/GENCI-NIMANBEGU.jpg","width":"302","height":"389"},{"@type":"WebPage","@id":"https:\/\/www.visit-ulcinj.com\/blog\/2010\/10\/24\/genci-nimanbegu-mbajti-takim-me-z-clive-rumbolt\/#webpage","url":"https:\/\/www.visit-ulcinj.com\/blog\/2010\/10\/24\/genci-nimanbegu-mbajti-takim-me-z-clive-rumbolt\/","name":"Genci Nimanbegu, mbajti takim me z. Clive Rumbolt - Lajme nga Ulqini","isPartOf":{"@id":"https:\/\/www.visit-ulcinj.com\/blog\/#website"},"primaryImageOfPage":{"@id":"https:\/\/www.visit-ulcinj.com\/blog\/2010\/10\/24\/genci-nimanbegu-mbajti-takim-me-z-clive-rumbolt\/#primaryimage"},"datePublished":"2010-10-24T20:07:11+00:00","dateModified":"2010-10-26T15:41:17+00:00","author":{"@id":"https:\/\/www.visit-ulcinj.com\/blog\/#\/schema\/person\/dcab619c614d3038751c63bc2aadc06d"},"description":"N\u00eb Podgoric\u00eb, sot me 21 tetor 2010. N\u00ebnkrytari Forc\u00ebs dhe Deputeti n\u00eb parlamentin e Malit t\u00eb Zi, z Genci Nimanbegu, mbajti takim me z. Clive Rumbolt","breadcrumb":{"@id":"https:\/\/www.visit-ulcinj.com\/blog\/2010\/10\/24\/genci-nimanbegu-mbajti-takim-me-z-clive-rumbolt\/#breadcrumb"},"inLanguage":"en-US","potentialAction":[{"@type":"ReadAction","target":["https:\/\/www.visit-ulcinj.com\/blog\/2010\/10\/24\/genci-nimanbegu-mbajti-takim-me-z-clive-rumbolt\/"]}]},{"@type":"BreadcrumbList","@id":"https:\/\/www.visit-ulcinj.com\/blog\/2010\/10\/24\/genci-nimanbegu-mbajti-takim-me-z-clive-rumbolt\/#breadcrumb","itemListElement":[{"@type":"ListItem","position":1,"name":"Genci Nimanbegu, mbajti takim me z. Clive Rumbolt"}]},{"@type":"Person","@id":"https:\/\/www.visit-ulcinj.com\/blog\/#\/schema\/person\/dcab619c614d3038751c63bc2aadc06d","name":"ulqini","sameAs":["http:\/\/www.visit-ulcinj.com"],"url":"https:\/\/www.visit-ulcinj.com\/blog\/author\/admin\/"}]}},"jetpack_featured_media_url":"","jetpack_sharing_enabled":true,"jetpack_shortlink":"https:\/\/wp.me\/pe6lTn-a6o","_links":{"self":[{"href":"https:\/\/www.visit-ulcinj.com\/blog\/wp-json\/wp\/v2\/posts\/38836"}],"collection":[{"href":"https:\/\/www.visit-ulcinj.com\/blog\/wp-json\/wp\/v2\/posts"}],"about":[{"href":"https:\/\/www.visit-ulcinj.com\/blog\/wp-json\/wp\/v2\/types\/post"}],"author":[{"embeddable":true,"href":"https:\/\/www.visit-ulcinj.com\/blog\/wp-json\/wp\/v2\/users\/1"}],"replies":[{"embeddable":true,"href":"https:\/\/www.visit-ulcinj.com\/blog\/wp-json\/wp\/v2\/comments?post=38836"}],"version-history":[{"count":0,"href":"https:\/\/www.visit-ulcinj.com\/blog\/wp-json\/wp\/v2\/posts\/38836\/revisions"}],"wp:attachment":[{"href":"https:\/\/www.visit-ulcinj.com\/blog\/wp-json\/wp\/v2\/media?parent=38836"}],"wp:term":[{"taxonomy":"category","embeddable":true,"href":"https:\/\/www.visit-ulcinj.com\/blog\/wp-json\/wp\/v2\/categories?post=38836"},{"taxonomy":"post_tag","embeddable":true,"href":"https:\/\/www.visit-ulcinj.com\/blog\/wp-json\/wp\/v2\/tags?post=38836"}],"curies":[{"name":"wp","href":"https:\/\/api.w.org\/{rel}","templated":true}]}}