{"id":38840,"date":"2010-10-24T22:30:01","date_gmt":"2010-10-24T20:30:01","guid":{"rendered":"http:\/\/www.visit-ulcinj.com\/blog\/?p=38840"},"modified":"2010-10-24T22:30:01","modified_gmt":"2010-10-24T20:30:01","slug":"hajncu-ulcinj-po-ukusu-i-dzepu","status":"publish","type":"post","link":"https:\/\/www.visit-ulcinj.com\/blog\/2010\/10\/24\/hajncu-ulcinj-po-ukusu-i-dzepu\/","title":{"rendered":"Hajncu Ulcinj po ukusu i d\u017eepu"},"content":{"rendered":"<p><strong><a href=\"http:\/\/www.visit-ulcinj.com\/blog\/wp-content\/uploads\/2010\/10\/Hans-George-Pache.jpg\"><img loading=\"lazy\" class=\"alignleft size-full wp-image-38841\" title=\"Hans George Pache\" src=\"http:\/\/www.visit-ulcinj.com\/blog\/wp-content\/uploads\/2010\/10\/Hans-George-Pache.jpg\" alt=\"\" width=\"290\" height=\"190\" \/><\/a>Penzionisani njema\u010dki dr\u017eavljanin \u017eivi u crnoj gori i nema namjeru da se vrati u zavi\u010daj<\/strong><br \/>\nUlcinj &#8211; Sa 900 eura penzije ovdje mogu lagodno da \u017eivim, pa \u010dak i da ne\u0161to u\u0161tedim &#8211; ka\u017ee<\/p>\n<p>Penzionisani njema\u010dki dr\u017eavljanin \u017eivi u crnoj gori i nema namjeru da se vrati u zavi\u010daj<br \/>\nUlcinj &#8211; Sa 900 eura penzije ovdje mogu lagodno da \u017eivim, pa \u010dak i da ne\u0161to u\u0161tedim &#8211; ka\u017ee Hajnc Georg Pache (67), penzioner iz Darm\u0161tadta kod Frankfurta, koji ve\u0107 18 mjeseci \u017eivi u Ulcinju i nema namjeru da se vrati u zavi\u010daj.<br \/>\n&#8211; Za\u0161to da se vratim? Tamo ne bih imao ni za pivo, a kamoli za cigarete &#8211; pri\u010da dok ispija nik\u0161i\u0107ko veliko.<br \/>\nMilioni imigranata sa svih strana svijeta, 70-ih godina pro\u0161log vijeka poplavili su Njema\u010dku tra\u017ee\u0107i bolji \u017eivot. Mo\u0107na ekonomija, uprkos nacisti\u010dkoj hipoteci, tada je bila najpopularnije evropsko ime, a velikoj zemlji nijesu odoljeli ni Crnogorci, od kojih su mnogi i danas tamo.<\/p>\n<p>\u010cetrdeset godina kasnije, jedan njema\u010dki penzioner krenuo je u suprotnom smjeru.<br \/>\n&#8211; Ovdje \u0107u \u017eivjeti do smrti- tvrdi Pache. Kao podstanar \u017eivi u ku\u0107i \u0110oka Marnikovi\u0107a na Velikoj pla\u017ei. Za skromni apartman, kiriju pla\u0107a 170 eura mjese\u010dno. Ostatak mu je dovoljan za hranu, pi\u0107e i cigarete, a ne\u0161to ostavi i sa strane. Bavi se i grafi\u010dkim dizajnom i mjese\u010dno, kako ka\u017ee, u prosjeku proda jedno djelo od 100 eura. U rodnoj Njema\u010dkoj je ostavio dva sina i k\u0107erku.<br \/>\n&#8211; Poma\u017eem im koliko mogu. Oni ne vjeruju da je ovdje tako dobro &#8211; ka\u017ee Pache i dodaje da o\u010dekuje da \u0107e ga djeca posjetiti ovog ljeta. Heinz je u Njema\u010dkoj penziju zaradio rade\u0107i na gra\u0111evinama. Na nagovor kolege sa Kosova, u Ulcinj je ljetovao prije sedam godina.<br \/>\n&#8211; Odsjeo sam u ovom istom apartmanu. Bio sam odu\u0161evljen Crnom Gorom i Ulcinjem, prirodnim ljepotama i klimom. Jo\u0161 kada sam vidio kakve su cijene, nije bilo te\u0161ko prelomiti &#8211; sje\u0107a se Hajnc vremena kada je njegov \u017eivot bio na prekretnici. Dodaje da je dok je bio u Njema\u010dkoj osje\u0107ao bolove po cijelom tijelu od posljedica napornog rada na \u201ebau\u0161telama\u201c.<\/p>\n<p>Za samo nekoliko mjeseci boravka u Ulcinju, bolovi su nestali.<br \/>\n&#8211; Nevjerovatno. Osje\u0107am se kao ponovo ro\u0111en &#8211; ka\u017ee Hajnc. Smatra da su ljudi u Ulcinju izuzetno gostoprimljivi za razliku od sunarodnika za koje ka\u017ee da su uobra\u017eeni egoisti. Na ulazu u apartman je mala kuhinja sa svim aparatima neophodnim za sama\u010dki \u017eivot.<br \/>\n&#8211; Jo\u0161 se nijesam navikao na va\u0161u hranu, ali jesam na pivo. Nik\u0161i\u0107ko je odli\u010dno &#8211; ka\u017ee smije\u0161e\u0107i se. Najbolji prijatelj mu je gazda \u0110oko, koji ispred ku\u0107e ima minimarket gdje Hajnc uglavnom kupuje potrebne namirnice. Na pivo uglavnom ide u piceriju \u201cNora\u201d u gradu i kod Veba koji ima objekat na solanskom kanalu. Da ne bi previ\u0161e pje\u0161a\u010dio, kako ka\u017ee, kupio je motor. Na\u0161 jezik jo\u0161 slabo govori.<br \/>\n&#8211; Star sam da bih intenzivno u\u010dio. Ali polako napredujem. Onako penzionerski &#8211; ka\u017ee \u0161eretski.<\/p>\n<p>S. A.<br \/>\nVijesti<\/p>\n<p>(67), penzioner iz Darm\u0161tadta kod Frankfurta, koji ve\u0107 18 mjeseci \u017eivi u Ulcinju i nema namjeru da se vrati u zavi\u010daj.<br \/>\n&#8211; Za\u0161to da se vratim? Tamo ne bih imao ni za pivo, a kamoli za cigarete &#8211; pri\u010da dok ispija nik\u0161i\u0107ko veliko.<br \/>\nMilioni imigranata sa svih strana svijeta, 70-ih godina pro\u0161log vijeka poplavili su Njema\u010dku tra\u017ee\u0107i bolji \u017eivot. Mo\u0107na ekonomija, uprkos nacisti\u010dkoj hipoteci, tada je bila najpopularnije evropsko ime, a velikoj zemlji nijesu odoljeli ni Crnogorci, od kojih su mnogi i danas tamo.<\/p>\n<p>\u010cetrdeset godina kasnije, jedan njema\u010dki penzioner krenuo je u suprotnom smjeru.<br \/>\n&#8211; Ovdje \u0107u \u017eivjeti do smrti- tvrdi Pache. Kao podstanar \u017eivi u ku\u0107i \u0110oka Marnikovi\u0107a na Velikoj pla\u017ei. Za skromni apartman, kiriju pla\u0107a 170 eura mjese\u010dno. Ostatak mu je dovoljan za hranu, pi\u0107e i cigarete, a ne\u0161to ostavi i sa strane. Bavi se i grafi\u010dkim dizajnom i mjese\u010dno, kako ka\u017ee, u prosjeku proda jedno djelo od 100 eura. U rodnoj Njema\u010dkoj je ostavio dva sina i k\u0107erku.<br \/>\n&#8211; Poma\u017eem im koliko mogu. Oni ne vjeruju da je ovdje tako dobro &#8211; ka\u017ee Pache i dodaje da o\u010dekuje da \u0107e ga djeca posjetiti ovog ljeta. Heinz je u Njema\u010dkoj penziju zaradio rade\u0107i na gra\u0111evinama. Na nagovor kolege sa Kosova, u Ulcinj je ljetovao prije sedam godina.<br \/>\n&#8211; Odsjeo sam u ovom istom apartmanu. Bio sam odu\u0161evljen Crnom Gorom i Ulcinjem, prirodnim ljepotama i klimom. Jo\u0161 kada sam vidio kakve su cijene, nije bilo te\u0161ko prelomiti &#8211; sje\u0107a se Hajnc vremena kada je njegov \u017eivot bio na prekretnici. Dodaje da je dok je bio u Njema\u010dkoj osje\u0107ao bolove po cijelom tijelu od posljedica napornog rada na \u201ebau\u0161telama\u201c.<\/p>\n<p>Za samo nekoliko mjeseci boravka u Ulcinju, bolovi su nestali.<br \/>\n&#8211; Nevjerovatno. Osje\u0107am se kao ponovo ro\u0111en &#8211; ka\u017ee Hajnc. Smatra da su ljudi u Ulcinju izuzetno gostoprimljivi za razliku od sunarodnika za koje ka\u017ee da su uobra\u017eeni egoisti. Na ulazu u apartman je mala kuhinja sa svim aparatima neophodnim za sama\u010dki \u017eivot.<br \/>\n&#8211; Jo\u0161 se nijesam navikao na va\u0161u hranu, ali jesam na pivo. Nik\u0161i\u0107ko je odli\u010dno &#8211; ka\u017ee smije\u0161e\u0107i se. Najbolji prijatelj mu je gazda \u0110oko, koji ispred ku\u0107e ima minimarket gdje Hajnc uglavnom kupuje potrebne namirnice. Na pivo uglavnom ide u piceriju \u201cNora\u201d u gradu i kod Veba koji ima objekat na solanskom kanalu. Da ne bi previ\u0161e pje\u0161a\u010dio, kako ka\u017ee, kupio je motor. Na\u0161 jezik jo\u0161 slabo govori.<br \/>\n&#8211; Star sam da bih intenzivno u\u010dio. Ali polako napredujem. Onako penzionerski &#8211; ka\u017ee \u0161eretski.<\/p>\n<p><strong>S. A.<br \/>\n<a href=\"http:\/\/www.vijesti.me\/\" target=\"_blank\">Vijesti<\/a><\/strong><\/p>\n","protected":false},"excerpt":{"rendered":"<p>Penzionisani njema\u010dki dr\u017eavljanin \u017eivi u crnoj gori i nema namjeru da se vrati u zavi\u010daj Ulcinj &#8211; Sa 900 eura penzije ovdje mogu lagodno da \u017eivim, pa \u010dak i da ne\u0161to u\u0161tedim &#8211; ka\u017ee Penzionisani njema\u010dki dr\u017eavljanin \u017eivi u crnoj gori i nema namjeru da se vrati u zavi\u010daj Ulcinj &#8211; Sa 900 eura penzije [&hellip;]<\/p>\n","protected":false},"author":1,"featured_media":0,"comment_status":"open","ping_status":"closed","sticky":false,"template":"","format":"standard","meta":{"spay_email":"","jetpack_publicize_message":"","jetpack_is_tweetstorm":false,"jetpack_publicize_feature_enabled":true},"categories":[8337],"tags":[16103,19],"jetpack_publicize_connections":[],"yoast_head":"<!-- This site is optimized with the Yoast SEO plugin v19.1 - https:\/\/yoast.com\/wordpress\/plugins\/seo\/ -->\n<title>Hajncu Ulcinj po ukusu i d\u017eepu - Lajme nga Ulqini<\/title>\n<meta name=\"description\" content=\"Penzionisani njema\u010dki dr\u017eavljanin \u017eivi u crnoj gori i nema namjeru da se vrati u zavi\u010daj Ulcinj - Sa 900 eura penzije ovdje mogu lagodno da \u017eivim, pa \u010dak\" \/>\n<meta name=\"robots\" content=\"index, follow, max-snippet:-1, max-image-preview:large, max-video-preview:-1\" \/>\n<link rel=\"canonical\" href=\"https:\/\/www.visit-ulcinj.com\/blog\/2010\/10\/24\/hajncu-ulcinj-po-ukusu-i-dzepu\/\" \/>\n<meta property=\"og:locale\" content=\"en_US\" \/>\n<meta property=\"og:type\" content=\"article\" \/>\n<meta property=\"og:title\" content=\"Hajncu Ulcinj po ukusu i d\u017eepu - Lajme nga Ulqini\" \/>\n<meta property=\"og:description\" content=\"Penzionisani njema\u010dki dr\u017eavljanin \u017eivi u crnoj gori i nema namjeru da se vrati u zavi\u010daj Ulcinj - Sa 900 eura penzije ovdje mogu lagodno da \u017eivim, pa \u010dak\" \/>\n<meta property=\"og:url\" content=\"https:\/\/www.visit-ulcinj.com\/blog\/2010\/10\/24\/hajncu-ulcinj-po-ukusu-i-dzepu\/\" \/>\n<meta property=\"og:site_name\" content=\"Lajme nga Ulqini\" \/>\n<meta property=\"article:published_time\" content=\"2010-10-24T20:30:01+00:00\" \/>\n<meta property=\"og:image\" content=\"http:\/\/www.visit-ulcinj.com\/blog\/wp-content\/uploads\/2010\/10\/Hans-George-Pache.jpg\" \/>\n<meta name=\"twitter:label1\" content=\"Written by\" \/>\n\t<meta name=\"twitter:data1\" content=\"ulqini\" \/>\n\t<meta name=\"twitter:label2\" content=\"Est. reading time\" \/>\n\t<meta name=\"twitter:data2\" content=\"5 minutes\" \/>\n<script type=\"application\/ld+json\" class=\"yoast-schema-graph\">{\"@context\":\"https:\/\/schema.org\",\"@graph\":[{\"@type\":\"WebSite\",\"@id\":\"https:\/\/www.visit-ulcinj.com\/blog\/#website\",\"url\":\"https:\/\/www.visit-ulcinj.com\/blog\/\",\"name\":\"Lajme nga Ulqini\",\"description\":\"Lajme,Vijesti,Ulqini,Ulqin,Crna Gora,Mali i Zi\",\"potentialAction\":[{\"@type\":\"SearchAction\",\"target\":{\"@type\":\"EntryPoint\",\"urlTemplate\":\"https:\/\/www.visit-ulcinj.com\/blog\/?s={search_term_string}\"},\"query-input\":\"required name=search_term_string\"}],\"inLanguage\":\"en-US\"},{\"@type\":\"ImageObject\",\"inLanguage\":\"en-US\",\"@id\":\"https:\/\/www.visit-ulcinj.com\/blog\/2010\/10\/24\/hajncu-ulcinj-po-ukusu-i-dzepu\/#primaryimage\",\"url\":\"https:\/\/www.visit-ulcinj.com\/blog\/wp-content\/uploads\/2010\/10\/Hans-George-Pache.jpg\",\"contentUrl\":\"https:\/\/www.visit-ulcinj.com\/blog\/wp-content\/uploads\/2010\/10\/Hans-George-Pache.jpg\",\"width\":\"290\",\"height\":\"190\"},{\"@type\":\"WebPage\",\"@id\":\"https:\/\/www.visit-ulcinj.com\/blog\/2010\/10\/24\/hajncu-ulcinj-po-ukusu-i-dzepu\/#webpage\",\"url\":\"https:\/\/www.visit-ulcinj.com\/blog\/2010\/10\/24\/hajncu-ulcinj-po-ukusu-i-dzepu\/\",\"name\":\"Hajncu Ulcinj po ukusu i d\u017eepu - Lajme nga Ulqini\",\"isPartOf\":{\"@id\":\"https:\/\/www.visit-ulcinj.com\/blog\/#website\"},\"primaryImageOfPage\":{\"@id\":\"https:\/\/www.visit-ulcinj.com\/blog\/2010\/10\/24\/hajncu-ulcinj-po-ukusu-i-dzepu\/#primaryimage\"},\"datePublished\":\"2010-10-24T20:30:01+00:00\",\"dateModified\":\"2010-10-24T20:30:01+00:00\",\"author\":{\"@id\":\"https:\/\/www.visit-ulcinj.com\/blog\/#\/schema\/person\/dcab619c614d3038751c63bc2aadc06d\"},\"description\":\"Penzionisani njema\u010dki dr\u017eavljanin \u017eivi u crnoj gori i nema namjeru da se vrati u zavi\u010daj Ulcinj - Sa 900 eura penzije ovdje mogu lagodno da \u017eivim, pa \u010dak\",\"breadcrumb\":{\"@id\":\"https:\/\/www.visit-ulcinj.com\/blog\/2010\/10\/24\/hajncu-ulcinj-po-ukusu-i-dzepu\/#breadcrumb\"},\"inLanguage\":\"en-US\",\"potentialAction\":[{\"@type\":\"ReadAction\",\"target\":[\"https:\/\/www.visit-ulcinj.com\/blog\/2010\/10\/24\/hajncu-ulcinj-po-ukusu-i-dzepu\/\"]}]},{\"@type\":\"BreadcrumbList\",\"@id\":\"https:\/\/www.visit-ulcinj.com\/blog\/2010\/10\/24\/hajncu-ulcinj-po-ukusu-i-dzepu\/#breadcrumb\",\"itemListElement\":[{\"@type\":\"ListItem\",\"position\":1,\"name\":\"Hajncu Ulcinj po ukusu i d\u017eepu\"}]},{\"@type\":\"Person\",\"@id\":\"https:\/\/www.visit-ulcinj.com\/blog\/#\/schema\/person\/dcab619c614d3038751c63bc2aadc06d\",\"name\":\"ulqini\",\"sameAs\":[\"http:\/\/www.visit-ulcinj.com\"],\"url\":\"https:\/\/www.visit-ulcinj.com\/blog\/author\/admin\/\"}]}<\/script>\n<!-- \/ Yoast SEO plugin. -->","yoast_head_json":{"title":"Hajncu Ulcinj po ukusu i d\u017eepu - Lajme nga Ulqini","description":"Penzionisani njema\u010dki dr\u017eavljanin \u017eivi u crnoj gori i nema namjeru da se vrati u zavi\u010daj Ulcinj - Sa 900 eura penzije ovdje mogu lagodno da \u017eivim, pa \u010dak","robots":{"index":"index","follow":"follow","max-snippet":"max-snippet:-1","max-image-preview":"max-image-preview:large","max-video-preview":"max-video-preview:-1"},"canonical":"https:\/\/www.visit-ulcinj.com\/blog\/2010\/10\/24\/hajncu-ulcinj-po-ukusu-i-dzepu\/","og_locale":"en_US","og_type":"article","og_title":"Hajncu Ulcinj po ukusu i d\u017eepu - Lajme nga Ulqini","og_description":"Penzionisani njema\u010dki dr\u017eavljanin \u017eivi u crnoj gori i nema namjeru da se vrati u zavi\u010daj Ulcinj - Sa 900 eura penzije ovdje mogu lagodno da \u017eivim, pa \u010dak","og_url":"https:\/\/www.visit-ulcinj.com\/blog\/2010\/10\/24\/hajncu-ulcinj-po-ukusu-i-dzepu\/","og_site_name":"Lajme nga Ulqini","article_published_time":"2010-10-24T20:30:01+00:00","og_image":[{"url":"http:\/\/www.visit-ulcinj.com\/blog\/wp-content\/uploads\/2010\/10\/Hans-George-Pache.jpg"}],"twitter_misc":{"Written by":"ulqini","Est. reading time":"5 minutes"},"schema":{"@context":"https:\/\/schema.org","@graph":[{"@type":"WebSite","@id":"https:\/\/www.visit-ulcinj.com\/blog\/#website","url":"https:\/\/www.visit-ulcinj.com\/blog\/","name":"Lajme nga Ulqini","description":"Lajme,Vijesti,Ulqini,Ulqin,Crna Gora,Mali i Zi","potentialAction":[{"@type":"SearchAction","target":{"@type":"EntryPoint","urlTemplate":"https:\/\/www.visit-ulcinj.com\/blog\/?s={search_term_string}"},"query-input":"required name=search_term_string"}],"inLanguage":"en-US"},{"@type":"ImageObject","inLanguage":"en-US","@id":"https:\/\/www.visit-ulcinj.com\/blog\/2010\/10\/24\/hajncu-ulcinj-po-ukusu-i-dzepu\/#primaryimage","url":"https:\/\/www.visit-ulcinj.com\/blog\/wp-content\/uploads\/2010\/10\/Hans-George-Pache.jpg","contentUrl":"https:\/\/www.visit-ulcinj.com\/blog\/wp-content\/uploads\/2010\/10\/Hans-George-Pache.jpg","width":"290","height":"190"},{"@type":"WebPage","@id":"https:\/\/www.visit-ulcinj.com\/blog\/2010\/10\/24\/hajncu-ulcinj-po-ukusu-i-dzepu\/#webpage","url":"https:\/\/www.visit-ulcinj.com\/blog\/2010\/10\/24\/hajncu-ulcinj-po-ukusu-i-dzepu\/","name":"Hajncu Ulcinj po ukusu i d\u017eepu - Lajme nga Ulqini","isPartOf":{"@id":"https:\/\/www.visit-ulcinj.com\/blog\/#website"},"primaryImageOfPage":{"@id":"https:\/\/www.visit-ulcinj.com\/blog\/2010\/10\/24\/hajncu-ulcinj-po-ukusu-i-dzepu\/#primaryimage"},"datePublished":"2010-10-24T20:30:01+00:00","dateModified":"2010-10-24T20:30:01+00:00","author":{"@id":"https:\/\/www.visit-ulcinj.com\/blog\/#\/schema\/person\/dcab619c614d3038751c63bc2aadc06d"},"description":"Penzionisani njema\u010dki dr\u017eavljanin \u017eivi u crnoj gori i nema namjeru da se vrati u zavi\u010daj Ulcinj - Sa 900 eura penzije ovdje mogu lagodno da \u017eivim, pa \u010dak","breadcrumb":{"@id":"https:\/\/www.visit-ulcinj.com\/blog\/2010\/10\/24\/hajncu-ulcinj-po-ukusu-i-dzepu\/#breadcrumb"},"inLanguage":"en-US","potentialAction":[{"@type":"ReadAction","target":["https:\/\/www.visit-ulcinj.com\/blog\/2010\/10\/24\/hajncu-ulcinj-po-ukusu-i-dzepu\/"]}]},{"@type":"BreadcrumbList","@id":"https:\/\/www.visit-ulcinj.com\/blog\/2010\/10\/24\/hajncu-ulcinj-po-ukusu-i-dzepu\/#breadcrumb","itemListElement":[{"@type":"ListItem","position":1,"name":"Hajncu Ulcinj po ukusu i d\u017eepu"}]},{"@type":"Person","@id":"https:\/\/www.visit-ulcinj.com\/blog\/#\/schema\/person\/dcab619c614d3038751c63bc2aadc06d","name":"ulqini","sameAs":["http:\/\/www.visit-ulcinj.com"],"url":"https:\/\/www.visit-ulcinj.com\/blog\/author\/admin\/"}]}},"jetpack_featured_media_url":"","jetpack_sharing_enabled":true,"jetpack_shortlink":"https:\/\/wp.me\/pe6lTn-a6s","_links":{"self":[{"href":"https:\/\/www.visit-ulcinj.com\/blog\/wp-json\/wp\/v2\/posts\/38840"}],"collection":[{"href":"https:\/\/www.visit-ulcinj.com\/blog\/wp-json\/wp\/v2\/posts"}],"about":[{"href":"https:\/\/www.visit-ulcinj.com\/blog\/wp-json\/wp\/v2\/types\/post"}],"author":[{"embeddable":true,"href":"https:\/\/www.visit-ulcinj.com\/blog\/wp-json\/wp\/v2\/users\/1"}],"replies":[{"embeddable":true,"href":"https:\/\/www.visit-ulcinj.com\/blog\/wp-json\/wp\/v2\/comments?post=38840"}],"version-history":[{"count":0,"href":"https:\/\/www.visit-ulcinj.com\/blog\/wp-json\/wp\/v2\/posts\/38840\/revisions"}],"wp:attachment":[{"href":"https:\/\/www.visit-ulcinj.com\/blog\/wp-json\/wp\/v2\/media?parent=38840"}],"wp:term":[{"taxonomy":"category","embeddable":true,"href":"https:\/\/www.visit-ulcinj.com\/blog\/wp-json\/wp\/v2\/categories?post=38840"},{"taxonomy":"post_tag","embeddable":true,"href":"https:\/\/www.visit-ulcinj.com\/blog\/wp-json\/wp\/v2\/tags?post=38840"}],"curies":[{"name":"wp","href":"https:\/\/api.w.org\/{rel}","templated":true}]}}