{"id":38864,"date":"2010-10-26T16:37:29","date_gmt":"2010-10-26T14:37:29","guid":{"rendered":"http:\/\/www.visit-ulcinj.com\/blog\/?p=38864"},"modified":"2010-10-26T17:39:46","modified_gmt":"2010-10-26T15:39:46","slug":"qartesohet-skena-politike","status":"publish","type":"post","link":"https:\/\/www.visit-ulcinj.com\/blog\/2010\/10\/26\/qartesohet-skena-politike\/","title":{"rendered":"Qart\u00ebsohet skena politike"},"content":{"rendered":"<p><a href=\"http:\/\/www.visit-ulcinj.com\/blog\/wp-content\/uploads\/2010\/10\/shqiptaret-ne-Ulqin.jpg\"><img loading=\"lazy\" class=\"alignleft size-full wp-image-38865\" title=\"shqiptaret-ne-Ulqin\" src=\"http:\/\/www.visit-ulcinj.com\/blog\/wp-content\/uploads\/2010\/10\/shqiptaret-ne-Ulqin.jpg\" alt=\"\" width=\"490\" height=\"360\" \/><\/a>Zgjedhjet e perseritura lokale ne komunen e\u00a0Ulqinit nuk kane sjelle ndonje ndryshim te\u00a0madh sa i perket rezultateve, por megjithate e\u00a0kane bere me te qarte skenen politike dhe me te\u00a0lehte formimin e shumices ne\u00a0Kuvendin e Komunes se\u00a0Ulqinit.\u00a0Humbesi me i madh ne keto\u00a0zgjedhje, ne baze te rezultateve,\u00a0eshte Lidhja\u00a0Demokratike ne Mal te Zi.\u00a0Dikur partia me e madhe\u00a0shqiptare ne Mal te Zi, e cila\u00a0ne zgjedhjet e para pluraliste\u00a0lokale arriti te fitoje 22\u00a0keshilltare ne Kuvendin e\u00a0Komunes se Ulqinit, per here\u00a0te pare ne pluralizem nuk do\u00a0te kete perfaqesuesin e vet ne\u00a0kete kuvend.\u00a0Po ashtu humbes mund te konsiderohet\u00a0edhe Partia\u00a0Socialdemokrate e Malit te Zi\u00a0e cila, edhe pse pati rritje te\u00a0numrit te votuesve ne krahasim\u00a0me zgjedhjet lokale te 23 majit dhe fitoi\u00a0po te njejtin numer keshilltaresh, nuk do te jete\u00a0me percaktuese apo sic eshte cilesuar shpesh,\u00a0\u201cceles\u201d per formimin e shumices ne Kuvend e\u00a0me kete edhe formimin e pushtetit lokal.\u00a0Rezultatet\u00a0Sipas rezultateve paraprake, numrin me te\u00a0madh te votave dhe te keshilltareve ne keto\u00a0zgjedhje e ka fituar Forca e Re Demokratike.\u00a0Kjo parti ka fituar 3831 vota apo 189 vota me\u00a0teper se ne zgjedhjet e kaluara.\u00a0Koalicioni UDSH \u2013 PPD \u201cBashke per te\u00a0ardhmen\u201d ka fituar gjithsej 3406 vota, kurse\u00a0Partia Demokratike Socialiste e Malit te Zi \u201cPer\u00a0Ulqinin Evropian\u201d 2439 vota. Ne vendin e\u00a0katert sipas numrit te votave renditet Partia\u00a0Socialdemokrate e cila ka fituar 859 vota apo\u00a0132 vota me shume se ne zgjedhjet e mbajtura\u00a0me 23 maj. Koalicioni \u201cUlqini me i mire, Mali\u00a0i Zi me i mire\u201d ka fituar 707 vota, 200 me pak\u00a0se ne zgjedhjet e kaluara. Edhe Levizja\u00a0Qytetare \u201cPerspektiva\u201d ka pesuar renie te\u00a0votave ne krahasim me zgjedhjet e kaluara. Kjo\u00a0levizje ka fituar 477 vota, 183 me pak se ne\u00a0zgjedhjet e kaluara.\u00a0Renie te numrit te votave ne krahasim me\u00a0zgjedhjet e kaluara ka pesuar edhe Lidhja\u00a0Demokratike ne Mal te Zi e cila ka fituar vetem\u00a0318 vota apo 167 me pak se ne zgjedhjet e kaluara\u00a0kur ishte ne koalicion me Bashkimin\u00a0Demokratik te Shqiptareve ne Mal te Zi, duke\u00a0mos arritur te kaloje censusin per t\u2019u perfaqesuar\u00a0ne Kuvend.\u00a0As Partia Boshnjake, perkunder faktit qe ka\u00a0pasur rritje prej 56 votave ne krahasim me\u00a0zgjedhjet e kaluara (186 gjithsej) nuk ka arritur\u00a0te kaloje censusin ashtu si dhe Grupi i\u00a0Qytetareve \u201cIntegrimi\u201d i cili ka fituar vetem 94\u00a0vota.\u00a0Keshtu ne perberjen e ardhshme te Kuvendit te\u00a0Komunes se Ulqinit, Forca e Re Demokratike\u00a0do te kete 11 keshilltare, Koalicioni UDSH \u2013\u00a0PPD \u201cBashke per te ardhmen\u201d 10 keshilltare,\u00a0Partia Demokratike e Socialisteve 7 keshilltare,\u00a0Partia Socialdemokrate e Malit te Zi dhe\u00a0Koalicioni \u201cUlqini me i mire, Mali i Zi me i\u00a0mire\u201d nga dy keshilltare, kurse Levizja Qytetare\u00a0\u201cPerspektiva\u201d nje keshilltar.\u00a0Ashtu si dhe ne zgjedhjet e kaluara, edhe ne\u00a0keto zgjedhje ne gare kane qene nente lista\u00a0zgjedhore, prej te cilave pese parti, dy koalicione\u00a0dhe dy grupime qytetaresh.\u00a0Kush do ta formoj\u00eb shumic\u00ebn?\u00a0Edhe pse akoma nuk kane filluar zyrtarisht\u00a0bisedimet per formimin e koalicionit paszgjedhor,\u00a0rezultatet e arritura ne keto zgjedhje\u00a0mundesojne qe Koalicioni UDSH \u2013 PPD\u00a0\u201cBashke per te ardhmen\u201d se bashku me Partine\u00a0Demokratike te Socialisteve, te cilet se bashku\u00a0kane 17 keshilltare nga 33 sa ka gjithsej\u00a0Kuvendi i Komunes se Ulqinit, te formojne\u00a0koalicion paszgjedhor. Keto tri parti se bashku\u00a0me Partine Socialdemokrate edhe ne kater vitet\u00a0e kaluara kane qeverisur komunen e Ulqinit. Ky\u00a0duket varianti me i mundur. Kete e kane paralajmeruar\u00a0edhe kreret e UDSH-se, kryetari Ferhat\u00a0Dinosha dhe bartesi i listes se koalicionit\u00a0UDSH \u2013 PPD, kryetari i Komunes se Ulqinit,\u00a0Gzim Hajdinaga, menjehere pas shpalljes se\u00a0rezultateve te zgjedhjeve.\u00a0Edhe pse ka thene se per PDS-ne do te kene prioritet\u00a0bisedimet me UDSH-ne, kryetari i\u00a0Keshillit Komunal te PDS-se ne Ulqin, Luigj\u00a0Partia Socialdemokrate e Malit te Zi dhe\u00a0Koalicioni \u201cUlqini me i mire, Mali i Zi me i\u00a0mire\u201d nga dy keshilltare, kurse Levizja Qytetare\u00a0\u201cPerspektiva\u201d nje keshilltar.\u00a0Ashtu si dhe ne zgjedhjet e kaluara, edhe ne\u00a0keto zgjedhje ne gare kane qene nente lista\u00a0zgjedhore, prej te cilave pese parti, dy koalicione\u00a0dhe dy grupime qytetaresh.\u00a0Kush do ta formoj\u00eb shumic\u00ebn?\u00a0Edhe pse akoma nuk kane filluar zyrtarisht\u00a0bisedimet per formimin e koalicionit paszgjedhor,\u00a0rezultatet e arritura ne keto zgjedhje\u00a0mundesojne qe Koalicioni UDSH \u2013 PPD\u00a0\u201cBashke per te ardhmen\u201d se bashku me Partine\u00a0Demokratike te Socialisteve, te cilet se bashku\u00a0kane 17 keshilltare nga 33 sa ka gjithsej\u00a0Kuvendi i Komunes se Ulqinit, te formojne\u00a0koalicion paszgjedhor. Keto tri parti se bashku\u00a0me Partine Socialdemokrate edhe ne kater vitet\u00a0e kaluara kane qeverisur komunen e Ulqinit. Ky\u00a0duket varianti me i mundur. Kete e kane paralajmeruar\u00a0edhe kreret e UDSH-se, kryetari Ferhat\u00a0Dinosha dhe bartesi i listes se koalicionit\u00a0UDSH \u2013 PPD, kryetari i Komunes se Ulqinit,\u00a0Gzim Hajdinaga, menjehere pas shpalljes se\u00a0rezultateve te zgjedhjeve.\u00a0Edhe pse ka thene se per PDS-ne do te kene prioritet\u00a0bisedimet me UDSH-ne, kryetari i\u00a0Keshillit Komunal te PDS-se ne Ulqin, Luigj\u00a0Shkrela, eshte shprehur i rezervuar ne\u00a0deklaratat e tij duke lene te hapur edhe opcionet\u00a0e tjera.\u00a0\u201cPartia Demokratike e Socialisteve do te bisedoje\u00a0per formimin e pushtetit lokal ne Ulqin me\u00a0qendrimin dhe kerkesat e veta, ndersa prioritet\u00a0do te kete partneri i deritashem i koalicionit\u00a0UDSH\u201d, ka thene ai.\u00a0Megjithese PDS shikohet si celes i formimit te\u00a0cdo koalicioni paszgjedhor per formimin e shumices,\u00a0shumicen teorikisht mund ta formoje\u00a0edhe Forca e Re Demokratike se bashku me\u00a0koalicionin \u201cBashke per te ardhmen\u201d, por duke\u00a0njohur raportet qe ekzistojne ndermjet Forces\u00a0se Re Demokratike dhe UDSH-se, ky koalicion\u00a0duket si me pak i mundshmi.\u00a0Forca e Re Demokratike ka shprehur po ashtu\u00a0gatishmeri per te marre pjese ne qeverisjen e\u00a0ardhshme. Kryetari i Forces, Nazif Cungu, ka\u00a0thene se jane te hapur per bashkepunim me partite\u00a0qe pranojne programin e Forces se Re\u00a0Demokratike.\u00a0Ditet e ardhshme pritet te dihet se kush do ta\u00a0formoje shumicen ne Kuvendin e Komunes se\u00a0Ulqinit dhe kush do ta qeverise Ulqinin ne kater\u00a0vitet e ardhshme.<\/p>\n<p><strong>I.Kallaba<br \/>\nKoha Javore<\/strong><\/p>\n<p><strong>Statistika<\/strong><\/p>\n<ul>\n<li><strong>Numri i p\u00ebrgjithsh\u00ebm i votuesve: 18 483<\/strong><\/li>\n<li><strong>Kan\u00eb votuar gjithsej: 12 430 apo 67 %<\/strong><\/li>\n<li><strong>Numri i listave pjes\u00ebmarr\u00ebse n\u00eb zgjedhje: 9<\/strong><\/li>\n<\/ul>\n<p><strong>K\u00ebshilltar\u00ebt<\/strong><\/p>\n<ol>\n<li><strong>Forca e Re Demokratike \u2013 Forca 11<\/strong><\/li>\n<li><strong>Koalicioni UDSH \u2013 PPD \u201cBashk\u00eb p\u00ebr t\u00eb ardhmen\u201d: 10<\/strong><\/li>\n<li><strong>Partia Demokratike Socialiste e Malit t\u00eb Zi \u201cP\u00ebr Ulqinin Evropian\u201d: 7<\/strong><\/li>\n<li><strong>Partia Socialdemokrate e Malit t\u00eb Zi: 2<\/strong><\/li>\n<li><strong>Koalicioni \u201cUlqini m\u00eb i mir\u00eb, Mali i Zi m\u00eb i mir\u00eb\u201d (Partia Popullore Socialiste,NOVA, L\u00ebvizja p\u00ebr Ndryshime, Qendra Demokratike, SPISP, BIMZJ): 2<\/strong><\/li>\n<li><strong>L\u00ebvizja Qytetare \u201cPerspektiva\u201d: 1<\/strong><\/li>\n<li><strong>Lidhja Demokratike n\u00eb Mal t\u00eb Zi \u2013 Mehmet Bardhi: 0<\/strong><\/li>\n<li><strong>Partia Boshnjake: 0<\/strong><\/li>\n<li><strong>Grupi i Qytetar\u00ebve \u201cIntegrimi\u201d: 0<\/strong><\/li>\n<\/ol>\n","protected":false},"excerpt":{"rendered":"<p>Zgjedhjet e perseritura lokale ne komunen e\u00a0Ulqinit nuk kane sjelle ndonje ndryshim te\u00a0madh sa i perket rezultateve, por megjithate e\u00a0kane bere me te qarte skenen politike dhe me te\u00a0lehte formimin e shumices ne\u00a0Kuvendin e Komunes se\u00a0Ulqinit.\u00a0Humbesi me i madh ne keto\u00a0zgjedhje, ne baze te rezultateve,\u00a0eshte Lidhja\u00a0Demokratike ne Mal te Zi.\u00a0Dikur partia me e madhe\u00a0shqiptare ne [&hellip;]<\/p>\n","protected":false},"author":1,"featured_media":0,"comment_status":"open","ping_status":"closed","sticky":false,"template":"","format":"standard","meta":{"spay_email":"","jetpack_publicize_message":"","jetpack_is_tweetstorm":false,"jetpack_publicize_feature_enabled":true},"categories":[6],"tags":[18,15023],"jetpack_publicize_connections":[],"yoast_head":"<!-- This site is optimized with the Yoast SEO plugin v19.1 - https:\/\/yoast.com\/wordpress\/plugins\/seo\/ -->\n<title>Qart\u00ebsohet skena politike - Lajme nga Ulqini<\/title>\n<meta name=\"description\" content=\"Zgjedhjet e perseritura lokale ne komunen e\u00a0Ulqinit nuk kane sjelle ndonje ndryshim te\u00a0madh sa i perket rezultateve, por megjithate e\u00a0kane bere me te\" \/>\n<meta name=\"robots\" content=\"index, follow, max-snippet:-1, max-image-preview:large, max-video-preview:-1\" \/>\n<link rel=\"canonical\" href=\"https:\/\/www.visit-ulcinj.com\/blog\/2010\/10\/26\/qartesohet-skena-politike\/\" \/>\n<meta property=\"og:locale\" content=\"en_US\" \/>\n<meta property=\"og:type\" content=\"article\" \/>\n<meta property=\"og:title\" content=\"Qart\u00ebsohet skena politike - Lajme nga Ulqini\" \/>\n<meta property=\"og:description\" content=\"Zgjedhjet e perseritura lokale ne komunen e\u00a0Ulqinit nuk kane sjelle ndonje ndryshim te\u00a0madh sa i perket rezultateve, por megjithate e\u00a0kane bere me te\" \/>\n<meta property=\"og:url\" content=\"https:\/\/www.visit-ulcinj.com\/blog\/2010\/10\/26\/qartesohet-skena-politike\/\" \/>\n<meta property=\"og:site_name\" content=\"Lajme nga Ulqini\" \/>\n<meta property=\"article:published_time\" content=\"2010-10-26T14:37:29+00:00\" \/>\n<meta property=\"article:modified_time\" content=\"2010-10-26T15:39:46+00:00\" \/>\n<meta property=\"og:image\" content=\"http:\/\/www.visit-ulcinj.com\/blog\/wp-content\/uploads\/2010\/10\/shqiptaret-ne-Ulqin.jpg\" \/>\n<meta name=\"twitter:label1\" content=\"Written by\" \/>\n\t<meta name=\"twitter:data1\" content=\"ulqini\" \/>\n\t<meta name=\"twitter:label2\" content=\"Est. reading time\" \/>\n\t<meta name=\"twitter:data2\" content=\"5 minutes\" \/>\n<script type=\"application\/ld+json\" class=\"yoast-schema-graph\">{\"@context\":\"https:\/\/schema.org\",\"@graph\":[{\"@type\":\"WebSite\",\"@id\":\"https:\/\/www.visit-ulcinj.com\/blog\/#website\",\"url\":\"https:\/\/www.visit-ulcinj.com\/blog\/\",\"name\":\"Lajme nga Ulqini\",\"description\":\"Lajme,Vijesti,Ulqini,Ulqin,Crna Gora,Mali i Zi\",\"potentialAction\":[{\"@type\":\"SearchAction\",\"target\":{\"@type\":\"EntryPoint\",\"urlTemplate\":\"https:\/\/www.visit-ulcinj.com\/blog\/?s={search_term_string}\"},\"query-input\":\"required name=search_term_string\"}],\"inLanguage\":\"en-US\"},{\"@type\":\"ImageObject\",\"inLanguage\":\"en-US\",\"@id\":\"https:\/\/www.visit-ulcinj.com\/blog\/2010\/10\/26\/qartesohet-skena-politike\/#primaryimage\",\"url\":\"https:\/\/www.visit-ulcinj.com\/blog\/wp-content\/uploads\/2010\/10\/shqiptaret-ne-Ulqin.jpg\",\"contentUrl\":\"https:\/\/www.visit-ulcinj.com\/blog\/wp-content\/uploads\/2010\/10\/shqiptaret-ne-Ulqin.jpg\",\"width\":\"500\",\"height\":\"336\"},{\"@type\":\"WebPage\",\"@id\":\"https:\/\/www.visit-ulcinj.com\/blog\/2010\/10\/26\/qartesohet-skena-politike\/#webpage\",\"url\":\"https:\/\/www.visit-ulcinj.com\/blog\/2010\/10\/26\/qartesohet-skena-politike\/\",\"name\":\"Qart\u00ebsohet skena politike - Lajme nga Ulqini\",\"isPartOf\":{\"@id\":\"https:\/\/www.visit-ulcinj.com\/blog\/#website\"},\"primaryImageOfPage\":{\"@id\":\"https:\/\/www.visit-ulcinj.com\/blog\/2010\/10\/26\/qartesohet-skena-politike\/#primaryimage\"},\"datePublished\":\"2010-10-26T14:37:29+00:00\",\"dateModified\":\"2010-10-26T15:39:46+00:00\",\"author\":{\"@id\":\"https:\/\/www.visit-ulcinj.com\/blog\/#\/schema\/person\/dcab619c614d3038751c63bc2aadc06d\"},\"description\":\"Zgjedhjet e perseritura lokale ne komunen e\u00a0Ulqinit nuk kane sjelle ndonje ndryshim te\u00a0madh sa i perket rezultateve, por megjithate e\u00a0kane bere me te\",\"breadcrumb\":{\"@id\":\"https:\/\/www.visit-ulcinj.com\/blog\/2010\/10\/26\/qartesohet-skena-politike\/#breadcrumb\"},\"inLanguage\":\"en-US\",\"potentialAction\":[{\"@type\":\"ReadAction\",\"target\":[\"https:\/\/www.visit-ulcinj.com\/blog\/2010\/10\/26\/qartesohet-skena-politike\/\"]}]},{\"@type\":\"BreadcrumbList\",\"@id\":\"https:\/\/www.visit-ulcinj.com\/blog\/2010\/10\/26\/qartesohet-skena-politike\/#breadcrumb\",\"itemListElement\":[{\"@type\":\"ListItem\",\"position\":1,\"name\":\"Qart\u00ebsohet skena politike\"}]},{\"@type\":\"Person\",\"@id\":\"https:\/\/www.visit-ulcinj.com\/blog\/#\/schema\/person\/dcab619c614d3038751c63bc2aadc06d\",\"name\":\"ulqini\",\"sameAs\":[\"http:\/\/www.visit-ulcinj.com\"],\"url\":\"https:\/\/www.visit-ulcinj.com\/blog\/author\/admin\/\"}]}<\/script>\n<!-- \/ Yoast SEO plugin. -->","yoast_head_json":{"title":"Qart\u00ebsohet skena politike - Lajme nga Ulqini","description":"Zgjedhjet e perseritura lokale ne komunen e\u00a0Ulqinit nuk kane sjelle ndonje ndryshim te\u00a0madh sa i perket rezultateve, por megjithate e\u00a0kane bere me te","robots":{"index":"index","follow":"follow","max-snippet":"max-snippet:-1","max-image-preview":"max-image-preview:large","max-video-preview":"max-video-preview:-1"},"canonical":"https:\/\/www.visit-ulcinj.com\/blog\/2010\/10\/26\/qartesohet-skena-politike\/","og_locale":"en_US","og_type":"article","og_title":"Qart\u00ebsohet skena politike - Lajme nga Ulqini","og_description":"Zgjedhjet e perseritura lokale ne komunen e\u00a0Ulqinit nuk kane sjelle ndonje ndryshim te\u00a0madh sa i perket rezultateve, por megjithate e\u00a0kane bere me te","og_url":"https:\/\/www.visit-ulcinj.com\/blog\/2010\/10\/26\/qartesohet-skena-politike\/","og_site_name":"Lajme nga Ulqini","article_published_time":"2010-10-26T14:37:29+00:00","article_modified_time":"2010-10-26T15:39:46+00:00","og_image":[{"url":"http:\/\/www.visit-ulcinj.com\/blog\/wp-content\/uploads\/2010\/10\/shqiptaret-ne-Ulqin.jpg"}],"twitter_misc":{"Written by":"ulqini","Est. reading time":"5 minutes"},"schema":{"@context":"https:\/\/schema.org","@graph":[{"@type":"WebSite","@id":"https:\/\/www.visit-ulcinj.com\/blog\/#website","url":"https:\/\/www.visit-ulcinj.com\/blog\/","name":"Lajme nga Ulqini","description":"Lajme,Vijesti,Ulqini,Ulqin,Crna Gora,Mali i Zi","potentialAction":[{"@type":"SearchAction","target":{"@type":"EntryPoint","urlTemplate":"https:\/\/www.visit-ulcinj.com\/blog\/?s={search_term_string}"},"query-input":"required name=search_term_string"}],"inLanguage":"en-US"},{"@type":"ImageObject","inLanguage":"en-US","@id":"https:\/\/www.visit-ulcinj.com\/blog\/2010\/10\/26\/qartesohet-skena-politike\/#primaryimage","url":"https:\/\/www.visit-ulcinj.com\/blog\/wp-content\/uploads\/2010\/10\/shqiptaret-ne-Ulqin.jpg","contentUrl":"https:\/\/www.visit-ulcinj.com\/blog\/wp-content\/uploads\/2010\/10\/shqiptaret-ne-Ulqin.jpg","width":"500","height":"336"},{"@type":"WebPage","@id":"https:\/\/www.visit-ulcinj.com\/blog\/2010\/10\/26\/qartesohet-skena-politike\/#webpage","url":"https:\/\/www.visit-ulcinj.com\/blog\/2010\/10\/26\/qartesohet-skena-politike\/","name":"Qart\u00ebsohet skena politike - Lajme nga Ulqini","isPartOf":{"@id":"https:\/\/www.visit-ulcinj.com\/blog\/#website"},"primaryImageOfPage":{"@id":"https:\/\/www.visit-ulcinj.com\/blog\/2010\/10\/26\/qartesohet-skena-politike\/#primaryimage"},"datePublished":"2010-10-26T14:37:29+00:00","dateModified":"2010-10-26T15:39:46+00:00","author":{"@id":"https:\/\/www.visit-ulcinj.com\/blog\/#\/schema\/person\/dcab619c614d3038751c63bc2aadc06d"},"description":"Zgjedhjet e perseritura lokale ne komunen e\u00a0Ulqinit nuk kane sjelle ndonje ndryshim te\u00a0madh sa i perket rezultateve, por megjithate e\u00a0kane bere me te","breadcrumb":{"@id":"https:\/\/www.visit-ulcinj.com\/blog\/2010\/10\/26\/qartesohet-skena-politike\/#breadcrumb"},"inLanguage":"en-US","potentialAction":[{"@type":"ReadAction","target":["https:\/\/www.visit-ulcinj.com\/blog\/2010\/10\/26\/qartesohet-skena-politike\/"]}]},{"@type":"BreadcrumbList","@id":"https:\/\/www.visit-ulcinj.com\/blog\/2010\/10\/26\/qartesohet-skena-politike\/#breadcrumb","itemListElement":[{"@type":"ListItem","position":1,"name":"Qart\u00ebsohet skena politike"}]},{"@type":"Person","@id":"https:\/\/www.visit-ulcinj.com\/blog\/#\/schema\/person\/dcab619c614d3038751c63bc2aadc06d","name":"ulqini","sameAs":["http:\/\/www.visit-ulcinj.com"],"url":"https:\/\/www.visit-ulcinj.com\/blog\/author\/admin\/"}]}},"jetpack_featured_media_url":"","jetpack_sharing_enabled":true,"jetpack_shortlink":"https:\/\/wp.me\/pe6lTn-a6Q","_links":{"self":[{"href":"https:\/\/www.visit-ulcinj.com\/blog\/wp-json\/wp\/v2\/posts\/38864"}],"collection":[{"href":"https:\/\/www.visit-ulcinj.com\/blog\/wp-json\/wp\/v2\/posts"}],"about":[{"href":"https:\/\/www.visit-ulcinj.com\/blog\/wp-json\/wp\/v2\/types\/post"}],"author":[{"embeddable":true,"href":"https:\/\/www.visit-ulcinj.com\/blog\/wp-json\/wp\/v2\/users\/1"}],"replies":[{"embeddable":true,"href":"https:\/\/www.visit-ulcinj.com\/blog\/wp-json\/wp\/v2\/comments?post=38864"}],"version-history":[{"count":0,"href":"https:\/\/www.visit-ulcinj.com\/blog\/wp-json\/wp\/v2\/posts\/38864\/revisions"}],"wp:attachment":[{"href":"https:\/\/www.visit-ulcinj.com\/blog\/wp-json\/wp\/v2\/media?parent=38864"}],"wp:term":[{"taxonomy":"category","embeddable":true,"href":"https:\/\/www.visit-ulcinj.com\/blog\/wp-json\/wp\/v2\/categories?post=38864"},{"taxonomy":"post_tag","embeddable":true,"href":"https:\/\/www.visit-ulcinj.com\/blog\/wp-json\/wp\/v2\/tags?post=38864"}],"curies":[{"name":"wp","href":"https:\/\/api.w.org\/{rel}","templated":true}]}}