{"id":38868,"date":"2010-10-26T16:57:43","date_gmt":"2010-10-26T14:57:43","guid":{"rendered":"http:\/\/www.visit-ulcinj.com\/blog\/?p=38868"},"modified":"2010-11-05T18:02:59","modified_gmt":"2010-11-05T17:02:59","slug":"parregullsite-demtuan-procesin-zgjedhor","status":"publish","type":"post","link":"https:\/\/www.visit-ulcinj.com\/blog\/2010\/10\/26\/parregullsite-demtuan-procesin-zgjedhor\/","title":{"rendered":"Parregullsit\u00eb d\u00ebmtuan procesin zgjedhor"},"content":{"rendered":"<p><strong><a href=\"http:\/\/www.visit-ulcinj.com\/blog\/wp-content\/uploads\/2010\/10\/Forca-e-re-demokratike_ulqin2.jpg\"><img loading=\"lazy\" class=\"alignleft size-full wp-image-38870\" title=\"Forca e re demokratike_ulqin\" src=\"http:\/\/www.visit-ulcinj.com\/blog\/wp-content\/uploads\/2010\/10\/Forca-e-re-demokratike_ulqin2.jpg\" alt=\"\" width=\"490\" height=\"347\" srcset=\"https:\/\/www.visit-ulcinj.com\/blog\/wp-content\/uploads\/2010\/10\/Forca-e-re-demokratike_ulqin2.jpg 490w, https:\/\/www.visit-ulcinj.com\/blog\/wp-content\/uploads\/2010\/10\/Forca-e-re-demokratike_ulqin2-300x212.jpg 300w\" sizes=\"(max-width: 490px) 100vw, 490px\" \/><\/a>Forca e re demokratike shpreh rezerva p\u00ebr zgjedhjet lokale n\u00eb komun\u00ebn e Ulqinit <\/strong><br \/>\nUlqin \u2013 Forca e Re Demokratike ka rezerva\u00a0te medha per procesin zgjedhor te\u00a0zhvilluar ne komunen e Ulqinit dhe do te\u00a0nise nje proces te gjere per te identifikuar\u00a0parregullsite e shfaqura ne keto zgjedhje,\u00a0ka thene te henen ne konferencen per\u00a0shtyp kryetari i saj, Nazif Cungu.\u00a0Ai ka thene se standardi i zgjedhjeve\u00a0lokale te mbajtura te dielen ka qene \u201cme\u00a0i dobeti deri tani, shume larg nga standardet\u00a0qe duam te ndertojme sepse kane\u00a0vene ne pikepyetje edhe vete proceset e\u00a0ndertimit te standardeve per integrime\u00a0euroatlantike te shtetit tone\u201d.\u00a0Cungu ka theksuar se parregullsite e\u00a0verejtura gjate fushates dhe gjate dites se\u00a0zgjedhjeve kane demtuar rende procesin\u00a0e konsolidimit te shtetit ligjor dhe te\u00a0shtetit demokratik.\u00a0Ai ka paralajmeruar se Forca do te\u00a0bashkepunoje \u201cme shoqerine civile dhe\u00a0mediat e Malit te Zi per te zbardhur te\u00a0gjitha shkeljet dhe keqperdorimet qe jane\u00a0bere gjate fushates dhe ne diten e zgjedhjeve\u201d.\u00a0Kryetari i Forces se Re Demokratike\u00a0eshte shprehur se \u201cpushteti aktual\u00a0ekzekutiv i Komunes se Ulqinit eshte\u00a0perpjekur gjate gjithe fushates elektorale\u00a0qe ta mbaje karrigen me zor duke manipuluar\u00a0ne votime, duke bere investime\u00a0elektorale, duke kercenuar te punesuarit\u00a0e sektorit publik apo duke bere punesime\u00a0partiake\u201d.\u00a0Ai ka kritikuar organet kompetente te\u00a0cilat, sipas tij, nuk kane vepruar \u201cper te\u00a0parandaluar investimet elektorale ne\u00a0infrastrukture, ndricime dhe rruge pa\u00a0plan dhe pa leje ndertimi\u201d, ndersa\u00a0mungesa e vezhguesve te huaj dhe vendas\u00a0per te monitoruar procesin zgjedhor,\u00a0Cungu ka thene se eshte \u201ckuptuar si leje\u00a0per te punuar per manipulime te procesit\u00a0zgjedhor\u201d.\u00a0Duke folur per rezultatet e zgjedhjeve,\u00a0kryetari i Forces se Re Demokratike ka\u00a0thene se ato kane vertetuar se kjo parti\u00a0eshte partia me e madhe ne Komunen e\u00a0Ulqinit, gje qe e deshmon edhe rritja e\u00a0numrit te votuesve.\u00a0Cungu ka falenderuar votuesit, anetaret\u00a0dhe simpatizuesit e Forces dhe ne vecanti\u00a0Forcen Rinore \u201cper angazhimin e\u00a0palodhshem gjate fushates dhe per\u00a0angazhimin e tyre ne komisione\u201d.\u00a0\u201cMe kete rast edhe nje here ju falenderoj\u00a0per besimin qe na keni dhene dhe ju\u00a0vertetoj edhe nje here qe Forca nuk do te\u00a0zhgenjeje besimin tuaj\u201d, ka thene ai.<\/p>\n<p><strong>I.Kallaba<br \/>\nKoha Javore<br \/>\n<\/strong><strong>ZMADHO FLET\u00cbN E ZGJEDHJEVE LOKALE N\u00cb ULQIN<\/p>\n<p><a href=\"http:\/\/www.visit-ulcinj.com\/blog\/wp-content\/uploads\/2010\/10\/Rezultatet-e-zgjedhjeve-lokale-ne-komun-te-ulqinit.jpg\"><img loading=\"lazy\" class=\"alignleft size-full wp-image-39182\" title=\"Rezultatet e zgjedhjeve lokale ne komun te ulqinit\" src=\"http:\/\/www.visit-ulcinj.com\/blog\/wp-content\/uploads\/2010\/10\/Rezultatet-e-zgjedhjeve-lokale-ne-komun-te-ulqinit.jpg\" alt=\"\" width=\"490\" height=\"380\" \/><\/a><\/strong><\/p>\n","protected":false},"excerpt":{"rendered":"<p>Forca e re demokratike shpreh rezerva p\u00ebr zgjedhjet lokale n\u00eb komun\u00ebn e Ulqinit Ulqin \u2013 Forca e Re Demokratike ka rezerva\u00a0te medha per procesin zgjedhor te\u00a0zhvilluar ne komunen e Ulqinit dhe do te\u00a0nise nje proces te gjere per te identifikuar\u00a0parregullsite e shfaqura ne keto zgjedhje,\u00a0ka thene te henen ne konferencen per\u00a0shtyp kryetari i saj, Nazif [&hellip;]<\/p>\n","protected":false},"author":1,"featured_media":0,"comment_status":"open","ping_status":"closed","sticky":false,"template":"","format":"standard","meta":{"spay_email":"","jetpack_publicize_message":"","jetpack_is_tweetstorm":false,"jetpack_publicize_feature_enabled":true},"categories":[12],"tags":[874,200,18],"jetpack_publicize_connections":[],"yoast_head":"<!-- This site is optimized with the Yoast SEO plugin v19.1 - https:\/\/yoast.com\/wordpress\/plugins\/seo\/ -->\n<title>Parregullsit\u00eb d\u00ebmtuan procesin zgjedhor - Lajme nga Ulqini<\/title>\n<meta name=\"description\" content=\"Forca e re demokratike shpreh rezerva p\u00ebr zgjedhjet lokale n\u00eb komun\u00ebn e Ulqinit Ulqin \u2013 Forca e Re Demokratike ka rezerva\u00a0te medha per procesin zgjedhor\" \/>\n<meta name=\"robots\" content=\"index, follow, max-snippet:-1, max-image-preview:large, max-video-preview:-1\" \/>\n<link rel=\"canonical\" href=\"https:\/\/www.visit-ulcinj.com\/blog\/2010\/10\/26\/parregullsite-demtuan-procesin-zgjedhor\/\" \/>\n<meta property=\"og:locale\" content=\"en_US\" \/>\n<meta property=\"og:type\" content=\"article\" \/>\n<meta property=\"og:title\" content=\"Parregullsit\u00eb d\u00ebmtuan procesin zgjedhor - Lajme nga Ulqini\" \/>\n<meta property=\"og:description\" content=\"Forca e re demokratike shpreh rezerva p\u00ebr zgjedhjet lokale n\u00eb komun\u00ebn e Ulqinit Ulqin \u2013 Forca e Re Demokratike ka rezerva\u00a0te medha per procesin zgjedhor\" \/>\n<meta property=\"og:url\" content=\"https:\/\/www.visit-ulcinj.com\/blog\/2010\/10\/26\/parregullsite-demtuan-procesin-zgjedhor\/\" \/>\n<meta property=\"og:site_name\" content=\"Lajme nga Ulqini\" \/>\n<meta property=\"article:published_time\" content=\"2010-10-26T14:57:43+00:00\" \/>\n<meta property=\"article:modified_time\" content=\"2010-11-05T17:02:59+00:00\" \/>\n<meta property=\"og:image\" content=\"http:\/\/www.visit-ulcinj.com\/blog\/wp-content\/uploads\/2010\/10\/Forca-e-re-demokratike_ulqin2.jpg\" \/>\n<meta name=\"twitter:label1\" content=\"Written by\" \/>\n\t<meta name=\"twitter:data1\" content=\"ulqini\" \/>\n\t<meta name=\"twitter:label2\" content=\"Est. reading time\" \/>\n\t<meta name=\"twitter:data2\" content=\"2 minutes\" \/>\n<script type=\"application\/ld+json\" class=\"yoast-schema-graph\">{\"@context\":\"https:\/\/schema.org\",\"@graph\":[{\"@type\":\"WebSite\",\"@id\":\"https:\/\/www.visit-ulcinj.com\/blog\/#website\",\"url\":\"https:\/\/www.visit-ulcinj.com\/blog\/\",\"name\":\"Lajme nga Ulqini\",\"description\":\"Lajme,Vijesti,Ulqini,Ulqin,Crna Gora,Mali i Zi\",\"potentialAction\":[{\"@type\":\"SearchAction\",\"target\":{\"@type\":\"EntryPoint\",\"urlTemplate\":\"https:\/\/www.visit-ulcinj.com\/blog\/?s={search_term_string}\"},\"query-input\":\"required name=search_term_string\"}],\"inLanguage\":\"en-US\"},{\"@type\":\"ImageObject\",\"inLanguage\":\"en-US\",\"@id\":\"https:\/\/www.visit-ulcinj.com\/blog\/2010\/10\/26\/parregullsite-demtuan-procesin-zgjedhor\/#primaryimage\",\"url\":\"https:\/\/www.visit-ulcinj.com\/blog\/wp-content\/uploads\/2010\/10\/Forca-e-re-demokratike_ulqin2.jpg\",\"contentUrl\":\"https:\/\/www.visit-ulcinj.com\/blog\/wp-content\/uploads\/2010\/10\/Forca-e-re-demokratike_ulqin2.jpg\",\"width\":\"490\",\"height\":\"347\"},{\"@type\":\"WebPage\",\"@id\":\"https:\/\/www.visit-ulcinj.com\/blog\/2010\/10\/26\/parregullsite-demtuan-procesin-zgjedhor\/#webpage\",\"url\":\"https:\/\/www.visit-ulcinj.com\/blog\/2010\/10\/26\/parregullsite-demtuan-procesin-zgjedhor\/\",\"name\":\"Parregullsit\u00eb d\u00ebmtuan procesin zgjedhor - Lajme nga Ulqini\",\"isPartOf\":{\"@id\":\"https:\/\/www.visit-ulcinj.com\/blog\/#website\"},\"primaryImageOfPage\":{\"@id\":\"https:\/\/www.visit-ulcinj.com\/blog\/2010\/10\/26\/parregullsite-demtuan-procesin-zgjedhor\/#primaryimage\"},\"datePublished\":\"2010-10-26T14:57:43+00:00\",\"dateModified\":\"2010-11-05T17:02:59+00:00\",\"author\":{\"@id\":\"https:\/\/www.visit-ulcinj.com\/blog\/#\/schema\/person\/dcab619c614d3038751c63bc2aadc06d\"},\"description\":\"Forca e re demokratike shpreh rezerva p\u00ebr zgjedhjet lokale n\u00eb komun\u00ebn e Ulqinit Ulqin \u2013 Forca e Re Demokratike ka rezerva\u00a0te medha per procesin zgjedhor\",\"breadcrumb\":{\"@id\":\"https:\/\/www.visit-ulcinj.com\/blog\/2010\/10\/26\/parregullsite-demtuan-procesin-zgjedhor\/#breadcrumb\"},\"inLanguage\":\"en-US\",\"potentialAction\":[{\"@type\":\"ReadAction\",\"target\":[\"https:\/\/www.visit-ulcinj.com\/blog\/2010\/10\/26\/parregullsite-demtuan-procesin-zgjedhor\/\"]}]},{\"@type\":\"BreadcrumbList\",\"@id\":\"https:\/\/www.visit-ulcinj.com\/blog\/2010\/10\/26\/parregullsite-demtuan-procesin-zgjedhor\/#breadcrumb\",\"itemListElement\":[{\"@type\":\"ListItem\",\"position\":1,\"name\":\"Parregullsit\u00eb d\u00ebmtuan procesin zgjedhor\"}]},{\"@type\":\"Person\",\"@id\":\"https:\/\/www.visit-ulcinj.com\/blog\/#\/schema\/person\/dcab619c614d3038751c63bc2aadc06d\",\"name\":\"ulqini\",\"sameAs\":[\"http:\/\/www.visit-ulcinj.com\"],\"url\":\"https:\/\/www.visit-ulcinj.com\/blog\/author\/admin\/\"}]}<\/script>\n<!-- \/ Yoast SEO plugin. -->","yoast_head_json":{"title":"Parregullsit\u00eb d\u00ebmtuan procesin zgjedhor - Lajme nga Ulqini","description":"Forca e re demokratike shpreh rezerva p\u00ebr zgjedhjet lokale n\u00eb komun\u00ebn e Ulqinit Ulqin \u2013 Forca e Re Demokratike ka rezerva\u00a0te medha per procesin zgjedhor","robots":{"index":"index","follow":"follow","max-snippet":"max-snippet:-1","max-image-preview":"max-image-preview:large","max-video-preview":"max-video-preview:-1"},"canonical":"https:\/\/www.visit-ulcinj.com\/blog\/2010\/10\/26\/parregullsite-demtuan-procesin-zgjedhor\/","og_locale":"en_US","og_type":"article","og_title":"Parregullsit\u00eb d\u00ebmtuan procesin zgjedhor - Lajme nga Ulqini","og_description":"Forca e re demokratike shpreh rezerva p\u00ebr zgjedhjet lokale n\u00eb komun\u00ebn e Ulqinit Ulqin \u2013 Forca e Re Demokratike ka rezerva\u00a0te medha per procesin zgjedhor","og_url":"https:\/\/www.visit-ulcinj.com\/blog\/2010\/10\/26\/parregullsite-demtuan-procesin-zgjedhor\/","og_site_name":"Lajme nga Ulqini","article_published_time":"2010-10-26T14:57:43+00:00","article_modified_time":"2010-11-05T17:02:59+00:00","og_image":[{"url":"http:\/\/www.visit-ulcinj.com\/blog\/wp-content\/uploads\/2010\/10\/Forca-e-re-demokratike_ulqin2.jpg"}],"twitter_misc":{"Written by":"ulqini","Est. reading time":"2 minutes"},"schema":{"@context":"https:\/\/schema.org","@graph":[{"@type":"WebSite","@id":"https:\/\/www.visit-ulcinj.com\/blog\/#website","url":"https:\/\/www.visit-ulcinj.com\/blog\/","name":"Lajme nga Ulqini","description":"Lajme,Vijesti,Ulqini,Ulqin,Crna Gora,Mali i Zi","potentialAction":[{"@type":"SearchAction","target":{"@type":"EntryPoint","urlTemplate":"https:\/\/www.visit-ulcinj.com\/blog\/?s={search_term_string}"},"query-input":"required name=search_term_string"}],"inLanguage":"en-US"},{"@type":"ImageObject","inLanguage":"en-US","@id":"https:\/\/www.visit-ulcinj.com\/blog\/2010\/10\/26\/parregullsite-demtuan-procesin-zgjedhor\/#primaryimage","url":"https:\/\/www.visit-ulcinj.com\/blog\/wp-content\/uploads\/2010\/10\/Forca-e-re-demokratike_ulqin2.jpg","contentUrl":"https:\/\/www.visit-ulcinj.com\/blog\/wp-content\/uploads\/2010\/10\/Forca-e-re-demokratike_ulqin2.jpg","width":"490","height":"347"},{"@type":"WebPage","@id":"https:\/\/www.visit-ulcinj.com\/blog\/2010\/10\/26\/parregullsite-demtuan-procesin-zgjedhor\/#webpage","url":"https:\/\/www.visit-ulcinj.com\/blog\/2010\/10\/26\/parregullsite-demtuan-procesin-zgjedhor\/","name":"Parregullsit\u00eb d\u00ebmtuan procesin zgjedhor - Lajme nga Ulqini","isPartOf":{"@id":"https:\/\/www.visit-ulcinj.com\/blog\/#website"},"primaryImageOfPage":{"@id":"https:\/\/www.visit-ulcinj.com\/blog\/2010\/10\/26\/parregullsite-demtuan-procesin-zgjedhor\/#primaryimage"},"datePublished":"2010-10-26T14:57:43+00:00","dateModified":"2010-11-05T17:02:59+00:00","author":{"@id":"https:\/\/www.visit-ulcinj.com\/blog\/#\/schema\/person\/dcab619c614d3038751c63bc2aadc06d"},"description":"Forca e re demokratike shpreh rezerva p\u00ebr zgjedhjet lokale n\u00eb komun\u00ebn e Ulqinit Ulqin \u2013 Forca e Re Demokratike ka rezerva\u00a0te medha per procesin zgjedhor","breadcrumb":{"@id":"https:\/\/www.visit-ulcinj.com\/blog\/2010\/10\/26\/parregullsite-demtuan-procesin-zgjedhor\/#breadcrumb"},"inLanguage":"en-US","potentialAction":[{"@type":"ReadAction","target":["https:\/\/www.visit-ulcinj.com\/blog\/2010\/10\/26\/parregullsite-demtuan-procesin-zgjedhor\/"]}]},{"@type":"BreadcrumbList","@id":"https:\/\/www.visit-ulcinj.com\/blog\/2010\/10\/26\/parregullsite-demtuan-procesin-zgjedhor\/#breadcrumb","itemListElement":[{"@type":"ListItem","position":1,"name":"Parregullsit\u00eb d\u00ebmtuan procesin zgjedhor"}]},{"@type":"Person","@id":"https:\/\/www.visit-ulcinj.com\/blog\/#\/schema\/person\/dcab619c614d3038751c63bc2aadc06d","name":"ulqini","sameAs":["http:\/\/www.visit-ulcinj.com"],"url":"https:\/\/www.visit-ulcinj.com\/blog\/author\/admin\/"}]}},"jetpack_featured_media_url":"","jetpack_sharing_enabled":true,"jetpack_shortlink":"https:\/\/wp.me\/pe6lTn-a6U","_links":{"self":[{"href":"https:\/\/www.visit-ulcinj.com\/blog\/wp-json\/wp\/v2\/posts\/38868"}],"collection":[{"href":"https:\/\/www.visit-ulcinj.com\/blog\/wp-json\/wp\/v2\/posts"}],"about":[{"href":"https:\/\/www.visit-ulcinj.com\/blog\/wp-json\/wp\/v2\/types\/post"}],"author":[{"embeddable":true,"href":"https:\/\/www.visit-ulcinj.com\/blog\/wp-json\/wp\/v2\/users\/1"}],"replies":[{"embeddable":true,"href":"https:\/\/www.visit-ulcinj.com\/blog\/wp-json\/wp\/v2\/comments?post=38868"}],"version-history":[{"count":0,"href":"https:\/\/www.visit-ulcinj.com\/blog\/wp-json\/wp\/v2\/posts\/38868\/revisions"}],"wp:attachment":[{"href":"https:\/\/www.visit-ulcinj.com\/blog\/wp-json\/wp\/v2\/media?parent=38868"}],"wp:term":[{"taxonomy":"category","embeddable":true,"href":"https:\/\/www.visit-ulcinj.com\/blog\/wp-json\/wp\/v2\/categories?post=38868"},{"taxonomy":"post_tag","embeddable":true,"href":"https:\/\/www.visit-ulcinj.com\/blog\/wp-json\/wp\/v2\/tags?post=38868"}],"curies":[{"name":"wp","href":"https:\/\/api.w.org\/{rel}","templated":true}]}}