{"id":38884,"date":"2010-10-26T23:18:56","date_gmt":"2010-10-26T21:18:56","guid":{"rendered":"http:\/\/www.visit-ulcinj.com\/blog\/?p=38884"},"modified":"2010-10-26T23:18:56","modified_gmt":"2010-10-26T21:18:56","slug":"pregovori-o-otrantu-svi-kriju-karte","status":"publish","type":"post","link":"https:\/\/www.visit-ulcinj.com\/blog\/2010\/10\/26\/pregovori-o-otrantu-svi-kriju-karte\/","title":{"rendered":"Pregovori o Otrantu: Svi kriju karte"},"content":{"rendered":"<p><a href=\"http:\/\/www.visit-ulcinj.com\/blog\/wp-content\/uploads\/2010\/10\/hotel-otrant-ulcinj1.jpg\"><img loading=\"lazy\" class=\"alignleft size-full wp-image-38885\" title=\"hotel-otrant-ulcinj\" src=\"http:\/\/www.visit-ulcinj.com\/blog\/wp-content\/uploads\/2010\/10\/hotel-otrant-ulcinj1.jpg\" alt=\"\" width=\"490\" height=\"380\" \/><\/a>Ulcinj \u2013 Niko od radnika ili predstavnika vlasnika ulcinjskog \u201cOtranta\u201d ju\u010de nije bio voljan da prokomentari\u0161e po\u010detak pregovora o rje\u0161avanju nagomilanih problema u hotelu na Velikoj pla\u017ei.<br \/>\nRuski \u201cBarkli\u201d, vlasnik hotela, radnicima duguje \u0161est plata i ju\u010de je, saznaju \u201cVijesti\u201d, pregovarano o dinamici isplate zaostalih zarada.<br \/>\nKako saznajemo, radnici ne\u0107e odustati od zahtjeva da im Rusi odmah isplate tri zaostale zarade, a preostale tri narednog mjeseca.<br \/>\n\u201cPregovori su po\u010deli, sjutra idem u ministarstvo, i nakon toga zna\u0107emo na \u010demu smo\u201d, kazao je \u010delnik sindikata \u201cOtranta\u201d Muzafer Suljevi\u0107.<br \/>\nPredstavnici ruske kompanije ju\u010de nijesu odgovarali na telefonske pozive.<br \/>\n\u201cVijesti\u201d saznaju da je na sastanku bilo rije\u010di i o otvaranju hotela koji ove sezone nije radio jer je \u0161panski \u201cIbero star\u201d, nezadovoljan ispunjavanjem odredbi iz ugovora sa \u201cBarklijem\u201d, odustao od vo\u0111enja \u201cOtranta\u201d krajem 2009. To je dodatno razljutilo radnike, ali i ministra Predraga Nenezi\u0107a koji je prije sezone upozoravao Ruse da hotel mora biti otvoren.<br \/>\n\u201cBarkli\u201d se oglu\u0161io o svako upozorenje Nenezi\u0107a, ali je obe\u0107ao da \u0107e u skladu sa sporazumom sa \u201cMorskim dobrom\u201d odr\u017eavati kupali\u0161te. Me\u0111utim, ljetos je pla\u017ea ispred hotela bila jedna od najne\u010distijih djelova Velike pla\u017ee.<\/p>\n<p><strong>S.A.<br \/>\n<a href=\"http:\/\/www.vijesti.me\/\" target=\"_blank\">Vijesti<\/a><\/strong><\/p>\n","protected":false},"excerpt":{"rendered":"<p>Ulcinj \u2013 Niko od radnika ili predstavnika vlasnika ulcinjskog \u201cOtranta\u201d ju\u010de nije bio voljan da prokomentari\u0161e po\u010detak pregovora o rje\u0161avanju nagomilanih problema u hotelu na Velikoj pla\u017ei. Ruski \u201cBarkli\u201d, vlasnik hotela, radnicima duguje \u0161est plata i ju\u010de je, saznaju \u201cVijesti\u201d, pregovarano o dinamici isplate zaostalih zarada. Kako saznajemo, radnici ne\u0107e odustati od zahtjeva da im [&hellip;]<\/p>\n","protected":false},"author":1,"featured_media":0,"comment_status":"open","ping_status":"closed","sticky":false,"template":"","format":"standard","meta":{"spay_email":"","jetpack_publicize_message":"","jetpack_is_tweetstorm":false,"jetpack_publicize_feature_enabled":true},"categories":[8337],"tags":[19],"jetpack_publicize_connections":[],"yoast_head":"<!-- This site is optimized with the Yoast SEO plugin v19.1 - https:\/\/yoast.com\/wordpress\/plugins\/seo\/ -->\n<title>Pregovori o Otrantu: Svi kriju karte - Lajme nga Ulqini<\/title>\n<meta name=\"description\" content=\"Ulcinj \u2013 Niko od radnika ili predstavnika vlasnika ulcinjskog \u201cOtranta\u201d ju\u010de nije bio voljan da prokomentari\u0161e po\u010detak pregovora o rje\u0161avanju nagomilanih\" \/>\n<meta name=\"robots\" content=\"index, follow, max-snippet:-1, max-image-preview:large, max-video-preview:-1\" \/>\n<link rel=\"canonical\" href=\"https:\/\/www.visit-ulcinj.com\/blog\/2010\/10\/26\/pregovori-o-otrantu-svi-kriju-karte\/\" \/>\n<meta property=\"og:locale\" content=\"en_US\" \/>\n<meta property=\"og:type\" content=\"article\" \/>\n<meta property=\"og:title\" content=\"Pregovori o Otrantu: Svi kriju karte - Lajme nga Ulqini\" \/>\n<meta property=\"og:description\" content=\"Ulcinj \u2013 Niko od radnika ili predstavnika vlasnika ulcinjskog \u201cOtranta\u201d ju\u010de nije bio voljan da prokomentari\u0161e po\u010detak pregovora o rje\u0161avanju nagomilanih\" \/>\n<meta property=\"og:url\" content=\"https:\/\/www.visit-ulcinj.com\/blog\/2010\/10\/26\/pregovori-o-otrantu-svi-kriju-karte\/\" \/>\n<meta property=\"og:site_name\" content=\"Lajme nga Ulqini\" \/>\n<meta property=\"article:published_time\" content=\"2010-10-26T21:18:56+00:00\" \/>\n<meta property=\"og:image\" content=\"http:\/\/www.visit-ulcinj.com\/blog\/wp-content\/uploads\/2010\/10\/hotel-otrant-ulcinj1.jpg\" \/>\n<meta name=\"twitter:label1\" content=\"Written by\" \/>\n\t<meta name=\"twitter:data1\" content=\"ulqini\" \/>\n\t<meta name=\"twitter:label2\" content=\"Est. reading time\" \/>\n\t<meta name=\"twitter:data2\" content=\"1 minute\" \/>\n<script type=\"application\/ld+json\" class=\"yoast-schema-graph\">{\"@context\":\"https:\/\/schema.org\",\"@graph\":[{\"@type\":\"WebSite\",\"@id\":\"https:\/\/www.visit-ulcinj.com\/blog\/#website\",\"url\":\"https:\/\/www.visit-ulcinj.com\/blog\/\",\"name\":\"Lajme nga Ulqini\",\"description\":\"Lajme,Vijesti,Ulqini,Ulqin,Crna Gora,Mali i Zi\",\"potentialAction\":[{\"@type\":\"SearchAction\",\"target\":{\"@type\":\"EntryPoint\",\"urlTemplate\":\"https:\/\/www.visit-ulcinj.com\/blog\/?s={search_term_string}\"},\"query-input\":\"required name=search_term_string\"}],\"inLanguage\":\"en-US\"},{\"@type\":\"ImageObject\",\"inLanguage\":\"en-US\",\"@id\":\"https:\/\/www.visit-ulcinj.com\/blog\/2010\/10\/26\/pregovori-o-otrantu-svi-kriju-karte\/#primaryimage\",\"url\":\"https:\/\/www.visit-ulcinj.com\/blog\/wp-content\/uploads\/2010\/10\/hotel-otrant-ulcinj1.jpg\",\"contentUrl\":\"https:\/\/www.visit-ulcinj.com\/blog\/wp-content\/uploads\/2010\/10\/hotel-otrant-ulcinj1.jpg\",\"width\":\"700\",\"height\":\"434\"},{\"@type\":\"WebPage\",\"@id\":\"https:\/\/www.visit-ulcinj.com\/blog\/2010\/10\/26\/pregovori-o-otrantu-svi-kriju-karte\/#webpage\",\"url\":\"https:\/\/www.visit-ulcinj.com\/blog\/2010\/10\/26\/pregovori-o-otrantu-svi-kriju-karte\/\",\"name\":\"Pregovori o Otrantu: Svi kriju karte - Lajme nga Ulqini\",\"isPartOf\":{\"@id\":\"https:\/\/www.visit-ulcinj.com\/blog\/#website\"},\"primaryImageOfPage\":{\"@id\":\"https:\/\/www.visit-ulcinj.com\/blog\/2010\/10\/26\/pregovori-o-otrantu-svi-kriju-karte\/#primaryimage\"},\"datePublished\":\"2010-10-26T21:18:56+00:00\",\"dateModified\":\"2010-10-26T21:18:56+00:00\",\"author\":{\"@id\":\"https:\/\/www.visit-ulcinj.com\/blog\/#\/schema\/person\/dcab619c614d3038751c63bc2aadc06d\"},\"description\":\"Ulcinj \u2013 Niko od radnika ili predstavnika vlasnika ulcinjskog \u201cOtranta\u201d ju\u010de nije bio voljan da prokomentari\u0161e po\u010detak pregovora o rje\u0161avanju nagomilanih\",\"breadcrumb\":{\"@id\":\"https:\/\/www.visit-ulcinj.com\/blog\/2010\/10\/26\/pregovori-o-otrantu-svi-kriju-karte\/#breadcrumb\"},\"inLanguage\":\"en-US\",\"potentialAction\":[{\"@type\":\"ReadAction\",\"target\":[\"https:\/\/www.visit-ulcinj.com\/blog\/2010\/10\/26\/pregovori-o-otrantu-svi-kriju-karte\/\"]}]},{\"@type\":\"BreadcrumbList\",\"@id\":\"https:\/\/www.visit-ulcinj.com\/blog\/2010\/10\/26\/pregovori-o-otrantu-svi-kriju-karte\/#breadcrumb\",\"itemListElement\":[{\"@type\":\"ListItem\",\"position\":1,\"name\":\"Pregovori o Otrantu: Svi kriju karte\"}]},{\"@type\":\"Person\",\"@id\":\"https:\/\/www.visit-ulcinj.com\/blog\/#\/schema\/person\/dcab619c614d3038751c63bc2aadc06d\",\"name\":\"ulqini\",\"sameAs\":[\"http:\/\/www.visit-ulcinj.com\"],\"url\":\"https:\/\/www.visit-ulcinj.com\/blog\/author\/admin\/\"}]}<\/script>\n<!-- \/ Yoast SEO plugin. -->","yoast_head_json":{"title":"Pregovori o Otrantu: Svi kriju karte - Lajme nga Ulqini","description":"Ulcinj \u2013 Niko od radnika ili predstavnika vlasnika ulcinjskog \u201cOtranta\u201d ju\u010de nije bio voljan da prokomentari\u0161e po\u010detak pregovora o rje\u0161avanju nagomilanih","robots":{"index":"index","follow":"follow","max-snippet":"max-snippet:-1","max-image-preview":"max-image-preview:large","max-video-preview":"max-video-preview:-1"},"canonical":"https:\/\/www.visit-ulcinj.com\/blog\/2010\/10\/26\/pregovori-o-otrantu-svi-kriju-karte\/","og_locale":"en_US","og_type":"article","og_title":"Pregovori o Otrantu: Svi kriju karte - Lajme nga Ulqini","og_description":"Ulcinj \u2013 Niko od radnika ili predstavnika vlasnika ulcinjskog \u201cOtranta\u201d ju\u010de nije bio voljan da prokomentari\u0161e po\u010detak pregovora o rje\u0161avanju nagomilanih","og_url":"https:\/\/www.visit-ulcinj.com\/blog\/2010\/10\/26\/pregovori-o-otrantu-svi-kriju-karte\/","og_site_name":"Lajme nga Ulqini","article_published_time":"2010-10-26T21:18:56+00:00","og_image":[{"url":"http:\/\/www.visit-ulcinj.com\/blog\/wp-content\/uploads\/2010\/10\/hotel-otrant-ulcinj1.jpg"}],"twitter_misc":{"Written by":"ulqini","Est. reading time":"1 minute"},"schema":{"@context":"https:\/\/schema.org","@graph":[{"@type":"WebSite","@id":"https:\/\/www.visit-ulcinj.com\/blog\/#website","url":"https:\/\/www.visit-ulcinj.com\/blog\/","name":"Lajme nga Ulqini","description":"Lajme,Vijesti,Ulqini,Ulqin,Crna Gora,Mali i Zi","potentialAction":[{"@type":"SearchAction","target":{"@type":"EntryPoint","urlTemplate":"https:\/\/www.visit-ulcinj.com\/blog\/?s={search_term_string}"},"query-input":"required name=search_term_string"}],"inLanguage":"en-US"},{"@type":"ImageObject","inLanguage":"en-US","@id":"https:\/\/www.visit-ulcinj.com\/blog\/2010\/10\/26\/pregovori-o-otrantu-svi-kriju-karte\/#primaryimage","url":"https:\/\/www.visit-ulcinj.com\/blog\/wp-content\/uploads\/2010\/10\/hotel-otrant-ulcinj1.jpg","contentUrl":"https:\/\/www.visit-ulcinj.com\/blog\/wp-content\/uploads\/2010\/10\/hotel-otrant-ulcinj1.jpg","width":"700","height":"434"},{"@type":"WebPage","@id":"https:\/\/www.visit-ulcinj.com\/blog\/2010\/10\/26\/pregovori-o-otrantu-svi-kriju-karte\/#webpage","url":"https:\/\/www.visit-ulcinj.com\/blog\/2010\/10\/26\/pregovori-o-otrantu-svi-kriju-karte\/","name":"Pregovori o Otrantu: Svi kriju karte - Lajme nga Ulqini","isPartOf":{"@id":"https:\/\/www.visit-ulcinj.com\/blog\/#website"},"primaryImageOfPage":{"@id":"https:\/\/www.visit-ulcinj.com\/blog\/2010\/10\/26\/pregovori-o-otrantu-svi-kriju-karte\/#primaryimage"},"datePublished":"2010-10-26T21:18:56+00:00","dateModified":"2010-10-26T21:18:56+00:00","author":{"@id":"https:\/\/www.visit-ulcinj.com\/blog\/#\/schema\/person\/dcab619c614d3038751c63bc2aadc06d"},"description":"Ulcinj \u2013 Niko od radnika ili predstavnika vlasnika ulcinjskog \u201cOtranta\u201d ju\u010de nije bio voljan da prokomentari\u0161e po\u010detak pregovora o rje\u0161avanju nagomilanih","breadcrumb":{"@id":"https:\/\/www.visit-ulcinj.com\/blog\/2010\/10\/26\/pregovori-o-otrantu-svi-kriju-karte\/#breadcrumb"},"inLanguage":"en-US","potentialAction":[{"@type":"ReadAction","target":["https:\/\/www.visit-ulcinj.com\/blog\/2010\/10\/26\/pregovori-o-otrantu-svi-kriju-karte\/"]}]},{"@type":"BreadcrumbList","@id":"https:\/\/www.visit-ulcinj.com\/blog\/2010\/10\/26\/pregovori-o-otrantu-svi-kriju-karte\/#breadcrumb","itemListElement":[{"@type":"ListItem","position":1,"name":"Pregovori o Otrantu: Svi kriju karte"}]},{"@type":"Person","@id":"https:\/\/www.visit-ulcinj.com\/blog\/#\/schema\/person\/dcab619c614d3038751c63bc2aadc06d","name":"ulqini","sameAs":["http:\/\/www.visit-ulcinj.com"],"url":"https:\/\/www.visit-ulcinj.com\/blog\/author\/admin\/"}]}},"jetpack_featured_media_url":"","jetpack_sharing_enabled":true,"jetpack_shortlink":"https:\/\/wp.me\/pe6lTn-a7a","_links":{"self":[{"href":"https:\/\/www.visit-ulcinj.com\/blog\/wp-json\/wp\/v2\/posts\/38884"}],"collection":[{"href":"https:\/\/www.visit-ulcinj.com\/blog\/wp-json\/wp\/v2\/posts"}],"about":[{"href":"https:\/\/www.visit-ulcinj.com\/blog\/wp-json\/wp\/v2\/types\/post"}],"author":[{"embeddable":true,"href":"https:\/\/www.visit-ulcinj.com\/blog\/wp-json\/wp\/v2\/users\/1"}],"replies":[{"embeddable":true,"href":"https:\/\/www.visit-ulcinj.com\/blog\/wp-json\/wp\/v2\/comments?post=38884"}],"version-history":[{"count":0,"href":"https:\/\/www.visit-ulcinj.com\/blog\/wp-json\/wp\/v2\/posts\/38884\/revisions"}],"wp:attachment":[{"href":"https:\/\/www.visit-ulcinj.com\/blog\/wp-json\/wp\/v2\/media?parent=38884"}],"wp:term":[{"taxonomy":"category","embeddable":true,"href":"https:\/\/www.visit-ulcinj.com\/blog\/wp-json\/wp\/v2\/categories?post=38884"},{"taxonomy":"post_tag","embeddable":true,"href":"https:\/\/www.visit-ulcinj.com\/blog\/wp-json\/wp\/v2\/tags?post=38884"}],"curies":[{"name":"wp","href":"https:\/\/api.w.org\/{rel}","templated":true}]}}