{"id":38888,"date":"2010-10-27T19:08:57","date_gmt":"2010-10-27T17:08:57","guid":{"rendered":"http:\/\/www.visit-ulcinj.com\/blog\/?p=38888"},"modified":"2010-10-27T19:08:57","modified_gmt":"2010-10-27T17:08:57","slug":"bardhi-ulcinjski-izbori-neregularni","status":"publish","type":"post","link":"https:\/\/www.visit-ulcinj.com\/blog\/2010\/10\/27\/bardhi-ulcinjski-izbori-neregularni\/","title":{"rendered":"Bardhi: Ulcinjski izbori neregularni"},"content":{"rendered":"<p><strong><a href=\"http:\/\/www.visit-ulcinj.com\/blog\/wp-content\/uploads\/2010\/10\/Bardhi_-Ulcinjski-izbori-neregularni.jpg\"><img loading=\"lazy\" class=\"alignleft size-full wp-image-38889\" title=\"Bardhi_ Ulcinjski izbori neregularni\" src=\"http:\/\/www.visit-ulcinj.com\/blog\/wp-content\/uploads\/2010\/10\/Bardhi_-Ulcinjski-izbori-neregularni.jpg\" alt=\"\" width=\"320\" height=\"537\" \/><\/a>Mehmet Bardhi pokrenuo pred ustavnim sudom postupak za poni\u0161tenje rje\u0161enja DIK-a<br \/>\n<\/strong><strong>Ulcinjski izbori neregularni<\/strong><br \/>\n\u00ab\u00a0Bardhi tvrdi da je DIK pogre\u0161no primijenila materijalno pravo i povrijedila izborno pravo, navode\u0107i da je bira\u010dko mjesto ranije zatvoreno kako bi se prikrile izborne neregularnosti\u00a0\u00bb<\/p>\n<p>Predsjednik Demokratskog saveza Albanaca Mehmet Bardhi podnio je ju\u010de Ustavnom sudu Crne Gore ustavnu \u017ealbu u kojoj tra\u017ei poni\u0161tenje rje\u0161enja Dr\u017eavne izborne komisije. Osporenim rje\u0161enjem DIK je ocijenio kao neosnovan njegov prigovor na rje\u0161enje ulcinjske izborne komisije kojim je odbijen njegov prigovor na regularnost izbora na glasa\u010dkom mjestu broj 18 &#8211; Osnovna \u0161kola \u0160ordra.<br \/>\nU ustavnoj \u017ealbi Bardhi tvrdi da je DIK pogre\u0161no primijenila materijalno pravo i povrijedila izborno pravo. Negira ocjenu DIK-a da je zapisnik o radu bira\u010dkog odbora na pomenutom galsa\u010dkom mjestu potpisalo pet njegovih \u010dlanova, da niko nije imao primjedbi i da je birali\u0161te zatvoreno u 21 \u010das.<br \/>\n&#8211; Zapisnik o radu bira\u010dkog odbora nije potpisalo pet \u010dlanova, ve\u0107 \u010detiri. Peti \u010dlan je zamjenik predsjednika. Shodno odredbama \u010dlana 35, stav 5, Zakona o izboru odbornika i poslanika, zamjenik mo\u017ee biti prisutan samo u slu\u010daju odsutnosti ili sprije\u010denosti predsjednika u vr\u0161enju poslova i zadataka bira\u010dkog odbora. U konkretnom slu\u010daju, prisutni su bili i predsjednik i zamjenik predsjednika bira\u010dkog odbora, i obojica su potpisali zapisnik &#8211; istakao je Bardhi.<br \/>\nTvrdi da je takva radnja nedozvoljena i kao takva nezakonita.<br \/>\n&#8211; Sve navodi na sumnju da je to namjerno ura\u0111eno kako bi prikrili \u010dinjenicu da je bira\u010dko mjesto zaklju\u010deno u 19.45, kao i druge nepravilnosti, po\u0161to ostalim \u010dlanovima nije dozvoljeno davanje primjedbi &#8211; ocijenio je Bardhi.<br \/>\nUkazuje da je DIK zanemarila i \u010dinjenicu da zapisnik nije potpisao jedan stalni \u010dlan bira\u010dkog odbora, kao ni jedan \u010dlan iz pro\u0161irenog sastava. Tu \u010dinjenicu smatra veoma bitnom za odlu\u010divanje. Kako je objasnio, bira\u010dki odbor \u010dini pet stalnih \u010dlanova i devet \u010dlanova pro\u0161irenog sastava, \u0161to je ukupno 14. Izra\u010dunao je da je zapisnik sa pomenutog bira\u010dkog mjesta potpisalo svega 28 odsto \u010dlanova bira\u010dkog odbora.<br \/>\n&#8211; Slobodno se mo\u017ee re\u0107i da se taj zapisnik ne mo\u017ee prihvatiti kao \u010dinjenica regularnosti, ve\u0107, naprotiv, kao dokaz neregularnosti i nezakonitosti &#8211; naveo je Bardhi.<br \/>\nOn je dodao da DIK uop\u0161te nije ni uzela u razmatranje \u010dinjenicu da je Demokratski savez kroz uvid u izborni materijal sa pomenutog bira\u010dkog mjesta utvrdio da su glasovi pogre\u0161no brojani na \u0161tetu njihove izborne liste. Da jeste, uvjeren je on, to bi moglo uticati na utvr\u0111ivanje rezultata izbora za pojedine liste.<br \/>\nU prilog tvrdnji da je bira\u010dko mjesto zatvoreno prije zakonskog roka, Demokratski savez je dostavio i izjavu svog opunomo\u0107enog \u010dlana pro\u0161irenog sastava bira\u010dkog odbora Latifa Ceke. U rje\u0161enju DIK-a navodi se da toj izjavi nijesu mogli pokloniti povjerenje. Bardhi smatra da je takav stav suprotan odredbama Zakona o izboru odbornika i poslanika.<br \/>\n&#8211; Iz svega navedenog nedvosmisleno proizilazi da zaklju\u010divanje izbora na bira\u010dkom mjestu broj 18 u 19.45 \u010dasova predstavlja povredu bira\u010dkog prava. Do kraja izbora bilo je ostalo jo\u0161 sat i 15 minuta, \u0161to je suprotno zakonu &#8211; naglasio je lider DS.<br \/>\nPrema rezultatima ponovljenih izbora u Ulcinju, odr\u017eanih 17. oktobra, Demokratski savez nije osvojio nijedan odborni\u010dki mandat.<\/p>\n<p><strong>V.R.<br \/>\n<a href=\"http:\/\/www.dan.co.me\/?nivo=3&amp;rubrika=Politika&amp;clanak=252954&amp;datum=2010-10-27\" target=\"_blank\">DAN<\/a><\/strong><\/p>\n<p><strong>Pritisci i pare na dan glasanja<\/strong><\/p>\n<p>U prigovoru dostavljenom DIK-u Demokratski savez Albanaca je istakao i da je na bira\u010dkom mjestu 31-JKP Ulcinj u toku \u010ditavog izbornog dana vr\u0161en pritisak na bira\u010de i da su im dijeljene koverte sa novcem. O tome su u pisanoj formi obavijestili i OIK Ulcinj. Izra\u017eena je i sumnja da su na tom mjestu pogre\u0161no utvr\u0111eni rezultati izbora, a na \u0161tetu liste Demokratskog saveza.<br \/>\n&#8211; DIK je nakon razmatranja navoda iz prigovora, osporenog rje\u0161enja i prilo\u017eene dokumentacije, utvrdila da na bira\u010dkim mjestima 18 i 31 nijesu u\u010dinjene povrede zbog kojih bi trebalo raspustiti bira\u010dke odbore i ponoviti glasanje &#8211; stoji u rje\u0161enju DIK-a kojim se odbija prigovor Demokratskog saveza Albanaca.<\/p>\n<p><a href=\"http:\/\/www.dan.co.me\/?nivo=3&amp;rubrika=Politika&amp;clanak=252954&amp;datum=2010-10-27\" target=\"_blank\"><strong>IZVOR \/ DAN<\/strong><\/a><\/p>\n","protected":false},"excerpt":{"rendered":"<p>Mehmet Bardhi pokrenuo pred ustavnim sudom postupak za poni\u0161tenje rje\u0161enja DIK-a Ulcinjski izbori neregularni \u00ab\u00a0Bardhi tvrdi da je DIK pogre\u0161no primijenila materijalno pravo i povrijedila izborno pravo, navode\u0107i da je bira\u010dko mjesto ranije zatvoreno kako bi se prikrile izborne neregularnosti\u00a0\u00bb Predsjednik Demokratskog saveza Albanaca Mehmet Bardhi podnio je ju\u010de Ustavnom sudu Crne Gore ustavnu \u017ealbu [&hellip;]<\/p>\n","protected":false},"author":1,"featured_media":0,"comment_status":"open","ping_status":"closed","sticky":false,"template":"","format":"standard","meta":{"spay_email":"","jetpack_publicize_message":"","jetpack_is_tweetstorm":false,"jetpack_publicize_feature_enabled":true},"categories":[8337],"tags":[347,19],"jetpack_publicize_connections":[],"yoast_head":"<!-- This site is optimized with the Yoast SEO plugin v19.1 - https:\/\/yoast.com\/wordpress\/plugins\/seo\/ -->\n<title>Bardhi: Ulcinjski izbori neregularni - Lajme nga Ulqini<\/title>\n<meta name=\"description\" content=\"Mehmet Bardhi pokrenuo pred ustavnim sudom postupak za poni\u0161tenje rje\u0161enja DIK-a Ulcinjski izbori neregularni \u00ab\u00a0Bardhi tvrdi da je DIK pogre\u0161no\" \/>\n<meta name=\"robots\" content=\"index, follow, max-snippet:-1, max-image-preview:large, max-video-preview:-1\" \/>\n<link rel=\"canonical\" href=\"https:\/\/www.visit-ulcinj.com\/blog\/2010\/10\/27\/bardhi-ulcinjski-izbori-neregularni\/\" \/>\n<meta property=\"og:locale\" content=\"en_US\" \/>\n<meta property=\"og:type\" content=\"article\" \/>\n<meta property=\"og:title\" content=\"Bardhi: Ulcinjski izbori neregularni - Lajme nga Ulqini\" \/>\n<meta property=\"og:description\" content=\"Mehmet Bardhi pokrenuo pred ustavnim sudom postupak za poni\u0161tenje rje\u0161enja DIK-a Ulcinjski izbori neregularni \u00ab\u00a0Bardhi tvrdi da je DIK pogre\u0161no\" \/>\n<meta property=\"og:url\" content=\"https:\/\/www.visit-ulcinj.com\/blog\/2010\/10\/27\/bardhi-ulcinjski-izbori-neregularni\/\" \/>\n<meta property=\"og:site_name\" content=\"Lajme nga Ulqini\" \/>\n<meta property=\"article:published_time\" content=\"2010-10-27T17:08:57+00:00\" \/>\n<meta property=\"og:image\" content=\"http:\/\/www.visit-ulcinj.com\/blog\/wp-content\/uploads\/2010\/10\/Bardhi_-Ulcinjski-izbori-neregularni.jpg\" \/>\n<meta name=\"twitter:label1\" content=\"Written by\" \/>\n\t<meta name=\"twitter:data1\" content=\"ulqini\" \/>\n\t<meta name=\"twitter:label2\" content=\"Est. reading time\" \/>\n\t<meta name=\"twitter:data2\" content=\"3 minutes\" \/>\n<script type=\"application\/ld+json\" class=\"yoast-schema-graph\">{\"@context\":\"https:\/\/schema.org\",\"@graph\":[{\"@type\":\"WebSite\",\"@id\":\"https:\/\/www.visit-ulcinj.com\/blog\/#website\",\"url\":\"https:\/\/www.visit-ulcinj.com\/blog\/\",\"name\":\"Lajme nga Ulqini\",\"description\":\"Lajme,Vijesti,Ulqini,Ulqin,Crna Gora,Mali i Zi\",\"potentialAction\":[{\"@type\":\"SearchAction\",\"target\":{\"@type\":\"EntryPoint\",\"urlTemplate\":\"https:\/\/www.visit-ulcinj.com\/blog\/?s={search_term_string}\"},\"query-input\":\"required name=search_term_string\"}],\"inLanguage\":\"en-US\"},{\"@type\":\"ImageObject\",\"inLanguage\":\"en-US\",\"@id\":\"https:\/\/www.visit-ulcinj.com\/blog\/2010\/10\/27\/bardhi-ulcinjski-izbori-neregularni\/#primaryimage\",\"url\":\"https:\/\/www.visit-ulcinj.com\/blog\/wp-content\/uploads\/2010\/10\/Bardhi_-Ulcinjski-izbori-neregularni.jpg\",\"contentUrl\":\"https:\/\/www.visit-ulcinj.com\/blog\/wp-content\/uploads\/2010\/10\/Bardhi_-Ulcinjski-izbori-neregularni.jpg\",\"width\":\"407\",\"height\":\"637\"},{\"@type\":\"WebPage\",\"@id\":\"https:\/\/www.visit-ulcinj.com\/blog\/2010\/10\/27\/bardhi-ulcinjski-izbori-neregularni\/#webpage\",\"url\":\"https:\/\/www.visit-ulcinj.com\/blog\/2010\/10\/27\/bardhi-ulcinjski-izbori-neregularni\/\",\"name\":\"Bardhi: Ulcinjski izbori neregularni - Lajme nga Ulqini\",\"isPartOf\":{\"@id\":\"https:\/\/www.visit-ulcinj.com\/blog\/#website\"},\"primaryImageOfPage\":{\"@id\":\"https:\/\/www.visit-ulcinj.com\/blog\/2010\/10\/27\/bardhi-ulcinjski-izbori-neregularni\/#primaryimage\"},\"datePublished\":\"2010-10-27T17:08:57+00:00\",\"dateModified\":\"2010-10-27T17:08:57+00:00\",\"author\":{\"@id\":\"https:\/\/www.visit-ulcinj.com\/blog\/#\/schema\/person\/dcab619c614d3038751c63bc2aadc06d\"},\"description\":\"Mehmet Bardhi pokrenuo pred ustavnim sudom postupak za poni\u0161tenje rje\u0161enja DIK-a Ulcinjski izbori neregularni \u00ab\u00a0Bardhi tvrdi da je DIK pogre\u0161no\",\"breadcrumb\":{\"@id\":\"https:\/\/www.visit-ulcinj.com\/blog\/2010\/10\/27\/bardhi-ulcinjski-izbori-neregularni\/#breadcrumb\"},\"inLanguage\":\"en-US\",\"potentialAction\":[{\"@type\":\"ReadAction\",\"target\":[\"https:\/\/www.visit-ulcinj.com\/blog\/2010\/10\/27\/bardhi-ulcinjski-izbori-neregularni\/\"]}]},{\"@type\":\"BreadcrumbList\",\"@id\":\"https:\/\/www.visit-ulcinj.com\/blog\/2010\/10\/27\/bardhi-ulcinjski-izbori-neregularni\/#breadcrumb\",\"itemListElement\":[{\"@type\":\"ListItem\",\"position\":1,\"name\":\"Bardhi: Ulcinjski izbori neregularni\"}]},{\"@type\":\"Person\",\"@id\":\"https:\/\/www.visit-ulcinj.com\/blog\/#\/schema\/person\/dcab619c614d3038751c63bc2aadc06d\",\"name\":\"ulqini\",\"sameAs\":[\"http:\/\/www.visit-ulcinj.com\"],\"url\":\"https:\/\/www.visit-ulcinj.com\/blog\/author\/admin\/\"}]}<\/script>\n<!-- \/ Yoast SEO plugin. -->","yoast_head_json":{"title":"Bardhi: Ulcinjski izbori neregularni - Lajme nga Ulqini","description":"Mehmet Bardhi pokrenuo pred ustavnim sudom postupak za poni\u0161tenje rje\u0161enja DIK-a Ulcinjski izbori neregularni \u00ab\u00a0Bardhi tvrdi da je DIK pogre\u0161no","robots":{"index":"index","follow":"follow","max-snippet":"max-snippet:-1","max-image-preview":"max-image-preview:large","max-video-preview":"max-video-preview:-1"},"canonical":"https:\/\/www.visit-ulcinj.com\/blog\/2010\/10\/27\/bardhi-ulcinjski-izbori-neregularni\/","og_locale":"en_US","og_type":"article","og_title":"Bardhi: Ulcinjski izbori neregularni - Lajme nga Ulqini","og_description":"Mehmet Bardhi pokrenuo pred ustavnim sudom postupak za poni\u0161tenje rje\u0161enja DIK-a Ulcinjski izbori neregularni \u00ab\u00a0Bardhi tvrdi da je DIK pogre\u0161no","og_url":"https:\/\/www.visit-ulcinj.com\/blog\/2010\/10\/27\/bardhi-ulcinjski-izbori-neregularni\/","og_site_name":"Lajme nga Ulqini","article_published_time":"2010-10-27T17:08:57+00:00","og_image":[{"url":"http:\/\/www.visit-ulcinj.com\/blog\/wp-content\/uploads\/2010\/10\/Bardhi_-Ulcinjski-izbori-neregularni.jpg"}],"twitter_misc":{"Written by":"ulqini","Est. reading time":"3 minutes"},"schema":{"@context":"https:\/\/schema.org","@graph":[{"@type":"WebSite","@id":"https:\/\/www.visit-ulcinj.com\/blog\/#website","url":"https:\/\/www.visit-ulcinj.com\/blog\/","name":"Lajme nga Ulqini","description":"Lajme,Vijesti,Ulqini,Ulqin,Crna Gora,Mali i Zi","potentialAction":[{"@type":"SearchAction","target":{"@type":"EntryPoint","urlTemplate":"https:\/\/www.visit-ulcinj.com\/blog\/?s={search_term_string}"},"query-input":"required name=search_term_string"}],"inLanguage":"en-US"},{"@type":"ImageObject","inLanguage":"en-US","@id":"https:\/\/www.visit-ulcinj.com\/blog\/2010\/10\/27\/bardhi-ulcinjski-izbori-neregularni\/#primaryimage","url":"https:\/\/www.visit-ulcinj.com\/blog\/wp-content\/uploads\/2010\/10\/Bardhi_-Ulcinjski-izbori-neregularni.jpg","contentUrl":"https:\/\/www.visit-ulcinj.com\/blog\/wp-content\/uploads\/2010\/10\/Bardhi_-Ulcinjski-izbori-neregularni.jpg","width":"407","height":"637"},{"@type":"WebPage","@id":"https:\/\/www.visit-ulcinj.com\/blog\/2010\/10\/27\/bardhi-ulcinjski-izbori-neregularni\/#webpage","url":"https:\/\/www.visit-ulcinj.com\/blog\/2010\/10\/27\/bardhi-ulcinjski-izbori-neregularni\/","name":"Bardhi: Ulcinjski izbori neregularni - Lajme nga Ulqini","isPartOf":{"@id":"https:\/\/www.visit-ulcinj.com\/blog\/#website"},"primaryImageOfPage":{"@id":"https:\/\/www.visit-ulcinj.com\/blog\/2010\/10\/27\/bardhi-ulcinjski-izbori-neregularni\/#primaryimage"},"datePublished":"2010-10-27T17:08:57+00:00","dateModified":"2010-10-27T17:08:57+00:00","author":{"@id":"https:\/\/www.visit-ulcinj.com\/blog\/#\/schema\/person\/dcab619c614d3038751c63bc2aadc06d"},"description":"Mehmet Bardhi pokrenuo pred ustavnim sudom postupak za poni\u0161tenje rje\u0161enja DIK-a Ulcinjski izbori neregularni \u00ab\u00a0Bardhi tvrdi da je DIK pogre\u0161no","breadcrumb":{"@id":"https:\/\/www.visit-ulcinj.com\/blog\/2010\/10\/27\/bardhi-ulcinjski-izbori-neregularni\/#breadcrumb"},"inLanguage":"en-US","potentialAction":[{"@type":"ReadAction","target":["https:\/\/www.visit-ulcinj.com\/blog\/2010\/10\/27\/bardhi-ulcinjski-izbori-neregularni\/"]}]},{"@type":"BreadcrumbList","@id":"https:\/\/www.visit-ulcinj.com\/blog\/2010\/10\/27\/bardhi-ulcinjski-izbori-neregularni\/#breadcrumb","itemListElement":[{"@type":"ListItem","position":1,"name":"Bardhi: Ulcinjski izbori neregularni"}]},{"@type":"Person","@id":"https:\/\/www.visit-ulcinj.com\/blog\/#\/schema\/person\/dcab619c614d3038751c63bc2aadc06d","name":"ulqini","sameAs":["http:\/\/www.visit-ulcinj.com"],"url":"https:\/\/www.visit-ulcinj.com\/blog\/author\/admin\/"}]}},"jetpack_featured_media_url":"","jetpack_sharing_enabled":true,"jetpack_shortlink":"https:\/\/wp.me\/pe6lTn-a7e","_links":{"self":[{"href":"https:\/\/www.visit-ulcinj.com\/blog\/wp-json\/wp\/v2\/posts\/38888"}],"collection":[{"href":"https:\/\/www.visit-ulcinj.com\/blog\/wp-json\/wp\/v2\/posts"}],"about":[{"href":"https:\/\/www.visit-ulcinj.com\/blog\/wp-json\/wp\/v2\/types\/post"}],"author":[{"embeddable":true,"href":"https:\/\/www.visit-ulcinj.com\/blog\/wp-json\/wp\/v2\/users\/1"}],"replies":[{"embeddable":true,"href":"https:\/\/www.visit-ulcinj.com\/blog\/wp-json\/wp\/v2\/comments?post=38888"}],"version-history":[{"count":0,"href":"https:\/\/www.visit-ulcinj.com\/blog\/wp-json\/wp\/v2\/posts\/38888\/revisions"}],"wp:attachment":[{"href":"https:\/\/www.visit-ulcinj.com\/blog\/wp-json\/wp\/v2\/media?parent=38888"}],"wp:term":[{"taxonomy":"category","embeddable":true,"href":"https:\/\/www.visit-ulcinj.com\/blog\/wp-json\/wp\/v2\/categories?post=38888"},{"taxonomy":"post_tag","embeddable":true,"href":"https:\/\/www.visit-ulcinj.com\/blog\/wp-json\/wp\/v2\/tags?post=38888"}],"curies":[{"name":"wp","href":"https:\/\/api.w.org\/{rel}","templated":true}]}}