{"id":389,"date":"2008-02-05T14:08:46","date_gmt":"2008-02-05T19:08:46","guid":{"rendered":"http:\/\/www.visit-ulcinj.com\/blog\/2008\/02\/05\/nga-java-plushana-cakuli-thot-kam-deshire-te-kendoj%e2%80%a6-2\/"},"modified":"2008-02-12T20:44:42","modified_gmt":"2008-02-13T01:44:42","slug":"nga-java-plushana-cakuli-thot-kam-deshire-te-kendoj%e2%80%a6-2","status":"publish","type":"post","link":"https:\/\/www.visit-ulcinj.com\/blog\/2008\/02\/05\/nga-java-plushana-cakuli-thot-kam-deshire-te-kendoj%e2%80%a6-2\/","title":{"rendered":"Nga Java Plus:Hana Cakuli thot &#8211; Kam d\u00ebshir\u00eb t\u00eb k\u00ebndoj\u2026.."},"content":{"rendered":"<p><strong><img loading=\"lazy\" src=\"http:\/\/www.visit-ulcinj.com\/blog\/wp-content\/uploads\/2008\/02\/hana-cakuli-ulqin.jpg\" style=\"width: 245px; height: 360px\" align=\"left\" border=\"0\" height=\"443\" hspace=\"2\" vspace=\"2\" width=\"312\" \/>Hana:<\/strong> Jam pak n\u00eb siklet ta them biografin\u00eb time. Jam Hana, kam 17 vjet dhe nuk e mohoj se s\u00eb shpeti do t\u00eb b\u00ebj 18 vjet, por kam qejf t\u00eb them 17J Jam nx\u00ebn\u00ebse e vitit t\u00eb tret\u00eb t\u00eb gjimnazit, jam nj\u00eb k\u00ebng\u00ebtare, e cila ka d\u00ebshir\u00eb t\u00eb k\u00ebndoj\u00eb pop, rock dhe alternativ\u00eb. Kam t\u00eb realizuara tri k\u00ebng\u00eb dhe nj\u00eb videoklip, me t\u00eb cilin mora \u00e7mimin \u201cBest New Artist\u201d n\u00eb \u201cVideofest 2007\u201d. Mendoj se kam startuar mir\u00eb dhe shpresoj t\u00eb vazhdoj k\u00ebshtu. Nuk kam tjet\u00ebr \u00e7\u2019t\u00eb shtoj.<br \/>\n<strong>JavaPlus:<\/strong> Pse vendose t\u00eb merresh me muzik\u00eb?<br \/>\n<strong>Hana:<\/strong> Sepse e kam pasion dhe e kam qet\u00ebsim t\u00eb shpirtit\u2026kam d\u00ebshir\u00eb t\u00eb k\u00ebndoj&#8230;<br \/>\n<strong>JavaPlus:<\/strong> Kur je paraqitur publikisht p\u00ebr her\u00eb t\u00eb par\u00eb?<br \/>\n<strong>Hana:<\/strong> Paraqitja ime e par\u00eb ka qen\u00eb n\u00eb mosh\u00ebn 13 vje\u00e7are n\u00eb nj\u00eb radio t\u00eb Ulqinit, ku kam konkurruar me nj\u00eb k\u00ebng\u00eb dhe kam fituar\u2026k\u00ebshtu kam startuar me muzik\u00ebn, por q\u00eb z\u00ebri ka ndryshuar dhe paraqitja ime e par\u00eb do t\u00eb merrej paraqitja ime n\u00eb \u00ab Top Fest 3 \u00bb, me k\u00ebng\u00ebn \u201cNat\u00ebn kaloje me ne\u201d.<br \/>\n<strong>JavaPlus:<\/strong> N\u00eb \u00ab Top Fest 3 \u00bb je paraqitur me grup. Pse tash je vet?<br \/>\n<strong>Hana:<\/strong> Nuk e di, mbase arsyeja ka qen\u00eb t\u00eb mos ndihem vet\u00ebm p\u00ebr t\u00eb par\u00ebn her\u00eb dhe m\u00eb ka dh\u00ebn\u00eb at\u00eb lirin\u00eb\u2026m\u00eb von\u00eb e kam pas\u00eb forc\u00ebn dhe sigurin\u00eb t\u00eb dal vet\u00ebm n\u00eb sken\u00eb.<br \/>\nJavaPlus: \u00c7far\u00eb bashk\u00ebpunimi ke me koleg\u00ebt e tu. Cil\u00ebt i ve\u00e7on m\u00eb shum\u00eb: ata nga Shqip\u00ebria apo ata nga Kosova?<!--more--><br \/>\n<strong>Hana:<\/strong> Koh\u00ebve t\u00eb fundit kam m\u00eb shum\u00eb bisedime p\u00ebr bashk\u00ebpunim si me \u00ab Jericho \u00bb, \u00ab Cute Babulja \u00bb e producent\u00eb tjer\u00eb. Ata t\u00eb cil\u00ebt vler\u00ebsoj m\u00eb s\u00eb shumti jan\u00eb \u00ab Jericho \u00bb dhe \u00ab Cute Babulja \u00bb nga Kosova, nd\u00ebrsa nga Shqip\u00ebria m\u00eb p\u00eblqen Alban Sk\u00ebnderaj, Eneida Tarifaj, Jonida Maliqi, Mariza Ikonomi dhe shum\u00eb grupe t\u00eb tjera fantastike q\u00eb nuk po m\u00eb kutjohen n\u00eb k\u00ebto momente.<br \/>\n<strong>JavaPlus:<\/strong> A je prezente n\u00eb skenen e Malit t\u00eb Zi ashtu sikur n\u00eb sken\u00ebn shqiptare?<br \/>\n<strong>Hana:<\/strong> N\u00eb sken\u00ebn e Malit t\u00eb Zi jo, e n\u00eb sken\u00ebn e qytetit t\u00eb Ulqinit jam prezente n\u00ebp\u00ebr koncerte, ngjarje t\u00eb ndryshme q\u00eb organizohen, festivale pothuaj n\u00eb \u00e7do koncert dhe kam k\u00ebnaq\u00ebsi t\u00eb k\u00ebndoj para publikut t\u00eb Ulqinit. Sa i p\u00ebrket Malit t\u00eb Zi nuk kam qejf t\u00eb k\u00ebndoj p\u00ebr malazez\u00eb.<br \/>\n<strong>JavaPlus:<\/strong> Cilat jan\u00eb planet e tua?<br \/>\n<strong>Hana:<\/strong> P\u00ebrgjith\u00ebsisht nuk b\u00ebj plane, kam qejf t\u00eb vendos aty p\u00ebr aty, t\u00eb vendos cila \u00ebsht\u00eb gj\u00ebja e radh\u00ebs e duhur p\u00ebr t&#8217;u b\u00ebr\u00eb, hapi q\u00eb t\u00eb marr, por q\u00ebllim kryesor e kam albumin tim t\u00eb par\u00eb ta realizoj gjat\u00eb k\u00ebtij viti, n\u00eb t\u00eb cilin jam duke punuar.<br \/>\n<strong>JavaPlus:<\/strong> Me k\u00ebnd po bashk\u00ebpunon n\u00eb realizimin e albumit?<br \/>\n<strong>Hana:<\/strong> Kompozitor\u00ebt me t\u00eb cil\u00ebt kam bashk\u00ebpunuar deri n\u00eb k\u00ebto momente jan\u00eb Genti Lako dhe Iliros-Ilir Osmani, por ka bashk\u00ebpunime edhe me kompozitorin dhe liderin e \u201cCute Babules \u00bb, Gencin.<br \/>\n<strong>JavaPlus:<\/strong> A do kishe k\u00ebnduar edhe n\u00eb ndonj\u00eb zhan\u00ebr tjet\u00ebr pos alternativ\u00eb?<br \/>\n<strong>Hana:<\/strong> Po, patjet\u00ebr, kam k\u00ebnduar edhe n\u00eb zhanre tjera. Kam k\u00ebnduar madje n\u00eb nj\u00eb zhanr q\u00eb nuk m\u00eb p\u00eblqen si oper\u00eb artistike, meqen\u00ebse jam n\u00eb vitin e tret\u00eb t\u00eb solok\u00ebndimit, edhe pse nuk ka asgj\u00eb t\u00eb keqe n\u00eb k\u00ebt\u00eb zhanr dhe ka elemente t\u00eb shumta dhe disa vokalizma q\u00eb i p\u00ebrshtaten vokalit tim. Kam k\u00ebnduar pop dhe n\u00ebnzhanre t\u00eb rockut nga m\u00eb t\u00eb lehtat n\u00eb ato dark. Nuk e kam problem t\u00eb k\u00ebndoj n\u00eb shum\u00eb zhanre tjera, por nuk dua t\u00eb iki nga vetvetja dua t\u00eb mbetem gjithmon\u00eb te alternativja besoj.<br \/>\n<strong>JavaPlus:<\/strong> Si po shkon puna e konkurrimit n\u00eb \u00ab Top Fest 4 \u00bb?<br \/>\n<strong>Hana:<\/strong> N\u00eb \u00ab Top Fest 4 \u00bb \u00ebsht\u00eb paraqitja ime e dyt\u00eb. Mendoj se k\u00ebt\u00eb her\u00eb jam paraqitur me tep\u00ebr sukses, meqen\u00ebse jam k\u00ebng\u00ebtarja e par\u00eb q\u00eb ka shkel\u00eb sken\u00ebn e k\u00ebtij festivali k\u00ebt\u00eb vit. &#8220;\u00cbnd\u00ebrrat s&#8217;ndalen kurr\u00eb&#8221; \u00ebsht\u00eb k\u00ebnga me t\u00eb cil\u00ebn konkurroj dhe mendoj se po ec shum\u00eb mir\u00eb, p\u00ebr faktin se \u00ebsht\u00eb n\u00eb klasifikime shum\u00eb t\u00eb mira t\u00eb \u00ab Top Albania \u00bb radios.<br \/>\n<strong>JavaPlus:<\/strong> Pse po flet n\u00eb Standardin \u201972 kur je gjysm\u00ebprishtinase?<br \/>\n<strong>Hana:<\/strong> Mamin e kam nga Prishtina dhe i kam dy t\u00eb folura n\u00eb kok\u00ebn time. Puna ime n\u00eb radio ka ndikuar q\u00eb t\u00eb flas m\u00eb shum\u00eb n\u00eb gjuh\u00ebn letrare dhe arsyeja pse flas n\u00eb k\u00ebt\u00eb gjuh\u00eb \u00ebsht\u00eb se dua ta kem nj\u00eb mes\u2026.<br \/>\n<strong>JavaPlus:<\/strong> Cilat jan\u00eb aktivitetet tua tjera?<br \/>\n<strong>Hana:<\/strong> Merrem edhe me prezentimin n\u00eb radio. Kam nj\u00eb emision timin &#8220;Don&#8217;t Worry, Be Happy&#8221; tri her\u00eb n\u00eb jav\u00eb, po ashtu kam edhe nj\u00eb emision tjet\u00ebr me 20 k\u00ebng\u00ebt m\u00eb t\u00eb p\u00eblqyera t\u00eb jav\u00ebs n\u00eb \u00ab Elita Radio \u00bb t\u00eb Ulqinit. Prezentimi n\u00eb radio \u00ebsht\u00eb nj\u00eb tjet\u00ebr pasion imi, por jo sa muzika, mbase njer\u00ebzit q\u00eb merren nj\u00ebkoh\u00ebsisht me prezentim, muzik\u00eb ose film nuk dijn\u00eb t\u00eb b\u00ebjn\u00eb dallimin midis pasioneve t\u00eb tyre, por mua gjithmon\u00eb muzika m\u00eb t\u00ebrheq m\u00eb s\u00eb shumti.<br \/>\n<strong>JavaPlus:<\/strong> Kush ka ndikim n\u00eb muzik\u00ebn t\u00ebnde?<br \/>\n<strong>Hana:<\/strong> Ndikimin m\u00eb t\u00eb madh e ka pas\u00eb k\u00ebng\u00ebtarja Anouk. Nuk mund ta quaj idhull, por \u00ebsht\u00eb k\u00ebng\u00ebtarja, muzika e t\u00eb cil\u00ebs m\u00eb s\u00eb shumti m\u00eb p\u00eblqen. \u00ab Guano Apes\u201d po ashtu m\u00eb p\u00eblqejn\u00eb shum\u00eb dhe \u201cSystem of A Down\u201d. K\u00ebta tre hyn\u00eb n\u00eb treshen e par\u00eb e mandej vazhdojn\u00eb tjer\u00ebt prej kalsik\u00ebve, t\u00eb rinjt\u00eb, punk, etj.<br \/>\n<strong>JavaPlus:<\/strong> A ke shoq\u00ebri n\u00eb Prishtin\u00eb?<br \/>\n<strong>Hana:<\/strong> Po, sigurisht, sepse vi n\u00eb Prishtin\u00eb qysh nga mosha 0 dhe kam krijuar shoq\u00ebri. Kam shum\u00eb shok\u00eb e shoqe, e besoj t\u00eb kem po aq shum\u00eb edhe fansa. Kam edhe n\u00eb Ulqin ku jetoj edhe n\u00eb Shqip\u00ebri, k\u00ebshtu q\u00eb kam shoq\u00ebri n\u00eb gjith\u00eb shqiptarin\u00eb.<br \/>\n<strong>JavaPlus:<\/strong> Si e prite shp\u00ebrblimin n\u00eb \u00ab VideoFest \u00bb? Ishte kjo hera e par\u00eb q\u00eb shp\u00ebrblehesh me nj\u00eb \u00e7mim?<br \/>\n<strong>Hana:<\/strong> \u00c7mimin \u00ab Best New Artist \u00bb n\u00eb \u00ab VideoFest \u00bb mund ta quaj si trofeun tim t\u00eb par\u00eb, nd\u00ebrsa \u00e7mim mora n\u00eb gar\u00ebn republikane n\u00eb sfer\u00ebn e solok\u00ebndimit n\u00eb kategorin\u00eb e fundit, pasi e kisha mosh\u00ebn e till\u00eb dhe mora vendin e dyt\u00eb. K\u00ebt\u00eb mund ta quaj trofe dhe nj\u00eb \u00e7mim shum\u00eb t\u00eb mir\u00eb, pasi n\u00eb \u00ab Top Fest 3 \u00bb isha nominuar n\u00eb t\u00eb nj\u00ebjt\u00ebn kategori, por ma mor\u00ebn aty dhe k\u00ebt\u00eb nuk doja ta ma merrnin se e d\u00ebshiroja shum\u00eb dhe shpresoj ta kem merituar. Kur e kam marr shp\u00ebrblimin kam qen\u00eb n\u00eb shok, kjo \u00ebshta fjala e duhur se kam qen\u00eb e shokuar. Nuk dija a duhet t\u00eb dal, a duhet t\u00eb flas dhe nuk e di n\u00ebse e keni pa fjalimin tim e kam filluar me &#8216;A duhet t\u00eb flas bash?&#8217;, sepse s&#8217;dija si t\u00eb reagoja, si t\u00eb besoja. E kam prit\u00eb \u00e7mimin se kam punuar me shum\u00eb dashuri dhe pun\u00eb n\u00eb k\u00ebt\u00eb videoklip dhe k\u00ebng\u00eb gjithashtu. E prisja k\u00ebt\u00eb \u00e7mim dhe kisha komente t\u00eb mria nga njer\u00ebzit, por prap\u00eb nuk mund ta besoja, sepse isha e shokuar dhe ky ishte shok pozitiv.<br \/>\n<strong>JavaPlus:<\/strong> A pret shp\u00ebrblim n\u00eb \u201cTop Fest 4\u201d?<br \/>\n<strong>Hana:<\/strong> Sa i p\u00ebrket \u201cTop Fest 4\u201d nuk i di, nominimet ka koh\u00eb p\u00ebr t&#8217;u lajm\u00ebruar ato dhe nuk di n\u00ebse do nominohem ose t\u00eb vazhdoj me konkurrim ende.<br \/>\n<strong>JavaPlus:<\/strong> Sa ke kritika p\u00ebr muzik\u00ebn t\u00ebnde?<br \/>\n<strong>Hana:<\/strong> Kam pak kritika negative dhe pozitive p\u00ebr k\u00ebng\u00ebt e mia. Secili ka qen\u00eb n\u00eb shijen dhe mendimin e vet. Kritikat q\u00eb i kam vler\u00ebsuar sigurisht m\u00eb s\u00eb shumti jan\u00eb nga muzikolog\u00ebt dhe k\u00ebng\u00ebtar\u00ebt e ndrysh\u00ebm t\u00eb m\u00ebdhenj q\u00eb i \u00e7moj. Nga ta kam marr\u00eb kritika negative fillimisht, por edhe pozitive, t\u00eb cilat i marr me nj\u00eb p\u00ebrqafim t\u00eb mir\u00eb.<br \/>\n<strong>JavaPlus:<\/strong> Sa \u00ebsht\u00eb e r\u00ebnd\u00ebsishme pamja p\u00ebr nj\u00eb k\u00ebng\u00ebtare, sipas teje?<br \/>\n<strong>Hana:<\/strong> Pamja patjet\u00ebr duhet t\u00eb jet\u00eb shum\u00eb e r\u00ebnd\u00ebsishm\u00eb p\u00ebr nj\u00eb k\u00ebng\u00ebtare. Un\u00eb e di p\u00ebr veten time si kam<img loading=\"lazy\" src=\"http:\/\/www.visit-ulcinj.com\/blog\/wp-content\/uploads\/2008\/02\/hana-cakuli.thumbnail.jpg\" align=\"right\" border=\"0\" height=\"94\" hspace=\"2\" vspace=\"2\" width=\"128\" \/> ndonj\u00eb pjes\u00ebmarrje kam pyetjen n\u00eb kok\u00ebn time se \u00e7far\u00eb do t\u00eb vesh. pyetja &#8216;\u00e7far\u00eb do t\u00eb vesh&#8221; do t\u00eb gjej\u00eb nj\u00eb p\u00ebrgjigjje q\u00eb pamja do t\u00eb jet\u00eb sa m\u00eb komforte p\u00ebr mua dhe patjet\u00ebr duhet t\u00eb p\u00ebrshtat\u00ebsh pamjen me k\u00ebng\u00ebn t\u00ebnde. K\u00ebnga &#8220;Mendoj t\u00eb fluturoj&#8221; \u00ebsht\u00eb k\u00ebng\u00eb e gjall\u00eb dhe p\u00ebr k\u00ebt\u00eb kam menduar t\u00eb vesh k\u00ebpuc\u00eb t\u00eb rrafshta dhe t\u00eb vesh di\u00e7ka komfore q\u00eb t\u00eb jem e lir\u00eb t\u00eb b\u00ebj l\u00ebvizje sa m\u00eb shum\u00eb p\u00ebr videoklipin e saj. P\u00ebr k\u00ebng\u00eb m\u00eb t\u00eb lehta do t\u00eb kisha veshur di\u00e7ka jo t\u00eb rehatshme si k\u00ebpuc\u00eb t\u00eb larta. Kam v\u00ebrejtje p\u00ebr k\u00ebng\u00ebtaret q\u00eb po p\u00ebrq\u00ebndrohen te ekspozimi i bukurise s\u00eb tyre e jo te k\u00ebnga e tyre, edhe pse bukuria e tyre nuk ka nevoj\u00eb p\u00ebr ekspozim t\u00eb tep\u00ebrt. Modeleve u lejohet ekspozimi, por t\u00eb mos shkojm\u00eb te modelet, por te k\u00ebnga, te k\u00ebng\u00ebtaret. Pamja flet edhe p\u00ebr karakterin e k\u00ebng\u00ebtarit, tregon se si ndiheshe dhe me nj\u00eb detal t\u00eb vog\u00ebl tregon se si e mendon nj\u00eb gj\u00eb dhe e mendon nj\u00eb gj\u00eb kur paraqitesh te publiku.Pamja tregon \u00e7far\u00eb stili ke dhe \u00e7ka ka brenda teje.<br \/>\n<strong>\u00a9 by Gazetajava.com<br \/>\n<\/strong><\/p>\n","protected":false},"excerpt":{"rendered":"<p><img loading=\"lazy\" src=\"http:\/\/www.visit-ulcinj.com\/blog\/wp-content\/uploads\/2008\/02\/hana-cakuli-ulqin.jpg\" height=\"140\" width=\"140\" \/><\/p>\n","protected":false},"author":1,"featured_media":0,"comment_status":"open","ping_status":"closed","sticky":false,"template":"","format":"standard","meta":{"spay_email":"","jetpack_publicize_message":"","jetpack_is_tweetstorm":false,"jetpack_publicize_feature_enabled":true},"categories":[1],"tags":[],"jetpack_publicize_connections":[],"yoast_head":"<!-- This site is optimized with the Yoast SEO plugin v19.1 - https:\/\/yoast.com\/wordpress\/plugins\/seo\/ -->\n<title>Nga Java Plus:Hana Cakuli thot - Kam d\u00ebshir\u00eb t\u00eb k\u00ebndoj\u2026.. - Lajme nga Ulqini<\/title>\n<meta name=\"robots\" content=\"index, follow, max-snippet:-1, max-image-preview:large, max-video-preview:-1\" \/>\n<link rel=\"canonical\" href=\"https:\/\/www.visit-ulcinj.com\/blog\/2008\/02\/05\/nga-java-plushana-cakuli-thot-kam-deshire-te-kendoj\u2026-2\/\" \/>\n<meta property=\"og:locale\" content=\"en_US\" \/>\n<meta property=\"og:type\" content=\"article\" \/>\n<meta property=\"og:title\" content=\"Nga Java Plus:Hana Cakuli thot - Kam d\u00ebshir\u00eb t\u00eb k\u00ebndoj\u2026.. - Lajme nga Ulqini\" \/>\n<meta property=\"og:url\" content=\"https:\/\/www.visit-ulcinj.com\/blog\/2008\/02\/05\/nga-java-plushana-cakuli-thot-kam-deshire-te-kendoj\u2026-2\/\" \/>\n<meta property=\"og:site_name\" content=\"Lajme nga Ulqini\" \/>\n<meta property=\"article:published_time\" content=\"2008-02-05T19:08:46+00:00\" \/>\n<meta property=\"article:modified_time\" content=\"2008-02-13T01:44:42+00:00\" \/>\n<meta property=\"og:image\" content=\"http:\/\/www.visit-ulcinj.com\/blog\/wp-content\/uploads\/2008\/02\/hana-cakuli-ulqin.jpg\" \/>\n<meta name=\"twitter:label1\" content=\"Written by\" \/>\n\t<meta name=\"twitter:data1\" content=\"ulqini\" \/>\n\t<meta name=\"twitter:label2\" content=\"Est. reading time\" \/>\n\t<meta name=\"twitter:data2\" content=\"8 minutes\" \/>\n<script type=\"application\/ld+json\" class=\"yoast-schema-graph\">{\"@context\":\"https:\/\/schema.org\",\"@graph\":[{\"@type\":\"WebSite\",\"@id\":\"https:\/\/www.visit-ulcinj.com\/blog\/#website\",\"url\":\"https:\/\/www.visit-ulcinj.com\/blog\/\",\"name\":\"Lajme nga Ulqini\",\"description\":\"Lajme,Vijesti,Ulqini,Ulqin,Crna Gora,Mali i Zi\",\"potentialAction\":[{\"@type\":\"SearchAction\",\"target\":{\"@type\":\"EntryPoint\",\"urlTemplate\":\"https:\/\/www.visit-ulcinj.com\/blog\/?s={search_term_string}\"},\"query-input\":\"required name=search_term_string\"}],\"inLanguage\":\"en-US\"},{\"@type\":\"ImageObject\",\"inLanguage\":\"en-US\",\"@id\":\"https:\/\/www.visit-ulcinj.com\/blog\/2008\/02\/05\/nga-java-plushana-cakuli-thot-kam-deshire-te-kendoj%e2%80%a6-2\/#primaryimage\",\"url\":\"http:\/\/www.visit-ulcinj.com\/blog\/wp-content\/uploads\/2008\/02\/hana-cakuli-ulqin.jpg\",\"contentUrl\":\"http:\/\/www.visit-ulcinj.com\/blog\/wp-content\/uploads\/2008\/02\/hana-cakuli-ulqin.jpg\"},{\"@type\":\"WebPage\",\"@id\":\"https:\/\/www.visit-ulcinj.com\/blog\/2008\/02\/05\/nga-java-plushana-cakuli-thot-kam-deshire-te-kendoj%e2%80%a6-2\/#webpage\",\"url\":\"https:\/\/www.visit-ulcinj.com\/blog\/2008\/02\/05\/nga-java-plushana-cakuli-thot-kam-deshire-te-kendoj%e2%80%a6-2\/\",\"name\":\"Nga Java Plus:Hana Cakuli thot - Kam d\u00ebshir\u00eb t\u00eb k\u00ebndoj\u2026.. - Lajme nga Ulqini\",\"isPartOf\":{\"@id\":\"https:\/\/www.visit-ulcinj.com\/blog\/#website\"},\"primaryImageOfPage\":{\"@id\":\"https:\/\/www.visit-ulcinj.com\/blog\/2008\/02\/05\/nga-java-plushana-cakuli-thot-kam-deshire-te-kendoj%e2%80%a6-2\/#primaryimage\"},\"datePublished\":\"2008-02-05T19:08:46+00:00\",\"dateModified\":\"2008-02-13T01:44:42+00:00\",\"author\":{\"@id\":\"https:\/\/www.visit-ulcinj.com\/blog\/#\/schema\/person\/dcab619c614d3038751c63bc2aadc06d\"},\"breadcrumb\":{\"@id\":\"https:\/\/www.visit-ulcinj.com\/blog\/2008\/02\/05\/nga-java-plushana-cakuli-thot-kam-deshire-te-kendoj%e2%80%a6-2\/#breadcrumb\"},\"inLanguage\":\"en-US\",\"potentialAction\":[{\"@type\":\"ReadAction\",\"target\":[\"https:\/\/www.visit-ulcinj.com\/blog\/2008\/02\/05\/nga-java-plushana-cakuli-thot-kam-deshire-te-kendoj%e2%80%a6-2\/\"]}]},{\"@type\":\"BreadcrumbList\",\"@id\":\"https:\/\/www.visit-ulcinj.com\/blog\/2008\/02\/05\/nga-java-plushana-cakuli-thot-kam-deshire-te-kendoj%e2%80%a6-2\/#breadcrumb\",\"itemListElement\":[{\"@type\":\"ListItem\",\"position\":1,\"name\":\"Nga Java Plus:Hana Cakuli thot &#8211; Kam d\u00ebshir\u00eb t\u00eb k\u00ebndoj\u2026..\"}]},{\"@type\":\"Person\",\"@id\":\"https:\/\/www.visit-ulcinj.com\/blog\/#\/schema\/person\/dcab619c614d3038751c63bc2aadc06d\",\"name\":\"ulqini\",\"sameAs\":[\"http:\/\/www.visit-ulcinj.com\"],\"url\":\"https:\/\/www.visit-ulcinj.com\/blog\/author\/admin\/\"}]}<\/script>\n<!-- \/ Yoast SEO plugin. -->","yoast_head_json":{"title":"Nga Java Plus:Hana Cakuli thot - Kam d\u00ebshir\u00eb t\u00eb k\u00ebndoj\u2026.. - Lajme nga Ulqini","robots":{"index":"index","follow":"follow","max-snippet":"max-snippet:-1","max-image-preview":"max-image-preview:large","max-video-preview":"max-video-preview:-1"},"canonical":"https:\/\/www.visit-ulcinj.com\/blog\/2008\/02\/05\/nga-java-plushana-cakuli-thot-kam-deshire-te-kendoj\u2026-2\/","og_locale":"en_US","og_type":"article","og_title":"Nga Java Plus:Hana Cakuli thot - Kam d\u00ebshir\u00eb t\u00eb k\u00ebndoj\u2026.. - Lajme nga Ulqini","og_url":"https:\/\/www.visit-ulcinj.com\/blog\/2008\/02\/05\/nga-java-plushana-cakuli-thot-kam-deshire-te-kendoj\u2026-2\/","og_site_name":"Lajme nga Ulqini","article_published_time":"2008-02-05T19:08:46+00:00","article_modified_time":"2008-02-13T01:44:42+00:00","og_image":[{"url":"http:\/\/www.visit-ulcinj.com\/blog\/wp-content\/uploads\/2008\/02\/hana-cakuli-ulqin.jpg"}],"twitter_misc":{"Written by":"ulqini","Est. reading time":"8 minutes"},"schema":{"@context":"https:\/\/schema.org","@graph":[{"@type":"WebSite","@id":"https:\/\/www.visit-ulcinj.com\/blog\/#website","url":"https:\/\/www.visit-ulcinj.com\/blog\/","name":"Lajme nga Ulqini","description":"Lajme,Vijesti,Ulqini,Ulqin,Crna Gora,Mali i Zi","potentialAction":[{"@type":"SearchAction","target":{"@type":"EntryPoint","urlTemplate":"https:\/\/www.visit-ulcinj.com\/blog\/?s={search_term_string}"},"query-input":"required name=search_term_string"}],"inLanguage":"en-US"},{"@type":"ImageObject","inLanguage":"en-US","@id":"https:\/\/www.visit-ulcinj.com\/blog\/2008\/02\/05\/nga-java-plushana-cakuli-thot-kam-deshire-te-kendoj%e2%80%a6-2\/#primaryimage","url":"http:\/\/www.visit-ulcinj.com\/blog\/wp-content\/uploads\/2008\/02\/hana-cakuli-ulqin.jpg","contentUrl":"http:\/\/www.visit-ulcinj.com\/blog\/wp-content\/uploads\/2008\/02\/hana-cakuli-ulqin.jpg"},{"@type":"WebPage","@id":"https:\/\/www.visit-ulcinj.com\/blog\/2008\/02\/05\/nga-java-plushana-cakuli-thot-kam-deshire-te-kendoj%e2%80%a6-2\/#webpage","url":"https:\/\/www.visit-ulcinj.com\/blog\/2008\/02\/05\/nga-java-plushana-cakuli-thot-kam-deshire-te-kendoj%e2%80%a6-2\/","name":"Nga Java Plus:Hana Cakuli thot - Kam d\u00ebshir\u00eb t\u00eb k\u00ebndoj\u2026.. - Lajme nga Ulqini","isPartOf":{"@id":"https:\/\/www.visit-ulcinj.com\/blog\/#website"},"primaryImageOfPage":{"@id":"https:\/\/www.visit-ulcinj.com\/blog\/2008\/02\/05\/nga-java-plushana-cakuli-thot-kam-deshire-te-kendoj%e2%80%a6-2\/#primaryimage"},"datePublished":"2008-02-05T19:08:46+00:00","dateModified":"2008-02-13T01:44:42+00:00","author":{"@id":"https:\/\/www.visit-ulcinj.com\/blog\/#\/schema\/person\/dcab619c614d3038751c63bc2aadc06d"},"breadcrumb":{"@id":"https:\/\/www.visit-ulcinj.com\/blog\/2008\/02\/05\/nga-java-plushana-cakuli-thot-kam-deshire-te-kendoj%e2%80%a6-2\/#breadcrumb"},"inLanguage":"en-US","potentialAction":[{"@type":"ReadAction","target":["https:\/\/www.visit-ulcinj.com\/blog\/2008\/02\/05\/nga-java-plushana-cakuli-thot-kam-deshire-te-kendoj%e2%80%a6-2\/"]}]},{"@type":"BreadcrumbList","@id":"https:\/\/www.visit-ulcinj.com\/blog\/2008\/02\/05\/nga-java-plushana-cakuli-thot-kam-deshire-te-kendoj%e2%80%a6-2\/#breadcrumb","itemListElement":[{"@type":"ListItem","position":1,"name":"Nga Java Plus:Hana Cakuli thot &#8211; Kam d\u00ebshir\u00eb t\u00eb k\u00ebndoj\u2026.."}]},{"@type":"Person","@id":"https:\/\/www.visit-ulcinj.com\/blog\/#\/schema\/person\/dcab619c614d3038751c63bc2aadc06d","name":"ulqini","sameAs":["http:\/\/www.visit-ulcinj.com"],"url":"https:\/\/www.visit-ulcinj.com\/blog\/author\/admin\/"}]}},"jetpack_featured_media_url":"","jetpack_sharing_enabled":true,"jetpack_shortlink":"https:\/\/wp.me\/pe6lTn-6h","_links":{"self":[{"href":"https:\/\/www.visit-ulcinj.com\/blog\/wp-json\/wp\/v2\/posts\/389"}],"collection":[{"href":"https:\/\/www.visit-ulcinj.com\/blog\/wp-json\/wp\/v2\/posts"}],"about":[{"href":"https:\/\/www.visit-ulcinj.com\/blog\/wp-json\/wp\/v2\/types\/post"}],"author":[{"embeddable":true,"href":"https:\/\/www.visit-ulcinj.com\/blog\/wp-json\/wp\/v2\/users\/1"}],"replies":[{"embeddable":true,"href":"https:\/\/www.visit-ulcinj.com\/blog\/wp-json\/wp\/v2\/comments?post=389"}],"version-history":[{"count":0,"href":"https:\/\/www.visit-ulcinj.com\/blog\/wp-json\/wp\/v2\/posts\/389\/revisions"}],"wp:attachment":[{"href":"https:\/\/www.visit-ulcinj.com\/blog\/wp-json\/wp\/v2\/media?parent=389"}],"wp:term":[{"taxonomy":"category","embeddable":true,"href":"https:\/\/www.visit-ulcinj.com\/blog\/wp-json\/wp\/v2\/categories?post=389"},{"taxonomy":"post_tag","embeddable":true,"href":"https:\/\/www.visit-ulcinj.com\/blog\/wp-json\/wp\/v2\/tags?post=389"}],"curies":[{"name":"wp","href":"https:\/\/api.w.org\/{rel}","templated":true}]}}