{"id":38900,"date":"2010-10-27T23:08:36","date_gmt":"2010-10-27T21:08:36","guid":{"rendered":"http:\/\/www.visit-ulcinj.com\/blog\/?p=38900"},"modified":"2010-10-27T23:08:36","modified_gmt":"2010-10-27T21:08:36","slug":"tahiri-dhe-curoviqi-nder-me-te-miret","status":"publish","type":"post","link":"https:\/\/www.visit-ulcinj.com\/blog\/2010\/10\/27\/tahiri-dhe-curoviqi-nder-me-te-miret\/","title":{"rendered":"Tahiri dhe Curoviqi nd\u00ebr m\u00eb t\u00eb mir\u00ebt"},"content":{"rendered":"<p><strong><a href=\"http:\/\/www.visit-ulcinj.com\/blog\/wp-content\/uploads\/2010\/10\/KARATE-CLUB-ULQINI_.jpg\"><img loading=\"lazy\" class=\"alignleft size-full wp-image-38901\" title=\"KARATE CLUB ULQINI_\" src=\"http:\/\/www.visit-ulcinj.com\/blog\/wp-content\/uploads\/2010\/10\/KARATE-CLUB-ULQINI_.jpg\" alt=\"\" width=\"490\" height=\"380\" \/><\/a>Garuesit e Klubit t\u00eb Karates\u00eb \u201cUlqini\u201d vazhdojn\u00eb t\u00eb jen\u00eb nd\u00ebr m\u00eb t\u00eb mir\u00ebt edhe n\u00eb arenat nd\u00ebrkomb\u00ebtare<\/strong><\/p>\n<p>M\u00eb 24 tetor 2010 n\u00eb Prishtin\u00eb u mbajt turneu nd\u00ebrkomb\u00ebtar i karates\u00eb \u201cPrishtina Open 2010\u201d, n\u00eb t\u00eb cilin mor\u00ebn pjes\u00eb edhe dy garues nga Klubi i karates\u00eb \u201cUlqini\u201d Kreshnik Tahiri dhe Viktor Curoviq.<\/p>\n<p>Tahiri u kuror\u00ebzua me medaljen e art\u00eb n\u00eb luft\u00ebra n\u00eb kategorin\u00eb -84 kg, nd\u00ebrsa Viktor Curoviqi n\u00eb at\u00eb -68 kg u kuror\u00ebzua me medaljen e argjendt\u00eb.<\/p>\n<p>Kjo ishte nj\u00eb gar\u00eb shum\u00eb e fort\u00eb me nj\u00eb konkurrenc\u00eb tep\u00ebr t\u00eb madhe.<\/p>\n<p>Dy garuesit ton\u00eb jan\u00eb student\u00eb n\u00eb Universitetin e Prishtin\u00ebs dhe atje edhe kan\u00eb vazhduar me st\u00ebrvitje. Natyrisht se koh\u00eb pas kohe ata vijn\u00eb n\u00eb Ulqin dhe st\u00ebrviten n\u00eb klubin e tyre am\u00eb, klubin e karates\u00eb \u201cUlqini\u201d, ngjyrat e t\u00eb cilit i mbrojn\u00eb n\u00ebp\u00ebr gara ku marrin pjes\u00eb.<\/p>\n<p>Po ashtu, karateist\u00ebt e Klubit t\u00eb Karates\u00eb \u201cUlqini\u201d m\u00eb 30 tetor 2010 n\u00eb Gjilan t\u00eb Kosov\u00ebs do t\u00eb marrin pjes\u00eb n\u00eb Turneun e V nd\u00ebrkomb\u00ebtar t\u00eb karates\u00eb \u201cKatana open 2010\u201d, e cila \u00ebsht\u00eb nd\u00ebr garat m\u00eb t\u00eb mira dhe m\u00eb t\u00eb organizuara n\u00eb Kosov\u00eb.<\/p>\n<p>Shpresojm\u00eb q\u00eb edhe k\u00ebsaj here do t\u00eb kthehemi si m\u00eb t\u00eb mir\u00ebt e Turneut, pasi q\u00eb k\u00ebt\u00eb e kemi b\u00ebr\u00eb t\u00eb gjitha vitet m\u00eb par\u00eb.<\/p>\n<p>Fal\u00ebnderojm\u00eb organizatorin e gar\u00ebs n\u00eb Gjilan, mikun ton\u00eb, z. Maliq Maliqin p\u00ebr ftes\u00ebn dhe p\u00ebr mikpritjen q\u00eb na b\u00ebn tash disa vite me radh\u00eb.<\/p>\n<!--YouTube Error: bad URL entered-->\n","protected":false},"excerpt":{"rendered":"<p>Garuesit e Klubit t\u00eb Karates\u00eb \u201cUlqini\u201d vazhdojn\u00eb t\u00eb jen\u00eb nd\u00ebr m\u00eb t\u00eb mir\u00ebt edhe n\u00eb arenat nd\u00ebrkomb\u00ebtare M\u00eb 24 tetor 2010 n\u00eb Prishtin\u00eb u mbajt turneu nd\u00ebrkomb\u00ebtar i karates\u00eb \u201cPrishtina Open 2010\u201d, n\u00eb t\u00eb cilin mor\u00ebn pjes\u00eb edhe dy garues nga Klubi i karates\u00eb \u201cUlqini\u201d Kreshnik Tahiri dhe Viktor Curoviq. Tahiri u kuror\u00ebzua me medaljen [&hellip;]<\/p>\n","protected":false},"author":1,"featured_media":0,"comment_status":"open","ping_status":"closed","sticky":false,"template":"","format":"standard","meta":{"spay_email":"","jetpack_publicize_message":"","jetpack_is_tweetstorm":false,"jetpack_publicize_feature_enabled":true},"categories":[3],"tags":[15905],"jetpack_publicize_connections":[],"yoast_head":"<!-- This site is optimized with the Yoast SEO plugin v19.1 - https:\/\/yoast.com\/wordpress\/plugins\/seo\/ -->\n<title>Tahiri dhe Curoviqi nd\u00ebr m\u00eb t\u00eb mir\u00ebt - Lajme nga Ulqini<\/title>\n<meta name=\"description\" content=\"Garuesit e Klubit t\u00eb Karates\u00eb \u201cUlqini\u201d vazhdojn\u00eb t\u00eb jen\u00eb nd\u00ebr m\u00eb t\u00eb mir\u00ebt edhe n\u00eb arenat nd\u00ebrkomb\u00ebtare M\u00eb 24 tetor 2010 n\u00eb Prishtin\u00eb u mbajt turneu\" \/>\n<meta name=\"robots\" content=\"index, follow, max-snippet:-1, max-image-preview:large, max-video-preview:-1\" \/>\n<link rel=\"canonical\" href=\"https:\/\/www.visit-ulcinj.com\/blog\/2010\/10\/27\/tahiri-dhe-curoviqi-nder-me-te-miret\/\" \/>\n<meta property=\"og:locale\" content=\"en_US\" \/>\n<meta property=\"og:type\" content=\"article\" \/>\n<meta property=\"og:title\" content=\"Tahiri dhe Curoviqi nd\u00ebr m\u00eb t\u00eb mir\u00ebt - Lajme nga Ulqini\" \/>\n<meta property=\"og:description\" content=\"Garuesit e Klubit t\u00eb Karates\u00eb \u201cUlqini\u201d vazhdojn\u00eb t\u00eb jen\u00eb nd\u00ebr m\u00eb t\u00eb mir\u00ebt edhe n\u00eb arenat nd\u00ebrkomb\u00ebtare M\u00eb 24 tetor 2010 n\u00eb Prishtin\u00eb u mbajt turneu\" \/>\n<meta property=\"og:url\" content=\"https:\/\/www.visit-ulcinj.com\/blog\/2010\/10\/27\/tahiri-dhe-curoviqi-nder-me-te-miret\/\" \/>\n<meta property=\"og:site_name\" content=\"Lajme nga Ulqini\" \/>\n<meta property=\"article:published_time\" content=\"2010-10-27T21:08:36+00:00\" \/>\n<meta property=\"og:image\" content=\"http:\/\/www.visit-ulcinj.com\/blog\/wp-content\/uploads\/2010\/10\/KARATE-CLUB-ULQINI_.jpg\" \/>\n<meta name=\"twitter:label1\" content=\"Written by\" \/>\n\t<meta name=\"twitter:data1\" content=\"ulqini\" \/>\n\t<meta name=\"twitter:label2\" content=\"Est. reading time\" \/>\n\t<meta name=\"twitter:data2\" content=\"1 minute\" \/>\n<script type=\"application\/ld+json\" class=\"yoast-schema-graph\">{\"@context\":\"https:\/\/schema.org\",\"@graph\":[{\"@type\":\"WebSite\",\"@id\":\"https:\/\/www.visit-ulcinj.com\/blog\/#website\",\"url\":\"https:\/\/www.visit-ulcinj.com\/blog\/\",\"name\":\"Lajme nga Ulqini\",\"description\":\"Lajme,Vijesti,Ulqini,Ulqin,Crna Gora,Mali i Zi\",\"potentialAction\":[{\"@type\":\"SearchAction\",\"target\":{\"@type\":\"EntryPoint\",\"urlTemplate\":\"https:\/\/www.visit-ulcinj.com\/blog\/?s={search_term_string}\"},\"query-input\":\"required name=search_term_string\"}],\"inLanguage\":\"en-US\"},{\"@type\":\"ImageObject\",\"inLanguage\":\"en-US\",\"@id\":\"https:\/\/www.visit-ulcinj.com\/blog\/2010\/10\/27\/tahiri-dhe-curoviqi-nder-me-te-miret\/#primaryimage\",\"url\":\"https:\/\/www.visit-ulcinj.com\/blog\/wp-content\/uploads\/2010\/10\/KARATE-CLUB-ULQINI_.jpg\",\"contentUrl\":\"https:\/\/www.visit-ulcinj.com\/blog\/wp-content\/uploads\/2010\/10\/KARATE-CLUB-ULQINI_.jpg\",\"width\":\"1182\",\"height\":\"896\"},{\"@type\":\"WebPage\",\"@id\":\"https:\/\/www.visit-ulcinj.com\/blog\/2010\/10\/27\/tahiri-dhe-curoviqi-nder-me-te-miret\/#webpage\",\"url\":\"https:\/\/www.visit-ulcinj.com\/blog\/2010\/10\/27\/tahiri-dhe-curoviqi-nder-me-te-miret\/\",\"name\":\"Tahiri dhe Curoviqi nd\u00ebr m\u00eb t\u00eb mir\u00ebt - Lajme nga Ulqini\",\"isPartOf\":{\"@id\":\"https:\/\/www.visit-ulcinj.com\/blog\/#website\"},\"primaryImageOfPage\":{\"@id\":\"https:\/\/www.visit-ulcinj.com\/blog\/2010\/10\/27\/tahiri-dhe-curoviqi-nder-me-te-miret\/#primaryimage\"},\"datePublished\":\"2010-10-27T21:08:36+00:00\",\"dateModified\":\"2010-10-27T21:08:36+00:00\",\"author\":{\"@id\":\"https:\/\/www.visit-ulcinj.com\/blog\/#\/schema\/person\/dcab619c614d3038751c63bc2aadc06d\"},\"description\":\"Garuesit e Klubit t\u00eb Karates\u00eb \u201cUlqini\u201d vazhdojn\u00eb t\u00eb jen\u00eb nd\u00ebr m\u00eb t\u00eb mir\u00ebt edhe n\u00eb arenat nd\u00ebrkomb\u00ebtare M\u00eb 24 tetor 2010 n\u00eb Prishtin\u00eb u mbajt turneu\",\"breadcrumb\":{\"@id\":\"https:\/\/www.visit-ulcinj.com\/blog\/2010\/10\/27\/tahiri-dhe-curoviqi-nder-me-te-miret\/#breadcrumb\"},\"inLanguage\":\"en-US\",\"potentialAction\":[{\"@type\":\"ReadAction\",\"target\":[\"https:\/\/www.visit-ulcinj.com\/blog\/2010\/10\/27\/tahiri-dhe-curoviqi-nder-me-te-miret\/\"]}]},{\"@type\":\"BreadcrumbList\",\"@id\":\"https:\/\/www.visit-ulcinj.com\/blog\/2010\/10\/27\/tahiri-dhe-curoviqi-nder-me-te-miret\/#breadcrumb\",\"itemListElement\":[{\"@type\":\"ListItem\",\"position\":1,\"name\":\"Tahiri dhe Curoviqi nd\u00ebr m\u00eb t\u00eb mir\u00ebt\"}]},{\"@type\":\"Person\",\"@id\":\"https:\/\/www.visit-ulcinj.com\/blog\/#\/schema\/person\/dcab619c614d3038751c63bc2aadc06d\",\"name\":\"ulqini\",\"sameAs\":[\"http:\/\/www.visit-ulcinj.com\"],\"url\":\"https:\/\/www.visit-ulcinj.com\/blog\/author\/admin\/\"}]}<\/script>\n<!-- \/ Yoast SEO plugin. -->","yoast_head_json":{"title":"Tahiri dhe Curoviqi nd\u00ebr m\u00eb t\u00eb mir\u00ebt - Lajme nga Ulqini","description":"Garuesit e Klubit t\u00eb Karates\u00eb \u201cUlqini\u201d vazhdojn\u00eb t\u00eb jen\u00eb nd\u00ebr m\u00eb t\u00eb mir\u00ebt edhe n\u00eb arenat nd\u00ebrkomb\u00ebtare M\u00eb 24 tetor 2010 n\u00eb Prishtin\u00eb u mbajt turneu","robots":{"index":"index","follow":"follow","max-snippet":"max-snippet:-1","max-image-preview":"max-image-preview:large","max-video-preview":"max-video-preview:-1"},"canonical":"https:\/\/www.visit-ulcinj.com\/blog\/2010\/10\/27\/tahiri-dhe-curoviqi-nder-me-te-miret\/","og_locale":"en_US","og_type":"article","og_title":"Tahiri dhe Curoviqi nd\u00ebr m\u00eb t\u00eb mir\u00ebt - Lajme nga Ulqini","og_description":"Garuesit e Klubit t\u00eb Karates\u00eb \u201cUlqini\u201d vazhdojn\u00eb t\u00eb jen\u00eb nd\u00ebr m\u00eb t\u00eb mir\u00ebt edhe n\u00eb arenat nd\u00ebrkomb\u00ebtare M\u00eb 24 tetor 2010 n\u00eb Prishtin\u00eb u mbajt turneu","og_url":"https:\/\/www.visit-ulcinj.com\/blog\/2010\/10\/27\/tahiri-dhe-curoviqi-nder-me-te-miret\/","og_site_name":"Lajme nga Ulqini","article_published_time":"2010-10-27T21:08:36+00:00","og_image":[{"url":"http:\/\/www.visit-ulcinj.com\/blog\/wp-content\/uploads\/2010\/10\/KARATE-CLUB-ULQINI_.jpg"}],"twitter_misc":{"Written by":"ulqini","Est. reading time":"1 minute"},"schema":{"@context":"https:\/\/schema.org","@graph":[{"@type":"WebSite","@id":"https:\/\/www.visit-ulcinj.com\/blog\/#website","url":"https:\/\/www.visit-ulcinj.com\/blog\/","name":"Lajme nga Ulqini","description":"Lajme,Vijesti,Ulqini,Ulqin,Crna Gora,Mali i Zi","potentialAction":[{"@type":"SearchAction","target":{"@type":"EntryPoint","urlTemplate":"https:\/\/www.visit-ulcinj.com\/blog\/?s={search_term_string}"},"query-input":"required name=search_term_string"}],"inLanguage":"en-US"},{"@type":"ImageObject","inLanguage":"en-US","@id":"https:\/\/www.visit-ulcinj.com\/blog\/2010\/10\/27\/tahiri-dhe-curoviqi-nder-me-te-miret\/#primaryimage","url":"https:\/\/www.visit-ulcinj.com\/blog\/wp-content\/uploads\/2010\/10\/KARATE-CLUB-ULQINI_.jpg","contentUrl":"https:\/\/www.visit-ulcinj.com\/blog\/wp-content\/uploads\/2010\/10\/KARATE-CLUB-ULQINI_.jpg","width":"1182","height":"896"},{"@type":"WebPage","@id":"https:\/\/www.visit-ulcinj.com\/blog\/2010\/10\/27\/tahiri-dhe-curoviqi-nder-me-te-miret\/#webpage","url":"https:\/\/www.visit-ulcinj.com\/blog\/2010\/10\/27\/tahiri-dhe-curoviqi-nder-me-te-miret\/","name":"Tahiri dhe Curoviqi nd\u00ebr m\u00eb t\u00eb mir\u00ebt - Lajme nga Ulqini","isPartOf":{"@id":"https:\/\/www.visit-ulcinj.com\/blog\/#website"},"primaryImageOfPage":{"@id":"https:\/\/www.visit-ulcinj.com\/blog\/2010\/10\/27\/tahiri-dhe-curoviqi-nder-me-te-miret\/#primaryimage"},"datePublished":"2010-10-27T21:08:36+00:00","dateModified":"2010-10-27T21:08:36+00:00","author":{"@id":"https:\/\/www.visit-ulcinj.com\/blog\/#\/schema\/person\/dcab619c614d3038751c63bc2aadc06d"},"description":"Garuesit e Klubit t\u00eb Karates\u00eb \u201cUlqini\u201d vazhdojn\u00eb t\u00eb jen\u00eb nd\u00ebr m\u00eb t\u00eb mir\u00ebt edhe n\u00eb arenat nd\u00ebrkomb\u00ebtare M\u00eb 24 tetor 2010 n\u00eb Prishtin\u00eb u mbajt turneu","breadcrumb":{"@id":"https:\/\/www.visit-ulcinj.com\/blog\/2010\/10\/27\/tahiri-dhe-curoviqi-nder-me-te-miret\/#breadcrumb"},"inLanguage":"en-US","potentialAction":[{"@type":"ReadAction","target":["https:\/\/www.visit-ulcinj.com\/blog\/2010\/10\/27\/tahiri-dhe-curoviqi-nder-me-te-miret\/"]}]},{"@type":"BreadcrumbList","@id":"https:\/\/www.visit-ulcinj.com\/blog\/2010\/10\/27\/tahiri-dhe-curoviqi-nder-me-te-miret\/#breadcrumb","itemListElement":[{"@type":"ListItem","position":1,"name":"Tahiri dhe Curoviqi nd\u00ebr m\u00eb t\u00eb mir\u00ebt"}]},{"@type":"Person","@id":"https:\/\/www.visit-ulcinj.com\/blog\/#\/schema\/person\/dcab619c614d3038751c63bc2aadc06d","name":"ulqini","sameAs":["http:\/\/www.visit-ulcinj.com"],"url":"https:\/\/www.visit-ulcinj.com\/blog\/author\/admin\/"}]}},"jetpack_featured_media_url":"","jetpack_sharing_enabled":true,"jetpack_shortlink":"https:\/\/wp.me\/pe6lTn-a7q","_links":{"self":[{"href":"https:\/\/www.visit-ulcinj.com\/blog\/wp-json\/wp\/v2\/posts\/38900"}],"collection":[{"href":"https:\/\/www.visit-ulcinj.com\/blog\/wp-json\/wp\/v2\/posts"}],"about":[{"href":"https:\/\/www.visit-ulcinj.com\/blog\/wp-json\/wp\/v2\/types\/post"}],"author":[{"embeddable":true,"href":"https:\/\/www.visit-ulcinj.com\/blog\/wp-json\/wp\/v2\/users\/1"}],"replies":[{"embeddable":true,"href":"https:\/\/www.visit-ulcinj.com\/blog\/wp-json\/wp\/v2\/comments?post=38900"}],"version-history":[{"count":0,"href":"https:\/\/www.visit-ulcinj.com\/blog\/wp-json\/wp\/v2\/posts\/38900\/revisions"}],"wp:attachment":[{"href":"https:\/\/www.visit-ulcinj.com\/blog\/wp-json\/wp\/v2\/media?parent=38900"}],"wp:term":[{"taxonomy":"category","embeddable":true,"href":"https:\/\/www.visit-ulcinj.com\/blog\/wp-json\/wp\/v2\/categories?post=38900"},{"taxonomy":"post_tag","embeddable":true,"href":"https:\/\/www.visit-ulcinj.com\/blog\/wp-json\/wp\/v2\/tags?post=38900"}],"curies":[{"name":"wp","href":"https:\/\/api.w.org\/{rel}","templated":true}]}}