{"id":38928,"date":"2010-10-28T19:20:08","date_gmt":"2010-10-28T17:20:08","guid":{"rendered":"http:\/\/www.visit-ulcinj.com\/blog\/?p=38928"},"modified":"2010-10-28T19:20:08","modified_gmt":"2010-10-28T17:20:08","slug":"malesoret-kerkojne-status-tjeter-per-tuzin","status":"publish","type":"post","link":"https:\/\/www.visit-ulcinj.com\/blog\/2010\/10\/28\/malesoret-kerkojne-status-tjeter-per-tuzin\/","title":{"rendered":"Mal\u00ebsor\u00ebt k\u00ebrkojn\u00eb status tjet\u00ebr p\u00ebr Tuzin"},"content":{"rendered":"<p><a href=\"http:\/\/www.visit-ulcinj.com\/blog\/wp-content\/uploads\/2010\/10\/Nikoll\u00eb-Camaj.jpg\"><img loading=\"lazy\" class=\"alignleft size-full wp-image-38929\" title=\"Nikoll\u00eb Camaj\" src=\"http:\/\/www.visit-ulcinj.com\/blog\/wp-content\/uploads\/2010\/10\/Nikoll\u00eb-Camaj.jpg\" alt=\"\" width=\"318\" height=\"238\" srcset=\"https:\/\/www.visit-ulcinj.com\/blog\/wp-content\/uploads\/2010\/10\/Nikoll\u00eb-Camaj.jpg 318w, https:\/\/www.visit-ulcinj.com\/blog\/wp-content\/uploads\/2010\/10\/Nikoll\u00eb-Camaj-300x224.jpg 300w\" sizes=\"(max-width: 318px) 100vw, 318px\" \/><\/a>Tuz, 28 tetor &#8211; Subjektet politike nacionale shqiptare vazhdojn\u00eb t\u00eb angazhohen p\u00ebr avancimin e Tuzit n\u00eb komun\u00eb me kapacitete t\u00eb plota, ashtu si\u00e7 jan\u00eb 21 komunat tjera n\u00eb Mal t\u00eb Zi.<\/p>\n<p>Kryetari i Lidhjes Demokratike n\u00eb Mal t\u00eb Zi \/LD n\u00eb MZ\/, dega n\u00eb Mal\u00ebsi, Nikoll\u00eb Camaj, sipas KosovaLive, vler\u00ebson se duhet t\u00eb formohet komisioni n\u00eb t\u00eb cilin p\u00ebrfaq\u00ebsuesit e Qeveris\u00eb, t\u00eb kryeqytetit dhe t\u00eb komunave urbane t\u00eb propozojn\u00eb ndryshime cil\u00ebsore t\u00eb Ligjit mbi kryeqytetin- Podgoric\u00ebn. Pik\u00ebrisht, ndryshimet e k\u00ebtij ligji ndodhen n\u00eb procedur\u00ebn kuvendare edhe pritet se si do t\u00eb reagimi kat\u00ebr deputet\u00ebt shqiptar\u00eb.<\/p>\n<p>N\u00eb LD n\u00eb MZ mendohet se \u00ebsht\u00eb koha e duhur q\u00eb t\u00eb b\u00ebhen ndryshime n\u00eb Ligjin mbi kryeqytetin q\u00eb Komuna urbane e Tuzit dhe simotrat e saj n\u00eb Mal t\u00eb Zi, t\u00eb jen\u00eb n\u00eb funksion t\u00eb qytetar\u00ebve, ashtu si\u00e7 jan\u00eb komunat n\u00eb rajon.<\/p>\n<p>\u201cDuke ushtruar detyr\u00ebn e kryetarit t\u00eb Kuvendit t\u00eb Komun\u00ebs Urbane t\u00eb Tuzit kam pasur rastin t\u00eb v\u00ebrej anomalit\u00eb e Ligjit mbi kryeqytetin, t\u00eb cilat mund t\u00eb p\u00ebrmir\u00ebsohen leht\u00eb, duke mos v\u00ebn\u00eb n\u00eb pyetje konceptin e kryeqytetit, p\u00ebr territorin e Mal\u00ebsis\u00eb, si zgjidhje e p\u00ebrkohshme\u201d, thot\u00eb ish-kreu i Kuvendit t\u00eb Komun\u00ebs Urbane t\u00eb Tuzit, Nikoll\u00eb Camaj.<\/p>\n<p>Sipas tij, n\u00ebse nuk do t\u00eb ket\u00eb nd\u00ebrhyrje thelb\u00ebsore n\u00eb k\u00ebt\u00eb ligj, korrigjimet e paralajm\u00ebruara Camaj i sheh t\u00eb panevojshme dhe t\u00eb par\u00ebnd\u00ebsishme.<\/p>\n<p><strong>Koha Net<\/strong><\/p>\n","protected":false},"excerpt":{"rendered":"<p>Tuz, 28 tetor &#8211; Subjektet politike nacionale shqiptare vazhdojn\u00eb t\u00eb angazhohen p\u00ebr avancimin e Tuzit n\u00eb komun\u00eb me kapacitete t\u00eb plota, ashtu si\u00e7 jan\u00eb 21 komunat tjera n\u00eb Mal t\u00eb Zi. Kryetari i Lidhjes Demokratike n\u00eb Mal t\u00eb Zi \/LD n\u00eb MZ\/, dega n\u00eb Mal\u00ebsi, Nikoll\u00eb Camaj, sipas KosovaLive, vler\u00ebson se duhet t\u00eb formohet komisioni [&hellip;]<\/p>\n","protected":false},"author":1,"featured_media":0,"comment_status":"open","ping_status":"closed","sticky":false,"template":"","format":"standard","meta":{"spay_email":"","jetpack_publicize_message":"","jetpack_is_tweetstorm":false,"jetpack_publicize_feature_enabled":true},"categories":[14],"tags":[128,189,1645,201],"jetpack_publicize_connections":[],"yoast_head":"<!-- This site is optimized with the Yoast SEO plugin v19.1 - https:\/\/yoast.com\/wordpress\/plugins\/seo\/ -->\n<title>Mal\u00ebsor\u00ebt k\u00ebrkojn\u00eb status tjet\u00ebr p\u00ebr Tuzin - Lajme nga Ulqini<\/title>\n<meta name=\"description\" content=\"Tuz, 28 tetor - Subjektet politike nacionale shqiptare vazhdojn\u00eb t\u00eb angazhohen p\u00ebr avancimin e Tuzit n\u00eb komun\u00eb me kapacitete t\u00eb plota, ashtu si\u00e7 jan\u00eb 21\" \/>\n<meta name=\"robots\" content=\"index, follow, max-snippet:-1, max-image-preview:large, max-video-preview:-1\" \/>\n<link rel=\"canonical\" href=\"https:\/\/www.visit-ulcinj.com\/blog\/2010\/10\/28\/malesoret-kerkojne-status-tjeter-per-tuzin\/\" \/>\n<meta property=\"og:locale\" content=\"en_US\" \/>\n<meta property=\"og:type\" content=\"article\" \/>\n<meta property=\"og:title\" content=\"Mal\u00ebsor\u00ebt k\u00ebrkojn\u00eb status tjet\u00ebr p\u00ebr Tuzin - Lajme nga Ulqini\" \/>\n<meta property=\"og:description\" content=\"Tuz, 28 tetor - Subjektet politike nacionale shqiptare vazhdojn\u00eb t\u00eb angazhohen p\u00ebr avancimin e Tuzit n\u00eb komun\u00eb me kapacitete t\u00eb plota, ashtu si\u00e7 jan\u00eb 21\" \/>\n<meta property=\"og:url\" content=\"https:\/\/www.visit-ulcinj.com\/blog\/2010\/10\/28\/malesoret-kerkojne-status-tjeter-per-tuzin\/\" \/>\n<meta property=\"og:site_name\" content=\"Lajme nga Ulqini\" \/>\n<meta property=\"article:published_time\" content=\"2010-10-28T17:20:08+00:00\" \/>\n<meta name=\"twitter:label1\" content=\"Written by\" \/>\n\t<meta name=\"twitter:data1\" content=\"ulqini\" \/>\n\t<meta name=\"twitter:label2\" content=\"Est. reading time\" \/>\n\t<meta name=\"twitter:data2\" content=\"1 minute\" \/>\n<script type=\"application\/ld+json\" class=\"yoast-schema-graph\">{\"@context\":\"https:\/\/schema.org\",\"@graph\":[{\"@type\":\"WebSite\",\"@id\":\"https:\/\/www.visit-ulcinj.com\/blog\/#website\",\"url\":\"https:\/\/www.visit-ulcinj.com\/blog\/\",\"name\":\"Lajme nga Ulqini\",\"description\":\"Lajme,Vijesti,Ulqini,Ulqin,Crna Gora,Mali i Zi\",\"potentialAction\":[{\"@type\":\"SearchAction\",\"target\":{\"@type\":\"EntryPoint\",\"urlTemplate\":\"https:\/\/www.visit-ulcinj.com\/blog\/?s={search_term_string}\"},\"query-input\":\"required name=search_term_string\"}],\"inLanguage\":\"en-US\"},{\"@type\":\"WebPage\",\"@id\":\"https:\/\/www.visit-ulcinj.com\/blog\/2010\/10\/28\/malesoret-kerkojne-status-tjeter-per-tuzin\/#webpage\",\"url\":\"https:\/\/www.visit-ulcinj.com\/blog\/2010\/10\/28\/malesoret-kerkojne-status-tjeter-per-tuzin\/\",\"name\":\"Mal\u00ebsor\u00ebt k\u00ebrkojn\u00eb status tjet\u00ebr p\u00ebr Tuzin - Lajme nga Ulqini\",\"isPartOf\":{\"@id\":\"https:\/\/www.visit-ulcinj.com\/blog\/#website\"},\"datePublished\":\"2010-10-28T17:20:08+00:00\",\"dateModified\":\"2010-10-28T17:20:08+00:00\",\"author\":{\"@id\":\"https:\/\/www.visit-ulcinj.com\/blog\/#\/schema\/person\/dcab619c614d3038751c63bc2aadc06d\"},\"description\":\"Tuz, 28 tetor - Subjektet politike nacionale shqiptare vazhdojn\u00eb t\u00eb angazhohen p\u00ebr avancimin e Tuzit n\u00eb komun\u00eb me kapacitete t\u00eb plota, ashtu si\u00e7 jan\u00eb 21\",\"breadcrumb\":{\"@id\":\"https:\/\/www.visit-ulcinj.com\/blog\/2010\/10\/28\/malesoret-kerkojne-status-tjeter-per-tuzin\/#breadcrumb\"},\"inLanguage\":\"en-US\",\"potentialAction\":[{\"@type\":\"ReadAction\",\"target\":[\"https:\/\/www.visit-ulcinj.com\/blog\/2010\/10\/28\/malesoret-kerkojne-status-tjeter-per-tuzin\/\"]}]},{\"@type\":\"BreadcrumbList\",\"@id\":\"https:\/\/www.visit-ulcinj.com\/blog\/2010\/10\/28\/malesoret-kerkojne-status-tjeter-per-tuzin\/#breadcrumb\",\"itemListElement\":[{\"@type\":\"ListItem\",\"position\":1,\"name\":\"Mal\u00ebsor\u00ebt k\u00ebrkojn\u00eb status tjet\u00ebr p\u00ebr Tuzin\"}]},{\"@type\":\"Person\",\"@id\":\"https:\/\/www.visit-ulcinj.com\/blog\/#\/schema\/person\/dcab619c614d3038751c63bc2aadc06d\",\"name\":\"ulqini\",\"sameAs\":[\"http:\/\/www.visit-ulcinj.com\"],\"url\":\"https:\/\/www.visit-ulcinj.com\/blog\/author\/admin\/\"}]}<\/script>\n<!-- \/ Yoast SEO plugin. -->","yoast_head_json":{"title":"Mal\u00ebsor\u00ebt k\u00ebrkojn\u00eb status tjet\u00ebr p\u00ebr Tuzin - Lajme nga Ulqini","description":"Tuz, 28 tetor - Subjektet politike nacionale shqiptare vazhdojn\u00eb t\u00eb angazhohen p\u00ebr avancimin e Tuzit n\u00eb komun\u00eb me kapacitete t\u00eb plota, ashtu si\u00e7 jan\u00eb 21","robots":{"index":"index","follow":"follow","max-snippet":"max-snippet:-1","max-image-preview":"max-image-preview:large","max-video-preview":"max-video-preview:-1"},"canonical":"https:\/\/www.visit-ulcinj.com\/blog\/2010\/10\/28\/malesoret-kerkojne-status-tjeter-per-tuzin\/","og_locale":"en_US","og_type":"article","og_title":"Mal\u00ebsor\u00ebt k\u00ebrkojn\u00eb status tjet\u00ebr p\u00ebr Tuzin - Lajme nga Ulqini","og_description":"Tuz, 28 tetor - Subjektet politike nacionale shqiptare vazhdojn\u00eb t\u00eb angazhohen p\u00ebr avancimin e Tuzit n\u00eb komun\u00eb me kapacitete t\u00eb plota, ashtu si\u00e7 jan\u00eb 21","og_url":"https:\/\/www.visit-ulcinj.com\/blog\/2010\/10\/28\/malesoret-kerkojne-status-tjeter-per-tuzin\/","og_site_name":"Lajme nga Ulqini","article_published_time":"2010-10-28T17:20:08+00:00","twitter_misc":{"Written by":"ulqini","Est. reading time":"1 minute"},"schema":{"@context":"https:\/\/schema.org","@graph":[{"@type":"WebSite","@id":"https:\/\/www.visit-ulcinj.com\/blog\/#website","url":"https:\/\/www.visit-ulcinj.com\/blog\/","name":"Lajme nga Ulqini","description":"Lajme,Vijesti,Ulqini,Ulqin,Crna Gora,Mali i Zi","potentialAction":[{"@type":"SearchAction","target":{"@type":"EntryPoint","urlTemplate":"https:\/\/www.visit-ulcinj.com\/blog\/?s={search_term_string}"},"query-input":"required name=search_term_string"}],"inLanguage":"en-US"},{"@type":"WebPage","@id":"https:\/\/www.visit-ulcinj.com\/blog\/2010\/10\/28\/malesoret-kerkojne-status-tjeter-per-tuzin\/#webpage","url":"https:\/\/www.visit-ulcinj.com\/blog\/2010\/10\/28\/malesoret-kerkojne-status-tjeter-per-tuzin\/","name":"Mal\u00ebsor\u00ebt k\u00ebrkojn\u00eb status tjet\u00ebr p\u00ebr Tuzin - Lajme nga Ulqini","isPartOf":{"@id":"https:\/\/www.visit-ulcinj.com\/blog\/#website"},"datePublished":"2010-10-28T17:20:08+00:00","dateModified":"2010-10-28T17:20:08+00:00","author":{"@id":"https:\/\/www.visit-ulcinj.com\/blog\/#\/schema\/person\/dcab619c614d3038751c63bc2aadc06d"},"description":"Tuz, 28 tetor - Subjektet politike nacionale shqiptare vazhdojn\u00eb t\u00eb angazhohen p\u00ebr avancimin e Tuzit n\u00eb komun\u00eb me kapacitete t\u00eb plota, ashtu si\u00e7 jan\u00eb 21","breadcrumb":{"@id":"https:\/\/www.visit-ulcinj.com\/blog\/2010\/10\/28\/malesoret-kerkojne-status-tjeter-per-tuzin\/#breadcrumb"},"inLanguage":"en-US","potentialAction":[{"@type":"ReadAction","target":["https:\/\/www.visit-ulcinj.com\/blog\/2010\/10\/28\/malesoret-kerkojne-status-tjeter-per-tuzin\/"]}]},{"@type":"BreadcrumbList","@id":"https:\/\/www.visit-ulcinj.com\/blog\/2010\/10\/28\/malesoret-kerkojne-status-tjeter-per-tuzin\/#breadcrumb","itemListElement":[{"@type":"ListItem","position":1,"name":"Mal\u00ebsor\u00ebt k\u00ebrkojn\u00eb status tjet\u00ebr p\u00ebr Tuzin"}]},{"@type":"Person","@id":"https:\/\/www.visit-ulcinj.com\/blog\/#\/schema\/person\/dcab619c614d3038751c63bc2aadc06d","name":"ulqini","sameAs":["http:\/\/www.visit-ulcinj.com"],"url":"https:\/\/www.visit-ulcinj.com\/blog\/author\/admin\/"}]}},"jetpack_featured_media_url":"","jetpack_sharing_enabled":true,"jetpack_shortlink":"https:\/\/wp.me\/pe6lTn-a7S","_links":{"self":[{"href":"https:\/\/www.visit-ulcinj.com\/blog\/wp-json\/wp\/v2\/posts\/38928"}],"collection":[{"href":"https:\/\/www.visit-ulcinj.com\/blog\/wp-json\/wp\/v2\/posts"}],"about":[{"href":"https:\/\/www.visit-ulcinj.com\/blog\/wp-json\/wp\/v2\/types\/post"}],"author":[{"embeddable":true,"href":"https:\/\/www.visit-ulcinj.com\/blog\/wp-json\/wp\/v2\/users\/1"}],"replies":[{"embeddable":true,"href":"https:\/\/www.visit-ulcinj.com\/blog\/wp-json\/wp\/v2\/comments?post=38928"}],"version-history":[{"count":0,"href":"https:\/\/www.visit-ulcinj.com\/blog\/wp-json\/wp\/v2\/posts\/38928\/revisions"}],"wp:attachment":[{"href":"https:\/\/www.visit-ulcinj.com\/blog\/wp-json\/wp\/v2\/media?parent=38928"}],"wp:term":[{"taxonomy":"category","embeddable":true,"href":"https:\/\/www.visit-ulcinj.com\/blog\/wp-json\/wp\/v2\/categories?post=38928"},{"taxonomy":"post_tag","embeddable":true,"href":"https:\/\/www.visit-ulcinj.com\/blog\/wp-json\/wp\/v2\/tags?post=38928"}],"curies":[{"name":"wp","href":"https:\/\/api.w.org\/{rel}","templated":true}]}}