{"id":38932,"date":"2010-10-28T19:42:07","date_gmt":"2010-10-28T17:42:07","guid":{"rendered":"http:\/\/www.visit-ulcinj.com\/blog\/?p=38932"},"modified":"2010-10-28T19:42:07","modified_gmt":"2010-10-28T17:42:07","slug":"edona-llalloshi-ne-publik-me-bashkeshortin-e-ri","status":"publish","type":"post","link":"https:\/\/www.visit-ulcinj.com\/blog\/2010\/10\/28\/edona-llalloshi-ne-publik-me-bashkeshortin-e-ri\/","title":{"rendered":"Edona Llalloshi n\u00eb publik me bashk\u00ebshortin e ri"},"content":{"rendered":"<p><a href=\"http:\/\/www.visit-ulcinj.com\/blog\/wp-content\/uploads\/2010\/10\/Edona-Llalloshi-me-bashkeshortin-e-ri.jpg\"><img loading=\"lazy\" class=\"alignleft size-full wp-image-38933\" title=\"Edona Llalloshi me bashkeshortin e ri\" src=\"http:\/\/www.visit-ulcinj.com\/blog\/wp-content\/uploads\/2010\/10\/Edona-Llalloshi-me-bashkeshortin-e-ri.jpg\" alt=\"\" width=\"490\" height=\"366\" \/><\/a>Pas publikimit t\u00eb lajmit se k\u00ebng\u00ebtarja Edona Llalloshi \u00ebsht\u00eb fejuar pas kat\u00ebr vitesh divorc q\u00eb kishte p\u00ebrjetuar nga martesa e par\u00eb, ajo ka dal\u00eb p\u00ebr her\u00eb t\u00eb par\u00eb n\u00eb nj\u00eb eveniment publik me partnerin e ri Gazmend Fejzullahun, biznesmenin e njohur nga qyteti i Pej\u00ebs.<\/p>\n<p>Edona me klipin e saj t\u00eb fundit \u201cRomanca\u201d ka arritur t\u00eb fitoj\u00eb \u00e7mimin e internetit n\u00eb gar\u00ebn e madhe t\u00eb s\u00eb m\u00ebrkur\u00ebs, mes shum\u00eb k\u00ebng\u00ebtar\u00ebve t\u00eb tjer\u00eb t\u00eb njohur.<\/p>\n<p>Bukuroshja e sken\u00ebs shpalli fejes\u00ebn e saj me biznesmenin pejan n\u00eb dat\u00ebn 18 shtator t\u00eb k\u00ebtij viti si pasoj\u00eb e shtatz\u00ebnis\u00eb s\u00eb saj. Ende nuk \u00ebsht\u00eb vendosur data e martes\u00ebs, por pritet q\u00eb shum\u00eb shpejt t\u00eb kemi nj\u00eb dasm\u00eb t\u00eb re VIP.<\/p>\n<p><strong>Koha Net<\/strong><br \/>\n<!--YouTube Error: bad URL entered--><\/p>\n","protected":false},"excerpt":{"rendered":"<p>Pas publikimit t\u00eb lajmit se k\u00ebng\u00ebtarja Edona Llalloshi \u00ebsht\u00eb fejuar pas kat\u00ebr vitesh divorc q\u00eb kishte p\u00ebrjetuar nga martesa e par\u00eb, ajo ka dal\u00eb p\u00ebr her\u00eb t\u00eb par\u00eb n\u00eb nj\u00eb eveniment publik me partnerin e ri Gazmend Fejzullahun, biznesmenin e njohur nga qyteti i Pej\u00ebs. Edona me klipin e saj t\u00eb fundit \u201cRomanca\u201d ka arritur [&hellip;]<\/p>\n","protected":false},"author":1,"featured_media":0,"comment_status":"open","ping_status":"closed","sticky":false,"template":"","format":"standard","meta":{"spay_email":"","jetpack_publicize_message":"","jetpack_is_tweetstorm":false,"jetpack_publicize_feature_enabled":true},"categories":[1],"tags":[224],"jetpack_publicize_connections":[],"yoast_head":"<!-- This site is optimized with the Yoast SEO plugin v19.1 - https:\/\/yoast.com\/wordpress\/plugins\/seo\/ -->\n<title>Edona Llalloshi n\u00eb publik me bashk\u00ebshortin e ri - Lajme nga Ulqini<\/title>\n<meta name=\"description\" content=\"Pas publikimit t\u00eb lajmit se k\u00ebng\u00ebtarja Edona Llalloshi \u00ebsht\u00eb fejuar pas kat\u00ebr vitesh divorc q\u00eb kishte p\u00ebrjetuar nga martesa e par\u00eb, ajo ka dal\u00eb p\u00ebr her\u00eb\" \/>\n<meta name=\"robots\" content=\"index, follow, max-snippet:-1, max-image-preview:large, max-video-preview:-1\" \/>\n<link rel=\"canonical\" href=\"https:\/\/www.visit-ulcinj.com\/blog\/2010\/10\/28\/edona-llalloshi-ne-publik-me-bashkeshortin-e-ri\/\" \/>\n<meta property=\"og:locale\" content=\"en_US\" \/>\n<meta property=\"og:type\" content=\"article\" \/>\n<meta property=\"og:title\" content=\"Edona Llalloshi n\u00eb publik me bashk\u00ebshortin e ri - Lajme nga Ulqini\" \/>\n<meta property=\"og:description\" content=\"Pas publikimit t\u00eb lajmit se k\u00ebng\u00ebtarja Edona Llalloshi \u00ebsht\u00eb fejuar pas kat\u00ebr vitesh divorc q\u00eb kishte p\u00ebrjetuar nga martesa e par\u00eb, ajo ka dal\u00eb p\u00ebr her\u00eb\" \/>\n<meta property=\"og:url\" content=\"https:\/\/www.visit-ulcinj.com\/blog\/2010\/10\/28\/edona-llalloshi-ne-publik-me-bashkeshortin-e-ri\/\" \/>\n<meta property=\"og:site_name\" content=\"Lajme nga Ulqini\" \/>\n<meta property=\"article:published_time\" content=\"2010-10-28T17:42:07+00:00\" \/>\n<meta property=\"og:image\" content=\"http:\/\/www.visit-ulcinj.com\/blog\/wp-content\/uploads\/2010\/10\/Edona-Llalloshi-me-bashkeshortin-e-ri.jpg\" \/>\n<meta name=\"twitter:label1\" content=\"Written by\" \/>\n\t<meta name=\"twitter:data1\" content=\"ulqini\" \/>\n\t<meta name=\"twitter:label2\" content=\"Est. reading time\" \/>\n\t<meta name=\"twitter:data2\" content=\"1 minute\" \/>\n<script type=\"application\/ld+json\" class=\"yoast-schema-graph\">{\"@context\":\"https:\/\/schema.org\",\"@graph\":[{\"@type\":\"WebSite\",\"@id\":\"https:\/\/www.visit-ulcinj.com\/blog\/#website\",\"url\":\"https:\/\/www.visit-ulcinj.com\/blog\/\",\"name\":\"Lajme nga Ulqini\",\"description\":\"Lajme,Vijesti,Ulqini,Ulqin,Crna Gora,Mali i Zi\",\"potentialAction\":[{\"@type\":\"SearchAction\",\"target\":{\"@type\":\"EntryPoint\",\"urlTemplate\":\"https:\/\/www.visit-ulcinj.com\/blog\/?s={search_term_string}\"},\"query-input\":\"required name=search_term_string\"}],\"inLanguage\":\"en-US\"},{\"@type\":\"ImageObject\",\"inLanguage\":\"en-US\",\"@id\":\"https:\/\/www.visit-ulcinj.com\/blog\/2010\/10\/28\/edona-llalloshi-ne-publik-me-bashkeshortin-e-ri\/#primaryimage\",\"url\":\"http:\/\/www.visit-ulcinj.com\/blog\/wp-content\/uploads\/2010\/10\/Edona-Llalloshi-me-bashkeshortin-e-ri.jpg\",\"contentUrl\":\"http:\/\/www.visit-ulcinj.com\/blog\/wp-content\/uploads\/2010\/10\/Edona-Llalloshi-me-bashkeshortin-e-ri.jpg\"},{\"@type\":\"WebPage\",\"@id\":\"https:\/\/www.visit-ulcinj.com\/blog\/2010\/10\/28\/edona-llalloshi-ne-publik-me-bashkeshortin-e-ri\/#webpage\",\"url\":\"https:\/\/www.visit-ulcinj.com\/blog\/2010\/10\/28\/edona-llalloshi-ne-publik-me-bashkeshortin-e-ri\/\",\"name\":\"Edona Llalloshi n\u00eb publik me bashk\u00ebshortin e ri - Lajme nga Ulqini\",\"isPartOf\":{\"@id\":\"https:\/\/www.visit-ulcinj.com\/blog\/#website\"},\"primaryImageOfPage\":{\"@id\":\"https:\/\/www.visit-ulcinj.com\/blog\/2010\/10\/28\/edona-llalloshi-ne-publik-me-bashkeshortin-e-ri\/#primaryimage\"},\"datePublished\":\"2010-10-28T17:42:07+00:00\",\"dateModified\":\"2010-10-28T17:42:07+00:00\",\"author\":{\"@id\":\"https:\/\/www.visit-ulcinj.com\/blog\/#\/schema\/person\/dcab619c614d3038751c63bc2aadc06d\"},\"description\":\"Pas publikimit t\u00eb lajmit se k\u00ebng\u00ebtarja Edona Llalloshi \u00ebsht\u00eb fejuar pas kat\u00ebr vitesh divorc q\u00eb kishte p\u00ebrjetuar nga martesa e par\u00eb, ajo ka dal\u00eb p\u00ebr her\u00eb\",\"breadcrumb\":{\"@id\":\"https:\/\/www.visit-ulcinj.com\/blog\/2010\/10\/28\/edona-llalloshi-ne-publik-me-bashkeshortin-e-ri\/#breadcrumb\"},\"inLanguage\":\"en-US\",\"potentialAction\":[{\"@type\":\"ReadAction\",\"target\":[\"https:\/\/www.visit-ulcinj.com\/blog\/2010\/10\/28\/edona-llalloshi-ne-publik-me-bashkeshortin-e-ri\/\"]}]},{\"@type\":\"BreadcrumbList\",\"@id\":\"https:\/\/www.visit-ulcinj.com\/blog\/2010\/10\/28\/edona-llalloshi-ne-publik-me-bashkeshortin-e-ri\/#breadcrumb\",\"itemListElement\":[{\"@type\":\"ListItem\",\"position\":1,\"name\":\"Edona Llalloshi n\u00eb publik me bashk\u00ebshortin e ri\"}]},{\"@type\":\"Person\",\"@id\":\"https:\/\/www.visit-ulcinj.com\/blog\/#\/schema\/person\/dcab619c614d3038751c63bc2aadc06d\",\"name\":\"ulqini\",\"sameAs\":[\"http:\/\/www.visit-ulcinj.com\"],\"url\":\"https:\/\/www.visit-ulcinj.com\/blog\/author\/admin\/\"}]}<\/script>\n<!-- \/ Yoast SEO plugin. -->","yoast_head_json":{"title":"Edona Llalloshi n\u00eb publik me bashk\u00ebshortin e ri - Lajme nga Ulqini","description":"Pas publikimit t\u00eb lajmit se k\u00ebng\u00ebtarja Edona Llalloshi \u00ebsht\u00eb fejuar pas kat\u00ebr vitesh divorc q\u00eb kishte p\u00ebrjetuar nga martesa e par\u00eb, ajo ka dal\u00eb p\u00ebr her\u00eb","robots":{"index":"index","follow":"follow","max-snippet":"max-snippet:-1","max-image-preview":"max-image-preview:large","max-video-preview":"max-video-preview:-1"},"canonical":"https:\/\/www.visit-ulcinj.com\/blog\/2010\/10\/28\/edona-llalloshi-ne-publik-me-bashkeshortin-e-ri\/","og_locale":"en_US","og_type":"article","og_title":"Edona Llalloshi n\u00eb publik me bashk\u00ebshortin e ri - Lajme nga Ulqini","og_description":"Pas publikimit t\u00eb lajmit se k\u00ebng\u00ebtarja Edona Llalloshi \u00ebsht\u00eb fejuar pas kat\u00ebr vitesh divorc q\u00eb kishte p\u00ebrjetuar nga martesa e par\u00eb, ajo ka dal\u00eb p\u00ebr her\u00eb","og_url":"https:\/\/www.visit-ulcinj.com\/blog\/2010\/10\/28\/edona-llalloshi-ne-publik-me-bashkeshortin-e-ri\/","og_site_name":"Lajme nga Ulqini","article_published_time":"2010-10-28T17:42:07+00:00","og_image":[{"url":"http:\/\/www.visit-ulcinj.com\/blog\/wp-content\/uploads\/2010\/10\/Edona-Llalloshi-me-bashkeshortin-e-ri.jpg"}],"twitter_misc":{"Written by":"ulqini","Est. reading time":"1 minute"},"schema":{"@context":"https:\/\/schema.org","@graph":[{"@type":"WebSite","@id":"https:\/\/www.visit-ulcinj.com\/blog\/#website","url":"https:\/\/www.visit-ulcinj.com\/blog\/","name":"Lajme nga Ulqini","description":"Lajme,Vijesti,Ulqini,Ulqin,Crna Gora,Mali i Zi","potentialAction":[{"@type":"SearchAction","target":{"@type":"EntryPoint","urlTemplate":"https:\/\/www.visit-ulcinj.com\/blog\/?s={search_term_string}"},"query-input":"required name=search_term_string"}],"inLanguage":"en-US"},{"@type":"ImageObject","inLanguage":"en-US","@id":"https:\/\/www.visit-ulcinj.com\/blog\/2010\/10\/28\/edona-llalloshi-ne-publik-me-bashkeshortin-e-ri\/#primaryimage","url":"http:\/\/www.visit-ulcinj.com\/blog\/wp-content\/uploads\/2010\/10\/Edona-Llalloshi-me-bashkeshortin-e-ri.jpg","contentUrl":"http:\/\/www.visit-ulcinj.com\/blog\/wp-content\/uploads\/2010\/10\/Edona-Llalloshi-me-bashkeshortin-e-ri.jpg"},{"@type":"WebPage","@id":"https:\/\/www.visit-ulcinj.com\/blog\/2010\/10\/28\/edona-llalloshi-ne-publik-me-bashkeshortin-e-ri\/#webpage","url":"https:\/\/www.visit-ulcinj.com\/blog\/2010\/10\/28\/edona-llalloshi-ne-publik-me-bashkeshortin-e-ri\/","name":"Edona Llalloshi n\u00eb publik me bashk\u00ebshortin e ri - Lajme nga Ulqini","isPartOf":{"@id":"https:\/\/www.visit-ulcinj.com\/blog\/#website"},"primaryImageOfPage":{"@id":"https:\/\/www.visit-ulcinj.com\/blog\/2010\/10\/28\/edona-llalloshi-ne-publik-me-bashkeshortin-e-ri\/#primaryimage"},"datePublished":"2010-10-28T17:42:07+00:00","dateModified":"2010-10-28T17:42:07+00:00","author":{"@id":"https:\/\/www.visit-ulcinj.com\/blog\/#\/schema\/person\/dcab619c614d3038751c63bc2aadc06d"},"description":"Pas publikimit t\u00eb lajmit se k\u00ebng\u00ebtarja Edona Llalloshi \u00ebsht\u00eb fejuar pas kat\u00ebr vitesh divorc q\u00eb kishte p\u00ebrjetuar nga martesa e par\u00eb, ajo ka dal\u00eb p\u00ebr her\u00eb","breadcrumb":{"@id":"https:\/\/www.visit-ulcinj.com\/blog\/2010\/10\/28\/edona-llalloshi-ne-publik-me-bashkeshortin-e-ri\/#breadcrumb"},"inLanguage":"en-US","potentialAction":[{"@type":"ReadAction","target":["https:\/\/www.visit-ulcinj.com\/blog\/2010\/10\/28\/edona-llalloshi-ne-publik-me-bashkeshortin-e-ri\/"]}]},{"@type":"BreadcrumbList","@id":"https:\/\/www.visit-ulcinj.com\/blog\/2010\/10\/28\/edona-llalloshi-ne-publik-me-bashkeshortin-e-ri\/#breadcrumb","itemListElement":[{"@type":"ListItem","position":1,"name":"Edona Llalloshi n\u00eb publik me bashk\u00ebshortin e ri"}]},{"@type":"Person","@id":"https:\/\/www.visit-ulcinj.com\/blog\/#\/schema\/person\/dcab619c614d3038751c63bc2aadc06d","name":"ulqini","sameAs":["http:\/\/www.visit-ulcinj.com"],"url":"https:\/\/www.visit-ulcinj.com\/blog\/author\/admin\/"}]}},"jetpack_featured_media_url":"","jetpack_sharing_enabled":true,"jetpack_shortlink":"https:\/\/wp.me\/pe6lTn-a7W","_links":{"self":[{"href":"https:\/\/www.visit-ulcinj.com\/blog\/wp-json\/wp\/v2\/posts\/38932"}],"collection":[{"href":"https:\/\/www.visit-ulcinj.com\/blog\/wp-json\/wp\/v2\/posts"}],"about":[{"href":"https:\/\/www.visit-ulcinj.com\/blog\/wp-json\/wp\/v2\/types\/post"}],"author":[{"embeddable":true,"href":"https:\/\/www.visit-ulcinj.com\/blog\/wp-json\/wp\/v2\/users\/1"}],"replies":[{"embeddable":true,"href":"https:\/\/www.visit-ulcinj.com\/blog\/wp-json\/wp\/v2\/comments?post=38932"}],"version-history":[{"count":0,"href":"https:\/\/www.visit-ulcinj.com\/blog\/wp-json\/wp\/v2\/posts\/38932\/revisions"}],"wp:attachment":[{"href":"https:\/\/www.visit-ulcinj.com\/blog\/wp-json\/wp\/v2\/media?parent=38932"}],"wp:term":[{"taxonomy":"category","embeddable":true,"href":"https:\/\/www.visit-ulcinj.com\/blog\/wp-json\/wp\/v2\/categories?post=38932"},{"taxonomy":"post_tag","embeddable":true,"href":"https:\/\/www.visit-ulcinj.com\/blog\/wp-json\/wp\/v2\/tags?post=38932"}],"curies":[{"name":"wp","href":"https:\/\/api.w.org\/{rel}","templated":true}]}}