{"id":38935,"date":"2010-10-28T20:15:28","date_gmt":"2010-10-28T18:15:28","guid":{"rendered":"http:\/\/www.visit-ulcinj.com\/blog\/?p=38935"},"modified":"2010-10-28T20:20:36","modified_gmt":"2010-10-28T18:20:36","slug":"bardhi-sefovi-partija-da-se-dogovore","status":"publish","type":"post","link":"https:\/\/www.visit-ulcinj.com\/blog\/2010\/10\/28\/bardhi-sefovi-partija-da-se-dogovore\/","title":{"rendered":"Bardhi: \u0160efovi partija da se dogovore"},"content":{"rendered":"<p><strong><a href=\"http:\/\/www.visit-ulcinj.com\/blog\/wp-content\/uploads\/2008\/06\/mehmet-bardhi_srdan-milic.jpg\"><img loading=\"lazy\" class=\"alignleft size-full wp-image-2094\" title=\"MEHMET BARDHI_24\" src=\"http:\/\/www.visit-ulcinj.com\/blog\/wp-content\/uploads\/2008\/06\/mehmet-bardhi_srdan-milic.jpg\" alt=\"\" width=\"320\" height=\"250\" \/><\/a>Bardhi za razgovore vode\u0107ih politi\u010dara o izbornom zakonodavstvu<\/strong><br \/>\nPredsjednik Demokratskog saveza Albanaca Mehmed Bardhi poru\u010dio je da \u010delnici svih parlamentarnih stranaka treba \u0161to prije da se sastanu i da na\u0111u rje\u0161enje za usvajanje izbornog zakonodavstva. Bardhi je &#8220;Danu&#8221; rekao da podr\u017eava predlog o sastanku politi\u010dkih lidera koji je dao lider SNP-a Sr\u0111an Mili\u0107.<br \/>\n&#8211; Rukovodioci svih parlamentarnih stranaka treba \u0161to prije da se sastanu, dok bi me\u0111u posrednicima mogao da bude predsjednik parlamenta Ranko Krivokapi\u0107. Tim prije \u0161to je ovo izuzetno zna\u010dajno pitanje i zahtijeva konsultacije na najvi\u0161em politi\u010dkom nivou. Vlast mora prihvatiti odgovornost, mora da prestane da radi na razdoru u Crnoj Gori, jer probleme me\u0111u zajednicama koje ovdje \u017eive potpaljuje vladaju\u0107a elita &#8211; rekao nam je Bardhi.<br \/>\nOn je istakao da je postalo o\u010digledno da vladaju\u0107a struktura ne prihvata predlog zakona koji je dala opozicija, kao i da opozicione stranke ne prihvataju ponu\u0111eni zakon od strane DPS-a i SDP-a. Lider DSA ka\u017ee da je ve\u0107 godinama jasno da se do dogovora klju\u010dnih politi\u010dkih subjekata ne\u0107e lako do\u0107i.<br \/>\n&#8211; Prema tome, ne znam koliko je potrebno da stranke opet u Skup\u0161tini upu\u0107uju u proceduru ne\u0161to \u0161to nema unaprijed dogovorenu podr\u0161ku. Tako \u0107emo samo da se i dalje vrtimo ukrug, a rje\u0161enja ne\u0107e biti. A istina je da je ovo jako bitno pitanje i da je posebno osjetljivo za manjinske zajednice, koje s pa\u017enjom o\u010dekuju da vide \u0161ta \u0107e uraditi najja\u010di parlamentarni subjekti &#8211; naveo je Bardhi.<br \/>\nNa\u0161 sagovornik smatra da je &#8220;albansko pitanje&#8221; u Crnoj Gori i dalje otvoreno i da \u0107e eventualna odluka o ukidanju ste\u010denih prava samo poja\u010dati nezadovoljstvo Albanaca nivom prava koja ostvaruju u Crnoj Gori. Ukazao je i da je vlast dosad iskazivala namjeru da novim zakonom albanskoj manjini zna\u010dajno smanji procenat zastupljenosti u parlamentu Crne Gore.<br \/>\n&#8211; Definitivno, Demokratska partija socijalista i Socijaldemokratska partija \u0107e snositi odgovornost, ako uspiju u svom naumu, zbog posljedica po demokratski razvoj Crne Gore. Veoma je te\u0161ko shvatiti za\u0161to \u017eele da Albancima daju manje nego \u0161to imamo. Kao neko ko se izbornim pitanjima bavi dvije decenije, nagla\u0161avam da je predlog te radne grupe, koji nije prihva\u0107en, bio veliki korak unazad i udar na demokratiju. Prema tome, meni nije jasno kome je u interesu da se Crna Gora na jo\u0161 jednom primjeru vra\u0107a u pro\u0161lost &#8211; izjavio je Bardhi.<br \/>\nPrema njegovoj ocjeni, &#8220;su\u0161tina problema&#8221; je \u0161to nijesu rije\u0161eni me\u0111unacionalni problemati\u010dni odnosi u Crnoj Gori. Su\u017eivot svih naroda, po Bardhijevoj ocjeni, mo\u017ee da bude na odli\u010dnom nivou ako bi to htjela vladaju\u0107a ve\u0107ina.<br \/>\n&#8211; Me\u0111utim, oni umjesto toga rade na podjelama, jer im je lak\u0161e da tako nastave da vladaju. To ne va\u017ei samo za probleme u odnosima me\u0111u narodima, ve\u0107 i me\u0111u ljudima, jer elita na vlasti ne \u017eeli postizanje konsenzusa, ve\u0107 ho\u0107e da sebe stalno predstavlja kao de\u017eurnog miritelja. Albancima planiraju da oduzimu i to malo ste\u010denih politi\u010dkih prava, koriste\u0107i pri tom klasi\u010dne metode politi\u010dkog nasilja. Ve\u0107 sam rekao i ponavljam, oni \u017eele rje\u0161enja koja nas vode u nestajanje. Crna Gora danas nije vi\u0161enacionalna zemlja, ve\u0107 dr\u017eva jednog naroda koji drugima diktira sva pravila &#8211; ocijenio je Bardhi.<\/p>\n<p><strong>M.V.<br \/>\n<a href=\"http:\/\/www.dan.co.me\/?nivo=3&amp;rubrika=Politika&amp;clanak=253079&amp;datum=2010-10-28\" target=\"_blank\">DAN<br \/>\n<\/a><\/strong><\/p>\n","protected":false},"excerpt":{"rendered":"<p>Bardhi za razgovore vode\u0107ih politi\u010dara o izbornom zakonodavstvu Predsjednik Demokratskog saveza Albanaca Mehmed Bardhi poru\u010dio je da \u010delnici svih parlamentarnih stranaka treba \u0161to prije da se sastanu i da na\u0111u rje\u0161enje za usvajanje izbornog zakonodavstva. Bardhi je &#8220;Danu&#8221; rekao da podr\u017eava predlog o sastanku politi\u010dkih lidera koji je dao lider SNP-a Sr\u0111an Mili\u0107. &#8211; Rukovodioci [&hellip;]<\/p>\n","protected":false},"author":1,"featured_media":0,"comment_status":"open","ping_status":"closed","sticky":false,"template":"","format":"standard","meta":{"spay_email":"","jetpack_publicize_message":"","jetpack_is_tweetstorm":false,"jetpack_publicize_feature_enabled":true},"categories":[8337],"tags":[2544,3920,19],"jetpack_publicize_connections":[],"yoast_head":"<!-- This site is optimized with the Yoast SEO plugin v19.1 - https:\/\/yoast.com\/wordpress\/plugins\/seo\/ -->\n<title>Bardhi: \u0160efovi partija da se dogovore - Lajme nga Ulqini<\/title>\n<meta name=\"description\" content=\"Bardhi za razgovore vode\u0107ih politi\u010dara o izbornom zakonodavstvu Predsjednik Demokratskog saveza Albanaca Mehmed Bardhi poru\u010dio je da \u010delnici svih\" \/>\n<meta name=\"robots\" content=\"index, follow, max-snippet:-1, max-image-preview:large, max-video-preview:-1\" \/>\n<link rel=\"canonical\" href=\"https:\/\/www.visit-ulcinj.com\/blog\/2010\/10\/28\/bardhi-sefovi-partija-da-se-dogovore\/\" \/>\n<meta property=\"og:locale\" content=\"en_US\" \/>\n<meta property=\"og:type\" content=\"article\" \/>\n<meta property=\"og:title\" content=\"Bardhi: \u0160efovi partija da se dogovore - Lajme nga Ulqini\" \/>\n<meta property=\"og:description\" content=\"Bardhi za razgovore vode\u0107ih politi\u010dara o izbornom zakonodavstvu Predsjednik Demokratskog saveza Albanaca Mehmed Bardhi poru\u010dio je da \u010delnici svih\" \/>\n<meta property=\"og:url\" content=\"https:\/\/www.visit-ulcinj.com\/blog\/2010\/10\/28\/bardhi-sefovi-partija-da-se-dogovore\/\" \/>\n<meta property=\"og:site_name\" content=\"Lajme nga Ulqini\" \/>\n<meta property=\"article:published_time\" content=\"2010-10-28T18:15:28+00:00\" \/>\n<meta property=\"article:modified_time\" content=\"2010-10-28T18:20:36+00:00\" \/>\n<meta property=\"og:image\" content=\"http:\/\/www.visit-ulcinj.com\/blog\/wp-content\/uploads\/2008\/06\/mehmet-bardhi_srdan-milic.jpg\" \/>\n<meta name=\"twitter:label1\" content=\"Written by\" \/>\n\t<meta name=\"twitter:data1\" content=\"ulqini\" \/>\n\t<meta name=\"twitter:label2\" content=\"Est. reading time\" \/>\n\t<meta name=\"twitter:data2\" content=\"3 minutes\" \/>\n<script type=\"application\/ld+json\" class=\"yoast-schema-graph\">{\"@context\":\"https:\/\/schema.org\",\"@graph\":[{\"@type\":\"WebSite\",\"@id\":\"https:\/\/www.visit-ulcinj.com\/blog\/#website\",\"url\":\"https:\/\/www.visit-ulcinj.com\/blog\/\",\"name\":\"Lajme nga Ulqini\",\"description\":\"Lajme,Vijesti,Ulqini,Ulqin,Crna Gora,Mali i Zi\",\"potentialAction\":[{\"@type\":\"SearchAction\",\"target\":{\"@type\":\"EntryPoint\",\"urlTemplate\":\"https:\/\/www.visit-ulcinj.com\/blog\/?s={search_term_string}\"},\"query-input\":\"required name=search_term_string\"}],\"inLanguage\":\"en-US\"},{\"@type\":\"ImageObject\",\"inLanguage\":\"en-US\",\"@id\":\"https:\/\/www.visit-ulcinj.com\/blog\/2010\/10\/28\/bardhi-sefovi-partija-da-se-dogovore\/#primaryimage\",\"url\":\"http:\/\/www.visit-ulcinj.com\/blog\/wp-content\/uploads\/2008\/06\/mehmet-bardhi_srdan-milic.jpg\",\"contentUrl\":\"http:\/\/www.visit-ulcinj.com\/blog\/wp-content\/uploads\/2008\/06\/mehmet-bardhi_srdan-milic.jpg\"},{\"@type\":\"WebPage\",\"@id\":\"https:\/\/www.visit-ulcinj.com\/blog\/2010\/10\/28\/bardhi-sefovi-partija-da-se-dogovore\/#webpage\",\"url\":\"https:\/\/www.visit-ulcinj.com\/blog\/2010\/10\/28\/bardhi-sefovi-partija-da-se-dogovore\/\",\"name\":\"Bardhi: \u0160efovi partija da se dogovore - Lajme nga Ulqini\",\"isPartOf\":{\"@id\":\"https:\/\/www.visit-ulcinj.com\/blog\/#website\"},\"primaryImageOfPage\":{\"@id\":\"https:\/\/www.visit-ulcinj.com\/blog\/2010\/10\/28\/bardhi-sefovi-partija-da-se-dogovore\/#primaryimage\"},\"datePublished\":\"2010-10-28T18:15:28+00:00\",\"dateModified\":\"2010-10-28T18:20:36+00:00\",\"author\":{\"@id\":\"https:\/\/www.visit-ulcinj.com\/blog\/#\/schema\/person\/dcab619c614d3038751c63bc2aadc06d\"},\"description\":\"Bardhi za razgovore vode\u0107ih politi\u010dara o izbornom zakonodavstvu Predsjednik Demokratskog saveza Albanaca Mehmed Bardhi poru\u010dio je da \u010delnici svih\",\"breadcrumb\":{\"@id\":\"https:\/\/www.visit-ulcinj.com\/blog\/2010\/10\/28\/bardhi-sefovi-partija-da-se-dogovore\/#breadcrumb\"},\"inLanguage\":\"en-US\",\"potentialAction\":[{\"@type\":\"ReadAction\",\"target\":[\"https:\/\/www.visit-ulcinj.com\/blog\/2010\/10\/28\/bardhi-sefovi-partija-da-se-dogovore\/\"]}]},{\"@type\":\"BreadcrumbList\",\"@id\":\"https:\/\/www.visit-ulcinj.com\/blog\/2010\/10\/28\/bardhi-sefovi-partija-da-se-dogovore\/#breadcrumb\",\"itemListElement\":[{\"@type\":\"ListItem\",\"position\":1,\"name\":\"Bardhi: \u0160efovi partija da se dogovore\"}]},{\"@type\":\"Person\",\"@id\":\"https:\/\/www.visit-ulcinj.com\/blog\/#\/schema\/person\/dcab619c614d3038751c63bc2aadc06d\",\"name\":\"ulqini\",\"sameAs\":[\"http:\/\/www.visit-ulcinj.com\"],\"url\":\"https:\/\/www.visit-ulcinj.com\/blog\/author\/admin\/\"}]}<\/script>\n<!-- \/ Yoast SEO plugin. -->","yoast_head_json":{"title":"Bardhi: \u0160efovi partija da se dogovore - Lajme nga Ulqini","description":"Bardhi za razgovore vode\u0107ih politi\u010dara o izbornom zakonodavstvu Predsjednik Demokratskog saveza Albanaca Mehmed Bardhi poru\u010dio je da \u010delnici svih","robots":{"index":"index","follow":"follow","max-snippet":"max-snippet:-1","max-image-preview":"max-image-preview:large","max-video-preview":"max-video-preview:-1"},"canonical":"https:\/\/www.visit-ulcinj.com\/blog\/2010\/10\/28\/bardhi-sefovi-partija-da-se-dogovore\/","og_locale":"en_US","og_type":"article","og_title":"Bardhi: \u0160efovi partija da se dogovore - Lajme nga Ulqini","og_description":"Bardhi za razgovore vode\u0107ih politi\u010dara o izbornom zakonodavstvu Predsjednik Demokratskog saveza Albanaca Mehmed Bardhi poru\u010dio je da \u010delnici svih","og_url":"https:\/\/www.visit-ulcinj.com\/blog\/2010\/10\/28\/bardhi-sefovi-partija-da-se-dogovore\/","og_site_name":"Lajme nga Ulqini","article_published_time":"2010-10-28T18:15:28+00:00","article_modified_time":"2010-10-28T18:20:36+00:00","og_image":[{"url":"http:\/\/www.visit-ulcinj.com\/blog\/wp-content\/uploads\/2008\/06\/mehmet-bardhi_srdan-milic.jpg"}],"twitter_misc":{"Written by":"ulqini","Est. reading time":"3 minutes"},"schema":{"@context":"https:\/\/schema.org","@graph":[{"@type":"WebSite","@id":"https:\/\/www.visit-ulcinj.com\/blog\/#website","url":"https:\/\/www.visit-ulcinj.com\/blog\/","name":"Lajme nga Ulqini","description":"Lajme,Vijesti,Ulqini,Ulqin,Crna Gora,Mali i Zi","potentialAction":[{"@type":"SearchAction","target":{"@type":"EntryPoint","urlTemplate":"https:\/\/www.visit-ulcinj.com\/blog\/?s={search_term_string}"},"query-input":"required name=search_term_string"}],"inLanguage":"en-US"},{"@type":"ImageObject","inLanguage":"en-US","@id":"https:\/\/www.visit-ulcinj.com\/blog\/2010\/10\/28\/bardhi-sefovi-partija-da-se-dogovore\/#primaryimage","url":"http:\/\/www.visit-ulcinj.com\/blog\/wp-content\/uploads\/2008\/06\/mehmet-bardhi_srdan-milic.jpg","contentUrl":"http:\/\/www.visit-ulcinj.com\/blog\/wp-content\/uploads\/2008\/06\/mehmet-bardhi_srdan-milic.jpg"},{"@type":"WebPage","@id":"https:\/\/www.visit-ulcinj.com\/blog\/2010\/10\/28\/bardhi-sefovi-partija-da-se-dogovore\/#webpage","url":"https:\/\/www.visit-ulcinj.com\/blog\/2010\/10\/28\/bardhi-sefovi-partija-da-se-dogovore\/","name":"Bardhi: \u0160efovi partija da se dogovore - Lajme nga Ulqini","isPartOf":{"@id":"https:\/\/www.visit-ulcinj.com\/blog\/#website"},"primaryImageOfPage":{"@id":"https:\/\/www.visit-ulcinj.com\/blog\/2010\/10\/28\/bardhi-sefovi-partija-da-se-dogovore\/#primaryimage"},"datePublished":"2010-10-28T18:15:28+00:00","dateModified":"2010-10-28T18:20:36+00:00","author":{"@id":"https:\/\/www.visit-ulcinj.com\/blog\/#\/schema\/person\/dcab619c614d3038751c63bc2aadc06d"},"description":"Bardhi za razgovore vode\u0107ih politi\u010dara o izbornom zakonodavstvu Predsjednik Demokratskog saveza Albanaca Mehmed Bardhi poru\u010dio je da \u010delnici svih","breadcrumb":{"@id":"https:\/\/www.visit-ulcinj.com\/blog\/2010\/10\/28\/bardhi-sefovi-partija-da-se-dogovore\/#breadcrumb"},"inLanguage":"en-US","potentialAction":[{"@type":"ReadAction","target":["https:\/\/www.visit-ulcinj.com\/blog\/2010\/10\/28\/bardhi-sefovi-partija-da-se-dogovore\/"]}]},{"@type":"BreadcrumbList","@id":"https:\/\/www.visit-ulcinj.com\/blog\/2010\/10\/28\/bardhi-sefovi-partija-da-se-dogovore\/#breadcrumb","itemListElement":[{"@type":"ListItem","position":1,"name":"Bardhi: \u0160efovi partija da se dogovore"}]},{"@type":"Person","@id":"https:\/\/www.visit-ulcinj.com\/blog\/#\/schema\/person\/dcab619c614d3038751c63bc2aadc06d","name":"ulqini","sameAs":["http:\/\/www.visit-ulcinj.com"],"url":"https:\/\/www.visit-ulcinj.com\/blog\/author\/admin\/"}]}},"jetpack_featured_media_url":"","jetpack_sharing_enabled":true,"jetpack_shortlink":"https:\/\/wp.me\/pe6lTn-a7Z","_links":{"self":[{"href":"https:\/\/www.visit-ulcinj.com\/blog\/wp-json\/wp\/v2\/posts\/38935"}],"collection":[{"href":"https:\/\/www.visit-ulcinj.com\/blog\/wp-json\/wp\/v2\/posts"}],"about":[{"href":"https:\/\/www.visit-ulcinj.com\/blog\/wp-json\/wp\/v2\/types\/post"}],"author":[{"embeddable":true,"href":"https:\/\/www.visit-ulcinj.com\/blog\/wp-json\/wp\/v2\/users\/1"}],"replies":[{"embeddable":true,"href":"https:\/\/www.visit-ulcinj.com\/blog\/wp-json\/wp\/v2\/comments?post=38935"}],"version-history":[{"count":0,"href":"https:\/\/www.visit-ulcinj.com\/blog\/wp-json\/wp\/v2\/posts\/38935\/revisions"}],"wp:attachment":[{"href":"https:\/\/www.visit-ulcinj.com\/blog\/wp-json\/wp\/v2\/media?parent=38935"}],"wp:term":[{"taxonomy":"category","embeddable":true,"href":"https:\/\/www.visit-ulcinj.com\/blog\/wp-json\/wp\/v2\/categories?post=38935"},{"taxonomy":"post_tag","embeddable":true,"href":"https:\/\/www.visit-ulcinj.com\/blog\/wp-json\/wp\/v2\/tags?post=38935"}],"curies":[{"name":"wp","href":"https:\/\/api.w.org\/{rel}","templated":true}]}}