{"id":38954,"date":"2010-10-30T14:04:18","date_gmt":"2010-10-30T12:04:18","guid":{"rendered":"http:\/\/www.visit-ulcinj.com\/blog\/?p=38954"},"modified":"2010-10-30T14:04:40","modified_gmt":"2010-10-30T12:04:40","slug":"rozana-radi-puthja-e-pare-ne-publik-me-te-dashurin-britanik","status":"publish","type":"post","link":"https:\/\/www.visit-ulcinj.com\/blog\/2010\/10\/30\/rozana-radi-puthja-e-pare-ne-publik-me-te-dashurin-britanik\/","title":{"rendered":"Rozana Radi, puthja e par\u00eb n\u00eb publik me t\u00eb dashurin britanik"},"content":{"rendered":"<p><a href=\"http:\/\/www.visit-ulcinj.com\/blog\/wp-content\/uploads\/2010\/10\/Rozana-Radi-puthja.jpg\"><img loading=\"lazy\" class=\"alignleft size-full wp-image-38955\" title=\"Rozana-Radi-puthja\" src=\"http:\/\/www.visit-ulcinj.com\/blog\/wp-content\/uploads\/2010\/10\/Rozana-Radi-puthja.jpg\" alt=\"\" width=\"350\" height=\"544\" \/><\/a>Nj\u00eb jav\u00eb m\u00eb par\u00eb, n\u00eb sken\u00ebn e t\u00eb \u201cDiel\u00ebs shqiptare\u201d k\u00ebrceu \u201cValsin e tradhtis\u00eb\u201d e veshur si nuse, n\u00eb duet me k\u00ebng\u00ebtarin e mrekulluesh\u00ebm kosovar, Ramadan Krasniqi.  E nd\u00ebrsa n\u00eb k\u00ebng\u00eb ajo interpretonte nj\u00eb vuajtje dashurie, pa\u00e7ka se shk\u00eblqente me veshje nuseje, n\u00eb t\u00eb v\u00ebrtet\u00eb, Rozan\u00ebn, tjet\u00ebr k\u00ebrcim e priste n\u00eb dark\u00eb. Ai do t\u00eb ishte k\u00ebrcimi i dashuris\u00eb, jo i tradhtis\u00eb. Pasi mori t\u00eb gjitha duartrokitjet e publikut p\u00ebr nj\u00eb k\u00ebng\u00eb shum\u00eb t\u00eb bukur t\u00eb kompozuar nga Adrian Hila, Rozana kishte planifikuar t\u00eb dilte n\u00eb lokalet e nat\u00ebs s\u00eb Tiran\u00ebs me nj\u00eb djal\u00eb q\u00eb nuk ka shum\u00eb koh\u00eb q\u00eb e frekuenton. Sipas miqve t\u00eb saj, ai \u00ebsht\u00eb n\u00eb t\u00eb nj\u00ebjt\u00ebn mosh\u00eb me Rozin, 31 vje\u00e7 dhe \u00ebsht\u00eb i huaj, m\u00eb sakt\u00eb nga Anglia.<\/p>\n<p>Duke punuar si sip\u00ebrmarr\u00ebs, impenjimet e biznesit e kan\u00eb sjell\u00eb edhe n\u00eb Tiran\u00eb ku n\u00eb nj\u00eb ambient miqsh t\u00eb p\u00ebrbashk\u00ebt \u00ebsht\u00eb njohur me Rozan\u00ebn. Ai e ka p\u00eblqyer menj\u00ebher\u00eb vajz\u00ebn bjonde, t\u00eb cil\u00ebs i ka k\u00ebrkuar q\u00eb t\u00eb dilnin edhe her\u00eb t\u00eb tjera s\u00eb bashku q\u00eb t\u00eb njiheshin m\u00eb mir\u00eb. Rozi, e cila njihet p\u00ebr shije disi t\u00eb v\u00ebshtira, q\u00eb nuk e ka t\u00eb leht\u00eb t\u00eb vendos\u00eb p\u00ebr partnerin e saj, duket se k\u00ebsaj here \u00ebsht\u00eb \u201cdor\u00ebzuar\u201d. Djali q\u00eb kishte p\u00ebrball\u00eb e goditi me xhentiles\u00ebn dhe eleganc\u00ebn e tij prej britaniku t\u00eb sofistikuar.<\/p>\n<p><a href=\"http:\/\/www.visit-ulcinj.com\/blog\/wp-content\/uploads\/2010\/10\/Rozana-Radi-martesa.jpg\"><img loading=\"lazy\" class=\"alignleft size-full wp-image-38956\" title=\"Rozana-Radi-martesa\" src=\"http:\/\/www.visit-ulcinj.com\/blog\/wp-content\/uploads\/2010\/10\/Rozana-Radi-martesa.jpg\" alt=\"\" width=\"300\" height=\"400\" \/><\/a><\/p>\n<p>K\u00ebshtu ata kan\u00eb dal\u00eb disa her\u00eb duke u kujdesur q\u00eb kjo lidhje, e cila ishte vet\u00ebm n\u00eb fillimet e saj, t\u00eb mos mediatizohet. Rozi \u00ebsht\u00eb shprehur n\u00eb media q\u00eb paparac\u00ebt e kan\u00eb kapur shpesh me djem t\u00eb ndrysh\u00ebm, t\u00eb cil\u00ebt m\u00eb pas jan\u00eb komentuar si t\u00eb dashur t\u00eb saj, por e v\u00ebrteta \u00ebsht\u00eb se ajo ka qen\u00eb shum\u00eb e kujdeshme q\u00eb t\u00eb mos shfaq\u00eb n\u00eb publik  at\u00eb t\u00eb v\u00ebrtetin me t\u00eb cilin frekuentohej. Por k\u00ebsaj radhe nuk ka mundur t\u00eb na shp\u00ebtoj\u00eb dhe mbi t\u00eb gjitha nuk mund t\u00eb thot\u00eb se djali i gjat\u00eb me t\u00eb cilin e kapi paparaci yn\u00eb ,\u00ebsht\u00eb thjesht nj\u00eb shok. Kjo pasi fotot flasin qart\u00eb, ata po k\u00ebrcejn\u00eb dhe po puthen n\u00eb buz\u00eb. Madje nj\u00eb mikja e ngusht\u00eb e saj, t\u00eb cil\u00ebs ia treguam paraprakisht fotot p\u00ebr t\u00eb m\u00ebsuar m\u00eb shum\u00eb mbi identitetin e djalit, u \u00e7udit kur pa puthjet e tyre duke deklaruar e sigurt\u00eb se kjo \u00ebsht\u00eb puthja e tyre e par\u00eb, pasi gjat\u00eb gjith\u00eb koh\u00ebs kan\u00eb preferuar q\u00eb t\u00eb njihen mir\u00eb pa u p\u00ebrfshir\u00eb emocionalisht e mbi t\u00eb gjitha Rozi betohej se nuk do t\u2019ia lejonte vetes t\u00eb binte n\u00eb dashuri me t\u00eb pa e njohur akoma si duhet.<\/p>\n<p>Por mesa duket ndjenja ka qen\u00eb m\u00eb e fort\u00eb se planet e saj racionale dhe ja ku i shohim t\u00eb dor\u00ebzuar n\u00eb krah\u00ebt e nj\u00ebri-tjetrit. Tani na mbetet t\u00eb marrim konfirmimin nga k\u00ebng\u00ebtarja n\u00ebse kjo \u00ebsht\u00eb zgjedhja e saj e zemr\u00ebs dhe \u00e7far\u00eb do t\u00eb ndodh\u00eb m\u00eb pas. Nd\u00ebrkoh\u00eb ne po shijojm\u00eb \u201cValsin e tradhtis\u00eb\u201d, nj\u00eb k\u00ebng\u00eb shum\u00eb e bukur me t\u00eb cil\u00ebn Rozi ka suprizuar fansat e saj, duke i uruar q\u00eb nj\u00eb vals t\u00eb till\u00eb t\u00eb mos e k\u00ebrcej\u00eb asnjeher\u00eb n\u00eb jet\u00ebn e saj reale, aq m\u00eb pak me britanikun elegant.<\/p>\n","protected":false},"excerpt":{"rendered":"<p>Nj\u00eb jav\u00eb m\u00eb par\u00eb, n\u00eb sken\u00ebn e t\u00eb \u201cDiel\u00ebs shqiptare\u201d k\u00ebrceu \u201cValsin e tradhtis\u00eb\u201d e veshur si nuse, n\u00eb duet me k\u00ebng\u00ebtarin e mrekulluesh\u00ebm kosovar, Ramadan Krasniqi. E nd\u00ebrsa n\u00eb k\u00ebng\u00eb ajo interpretonte nj\u00eb vuajtje dashurie, pa\u00e7ka se shk\u00eblqente me veshje nuseje, n\u00eb t\u00eb v\u00ebrtet\u00eb, Rozan\u00ebn, tjet\u00ebr k\u00ebrcim e priste n\u00eb dark\u00eb. Ai do t\u00eb [&hellip;]<\/p>\n","protected":false},"author":1,"featured_media":0,"comment_status":"open","ping_status":"closed","sticky":false,"template":"","format":"standard","meta":{"spay_email":"","jetpack_publicize_message":"","jetpack_is_tweetstorm":false,"jetpack_publicize_feature_enabled":true},"categories":[1],"tags":[9615,16118,12181,4964,16117,3797],"jetpack_publicize_connections":[],"yoast_head":"<!-- This site is optimized with the Yoast SEO plugin v19.1 - https:\/\/yoast.com\/wordpress\/plugins\/seo\/ -->\n<title>Rozana Radi, puthja e par\u00eb n\u00eb publik me t\u00eb dashurin britanik - Lajme nga Ulqini<\/title>\n<meta name=\"description\" content=\"Nj\u00eb jav\u00eb m\u00eb par\u00eb, n\u00eb sken\u00ebn e t\u00eb \u201cDiel\u00ebs shqiptare\u201d k\u00ebrceu \u201cValsin e tradhtis\u00eb\u201d e veshur si nuse, n\u00eb duet me k\u00ebng\u00ebtarin e mrekulluesh\u00ebm kosovar, Ramadan\" \/>\n<meta name=\"robots\" content=\"index, follow, max-snippet:-1, max-image-preview:large, max-video-preview:-1\" \/>\n<link rel=\"canonical\" href=\"https:\/\/www.visit-ulcinj.com\/blog\/2010\/10\/30\/rozana-radi-puthja-e-pare-ne-publik-me-te-dashurin-britanik\/\" \/>\n<meta property=\"og:locale\" content=\"en_US\" \/>\n<meta property=\"og:type\" content=\"article\" \/>\n<meta property=\"og:title\" content=\"Rozana Radi, puthja e par\u00eb n\u00eb publik me t\u00eb dashurin britanik - Lajme nga Ulqini\" \/>\n<meta property=\"og:description\" content=\"Nj\u00eb jav\u00eb m\u00eb par\u00eb, n\u00eb sken\u00ebn e t\u00eb \u201cDiel\u00ebs shqiptare\u201d k\u00ebrceu \u201cValsin e tradhtis\u00eb\u201d e veshur si nuse, n\u00eb duet me k\u00ebng\u00ebtarin e mrekulluesh\u00ebm kosovar, Ramadan\" \/>\n<meta property=\"og:url\" content=\"https:\/\/www.visit-ulcinj.com\/blog\/2010\/10\/30\/rozana-radi-puthja-e-pare-ne-publik-me-te-dashurin-britanik\/\" \/>\n<meta property=\"og:site_name\" content=\"Lajme nga Ulqini\" \/>\n<meta property=\"article:published_time\" content=\"2010-10-30T12:04:18+00:00\" \/>\n<meta property=\"article:modified_time\" content=\"2010-10-30T12:04:40+00:00\" \/>\n<meta property=\"og:image\" content=\"http:\/\/www.visit-ulcinj.com\/blog\/wp-content\/uploads\/2010\/10\/Rozana-Radi-puthja.jpg\" \/>\n<meta name=\"twitter:label1\" content=\"Written by\" \/>\n\t<meta name=\"twitter:data1\" content=\"ulqini\" \/>\n\t<meta name=\"twitter:label2\" content=\"Est. reading time\" \/>\n\t<meta name=\"twitter:data2\" content=\"3 minutes\" \/>\n<script type=\"application\/ld+json\" class=\"yoast-schema-graph\">{\"@context\":\"https:\/\/schema.org\",\"@graph\":[{\"@type\":\"WebSite\",\"@id\":\"https:\/\/www.visit-ulcinj.com\/blog\/#website\",\"url\":\"https:\/\/www.visit-ulcinj.com\/blog\/\",\"name\":\"Lajme nga Ulqini\",\"description\":\"Lajme,Vijesti,Ulqini,Ulqin,Crna Gora,Mali i Zi\",\"potentialAction\":[{\"@type\":\"SearchAction\",\"target\":{\"@type\":\"EntryPoint\",\"urlTemplate\":\"https:\/\/www.visit-ulcinj.com\/blog\/?s={search_term_string}\"},\"query-input\":\"required name=search_term_string\"}],\"inLanguage\":\"en-US\"},{\"@type\":\"ImageObject\",\"inLanguage\":\"en-US\",\"@id\":\"https:\/\/www.visit-ulcinj.com\/blog\/2010\/10\/30\/rozana-radi-puthja-e-pare-ne-publik-me-te-dashurin-britanik\/#primaryimage\",\"url\":\"http:\/\/www.visit-ulcinj.com\/blog\/wp-content\/uploads\/2010\/10\/Rozana-Radi-puthja.jpg\",\"contentUrl\":\"http:\/\/www.visit-ulcinj.com\/blog\/wp-content\/uploads\/2010\/10\/Rozana-Radi-puthja.jpg\"},{\"@type\":\"WebPage\",\"@id\":\"https:\/\/www.visit-ulcinj.com\/blog\/2010\/10\/30\/rozana-radi-puthja-e-pare-ne-publik-me-te-dashurin-britanik\/#webpage\",\"url\":\"https:\/\/www.visit-ulcinj.com\/blog\/2010\/10\/30\/rozana-radi-puthja-e-pare-ne-publik-me-te-dashurin-britanik\/\",\"name\":\"Rozana Radi, puthja e par\u00eb n\u00eb publik me t\u00eb dashurin britanik - Lajme nga Ulqini\",\"isPartOf\":{\"@id\":\"https:\/\/www.visit-ulcinj.com\/blog\/#website\"},\"primaryImageOfPage\":{\"@id\":\"https:\/\/www.visit-ulcinj.com\/blog\/2010\/10\/30\/rozana-radi-puthja-e-pare-ne-publik-me-te-dashurin-britanik\/#primaryimage\"},\"datePublished\":\"2010-10-30T12:04:18+00:00\",\"dateModified\":\"2010-10-30T12:04:40+00:00\",\"author\":{\"@id\":\"https:\/\/www.visit-ulcinj.com\/blog\/#\/schema\/person\/dcab619c614d3038751c63bc2aadc06d\"},\"description\":\"Nj\u00eb jav\u00eb m\u00eb par\u00eb, n\u00eb sken\u00ebn e t\u00eb \u201cDiel\u00ebs shqiptare\u201d k\u00ebrceu \u201cValsin e tradhtis\u00eb\u201d e veshur si nuse, n\u00eb duet me k\u00ebng\u00ebtarin e mrekulluesh\u00ebm kosovar, Ramadan\",\"breadcrumb\":{\"@id\":\"https:\/\/www.visit-ulcinj.com\/blog\/2010\/10\/30\/rozana-radi-puthja-e-pare-ne-publik-me-te-dashurin-britanik\/#breadcrumb\"},\"inLanguage\":\"en-US\",\"potentialAction\":[{\"@type\":\"ReadAction\",\"target\":[\"https:\/\/www.visit-ulcinj.com\/blog\/2010\/10\/30\/rozana-radi-puthja-e-pare-ne-publik-me-te-dashurin-britanik\/\"]}]},{\"@type\":\"BreadcrumbList\",\"@id\":\"https:\/\/www.visit-ulcinj.com\/blog\/2010\/10\/30\/rozana-radi-puthja-e-pare-ne-publik-me-te-dashurin-britanik\/#breadcrumb\",\"itemListElement\":[{\"@type\":\"ListItem\",\"position\":1,\"name\":\"Rozana Radi, puthja e par\u00eb n\u00eb publik me t\u00eb dashurin britanik\"}]},{\"@type\":\"Person\",\"@id\":\"https:\/\/www.visit-ulcinj.com\/blog\/#\/schema\/person\/dcab619c614d3038751c63bc2aadc06d\",\"name\":\"ulqini\",\"sameAs\":[\"http:\/\/www.visit-ulcinj.com\"],\"url\":\"https:\/\/www.visit-ulcinj.com\/blog\/author\/admin\/\"}]}<\/script>\n<!-- \/ Yoast SEO plugin. -->","yoast_head_json":{"title":"Rozana Radi, puthja e par\u00eb n\u00eb publik me t\u00eb dashurin britanik - Lajme nga Ulqini","description":"Nj\u00eb jav\u00eb m\u00eb par\u00eb, n\u00eb sken\u00ebn e t\u00eb \u201cDiel\u00ebs shqiptare\u201d k\u00ebrceu \u201cValsin e tradhtis\u00eb\u201d e veshur si nuse, n\u00eb duet me k\u00ebng\u00ebtarin e mrekulluesh\u00ebm kosovar, Ramadan","robots":{"index":"index","follow":"follow","max-snippet":"max-snippet:-1","max-image-preview":"max-image-preview:large","max-video-preview":"max-video-preview:-1"},"canonical":"https:\/\/www.visit-ulcinj.com\/blog\/2010\/10\/30\/rozana-radi-puthja-e-pare-ne-publik-me-te-dashurin-britanik\/","og_locale":"en_US","og_type":"article","og_title":"Rozana Radi, puthja e par\u00eb n\u00eb publik me t\u00eb dashurin britanik - Lajme nga Ulqini","og_description":"Nj\u00eb jav\u00eb m\u00eb par\u00eb, n\u00eb sken\u00ebn e t\u00eb \u201cDiel\u00ebs shqiptare\u201d k\u00ebrceu \u201cValsin e tradhtis\u00eb\u201d e veshur si nuse, n\u00eb duet me k\u00ebng\u00ebtarin e mrekulluesh\u00ebm kosovar, Ramadan","og_url":"https:\/\/www.visit-ulcinj.com\/blog\/2010\/10\/30\/rozana-radi-puthja-e-pare-ne-publik-me-te-dashurin-britanik\/","og_site_name":"Lajme nga Ulqini","article_published_time":"2010-10-30T12:04:18+00:00","article_modified_time":"2010-10-30T12:04:40+00:00","og_image":[{"url":"http:\/\/www.visit-ulcinj.com\/blog\/wp-content\/uploads\/2010\/10\/Rozana-Radi-puthja.jpg"}],"twitter_misc":{"Written by":"ulqini","Est. reading time":"3 minutes"},"schema":{"@context":"https:\/\/schema.org","@graph":[{"@type":"WebSite","@id":"https:\/\/www.visit-ulcinj.com\/blog\/#website","url":"https:\/\/www.visit-ulcinj.com\/blog\/","name":"Lajme nga Ulqini","description":"Lajme,Vijesti,Ulqini,Ulqin,Crna Gora,Mali i Zi","potentialAction":[{"@type":"SearchAction","target":{"@type":"EntryPoint","urlTemplate":"https:\/\/www.visit-ulcinj.com\/blog\/?s={search_term_string}"},"query-input":"required name=search_term_string"}],"inLanguage":"en-US"},{"@type":"ImageObject","inLanguage":"en-US","@id":"https:\/\/www.visit-ulcinj.com\/blog\/2010\/10\/30\/rozana-radi-puthja-e-pare-ne-publik-me-te-dashurin-britanik\/#primaryimage","url":"http:\/\/www.visit-ulcinj.com\/blog\/wp-content\/uploads\/2010\/10\/Rozana-Radi-puthja.jpg","contentUrl":"http:\/\/www.visit-ulcinj.com\/blog\/wp-content\/uploads\/2010\/10\/Rozana-Radi-puthja.jpg"},{"@type":"WebPage","@id":"https:\/\/www.visit-ulcinj.com\/blog\/2010\/10\/30\/rozana-radi-puthja-e-pare-ne-publik-me-te-dashurin-britanik\/#webpage","url":"https:\/\/www.visit-ulcinj.com\/blog\/2010\/10\/30\/rozana-radi-puthja-e-pare-ne-publik-me-te-dashurin-britanik\/","name":"Rozana Radi, puthja e par\u00eb n\u00eb publik me t\u00eb dashurin britanik - Lajme nga Ulqini","isPartOf":{"@id":"https:\/\/www.visit-ulcinj.com\/blog\/#website"},"primaryImageOfPage":{"@id":"https:\/\/www.visit-ulcinj.com\/blog\/2010\/10\/30\/rozana-radi-puthja-e-pare-ne-publik-me-te-dashurin-britanik\/#primaryimage"},"datePublished":"2010-10-30T12:04:18+00:00","dateModified":"2010-10-30T12:04:40+00:00","author":{"@id":"https:\/\/www.visit-ulcinj.com\/blog\/#\/schema\/person\/dcab619c614d3038751c63bc2aadc06d"},"description":"Nj\u00eb jav\u00eb m\u00eb par\u00eb, n\u00eb sken\u00ebn e t\u00eb \u201cDiel\u00ebs shqiptare\u201d k\u00ebrceu \u201cValsin e tradhtis\u00eb\u201d e veshur si nuse, n\u00eb duet me k\u00ebng\u00ebtarin e mrekulluesh\u00ebm kosovar, Ramadan","breadcrumb":{"@id":"https:\/\/www.visit-ulcinj.com\/blog\/2010\/10\/30\/rozana-radi-puthja-e-pare-ne-publik-me-te-dashurin-britanik\/#breadcrumb"},"inLanguage":"en-US","potentialAction":[{"@type":"ReadAction","target":["https:\/\/www.visit-ulcinj.com\/blog\/2010\/10\/30\/rozana-radi-puthja-e-pare-ne-publik-me-te-dashurin-britanik\/"]}]},{"@type":"BreadcrumbList","@id":"https:\/\/www.visit-ulcinj.com\/blog\/2010\/10\/30\/rozana-radi-puthja-e-pare-ne-publik-me-te-dashurin-britanik\/#breadcrumb","itemListElement":[{"@type":"ListItem","position":1,"name":"Rozana Radi, puthja e par\u00eb n\u00eb publik me t\u00eb dashurin britanik"}]},{"@type":"Person","@id":"https:\/\/www.visit-ulcinj.com\/blog\/#\/schema\/person\/dcab619c614d3038751c63bc2aadc06d","name":"ulqini","sameAs":["http:\/\/www.visit-ulcinj.com"],"url":"https:\/\/www.visit-ulcinj.com\/blog\/author\/admin\/"}]}},"jetpack_featured_media_url":"","jetpack_sharing_enabled":true,"jetpack_shortlink":"https:\/\/wp.me\/pe6lTn-a8i","_links":{"self":[{"href":"https:\/\/www.visit-ulcinj.com\/blog\/wp-json\/wp\/v2\/posts\/38954"}],"collection":[{"href":"https:\/\/www.visit-ulcinj.com\/blog\/wp-json\/wp\/v2\/posts"}],"about":[{"href":"https:\/\/www.visit-ulcinj.com\/blog\/wp-json\/wp\/v2\/types\/post"}],"author":[{"embeddable":true,"href":"https:\/\/www.visit-ulcinj.com\/blog\/wp-json\/wp\/v2\/users\/1"}],"replies":[{"embeddable":true,"href":"https:\/\/www.visit-ulcinj.com\/blog\/wp-json\/wp\/v2\/comments?post=38954"}],"version-history":[{"count":0,"href":"https:\/\/www.visit-ulcinj.com\/blog\/wp-json\/wp\/v2\/posts\/38954\/revisions"}],"wp:attachment":[{"href":"https:\/\/www.visit-ulcinj.com\/blog\/wp-json\/wp\/v2\/media?parent=38954"}],"wp:term":[{"taxonomy":"category","embeddable":true,"href":"https:\/\/www.visit-ulcinj.com\/blog\/wp-json\/wp\/v2\/categories?post=38954"},{"taxonomy":"post_tag","embeddable":true,"href":"https:\/\/www.visit-ulcinj.com\/blog\/wp-json\/wp\/v2\/tags?post=38954"}],"curies":[{"name":"wp","href":"https:\/\/api.w.org\/{rel}","templated":true}]}}