{"id":38998,"date":"2010-10-31T14:00:10","date_gmt":"2010-10-31T12:00:10","guid":{"rendered":"http:\/\/www.visit-ulcinj.com\/blog\/?p=38998"},"modified":"2010-10-31T13:29:40","modified_gmt":"2010-10-31T11:29:40","slug":"ledrit-po-i-pelqen-dafina","status":"publish","type":"post","link":"https:\/\/www.visit-ulcinj.com\/blog\/2010\/10\/31\/ledrit-po-i-pelqen-dafina\/","title":{"rendered":"Ledrit \u201cpo i p\u00eblqen\u201d Dafina"},"content":{"rendered":"<p><a href=\"http:\/\/www.visit-ulcinj.com\/blog\/wp-content\/uploads\/2010\/10\/Dafina-Zeqiri-1.jpg\"><img loading=\"lazy\" class=\"alignleft size-full wp-image-39003\" title=\"Dafina-Zeqiri-1\" src=\"http:\/\/www.visit-ulcinj.com\/blog\/wp-content\/uploads\/2010\/10\/Dafina-Zeqiri-1.jpg\" alt=\"\" width=\"585\" height=\"340\" \/><\/a><\/p>\n<p>\u201cK\u00ebnga \u00ebsht\u00eb e gatshme. Vija melodike \u00ebsht\u00eb punuar nga un\u00eb, muzik\u00ebn e ka b\u00ebr\u00eb K-mister, nd\u00ebrsa teksti nga Ledri. Jav\u00ebn q\u00eb vjen do t\u00eb fillojm\u00eb edhe m\u00eb xhirimet e videoklipit t\u00eb cilat do t\u00eb punohen nga produksioni \u2018Entermedia\u2019\u201d, thot\u00eb Daffy duke shpresuar se k\u00ebnga do t\u00eb dal para Vitit t\u00eb Ri.<\/p>\n<p><strong>Arben Gjinaj<\/strong><\/p>\n<p>\u201cPo m\u00eb p\u00eblqen\u201d \u00ebsht\u00eb ky titulli i k\u00ebng\u00ebs i shkruar nga Ledri Vula e cila n\u00eb bashk\u00ebpunim me Dafina Zeqirin do t\u00eb vjen shum\u00eb shpejt para publikut shqiptar. N\u00eb nj\u00eb prononcim p\u00ebr \u201cZ\u00ebrin\u201d Dafina tregon se k\u00ebnga \u00ebsht\u00eb p\u00ebrfunduar, nd\u00ebrsa tash pritet vet\u00ebm realizimi i videoklipit.<\/p>\n<p>\u201cK\u00ebnga \u00ebsht\u00eb e gatshme. Vija melodike \u00ebsht\u00eb punuar nga un\u00eb, muzik\u00ebn e ka b\u00ebr\u00eb K-mister, nd\u00ebrsa teksti nga Ledri. Jav\u00ebn q\u00eb vjen do t\u00eb fillojm\u00eb edhe m\u00eb xhirimet e videoklipit t\u00eb cilat do t\u00eb punohen nga produksioni \u2018Entermedia\u2019\u201d, thot\u00eb Daffy duke shpresuar se k\u00ebnga do t\u00eb dal para Vitit t\u00eb Ri.<\/p>\n<p>Bashk\u00ebpunimi mes k\u00ebtyre t\u00eb dyve, sipas k\u00ebng\u00ebtares Zeqiri ka ardhur si rrjedhoj\u00eb e miq\u00ebsis\u00eb q\u00eb e kan\u00eb prej kohesh.<\/p>\n<p>\u201cNe jemi shok q\u00eb sa koh\u00eb dhe na erdhi ideja e p\u00ebrbashk\u00ebt q\u00eb t\u00eb b\u00ebjm\u00eb nj\u00eb duet dhe besoj se ka me dal di\u00e7ka shum\u00eb e bukur. Jemi p\u00ebrshtatur shum\u00eb mir\u00eb n\u00eb t\u00eb k\u00ebnduar. T\u00eb gjith\u00eb ata q\u00eb e kan\u00eb d\u00ebgjuar deri tash k\u00ebt\u00eb k\u00ebng\u00eb, na kan\u00eb p\u00ebrg\u00ebzuar dhe kemi vet\u00ebm komente t\u00eb mira\u201d, theksoi ajo duke shtuar se p\u00ebr t\u00eb nuk paraqet problem qoft\u00eb kur k\u00ebndon solo apo n\u00eb bashk\u00ebpunim. \u201c Un\u00eb ndihem mir\u00eb n\u00eb t\u00eb dyja pozicionet. K\u00ebng\u00ebt e mija si solo ashtu edhe n\u00eb bashk\u00ebpunime jan\u00eb pritur nga publiku. Duetet apo bashk\u00ebpunimet sjellin gjithmon\u00eb risi t\u00eb publiku dhe kjo \u00ebsht\u00eb edhe arsyeja q\u00eb un\u00eb preferoj t\u00eb realizoj k\u00ebng\u00eb t\u00eb tilla\u201d, pohon Daffy.<\/p>\n<p>Ajo ka treguar se pas k\u00ebtij projekti do t\u00eb vjen edhe m\u00eb disa k\u00ebng\u00eb t\u00eb tjera solo. K\u00ebnga e radh\u00ebs do t\u00eb jet\u00eb n\u00eb gjuh\u00ebn angleze t\u00eb cil\u00ebs Dafina ia ka b\u00ebr\u00eb muzik\u00ebn shum\u00eb vite m\u00eb par\u00eb. \u201c\u00cbsht\u00eb nj\u00eb k\u00ebng\u00eb t\u00eb cil\u00ebn e kam punuar kur kam qen\u00eb 15-vje\u00e7e. Gjithmon\u00eb kam menduar q\u00eb ta realizoj komplet dhe tani dua q\u00eb ta p\u00ebrpunoj edhe pak dhe ta publikoj\u201d b\u00ebri me dije ajo p\u00ebr t\u00eb shtuar se mundet t\u00eb shkruan tekste n\u00eb gjuh\u00ebn angleze por jo edhe n\u00eb gjuhen shqipe, kjo mbase Dafina p\u00ebr shum\u00eb vite ka jetuar n\u00eb Suedi dhe duket se akoma has n\u00eb v\u00ebshtir\u00ebsi t\u00eb gjuh\u00ebs shqipe.<\/p>\n<p><strong>Fejesa \u2013 ende ka koh\u00eb<\/strong><\/p>\n<p><img loading=\"lazy\" class=\"alignleft size-full wp-image-39002\" title=\"Dafina-Zeqiri-PhotoShoot\" src=\"http:\/\/www.visit-ulcinj.com\/blog\/wp-content\/uploads\/2010\/10\/Dafina-Zeqiri-PhotoShoot.jpg\" alt=\"\" width=\"269\" height=\"244\" \/><\/p>\n<p>Tashm\u00eb nuk \u00ebsht\u00eb sekret lidhja e Dafin\u00ebs m\u00eb Krenar \u00c7o\u00e7aj. Duket q\u00eb lidhja mes tyre \u00ebsht\u00eb duke shkuar mir\u00eb dhe ndon\u00ebse e kan\u00eb biseduar edhe \u00e7\u00ebshtjen e fejes\u00ebs ende asgj\u00eb nuk kan\u00eb ndonj\u00eb koh\u00eb t\u00eb p\u00ebrcaktuar.<\/p>\n<p>\u201cKemi biseduar, por asgj\u00eb nuk ka t\u00eb p\u00ebrcaktuar. Po presim edhe pak, pastaj t\u00eb shohim. E r\u00ebnd\u00ebsishme q\u00eb dashuria jon\u00eb \u00ebsht\u00eb shum\u00eb e madhe p\u00ebr nj\u00ebri tjetrin, nd\u00ebrsa gj\u00ebrat e tjera do t\u00eb vijn\u00eb m\u00eb koh\u00eb\u201d, thot\u00eb ajo. Dafina pohoi se \u00ebsht\u00eb e angazhuar n\u00ebp\u00ebr shum\u00eb mbr\u00ebmje si brenda ashtu edhe jasht\u00eb vendit, nd\u00ebrsa deklaroi se k\u00ebt\u00eb vit nuk do t\u00eb jet\u00eb pjes\u00eb e asnj\u00eb festivali.<\/p>\n","protected":false},"excerpt":{"rendered":"<p>\u201cK\u00ebnga \u00ebsht\u00eb e gatshme. Vija melodike \u00ebsht\u00eb punuar nga un\u00eb, muzik\u00ebn e ka b\u00ebr\u00eb K-mister, nd\u00ebrsa teksti nga Ledri. Jav\u00ebn q\u00eb vjen do t\u00eb fillojm\u00eb edhe m\u00eb xhirimet e videoklipit t\u00eb cilat do t\u00eb punohen nga produksioni \u2018Entermedia\u2019\u201d, thot\u00eb Daffy duke shpresuar se k\u00ebnga do t\u00eb dal para Vitit t\u00eb Ri. Arben Gjinaj \u201cPo m\u00eb [&hellip;]<\/p>\n","protected":false},"author":1,"featured_media":0,"comment_status":"open","ping_status":"closed","sticky":false,"template":"","format":"standard","meta":{"spay_email":"","jetpack_publicize_message":"","jetpack_is_tweetstorm":false,"jetpack_publicize_feature_enabled":true},"categories":[1],"tags":[16128,4926,16127,10439,5134,12655],"jetpack_publicize_connections":[],"yoast_head":"<!-- This site is optimized with the Yoast SEO plugin v19.1 - https:\/\/yoast.com\/wordpress\/plugins\/seo\/ -->\n<title>Ledrit \u201cpo i p\u00eblqen\u201d Dafina - Lajme nga Ulqini<\/title>\n<meta name=\"description\" content=\"\u201cK\u00ebnga \u00ebsht\u00eb e gatshme. Vija melodike \u00ebsht\u00eb punuar nga un\u00eb, muzik\u00ebn e ka b\u00ebr\u00eb K-mister, nd\u00ebrsa teksti nga Ledri. Jav\u00ebn q\u00eb vjen do t\u00eb fillojm\u00eb edhe m\u00eb\" \/>\n<meta name=\"robots\" content=\"index, follow, max-snippet:-1, max-image-preview:large, max-video-preview:-1\" \/>\n<link rel=\"canonical\" href=\"https:\/\/www.visit-ulcinj.com\/blog\/2010\/10\/31\/ledrit-po-i-pelqen-dafina\/\" \/>\n<meta property=\"og:locale\" content=\"en_US\" \/>\n<meta property=\"og:type\" content=\"article\" \/>\n<meta property=\"og:title\" content=\"Ledrit \u201cpo i p\u00eblqen\u201d Dafina - Lajme nga Ulqini\" \/>\n<meta property=\"og:description\" content=\"\u201cK\u00ebnga \u00ebsht\u00eb e gatshme. Vija melodike \u00ebsht\u00eb punuar nga un\u00eb, muzik\u00ebn e ka b\u00ebr\u00eb K-mister, nd\u00ebrsa teksti nga Ledri. Jav\u00ebn q\u00eb vjen do t\u00eb fillojm\u00eb edhe m\u00eb\" \/>\n<meta property=\"og:url\" content=\"https:\/\/www.visit-ulcinj.com\/blog\/2010\/10\/31\/ledrit-po-i-pelqen-dafina\/\" \/>\n<meta property=\"og:site_name\" content=\"Lajme nga Ulqini\" \/>\n<meta property=\"article:published_time\" content=\"2010-10-31T12:00:10+00:00\" \/>\n<meta property=\"article:modified_time\" content=\"2010-10-31T11:29:40+00:00\" \/>\n<meta property=\"og:image\" content=\"http:\/\/www.visit-ulcinj.com\/blog\/wp-content\/uploads\/2010\/10\/Dafina-Zeqiri-1.jpg\" \/>\n<meta name=\"twitter:label1\" content=\"Written by\" \/>\n\t<meta name=\"twitter:data1\" content=\"ulqini\" \/>\n\t<meta name=\"twitter:label2\" content=\"Est. reading time\" \/>\n\t<meta name=\"twitter:data2\" content=\"3 minutes\" \/>\n<script type=\"application\/ld+json\" class=\"yoast-schema-graph\">{\"@context\":\"https:\/\/schema.org\",\"@graph\":[{\"@type\":\"WebSite\",\"@id\":\"https:\/\/www.visit-ulcinj.com\/blog\/#website\",\"url\":\"https:\/\/www.visit-ulcinj.com\/blog\/\",\"name\":\"Lajme nga Ulqini\",\"description\":\"Lajme,Vijesti,Ulqini,Ulqin,Crna Gora,Mali i Zi\",\"potentialAction\":[{\"@type\":\"SearchAction\",\"target\":{\"@type\":\"EntryPoint\",\"urlTemplate\":\"https:\/\/www.visit-ulcinj.com\/blog\/?s={search_term_string}\"},\"query-input\":\"required name=search_term_string\"}],\"inLanguage\":\"en-US\"},{\"@type\":\"ImageObject\",\"inLanguage\":\"en-US\",\"@id\":\"https:\/\/www.visit-ulcinj.com\/blog\/2010\/10\/31\/ledrit-po-i-pelqen-dafina\/#primaryimage\",\"url\":\"http:\/\/www.visit-ulcinj.com\/blog\/wp-content\/uploads\/2010\/10\/Dafina-Zeqiri-1.jpg\",\"contentUrl\":\"http:\/\/www.visit-ulcinj.com\/blog\/wp-content\/uploads\/2010\/10\/Dafina-Zeqiri-1.jpg\"},{\"@type\":\"WebPage\",\"@id\":\"https:\/\/www.visit-ulcinj.com\/blog\/2010\/10\/31\/ledrit-po-i-pelqen-dafina\/#webpage\",\"url\":\"https:\/\/www.visit-ulcinj.com\/blog\/2010\/10\/31\/ledrit-po-i-pelqen-dafina\/\",\"name\":\"Ledrit \u201cpo i p\u00eblqen\u201d Dafina - Lajme nga Ulqini\",\"isPartOf\":{\"@id\":\"https:\/\/www.visit-ulcinj.com\/blog\/#website\"},\"primaryImageOfPage\":{\"@id\":\"https:\/\/www.visit-ulcinj.com\/blog\/2010\/10\/31\/ledrit-po-i-pelqen-dafina\/#primaryimage\"},\"datePublished\":\"2010-10-31T12:00:10+00:00\",\"dateModified\":\"2010-10-31T11:29:40+00:00\",\"author\":{\"@id\":\"https:\/\/www.visit-ulcinj.com\/blog\/#\/schema\/person\/dcab619c614d3038751c63bc2aadc06d\"},\"description\":\"\u201cK\u00ebnga \u00ebsht\u00eb e gatshme. Vija melodike \u00ebsht\u00eb punuar nga un\u00eb, muzik\u00ebn e ka b\u00ebr\u00eb K-mister, nd\u00ebrsa teksti nga Ledri. Jav\u00ebn q\u00eb vjen do t\u00eb fillojm\u00eb edhe m\u00eb\",\"breadcrumb\":{\"@id\":\"https:\/\/www.visit-ulcinj.com\/blog\/2010\/10\/31\/ledrit-po-i-pelqen-dafina\/#breadcrumb\"},\"inLanguage\":\"en-US\",\"potentialAction\":[{\"@type\":\"ReadAction\",\"target\":[\"https:\/\/www.visit-ulcinj.com\/blog\/2010\/10\/31\/ledrit-po-i-pelqen-dafina\/\"]}]},{\"@type\":\"BreadcrumbList\",\"@id\":\"https:\/\/www.visit-ulcinj.com\/blog\/2010\/10\/31\/ledrit-po-i-pelqen-dafina\/#breadcrumb\",\"itemListElement\":[{\"@type\":\"ListItem\",\"position\":1,\"name\":\"Ledrit \u201cpo i p\u00eblqen\u201d Dafina\"}]},{\"@type\":\"Person\",\"@id\":\"https:\/\/www.visit-ulcinj.com\/blog\/#\/schema\/person\/dcab619c614d3038751c63bc2aadc06d\",\"name\":\"ulqini\",\"sameAs\":[\"http:\/\/www.visit-ulcinj.com\"],\"url\":\"https:\/\/www.visit-ulcinj.com\/blog\/author\/admin\/\"}]}<\/script>\n<!-- \/ Yoast SEO plugin. -->","yoast_head_json":{"title":"Ledrit \u201cpo i p\u00eblqen\u201d Dafina - Lajme nga Ulqini","description":"\u201cK\u00ebnga \u00ebsht\u00eb e gatshme. Vija melodike \u00ebsht\u00eb punuar nga un\u00eb, muzik\u00ebn e ka b\u00ebr\u00eb K-mister, nd\u00ebrsa teksti nga Ledri. Jav\u00ebn q\u00eb vjen do t\u00eb fillojm\u00eb edhe m\u00eb","robots":{"index":"index","follow":"follow","max-snippet":"max-snippet:-1","max-image-preview":"max-image-preview:large","max-video-preview":"max-video-preview:-1"},"canonical":"https:\/\/www.visit-ulcinj.com\/blog\/2010\/10\/31\/ledrit-po-i-pelqen-dafina\/","og_locale":"en_US","og_type":"article","og_title":"Ledrit \u201cpo i p\u00eblqen\u201d Dafina - Lajme nga Ulqini","og_description":"\u201cK\u00ebnga \u00ebsht\u00eb e gatshme. Vija melodike \u00ebsht\u00eb punuar nga un\u00eb, muzik\u00ebn e ka b\u00ebr\u00eb K-mister, nd\u00ebrsa teksti nga Ledri. Jav\u00ebn q\u00eb vjen do t\u00eb fillojm\u00eb edhe m\u00eb","og_url":"https:\/\/www.visit-ulcinj.com\/blog\/2010\/10\/31\/ledrit-po-i-pelqen-dafina\/","og_site_name":"Lajme nga Ulqini","article_published_time":"2010-10-31T12:00:10+00:00","article_modified_time":"2010-10-31T11:29:40+00:00","og_image":[{"url":"http:\/\/www.visit-ulcinj.com\/blog\/wp-content\/uploads\/2010\/10\/Dafina-Zeqiri-1.jpg"}],"twitter_misc":{"Written by":"ulqini","Est. reading time":"3 minutes"},"schema":{"@context":"https:\/\/schema.org","@graph":[{"@type":"WebSite","@id":"https:\/\/www.visit-ulcinj.com\/blog\/#website","url":"https:\/\/www.visit-ulcinj.com\/blog\/","name":"Lajme nga Ulqini","description":"Lajme,Vijesti,Ulqini,Ulqin,Crna Gora,Mali i Zi","potentialAction":[{"@type":"SearchAction","target":{"@type":"EntryPoint","urlTemplate":"https:\/\/www.visit-ulcinj.com\/blog\/?s={search_term_string}"},"query-input":"required name=search_term_string"}],"inLanguage":"en-US"},{"@type":"ImageObject","inLanguage":"en-US","@id":"https:\/\/www.visit-ulcinj.com\/blog\/2010\/10\/31\/ledrit-po-i-pelqen-dafina\/#primaryimage","url":"http:\/\/www.visit-ulcinj.com\/blog\/wp-content\/uploads\/2010\/10\/Dafina-Zeqiri-1.jpg","contentUrl":"http:\/\/www.visit-ulcinj.com\/blog\/wp-content\/uploads\/2010\/10\/Dafina-Zeqiri-1.jpg"},{"@type":"WebPage","@id":"https:\/\/www.visit-ulcinj.com\/blog\/2010\/10\/31\/ledrit-po-i-pelqen-dafina\/#webpage","url":"https:\/\/www.visit-ulcinj.com\/blog\/2010\/10\/31\/ledrit-po-i-pelqen-dafina\/","name":"Ledrit \u201cpo i p\u00eblqen\u201d Dafina - Lajme nga Ulqini","isPartOf":{"@id":"https:\/\/www.visit-ulcinj.com\/blog\/#website"},"primaryImageOfPage":{"@id":"https:\/\/www.visit-ulcinj.com\/blog\/2010\/10\/31\/ledrit-po-i-pelqen-dafina\/#primaryimage"},"datePublished":"2010-10-31T12:00:10+00:00","dateModified":"2010-10-31T11:29:40+00:00","author":{"@id":"https:\/\/www.visit-ulcinj.com\/blog\/#\/schema\/person\/dcab619c614d3038751c63bc2aadc06d"},"description":"\u201cK\u00ebnga \u00ebsht\u00eb e gatshme. Vija melodike \u00ebsht\u00eb punuar nga un\u00eb, muzik\u00ebn e ka b\u00ebr\u00eb K-mister, nd\u00ebrsa teksti nga Ledri. Jav\u00ebn q\u00eb vjen do t\u00eb fillojm\u00eb edhe m\u00eb","breadcrumb":{"@id":"https:\/\/www.visit-ulcinj.com\/blog\/2010\/10\/31\/ledrit-po-i-pelqen-dafina\/#breadcrumb"},"inLanguage":"en-US","potentialAction":[{"@type":"ReadAction","target":["https:\/\/www.visit-ulcinj.com\/blog\/2010\/10\/31\/ledrit-po-i-pelqen-dafina\/"]}]},{"@type":"BreadcrumbList","@id":"https:\/\/www.visit-ulcinj.com\/blog\/2010\/10\/31\/ledrit-po-i-pelqen-dafina\/#breadcrumb","itemListElement":[{"@type":"ListItem","position":1,"name":"Ledrit \u201cpo i p\u00eblqen\u201d Dafina"}]},{"@type":"Person","@id":"https:\/\/www.visit-ulcinj.com\/blog\/#\/schema\/person\/dcab619c614d3038751c63bc2aadc06d","name":"ulqini","sameAs":["http:\/\/www.visit-ulcinj.com"],"url":"https:\/\/www.visit-ulcinj.com\/blog\/author\/admin\/"}]}},"jetpack_featured_media_url":"","jetpack_sharing_enabled":true,"jetpack_shortlink":"https:\/\/wp.me\/pe6lTn-a90","_links":{"self":[{"href":"https:\/\/www.visit-ulcinj.com\/blog\/wp-json\/wp\/v2\/posts\/38998"}],"collection":[{"href":"https:\/\/www.visit-ulcinj.com\/blog\/wp-json\/wp\/v2\/posts"}],"about":[{"href":"https:\/\/www.visit-ulcinj.com\/blog\/wp-json\/wp\/v2\/types\/post"}],"author":[{"embeddable":true,"href":"https:\/\/www.visit-ulcinj.com\/blog\/wp-json\/wp\/v2\/users\/1"}],"replies":[{"embeddable":true,"href":"https:\/\/www.visit-ulcinj.com\/blog\/wp-json\/wp\/v2\/comments?post=38998"}],"version-history":[{"count":0,"href":"https:\/\/www.visit-ulcinj.com\/blog\/wp-json\/wp\/v2\/posts\/38998\/revisions"}],"wp:attachment":[{"href":"https:\/\/www.visit-ulcinj.com\/blog\/wp-json\/wp\/v2\/media?parent=38998"}],"wp:term":[{"taxonomy":"category","embeddable":true,"href":"https:\/\/www.visit-ulcinj.com\/blog\/wp-json\/wp\/v2\/categories?post=38998"},{"taxonomy":"post_tag","embeddable":true,"href":"https:\/\/www.visit-ulcinj.com\/blog\/wp-json\/wp\/v2\/tags?post=38998"}],"curies":[{"name":"wp","href":"https:\/\/api.w.org\/{rel}","templated":true}]}}