{"id":39,"date":"2008-01-05T14:27:05","date_gmt":"2008-01-05T19:27:05","guid":{"rendered":"http:\/\/www.visit-ulcinj.com\/blog\/2008\/01\/05\/ulqini-se-shpejti-me-shkollen-e-motrave-medicinale-per-lindjen-e-femijeve\/"},"modified":"2008-02-12T18:11:32","modified_gmt":"2008-02-12T23:11:32","slug":"ulqini-se-shpejti-me-shkollen-e-motrave-medicinale-per-lindjen-e-femijeve","status":"publish","type":"post","link":"https:\/\/www.visit-ulcinj.com\/blog\/2008\/01\/05\/ulqini-se-shpejti-me-shkollen-e-motrave-medicinale-per-lindjen-e-femijeve\/","title":{"rendered":"Ulqini se shpejti me shkollen e motrave medicinale per lindjen e femijeve"},"content":{"rendered":"<p align=\"justify\">&nbsp;<\/p>\n<p align=\"justify\">&nbsp;<\/p>\n<h6><img src=\"http:\/\/s271.photobucket.com\/albums\/jj129\/ulqin\/th_karamanaga.jpg\" align=\"left\" hspace=\"2\" vspace=\"2\" \/><\/h6>\n<p><span style=\"font-size: 10pt; font-family: 'Arial','sans-serif'\">Drejtori i Sht\u00ebpis\u00eb s\u00eb Sh\u00ebndetit t\u00eb Ulqinit, prim.dr. Gani Karamanga, deklaroi para gazetar\u00ebve se ndihet krenar q\u00eb ndodhet n\u00eb krye t\u00eb nj\u00eb institucioni ku koleg\u00ebt e tij mjek\u00eb dhe motrat medicinale me profesionaliz\u00ebm e mbi t\u00eb gjitha me p\u00ebrkushtim kan\u00eb kontribuar n\u00eb pun\u00ebn e suksesshme t\u00eb k\u00ebtij materniteti, i cili p\u00ebr shum\u00eb dekada i ka munguar Ulqinit. Per here te pare do te \u00e7elet shkolla Profesionale per motrat medicinale p\u00ebr lindje te femijeve. Nisma \u201cZhvillimi i qendrueshem ekonomik nepermjet formimit profesional\u201d, vjen si nje perpjekje per zhvillimin e arsimit profesional dhe sa me afer<span> <\/span>kerkesave te tregut te punes. Kjo shkoll\u00eb, qe nis punen vitin e ardhshem, pritet te ofroje shkollim shkencor medikal te kombinuar me pervojen profesionale-praktike dhe sociale neper shtepijat e shendetit. <\/span><span style=\"font-size: 10pt; font-family: 'Arial','sans-serif'\" lang=\"DE-CH\">Kjo do<\/span><!--more--><span style=\"font-size: 10pt; font-family: 'Arial','sans-serif'\" lang=\"DE-CH\"> te thote qe nxansit e kesaj akademie do te marrin diplome per motrat medicinale te kombinuara me trajnimin praktik (ne raportin 50% me 50%).<br \/>\nDrejtori i Sht\u00ebpis\u00eb s\u00eb Sh\u00ebndetit, Prim. Dr. Gani Karamanaga, thot\u00eb se gjithe kjo do te ket mbeshtetjen e Ministrise se Arsimit. Drejtori i Sht\u00ebpis\u00eb s\u00eb Sh\u00ebndetit, Prim. Dr. Gani Karamanaga tha se hapja e nje shkolle profesionale eshte rast i ve\u00e7ante, por edhe suport per t\u2019u orientuar drejt tregut te punes, drejt partneritetit me biznesin.<br \/>\nZbatimi i modelit te nje shkolle te tille Dual (shkollim dhe praktike) ne vendin tone eshte nje risi dhe nje hap i rendesishem ne permiresimin e arsimit dhe formimit profesional, perfshire formimin profesional, te cilet jane kushte thelbesore per suksesin e reformave ekonomike si dhe zhvillimin ekonomiko-social te Ulqinit. Shkollen medicinale per lindjen e femijeve do ta udheheq gjinekologeja Zulfije Duraku,ku nder mes tjerash shkolla do te ket edhe sallen e fitnisit per eshtrimin e grave.<o:p><\/o:p><\/span><\/p>\n<h6><span style=\"font-size: 10pt; line-height: 115%; font-family: 'Verdana','sans-serif'\"><label title=\"karamanaga.jpg\"><\/label><\/span><span lang=\"DE-CH\"><span class=\"style32\"><\/span><o:p><\/o:p><\/span><\/h6>\n<p align=\"justify\">&nbsp;<\/p>\n<p align=\"justify\">&nbsp;<\/p>\n","protected":false},"excerpt":{"rendered":"<p><img src=\"http:\/\/s271.photobucket.com\/albums\/jj129\/ulqin\/th_karamanaga.jpg\" alt=\"Karamanaga\" witdh=\"140\" height=\"140\" \/><\/p>\n","protected":false},"author":1,"featured_media":0,"comment_status":"open","ping_status":"closed","sticky":false,"template":"","format":"standard","meta":{"spay_email":"","jetpack_publicize_message":"","jetpack_is_tweetstorm":false,"jetpack_publicize_feature_enabled":true},"categories":[1],"tags":[1178,286,362,290,291,289,288,200,18,359,287],"jetpack_publicize_connections":[],"yoast_head":"<!-- This site is optimized with the Yoast SEO plugin v19.1 - https:\/\/yoast.com\/wordpress\/plugins\/seo\/ -->\n<title>Ulqini se shpejti me shkollen e motrave medicinale per lindjen e femijeve - Lajme nga Ulqini<\/title>\n<meta name=\"robots\" content=\"index, follow, max-snippet:-1, max-image-preview:large, max-video-preview:-1\" \/>\n<link rel=\"canonical\" href=\"https:\/\/www.visit-ulcinj.com\/blog\/2008\/01\/05\/ulqini-se-shpejti-me-shkollen-e-motrave-medicinale-per-lindjen-e-femijeve\/\" \/>\n<meta property=\"og:locale\" content=\"en_US\" \/>\n<meta property=\"og:type\" content=\"article\" \/>\n<meta property=\"og:title\" content=\"Ulqini se shpejti me shkollen e motrave medicinale per lindjen e femijeve - Lajme nga Ulqini\" \/>\n<meta property=\"og:url\" content=\"https:\/\/www.visit-ulcinj.com\/blog\/2008\/01\/05\/ulqini-se-shpejti-me-shkollen-e-motrave-medicinale-per-lindjen-e-femijeve\/\" \/>\n<meta property=\"og:site_name\" content=\"Lajme nga Ulqini\" \/>\n<meta property=\"article:published_time\" content=\"2008-01-05T19:27:05+00:00\" \/>\n<meta property=\"article:modified_time\" content=\"2008-02-12T23:11:32+00:00\" \/>\n<meta property=\"og:image\" content=\"http:\/\/s271.photobucket.com\/albums\/jj129\/ulqin\/th_karamanaga.jpg\" \/>\n<meta name=\"twitter:label1\" content=\"Written by\" \/>\n\t<meta name=\"twitter:data1\" content=\"ulqini\" \/>\n\t<meta name=\"twitter:label2\" content=\"Est. reading time\" \/>\n\t<meta name=\"twitter:data2\" content=\"2 minutes\" \/>\n<script type=\"application\/ld+json\" class=\"yoast-schema-graph\">{\"@context\":\"https:\/\/schema.org\",\"@graph\":[{\"@type\":\"WebSite\",\"@id\":\"https:\/\/www.visit-ulcinj.com\/blog\/#website\",\"url\":\"https:\/\/www.visit-ulcinj.com\/blog\/\",\"name\":\"Lajme nga Ulqini\",\"description\":\"Lajme,Vijesti,Ulqini,Ulqin,Crna Gora,Mali i Zi\",\"potentialAction\":[{\"@type\":\"SearchAction\",\"target\":{\"@type\":\"EntryPoint\",\"urlTemplate\":\"https:\/\/www.visit-ulcinj.com\/blog\/?s={search_term_string}\"},\"query-input\":\"required name=search_term_string\"}],\"inLanguage\":\"en-US\"},{\"@type\":\"ImageObject\",\"inLanguage\":\"en-US\",\"@id\":\"https:\/\/www.visit-ulcinj.com\/blog\/2008\/01\/05\/ulqini-se-shpejti-me-shkollen-e-motrave-medicinale-per-lindjen-e-femijeve\/#primaryimage\",\"url\":\"http:\/\/s271.photobucket.com\/albums\/jj129\/ulqin\/th_karamanaga.jpg\",\"contentUrl\":\"http:\/\/s271.photobucket.com\/albums\/jj129\/ulqin\/th_karamanaga.jpg\"},{\"@type\":\"WebPage\",\"@id\":\"https:\/\/www.visit-ulcinj.com\/blog\/2008\/01\/05\/ulqini-se-shpejti-me-shkollen-e-motrave-medicinale-per-lindjen-e-femijeve\/#webpage\",\"url\":\"https:\/\/www.visit-ulcinj.com\/blog\/2008\/01\/05\/ulqini-se-shpejti-me-shkollen-e-motrave-medicinale-per-lindjen-e-femijeve\/\",\"name\":\"Ulqini se shpejti me shkollen e motrave medicinale per lindjen e femijeve - Lajme nga Ulqini\",\"isPartOf\":{\"@id\":\"https:\/\/www.visit-ulcinj.com\/blog\/#website\"},\"primaryImageOfPage\":{\"@id\":\"https:\/\/www.visit-ulcinj.com\/blog\/2008\/01\/05\/ulqini-se-shpejti-me-shkollen-e-motrave-medicinale-per-lindjen-e-femijeve\/#primaryimage\"},\"datePublished\":\"2008-01-05T19:27:05+00:00\",\"dateModified\":\"2008-02-12T23:11:32+00:00\",\"author\":{\"@id\":\"https:\/\/www.visit-ulcinj.com\/blog\/#\/schema\/person\/dcab619c614d3038751c63bc2aadc06d\"},\"breadcrumb\":{\"@id\":\"https:\/\/www.visit-ulcinj.com\/blog\/2008\/01\/05\/ulqini-se-shpejti-me-shkollen-e-motrave-medicinale-per-lindjen-e-femijeve\/#breadcrumb\"},\"inLanguage\":\"en-US\",\"potentialAction\":[{\"@type\":\"ReadAction\",\"target\":[\"https:\/\/www.visit-ulcinj.com\/blog\/2008\/01\/05\/ulqini-se-shpejti-me-shkollen-e-motrave-medicinale-per-lindjen-e-femijeve\/\"]}]},{\"@type\":\"BreadcrumbList\",\"@id\":\"https:\/\/www.visit-ulcinj.com\/blog\/2008\/01\/05\/ulqini-se-shpejti-me-shkollen-e-motrave-medicinale-per-lindjen-e-femijeve\/#breadcrumb\",\"itemListElement\":[{\"@type\":\"ListItem\",\"position\":1,\"name\":\"Ulqini se shpejti me shkollen e motrave medicinale per lindjen e femijeve\"}]},{\"@type\":\"Person\",\"@id\":\"https:\/\/www.visit-ulcinj.com\/blog\/#\/schema\/person\/dcab619c614d3038751c63bc2aadc06d\",\"name\":\"ulqini\",\"sameAs\":[\"http:\/\/www.visit-ulcinj.com\"],\"url\":\"https:\/\/www.visit-ulcinj.com\/blog\/author\/admin\/\"}]}<\/script>\n<!-- \/ Yoast SEO plugin. -->","yoast_head_json":{"title":"Ulqini se shpejti me shkollen e motrave medicinale per lindjen e femijeve - Lajme nga Ulqini","robots":{"index":"index","follow":"follow","max-snippet":"max-snippet:-1","max-image-preview":"max-image-preview:large","max-video-preview":"max-video-preview:-1"},"canonical":"https:\/\/www.visit-ulcinj.com\/blog\/2008\/01\/05\/ulqini-se-shpejti-me-shkollen-e-motrave-medicinale-per-lindjen-e-femijeve\/","og_locale":"en_US","og_type":"article","og_title":"Ulqini se shpejti me shkollen e motrave medicinale per lindjen e femijeve - Lajme nga Ulqini","og_url":"https:\/\/www.visit-ulcinj.com\/blog\/2008\/01\/05\/ulqini-se-shpejti-me-shkollen-e-motrave-medicinale-per-lindjen-e-femijeve\/","og_site_name":"Lajme nga Ulqini","article_published_time":"2008-01-05T19:27:05+00:00","article_modified_time":"2008-02-12T23:11:32+00:00","og_image":[{"url":"http:\/\/s271.photobucket.com\/albums\/jj129\/ulqin\/th_karamanaga.jpg"}],"twitter_misc":{"Written by":"ulqini","Est. reading time":"2 minutes"},"schema":{"@context":"https:\/\/schema.org","@graph":[{"@type":"WebSite","@id":"https:\/\/www.visit-ulcinj.com\/blog\/#website","url":"https:\/\/www.visit-ulcinj.com\/blog\/","name":"Lajme nga Ulqini","description":"Lajme,Vijesti,Ulqini,Ulqin,Crna Gora,Mali i Zi","potentialAction":[{"@type":"SearchAction","target":{"@type":"EntryPoint","urlTemplate":"https:\/\/www.visit-ulcinj.com\/blog\/?s={search_term_string}"},"query-input":"required name=search_term_string"}],"inLanguage":"en-US"},{"@type":"ImageObject","inLanguage":"en-US","@id":"https:\/\/www.visit-ulcinj.com\/blog\/2008\/01\/05\/ulqini-se-shpejti-me-shkollen-e-motrave-medicinale-per-lindjen-e-femijeve\/#primaryimage","url":"http:\/\/s271.photobucket.com\/albums\/jj129\/ulqin\/th_karamanaga.jpg","contentUrl":"http:\/\/s271.photobucket.com\/albums\/jj129\/ulqin\/th_karamanaga.jpg"},{"@type":"WebPage","@id":"https:\/\/www.visit-ulcinj.com\/blog\/2008\/01\/05\/ulqini-se-shpejti-me-shkollen-e-motrave-medicinale-per-lindjen-e-femijeve\/#webpage","url":"https:\/\/www.visit-ulcinj.com\/blog\/2008\/01\/05\/ulqini-se-shpejti-me-shkollen-e-motrave-medicinale-per-lindjen-e-femijeve\/","name":"Ulqini se shpejti me shkollen e motrave medicinale per lindjen e femijeve - Lajme nga Ulqini","isPartOf":{"@id":"https:\/\/www.visit-ulcinj.com\/blog\/#website"},"primaryImageOfPage":{"@id":"https:\/\/www.visit-ulcinj.com\/blog\/2008\/01\/05\/ulqini-se-shpejti-me-shkollen-e-motrave-medicinale-per-lindjen-e-femijeve\/#primaryimage"},"datePublished":"2008-01-05T19:27:05+00:00","dateModified":"2008-02-12T23:11:32+00:00","author":{"@id":"https:\/\/www.visit-ulcinj.com\/blog\/#\/schema\/person\/dcab619c614d3038751c63bc2aadc06d"},"breadcrumb":{"@id":"https:\/\/www.visit-ulcinj.com\/blog\/2008\/01\/05\/ulqini-se-shpejti-me-shkollen-e-motrave-medicinale-per-lindjen-e-femijeve\/#breadcrumb"},"inLanguage":"en-US","potentialAction":[{"@type":"ReadAction","target":["https:\/\/www.visit-ulcinj.com\/blog\/2008\/01\/05\/ulqini-se-shpejti-me-shkollen-e-motrave-medicinale-per-lindjen-e-femijeve\/"]}]},{"@type":"BreadcrumbList","@id":"https:\/\/www.visit-ulcinj.com\/blog\/2008\/01\/05\/ulqini-se-shpejti-me-shkollen-e-motrave-medicinale-per-lindjen-e-femijeve\/#breadcrumb","itemListElement":[{"@type":"ListItem","position":1,"name":"Ulqini se shpejti me shkollen e motrave medicinale per lindjen e femijeve"}]},{"@type":"Person","@id":"https:\/\/www.visit-ulcinj.com\/blog\/#\/schema\/person\/dcab619c614d3038751c63bc2aadc06d","name":"ulqini","sameAs":["http:\/\/www.visit-ulcinj.com"],"url":"https:\/\/www.visit-ulcinj.com\/blog\/author\/admin\/"}]}},"jetpack_featured_media_url":"","jetpack_sharing_enabled":true,"jetpack_shortlink":"https:\/\/wp.me\/pe6lTn-D","_links":{"self":[{"href":"https:\/\/www.visit-ulcinj.com\/blog\/wp-json\/wp\/v2\/posts\/39"}],"collection":[{"href":"https:\/\/www.visit-ulcinj.com\/blog\/wp-json\/wp\/v2\/posts"}],"about":[{"href":"https:\/\/www.visit-ulcinj.com\/blog\/wp-json\/wp\/v2\/types\/post"}],"author":[{"embeddable":true,"href":"https:\/\/www.visit-ulcinj.com\/blog\/wp-json\/wp\/v2\/users\/1"}],"replies":[{"embeddable":true,"href":"https:\/\/www.visit-ulcinj.com\/blog\/wp-json\/wp\/v2\/comments?post=39"}],"version-history":[{"count":0,"href":"https:\/\/www.visit-ulcinj.com\/blog\/wp-json\/wp\/v2\/posts\/39\/revisions"}],"wp:attachment":[{"href":"https:\/\/www.visit-ulcinj.com\/blog\/wp-json\/wp\/v2\/media?parent=39"}],"wp:term":[{"taxonomy":"category","embeddable":true,"href":"https:\/\/www.visit-ulcinj.com\/blog\/wp-json\/wp\/v2\/categories?post=39"},{"taxonomy":"post_tag","embeddable":true,"href":"https:\/\/www.visit-ulcinj.com\/blog\/wp-json\/wp\/v2\/tags?post=39"}],"curies":[{"name":"wp","href":"https:\/\/api.w.org\/{rel}","templated":true}]}}