{"id":39012,"date":"2010-11-01T10:00:02","date_gmt":"2010-11-01T08:00:02","guid":{"rendered":"http:\/\/www.visit-ulcinj.com\/blog\/?p=39012"},"modified":"2010-10-31T13:54:51","modified_gmt":"2010-10-31T11:54:51","slug":"capital-t-me-klip-te-ri","status":"publish","type":"post","link":"https:\/\/www.visit-ulcinj.com\/blog\/2010\/11\/01\/capital-t-me-klip-te-ri\/","title":{"rendered":"Capital T me klip t\u00eb ri"},"content":{"rendered":"<p><a href=\"http:\/\/www.visit-ulcinj.com\/blog\/wp-content\/uploads\/2010\/10\/Capital-T-dhe-Altuna-Sejdi.jpg\"><img loading=\"lazy\" class=\"alignleft size-full wp-image-39018\" title=\"Capital-T-dhe-Altuna-Sejdi\" src=\"http:\/\/www.visit-ulcinj.com\/blog\/wp-content\/uploads\/2010\/10\/Capital-T-dhe-Altuna-Sejdi.jpg\" alt=\"\" width=\"508\" height=\"339\" \/><\/a>\u201cShum\u00eb shpejt do t\u00eb dal\u00eb klipi \u201cU bo von\u00eb\u201d. \u00cbsht\u00eb nj\u00eb ide m\u00eb ndryshe prej her\u00ebve tjera. N\u00eb klip do t\u00eb marrin pjes\u00eb disa nga k\u00ebng\u00ebtaret tona t\u00eb estrad\u00ebs. Do t\u00eb thot\u00eb se ky \u00ebsht\u00eb projekti i fundit q\u00eb do t\u00eb pasoj\u00eb. Po shpresojm\u00eb q\u00eb vikendin e ardhsh\u00ebm ta lansojm\u00eb k\u00ebng\u00ebn n\u00ebp\u00ebr televizionet tona.<\/p>\n<p>Nd\u00ebrsa pret rezultatet e para pas prezantimit t\u00eb par\u00eb n\u00eb festivalin \u201cK\u00ebnga Magjike\u201d, angazhimet aktuale t\u00eb k\u00ebng\u00ebtarit \u201cCapita T\u201d jan\u00eb fokusuar edhe rreth klipit t\u00eb fundit, i cili pritet t\u00eb dal\u00eb n\u00eb treg vikendin e ardhsh\u00ebm. K\u00ebshtu t\u00eb pakt\u00ebn b\u00ebn me dije \u201cCapital T\u201d, gjat\u00eb nj\u00eb bisede p\u00ebr \u201cInfopress\u201d teksa rr\u00ebfen p\u00ebr filmimet e klipit e angazhimet e radh\u00ebs. \u201cShum\u00eb shpejt do t\u00eb dal\u00eb klipi \u201cU bo von\u00eb\u201d. \u00cbsht\u00eb nj\u00eb ide m\u00eb ndryshe prej her\u00ebve tjera. N\u00eb klip do t\u00eb marrin pjes\u00eb disa nga k\u00ebng\u00ebtaret tona t\u00eb estrad\u00ebs. Do t\u00eb thot\u00eb se ky \u00ebsht\u00eb projekti i fundit q\u00eb do t\u00eb pasoj\u00eb. Po shpresojm\u00eb q\u00eb vikendin e ardhsh\u00ebm ta lansojm\u00eb k\u00ebng\u00ebn n\u00ebp\u00ebr televizionet tona. S\u2019kisha dasht\u00eb t\u00eb zbuloj m\u00eb shum\u00eb, por mund t\u00eb them se k\u00ebng\u00ebtaret me t\u00eb cilat un\u00eb kam bashk\u00ebpunim m\u00eb shum\u00eb e q\u00eb kemi marr\u00ebdh\u00ebnie t\u00eb mira, ato do t\u00eb jen\u00eb pjes\u00eb e k\u00ebtij klipi\u201d, k\u00ebshtu b\u00ebn me dije k\u00ebng\u00ebtari, nd\u00ebrsa pohon se k\u00ebng\u00ebtaret pjes\u00ebmarr\u00ebse n\u00eb klipin e tij do t\u00eb jen\u00eb vet\u00ebm si figur\u00eb, por nuk do t\u00eb k\u00ebndojn\u00eb.<\/p>\n<p>Tuna dhe t\u00eb tjera pjes\u00ebmarr\u00ebse<\/p>\n<p>\u201cNuk do t\u00eb d\u00ebgjohet z\u00ebri i tyre, vet\u00ebm se do t\u00eb jen\u00eb pjes\u00eb e filmimeve n\u00eb klip.<\/p>\n<p>K\u00ebnga do t\u00eb jet\u00eb si nj\u00eb vazhdim\u00ebsi e k\u00ebng\u00ebs s\u00eb m\u00ebparshme t\u00eb titulluar \u201cTi je ma e mira\u201d.<\/p>\n<p>Xhirimet tashm\u00eb kan\u00eb p\u00ebrfunduar dhe ka mbet vet\u00ebm edhe montazhi\u201d, thekson ai, nd\u00ebrsa pas pyetjes ton\u00eb se a do t\u00eb jet\u00eb nj\u00ebra nga k\u00ebng\u00ebtaret edhe Tuna, \u201cCapital T\u201d pohon q\u00eb ajo do t\u00eb jet\u00eb nj\u00ebra nga k\u00ebng\u00ebtaret pjes\u00ebmarr\u00ebse n\u00eb klipin e tij, ndon\u00ebse p\u00ebr m\u00eb shum\u00eb detaje nuk deshi t\u00eb b\u00ebnte me dije.<\/p>\n<p>Megjith\u00ebse ende nuk \u00ebsht\u00eb finalizuar puna e b\u00ebr\u00eb, \u201cCapital T\u201d pohon t\u00eb jet\u00eb i k\u00ebnaqur me gjith\u00eb pun\u00ebn e realizuar deri me tash. \u201cJam shum\u00eb i k\u00ebnaqur me gjith\u00e7ka q\u00eb \u00ebsht\u00eb realizuar deri tash, k\u00ebshtu q\u00eb nuk m\u00eb mbetet tjet\u00ebr vet\u00ebm q\u00eb t\u00eb pres finalizimin dhe shpresoj q\u00eb t\u00eb dal ashtu si\u00e7 e kemi paramenduar. E p\u00ebrve\u00e7 k\u00ebtij klipi, kemi menduar q\u00eb t\u00eb vazhdojm\u00eb edhe me disa bashk\u00ebpunime, ndon\u00ebse nuk mund t\u00eb them se kur do t\u2019i lansojm\u00eb atje\u201d.<\/p>\n<p>Ishte e r\u00ebnd\u00ebsishme kjo pjes\u00ebmarrje<\/p>\n<p>E teksa pret lansimin e klipit, k\u00ebng\u00ebtari tregon edhe p\u00ebr pjes\u00ebmarrjen e tij n\u00eb festivalin \u201cK\u00ebnga Magjike\u201d. \u201cTashm\u00eb jemi prezantuar atje, k\u00ebshtu q\u00eb mbetet vet\u00ebm edhe gjysm\u00ebfinalja dhe finalja e festivalit. Performanca ka qen\u00eb shum\u00eb e suksesshme, por edhe bashk\u00ebpunimi gjithashtu\u201d, tregon k\u00ebng\u00ebtari.<\/p>\n<p>\u201cCapital T\u201d \u00ebsht\u00eb prezantuar me k\u00ebng\u00ebtaren nga Shqip\u00ebria Eni Ko\u00e7i, nd\u00ebrsa k\u00ebnga me t\u00eb cil\u00ebn jan\u00eb prezantuar atje titullohet \u201cDiva\u201d. \u201cP\u00ebr mua ka qen\u00eb m\u00eb e r\u00ebnd\u00ebsishme t\u00eb marr pjes\u00eb fillimisht n\u00eb m\u00ebnyr\u00eb q\u00eb t\u00eb marr\u00eb pjes\u00eb nj\u00ebher\u00eb n\u00eb Shqip\u00ebri, por aq m\u00eb mir\u00eb n\u00ebse na vler\u00ebsohet puna t\u00eb cil\u00ebn e kemi b\u00ebr\u00eb\u201d.<\/p>\n<p>E p\u00ebrve\u00e7 muzik\u00ebs, i riu prishtinas u \u00ebsht\u00eb rrekur edhe studimeve t\u00eb tij, p\u00ebr t\u00eb cilat thot\u00eb se jan\u00eb duke i shkuar shum\u00eb mir\u00eb. \u201cJam edhe n\u00eb fakultet, k\u00ebshtu q\u00eb jam duke u angazhuar edhe n\u00eb k\u00ebt\u00eb drejtim. Gjith\u00e7ka \u00ebsht\u00eb duke shkuar mir\u00eb\u201d, shton p\u00ebr fund ai.<\/p>\n<!--YouTube Error: bad URL entered-->\n","protected":false},"excerpt":{"rendered":"<p>\u201cShum\u00eb shpejt do t\u00eb dal\u00eb klipi \u201cU bo von\u00eb\u201d. \u00cbsht\u00eb nj\u00eb ide m\u00eb ndryshe prej her\u00ebve tjera. N\u00eb klip do t\u00eb marrin pjes\u00eb disa nga k\u00ebng\u00ebtaret tona t\u00eb estrad\u00ebs. Do t\u00eb thot\u00eb se ky \u00ebsht\u00eb projekti i fundit q\u00eb do t\u00eb pasoj\u00eb. Po shpresojm\u00eb q\u00eb vikendin e ardhsh\u00ebm ta lansojm\u00eb k\u00ebng\u00ebn n\u00ebp\u00ebr televizionet tona. Nd\u00ebrsa [&hellip;]<\/p>\n","protected":false},"author":1,"featured_media":0,"comment_status":"open","ping_status":"closed","sticky":false,"template":"","format":"standard","meta":{"spay_email":"","jetpack_publicize_message":"","jetpack_is_tweetstorm":false,"jetpack_publicize_feature_enabled":true},"categories":[1],"tags":[16133,16132,16134,5134,16131,13348,16070,16130],"jetpack_publicize_connections":[],"yoast_head":"<!-- This site is optimized with the Yoast SEO plugin v19.1 - https:\/\/yoast.com\/wordpress\/plugins\/seo\/ -->\n<title>Capital T me klip t\u00eb ri - Lajme nga Ulqini<\/title>\n<meta name=\"description\" content=\"\u201cShum\u00eb shpejt do t\u00eb dal\u00eb klipi \u201cU bo von\u00eb\u201d. \u00cbsht\u00eb nj\u00eb ide m\u00eb ndryshe prej her\u00ebve tjera. N\u00eb klip do t\u00eb marrin pjes\u00eb disa nga k\u00ebng\u00ebtaret tona t\u00eb estrad\u00ebs.\" \/>\n<meta name=\"robots\" content=\"index, follow, max-snippet:-1, max-image-preview:large, max-video-preview:-1\" \/>\n<link rel=\"canonical\" href=\"https:\/\/www.visit-ulcinj.com\/blog\/2010\/11\/01\/capital-t-me-klip-te-ri\/\" \/>\n<meta property=\"og:locale\" content=\"en_US\" \/>\n<meta property=\"og:type\" content=\"article\" \/>\n<meta property=\"og:title\" content=\"Capital T me klip t\u00eb ri - Lajme nga Ulqini\" \/>\n<meta property=\"og:description\" content=\"\u201cShum\u00eb shpejt do t\u00eb dal\u00eb klipi \u201cU bo von\u00eb\u201d. \u00cbsht\u00eb nj\u00eb ide m\u00eb ndryshe prej her\u00ebve tjera. N\u00eb klip do t\u00eb marrin pjes\u00eb disa nga k\u00ebng\u00ebtaret tona t\u00eb estrad\u00ebs.\" \/>\n<meta property=\"og:url\" content=\"https:\/\/www.visit-ulcinj.com\/blog\/2010\/11\/01\/capital-t-me-klip-te-ri\/\" \/>\n<meta property=\"og:site_name\" content=\"Lajme nga Ulqini\" \/>\n<meta property=\"article:published_time\" content=\"2010-11-01T08:00:02+00:00\" \/>\n<meta property=\"article:modified_time\" content=\"2010-10-31T11:54:51+00:00\" \/>\n<meta property=\"og:image\" content=\"http:\/\/www.visit-ulcinj.com\/blog\/wp-content\/uploads\/2010\/10\/Capital-T-dhe-Altuna-Sejdi.jpg\" \/>\n<meta name=\"twitter:label1\" content=\"Written by\" \/>\n\t<meta name=\"twitter:data1\" content=\"ulqini\" \/>\n\t<meta name=\"twitter:label2\" content=\"Est. reading time\" \/>\n\t<meta name=\"twitter:data2\" content=\"3 minutes\" \/>\n<script type=\"application\/ld+json\" class=\"yoast-schema-graph\">{\"@context\":\"https:\/\/schema.org\",\"@graph\":[{\"@type\":\"WebSite\",\"@id\":\"https:\/\/www.visit-ulcinj.com\/blog\/#website\",\"url\":\"https:\/\/www.visit-ulcinj.com\/blog\/\",\"name\":\"Lajme nga Ulqini\",\"description\":\"Lajme,Vijesti,Ulqini,Ulqin,Crna Gora,Mali i Zi\",\"potentialAction\":[{\"@type\":\"SearchAction\",\"target\":{\"@type\":\"EntryPoint\",\"urlTemplate\":\"https:\/\/www.visit-ulcinj.com\/blog\/?s={search_term_string}\"},\"query-input\":\"required name=search_term_string\"}],\"inLanguage\":\"en-US\"},{\"@type\":\"ImageObject\",\"inLanguage\":\"en-US\",\"@id\":\"https:\/\/www.visit-ulcinj.com\/blog\/2010\/11\/01\/capital-t-me-klip-te-ri\/#primaryimage\",\"url\":\"http:\/\/www.visit-ulcinj.com\/blog\/wp-content\/uploads\/2010\/10\/Capital-T-dhe-Altuna-Sejdi.jpg\",\"contentUrl\":\"http:\/\/www.visit-ulcinj.com\/blog\/wp-content\/uploads\/2010\/10\/Capital-T-dhe-Altuna-Sejdi.jpg\"},{\"@type\":\"WebPage\",\"@id\":\"https:\/\/www.visit-ulcinj.com\/blog\/2010\/11\/01\/capital-t-me-klip-te-ri\/#webpage\",\"url\":\"https:\/\/www.visit-ulcinj.com\/blog\/2010\/11\/01\/capital-t-me-klip-te-ri\/\",\"name\":\"Capital T me klip t\u00eb ri - Lajme nga Ulqini\",\"isPartOf\":{\"@id\":\"https:\/\/www.visit-ulcinj.com\/blog\/#website\"},\"primaryImageOfPage\":{\"@id\":\"https:\/\/www.visit-ulcinj.com\/blog\/2010\/11\/01\/capital-t-me-klip-te-ri\/#primaryimage\"},\"datePublished\":\"2010-11-01T08:00:02+00:00\",\"dateModified\":\"2010-10-31T11:54:51+00:00\",\"author\":{\"@id\":\"https:\/\/www.visit-ulcinj.com\/blog\/#\/schema\/person\/dcab619c614d3038751c63bc2aadc06d\"},\"description\":\"\u201cShum\u00eb shpejt do t\u00eb dal\u00eb klipi \u201cU bo von\u00eb\u201d. \u00cbsht\u00eb nj\u00eb ide m\u00eb ndryshe prej her\u00ebve tjera. N\u00eb klip do t\u00eb marrin pjes\u00eb disa nga k\u00ebng\u00ebtaret tona t\u00eb estrad\u00ebs.\",\"breadcrumb\":{\"@id\":\"https:\/\/www.visit-ulcinj.com\/blog\/2010\/11\/01\/capital-t-me-klip-te-ri\/#breadcrumb\"},\"inLanguage\":\"en-US\",\"potentialAction\":[{\"@type\":\"ReadAction\",\"target\":[\"https:\/\/www.visit-ulcinj.com\/blog\/2010\/11\/01\/capital-t-me-klip-te-ri\/\"]}]},{\"@type\":\"BreadcrumbList\",\"@id\":\"https:\/\/www.visit-ulcinj.com\/blog\/2010\/11\/01\/capital-t-me-klip-te-ri\/#breadcrumb\",\"itemListElement\":[{\"@type\":\"ListItem\",\"position\":1,\"name\":\"Capital T me klip t\u00eb ri\"}]},{\"@type\":\"Person\",\"@id\":\"https:\/\/www.visit-ulcinj.com\/blog\/#\/schema\/person\/dcab619c614d3038751c63bc2aadc06d\",\"name\":\"ulqini\",\"sameAs\":[\"http:\/\/www.visit-ulcinj.com\"],\"url\":\"https:\/\/www.visit-ulcinj.com\/blog\/author\/admin\/\"}]}<\/script>\n<!-- \/ Yoast SEO plugin. -->","yoast_head_json":{"title":"Capital T me klip t\u00eb ri - Lajme nga Ulqini","description":"\u201cShum\u00eb shpejt do t\u00eb dal\u00eb klipi \u201cU bo von\u00eb\u201d. \u00cbsht\u00eb nj\u00eb ide m\u00eb ndryshe prej her\u00ebve tjera. N\u00eb klip do t\u00eb marrin pjes\u00eb disa nga k\u00ebng\u00ebtaret tona t\u00eb estrad\u00ebs.","robots":{"index":"index","follow":"follow","max-snippet":"max-snippet:-1","max-image-preview":"max-image-preview:large","max-video-preview":"max-video-preview:-1"},"canonical":"https:\/\/www.visit-ulcinj.com\/blog\/2010\/11\/01\/capital-t-me-klip-te-ri\/","og_locale":"en_US","og_type":"article","og_title":"Capital T me klip t\u00eb ri - Lajme nga Ulqini","og_description":"\u201cShum\u00eb shpejt do t\u00eb dal\u00eb klipi \u201cU bo von\u00eb\u201d. \u00cbsht\u00eb nj\u00eb ide m\u00eb ndryshe prej her\u00ebve tjera. N\u00eb klip do t\u00eb marrin pjes\u00eb disa nga k\u00ebng\u00ebtaret tona t\u00eb estrad\u00ebs.","og_url":"https:\/\/www.visit-ulcinj.com\/blog\/2010\/11\/01\/capital-t-me-klip-te-ri\/","og_site_name":"Lajme nga Ulqini","article_published_time":"2010-11-01T08:00:02+00:00","article_modified_time":"2010-10-31T11:54:51+00:00","og_image":[{"url":"http:\/\/www.visit-ulcinj.com\/blog\/wp-content\/uploads\/2010\/10\/Capital-T-dhe-Altuna-Sejdi.jpg"}],"twitter_misc":{"Written by":"ulqini","Est. reading time":"3 minutes"},"schema":{"@context":"https:\/\/schema.org","@graph":[{"@type":"WebSite","@id":"https:\/\/www.visit-ulcinj.com\/blog\/#website","url":"https:\/\/www.visit-ulcinj.com\/blog\/","name":"Lajme nga Ulqini","description":"Lajme,Vijesti,Ulqini,Ulqin,Crna Gora,Mali i Zi","potentialAction":[{"@type":"SearchAction","target":{"@type":"EntryPoint","urlTemplate":"https:\/\/www.visit-ulcinj.com\/blog\/?s={search_term_string}"},"query-input":"required name=search_term_string"}],"inLanguage":"en-US"},{"@type":"ImageObject","inLanguage":"en-US","@id":"https:\/\/www.visit-ulcinj.com\/blog\/2010\/11\/01\/capital-t-me-klip-te-ri\/#primaryimage","url":"http:\/\/www.visit-ulcinj.com\/blog\/wp-content\/uploads\/2010\/10\/Capital-T-dhe-Altuna-Sejdi.jpg","contentUrl":"http:\/\/www.visit-ulcinj.com\/blog\/wp-content\/uploads\/2010\/10\/Capital-T-dhe-Altuna-Sejdi.jpg"},{"@type":"WebPage","@id":"https:\/\/www.visit-ulcinj.com\/blog\/2010\/11\/01\/capital-t-me-klip-te-ri\/#webpage","url":"https:\/\/www.visit-ulcinj.com\/blog\/2010\/11\/01\/capital-t-me-klip-te-ri\/","name":"Capital T me klip t\u00eb ri - Lajme nga Ulqini","isPartOf":{"@id":"https:\/\/www.visit-ulcinj.com\/blog\/#website"},"primaryImageOfPage":{"@id":"https:\/\/www.visit-ulcinj.com\/blog\/2010\/11\/01\/capital-t-me-klip-te-ri\/#primaryimage"},"datePublished":"2010-11-01T08:00:02+00:00","dateModified":"2010-10-31T11:54:51+00:00","author":{"@id":"https:\/\/www.visit-ulcinj.com\/blog\/#\/schema\/person\/dcab619c614d3038751c63bc2aadc06d"},"description":"\u201cShum\u00eb shpejt do t\u00eb dal\u00eb klipi \u201cU bo von\u00eb\u201d. \u00cbsht\u00eb nj\u00eb ide m\u00eb ndryshe prej her\u00ebve tjera. N\u00eb klip do t\u00eb marrin pjes\u00eb disa nga k\u00ebng\u00ebtaret tona t\u00eb estrad\u00ebs.","breadcrumb":{"@id":"https:\/\/www.visit-ulcinj.com\/blog\/2010\/11\/01\/capital-t-me-klip-te-ri\/#breadcrumb"},"inLanguage":"en-US","potentialAction":[{"@type":"ReadAction","target":["https:\/\/www.visit-ulcinj.com\/blog\/2010\/11\/01\/capital-t-me-klip-te-ri\/"]}]},{"@type":"BreadcrumbList","@id":"https:\/\/www.visit-ulcinj.com\/blog\/2010\/11\/01\/capital-t-me-klip-te-ri\/#breadcrumb","itemListElement":[{"@type":"ListItem","position":1,"name":"Capital T me klip t\u00eb ri"}]},{"@type":"Person","@id":"https:\/\/www.visit-ulcinj.com\/blog\/#\/schema\/person\/dcab619c614d3038751c63bc2aadc06d","name":"ulqini","sameAs":["http:\/\/www.visit-ulcinj.com"],"url":"https:\/\/www.visit-ulcinj.com\/blog\/author\/admin\/"}]}},"jetpack_featured_media_url":"","jetpack_sharing_enabled":true,"jetpack_shortlink":"https:\/\/wp.me\/pe6lTn-a9e","_links":{"self":[{"href":"https:\/\/www.visit-ulcinj.com\/blog\/wp-json\/wp\/v2\/posts\/39012"}],"collection":[{"href":"https:\/\/www.visit-ulcinj.com\/blog\/wp-json\/wp\/v2\/posts"}],"about":[{"href":"https:\/\/www.visit-ulcinj.com\/blog\/wp-json\/wp\/v2\/types\/post"}],"author":[{"embeddable":true,"href":"https:\/\/www.visit-ulcinj.com\/blog\/wp-json\/wp\/v2\/users\/1"}],"replies":[{"embeddable":true,"href":"https:\/\/www.visit-ulcinj.com\/blog\/wp-json\/wp\/v2\/comments?post=39012"}],"version-history":[{"count":0,"href":"https:\/\/www.visit-ulcinj.com\/blog\/wp-json\/wp\/v2\/posts\/39012\/revisions"}],"wp:attachment":[{"href":"https:\/\/www.visit-ulcinj.com\/blog\/wp-json\/wp\/v2\/media?parent=39012"}],"wp:term":[{"taxonomy":"category","embeddable":true,"href":"https:\/\/www.visit-ulcinj.com\/blog\/wp-json\/wp\/v2\/categories?post=39012"},{"taxonomy":"post_tag","embeddable":true,"href":"https:\/\/www.visit-ulcinj.com\/blog\/wp-json\/wp\/v2\/tags?post=39012"}],"curies":[{"name":"wp","href":"https:\/\/api.w.org\/{rel}","templated":true}]}}