{"id":39017,"date":"2010-10-31T14:03:00","date_gmt":"2010-10-31T12:03:00","guid":{"rendered":"http:\/\/www.visit-ulcinj.com\/blog\/?p=39017"},"modified":"2010-10-31T14:03:00","modified_gmt":"2010-10-31T12:03:00","slug":"skrelja-pregovori-za-par-dana","status":"publish","type":"post","link":"https:\/\/www.visit-ulcinj.com\/blog\/2010\/10\/31\/skrelja-pregovori-za-par-dana\/","title":{"rendered":"\u0160krelja: Pregovori za par dana"},"content":{"rendered":"<p><a href=\"http:\/\/www.visit-ulcinj.com\/blog\/wp-content\/uploads\/2010\/10\/Luigj-Lui-Shkrela-DPS-Ulcinj.5.jpg\"><img loading=\"lazy\" class=\"alignleft size-full wp-image-39022\" title=\"Luigj Lui Shkrela -DPS-Ulcinj.5\" src=\"http:\/\/www.visit-ulcinj.com\/blog\/wp-content\/uploads\/2010\/10\/Luigj-Lui-Shkrela-DPS-Ulcinj.5.jpg\" alt=\"\" width=\"490\" height=\"380\" \/><\/a>Demokratska partija socijalista po\u010de\u0107e pregovore o formiranju lokalne vlasti u Ulcinju nakon sjednice Predsjedni\u0161tva partije, koja \u0107e biti odr\u017eana tokom naredne sedmice, kazao je predsjednik Odbora DPS-a tog grada Lui\u0111 \u0160krelja. Kazao je da bi na sjednici, na kojoj \u0107e on detaljno obavijestiti Predsjedni\u0161tvo o rezultatima izbora, trebalo da se odredi i kako \u0107e da izgleda budu\u0107i status i vizija DPS-a vezano za vr\u0161enje lokalne vlasti.<\/p>\n<p>Na lokalnim izborima u Ulcinju FORCA je osvojila 11 mandata, koalicija DUA i Partija demokratskog prosperiteta deset, a DPS sedam mandata. Koalicija Bolji Ulcinj Bolja Crna Gora i Socijaldemokratska partija osvojile su po dva odborni\u010dka mjesta, a Gra\u0111anska inicijativa perspektiva jedan mandat.<\/p>\n<p>\u0160krelja je agenciji MINA ponovio prirotet u pregovorima ima dugogodi\u0161nji i sada\u0161nji koalicioni partner Demokratska unija Albanaca, sa kojom DPS vr\u0161i vlast u Ulcinju, ali i na dr\u017eavnom nivou.<\/p>\n<p>&#8220;Sve zavisi od toga koliko su spremni da na osnovu rezultata izbora DPS-u pripanea mjesto koje zaslu\u017euje, jer smo samostalnim nastupom na izborima htjeli da ka\u017eemo da smo spremni da preuzimamo poptunu odgovornost za sve \u0161to se bude desilo, dobro ili lo\u0161e, u narednom mandatnom periodu&#8221;, poru\u010dio je \u0160krelja.<\/p>\n<p>U DPS-u je, kako je kazao \u0160krelja, konstatovano da su zadovoljni postignutim izbornim rezultatima u gradskoj Op\u0161tini Golubovci i Op\u0161tini Ulcinj.<\/p>\n<p><a href=\"http:\/\/www.rtcg.me\/vijesti\/politika\/aktuelno\/33597-skrelja-pregovori-za-par-dana.html\" target=\"_blank\"><strong>RTCG<\/strong><\/a><br \/>\n\n\t\t<style type=\"text\/css\">\n\t\t\t#gallery-1 {\n\t\t\t\tmargin: auto;\n\t\t\t}\n\t\t\t#gallery-1 .gallery-item {\n\t\t\t\tfloat: left;\n\t\t\t\tmargin-top: 10px;\n\t\t\t\ttext-align: center;\n\t\t\t\twidth: 33%;\n\t\t\t}\n\t\t\t#gallery-1 img {\n\t\t\t\tborder: 2px solid #cfcfcf;\n\t\t\t}\n\t\t\t#gallery-1 .gallery-caption {\n\t\t\t\tmargin-left: 0;\n\t\t\t}\n\t\t\t\/* see gallery_shortcode() in wp-includes\/media.php *\/\n\t\t<\/style>\n\t\t<div id='gallery-1' class='gallery galleryid-39017 gallery-columns-3 gallery-size-thumbnail'><dl class='gallery-item'>\n\t\t\t<dt class='gallery-icon landscape'>\n\t\t\t\t<a href='https:\/\/www.visit-ulcinj.com\/blog\/wp-content\/uploads\/2010\/10\/Luigj-Lui-Shkrela-DPS-Ulcinj.5.jpg'><img width=\"150\" height=\"150\" src=\"https:\/\/www.visit-ulcinj.com\/blog\/wp-content\/uploads\/2010\/10\/Luigj-Lui-Shkrela-DPS-Ulcinj.5-150x150.jpg\" class=\"attachment-thumbnail size-thumbnail\" alt=\"\" loading=\"lazy\" \/><\/a>\n\t\t\t<\/dt><\/dl><dl class='gallery-item'>\n\t\t\t<dt class='gallery-icon landscape'>\n\t\t\t\t<a href='https:\/\/www.visit-ulcinj.com\/blog\/wp-content\/uploads\/2010\/10\/Luigj-Lui-Shkrela-DPS-Ulcinj.jpg'><img width=\"150\" height=\"150\" src=\"https:\/\/www.visit-ulcinj.com\/blog\/wp-content\/uploads\/2010\/10\/Luigj-Lui-Shkrela-DPS-Ulcinj-150x150.jpg\" class=\"attachment-thumbnail size-thumbnail\" alt=\"\" loading=\"lazy\" \/><\/a>\n\t\t\t<\/dt><\/dl><dl class='gallery-item'>\n\t\t\t<dt class='gallery-icon landscape'>\n\t\t\t\t<a href='https:\/\/www.visit-ulcinj.com\/blog\/wp-content\/uploads\/2010\/10\/Luigj-Lui-Shkrela-DPS-Ulcinj.1.jpg'><img width=\"150\" height=\"150\" src=\"https:\/\/www.visit-ulcinj.com\/blog\/wp-content\/uploads\/2010\/10\/Luigj-Lui-Shkrela-DPS-Ulcinj.1-150x150.jpg\" class=\"attachment-thumbnail size-thumbnail\" alt=\"\" loading=\"lazy\" \/><\/a>\n\t\t\t<\/dt><\/dl><br style=\"clear: both\" \/><dl class='gallery-item'>\n\t\t\t<dt class='gallery-icon landscape'>\n\t\t\t\t<a href='https:\/\/www.visit-ulcinj.com\/blog\/wp-content\/uploads\/2010\/10\/Luigj-Lui-Shkrela-DPS-Ulcinj.2.jpg'><img width=\"150\" height=\"150\" src=\"https:\/\/www.visit-ulcinj.com\/blog\/wp-content\/uploads\/2010\/10\/Luigj-Lui-Shkrela-DPS-Ulcinj.2-150x150.jpg\" class=\"attachment-thumbnail size-thumbnail\" alt=\"\" loading=\"lazy\" \/><\/a>\n\t\t\t<\/dt><\/dl><dl class='gallery-item'>\n\t\t\t<dt class='gallery-icon landscape'>\n\t\t\t\t<a href='https:\/\/www.visit-ulcinj.com\/blog\/wp-content\/uploads\/2010\/10\/Luigj-Lui-Shkrela-DPS-Ulcinj.3.jpg'><img width=\"150\" height=\"150\" src=\"https:\/\/www.visit-ulcinj.com\/blog\/wp-content\/uploads\/2010\/10\/Luigj-Lui-Shkrela-DPS-Ulcinj.3-150x150.jpg\" class=\"attachment-thumbnail size-thumbnail\" alt=\"\" loading=\"lazy\" \/><\/a>\n\t\t\t<\/dt><\/dl><dl class='gallery-item'>\n\t\t\t<dt class='gallery-icon landscape'>\n\t\t\t\t<a href='https:\/\/www.visit-ulcinj.com\/blog\/wp-content\/uploads\/2010\/10\/Luigj-Lui-Shkrela-DPS-Ulcinj.4.jpg'><img width=\"150\" height=\"150\" src=\"https:\/\/www.visit-ulcinj.com\/blog\/wp-content\/uploads\/2010\/10\/Luigj-Lui-Shkrela-DPS-Ulcinj.4-150x150.jpg\" class=\"attachment-thumbnail size-thumbnail\" alt=\"\" loading=\"lazy\" \/><\/a>\n\t\t\t<\/dt><\/dl><br style=\"clear: both\" \/>\n\t\t<\/div>\n<\/p>\n","protected":false},"excerpt":{"rendered":"<p>Demokratska partija socijalista po\u010de\u0107e pregovore o formiranju lokalne vlasti u Ulcinju nakon sjednice Predsjedni\u0161tva partije, koja \u0107e biti odr\u017eana tokom naredne sedmice, kazao je predsjednik Odbora DPS-a tog grada Lui\u0111 \u0160krelja. Kazao je da bi na sjednici, na kojoj \u0107e on detaljno obavijestiti Predsjedni\u0161tvo o rezultatima izbora, trebalo da se odredi i kako \u0107e da [&hellip;]<\/p>\n","protected":false},"author":1,"featured_media":0,"comment_status":"open","ping_status":"closed","sticky":false,"template":"","format":"standard","meta":{"spay_email":"","jetpack_publicize_message":"","jetpack_is_tweetstorm":false,"jetpack_publicize_feature_enabled":true},"categories":[8337],"tags":[14736,4174,16135,19],"jetpack_publicize_connections":[],"yoast_head":"<!-- This site is optimized with the Yoast SEO plugin v19.1 - https:\/\/yoast.com\/wordpress\/plugins\/seo\/ -->\n<title>\u0160krelja: Pregovori za par dana - Lajme nga Ulqini<\/title>\n<meta name=\"description\" content=\"Demokratska partija socijalista po\u010de\u0107e pregovore o formiranju lokalne vlasti u Ulcinju nakon sjednice Predsjedni\u0161tva partije, koja \u0107e biti odr\u017eana tokom\" \/>\n<meta name=\"robots\" content=\"index, follow, max-snippet:-1, max-image-preview:large, max-video-preview:-1\" \/>\n<link rel=\"canonical\" href=\"https:\/\/www.visit-ulcinj.com\/blog\/2010\/10\/31\/skrelja-pregovori-za-par-dana\/\" \/>\n<meta property=\"og:locale\" content=\"en_US\" \/>\n<meta property=\"og:type\" content=\"article\" \/>\n<meta property=\"og:title\" content=\"\u0160krelja: Pregovori za par dana - Lajme nga Ulqini\" \/>\n<meta property=\"og:description\" content=\"Demokratska partija socijalista po\u010de\u0107e pregovore o formiranju lokalne vlasti u Ulcinju nakon sjednice Predsjedni\u0161tva partije, koja \u0107e biti odr\u017eana tokom\" \/>\n<meta property=\"og:url\" content=\"https:\/\/www.visit-ulcinj.com\/blog\/2010\/10\/31\/skrelja-pregovori-za-par-dana\/\" \/>\n<meta property=\"og:site_name\" content=\"Lajme nga Ulqini\" \/>\n<meta property=\"article:published_time\" content=\"2010-10-31T12:03:00+00:00\" \/>\n<meta property=\"og:image\" content=\"https:\/\/www.visit-ulcinj.com\/blog\/wp-content\/uploads\/2010\/10\/Luigj-Lui-Shkrela-DPS-Ulcinj.5-150x150.jpg\" \/>\n<meta name=\"twitter:label1\" content=\"Written by\" \/>\n\t<meta name=\"twitter:data1\" content=\"ulqini\" \/>\n\t<meta name=\"twitter:label2\" content=\"Est. reading time\" \/>\n\t<meta name=\"twitter:data2\" content=\"1 minute\" \/>\n<script type=\"application\/ld+json\" class=\"yoast-schema-graph\">{\"@context\":\"https:\/\/schema.org\",\"@graph\":[{\"@type\":\"WebSite\",\"@id\":\"https:\/\/www.visit-ulcinj.com\/blog\/#website\",\"url\":\"https:\/\/www.visit-ulcinj.com\/blog\/\",\"name\":\"Lajme nga Ulqini\",\"description\":\"Lajme,Vijesti,Ulqini,Ulqin,Crna Gora,Mali i Zi\",\"potentialAction\":[{\"@type\":\"SearchAction\",\"target\":{\"@type\":\"EntryPoint\",\"urlTemplate\":\"https:\/\/www.visit-ulcinj.com\/blog\/?s={search_term_string}\"},\"query-input\":\"required name=search_term_string\"}],\"inLanguage\":\"en-US\"},{\"@type\":\"ImageObject\",\"inLanguage\":\"en-US\",\"@id\":\"https:\/\/www.visit-ulcinj.com\/blog\/2010\/10\/31\/skrelja-pregovori-za-par-dana\/#primaryimage\",\"url\":\"https:\/\/www.visit-ulcinj.com\/blog\/wp-content\/uploads\/2010\/10\/Luigj-Lui-Shkrela-DPS-Ulcinj.5.jpg\",\"contentUrl\":\"https:\/\/www.visit-ulcinj.com\/blog\/wp-content\/uploads\/2010\/10\/Luigj-Lui-Shkrela-DPS-Ulcinj.5.jpg\",\"width\":\"720\",\"height\":\"480\"},{\"@type\":\"WebPage\",\"@id\":\"https:\/\/www.visit-ulcinj.com\/blog\/2010\/10\/31\/skrelja-pregovori-za-par-dana\/#webpage\",\"url\":\"https:\/\/www.visit-ulcinj.com\/blog\/2010\/10\/31\/skrelja-pregovori-za-par-dana\/\",\"name\":\"\u0160krelja: Pregovori za par dana - Lajme nga Ulqini\",\"isPartOf\":{\"@id\":\"https:\/\/www.visit-ulcinj.com\/blog\/#website\"},\"primaryImageOfPage\":{\"@id\":\"https:\/\/www.visit-ulcinj.com\/blog\/2010\/10\/31\/skrelja-pregovori-za-par-dana\/#primaryimage\"},\"datePublished\":\"2010-10-31T12:03:00+00:00\",\"dateModified\":\"2010-10-31T12:03:00+00:00\",\"author\":{\"@id\":\"https:\/\/www.visit-ulcinj.com\/blog\/#\/schema\/person\/dcab619c614d3038751c63bc2aadc06d\"},\"description\":\"Demokratska partija socijalista po\u010de\u0107e pregovore o formiranju lokalne vlasti u Ulcinju nakon sjednice Predsjedni\u0161tva partije, koja \u0107e biti odr\u017eana tokom\",\"breadcrumb\":{\"@id\":\"https:\/\/www.visit-ulcinj.com\/blog\/2010\/10\/31\/skrelja-pregovori-za-par-dana\/#breadcrumb\"},\"inLanguage\":\"en-US\",\"potentialAction\":[{\"@type\":\"ReadAction\",\"target\":[\"https:\/\/www.visit-ulcinj.com\/blog\/2010\/10\/31\/skrelja-pregovori-za-par-dana\/\"]}]},{\"@type\":\"BreadcrumbList\",\"@id\":\"https:\/\/www.visit-ulcinj.com\/blog\/2010\/10\/31\/skrelja-pregovori-za-par-dana\/#breadcrumb\",\"itemListElement\":[{\"@type\":\"ListItem\",\"position\":1,\"name\":\"\u0160krelja: Pregovori za par dana\"}]},{\"@type\":\"Person\",\"@id\":\"https:\/\/www.visit-ulcinj.com\/blog\/#\/schema\/person\/dcab619c614d3038751c63bc2aadc06d\",\"name\":\"ulqini\",\"sameAs\":[\"http:\/\/www.visit-ulcinj.com\"],\"url\":\"https:\/\/www.visit-ulcinj.com\/blog\/author\/admin\/\"}]}<\/script>\n<!-- \/ Yoast SEO plugin. -->","yoast_head_json":{"title":"\u0160krelja: Pregovori za par dana - Lajme nga Ulqini","description":"Demokratska partija socijalista po\u010de\u0107e pregovore o formiranju lokalne vlasti u Ulcinju nakon sjednice Predsjedni\u0161tva partije, koja \u0107e biti odr\u017eana tokom","robots":{"index":"index","follow":"follow","max-snippet":"max-snippet:-1","max-image-preview":"max-image-preview:large","max-video-preview":"max-video-preview:-1"},"canonical":"https:\/\/www.visit-ulcinj.com\/blog\/2010\/10\/31\/skrelja-pregovori-za-par-dana\/","og_locale":"en_US","og_type":"article","og_title":"\u0160krelja: Pregovori za par dana - Lajme nga Ulqini","og_description":"Demokratska partija socijalista po\u010de\u0107e pregovore o formiranju lokalne vlasti u Ulcinju nakon sjednice Predsjedni\u0161tva partije, koja \u0107e biti odr\u017eana tokom","og_url":"https:\/\/www.visit-ulcinj.com\/blog\/2010\/10\/31\/skrelja-pregovori-za-par-dana\/","og_site_name":"Lajme nga Ulqini","article_published_time":"2010-10-31T12:03:00+00:00","og_image":[{"url":"https:\/\/www.visit-ulcinj.com\/blog\/wp-content\/uploads\/2010\/10\/Luigj-Lui-Shkrela-DPS-Ulcinj.5-150x150.jpg"}],"twitter_misc":{"Written by":"ulqini","Est. reading time":"1 minute"},"schema":{"@context":"https:\/\/schema.org","@graph":[{"@type":"WebSite","@id":"https:\/\/www.visit-ulcinj.com\/blog\/#website","url":"https:\/\/www.visit-ulcinj.com\/blog\/","name":"Lajme nga Ulqini","description":"Lajme,Vijesti,Ulqini,Ulqin,Crna Gora,Mali i Zi","potentialAction":[{"@type":"SearchAction","target":{"@type":"EntryPoint","urlTemplate":"https:\/\/www.visit-ulcinj.com\/blog\/?s={search_term_string}"},"query-input":"required name=search_term_string"}],"inLanguage":"en-US"},{"@type":"ImageObject","inLanguage":"en-US","@id":"https:\/\/www.visit-ulcinj.com\/blog\/2010\/10\/31\/skrelja-pregovori-za-par-dana\/#primaryimage","url":"https:\/\/www.visit-ulcinj.com\/blog\/wp-content\/uploads\/2010\/10\/Luigj-Lui-Shkrela-DPS-Ulcinj.5.jpg","contentUrl":"https:\/\/www.visit-ulcinj.com\/blog\/wp-content\/uploads\/2010\/10\/Luigj-Lui-Shkrela-DPS-Ulcinj.5.jpg","width":"720","height":"480"},{"@type":"WebPage","@id":"https:\/\/www.visit-ulcinj.com\/blog\/2010\/10\/31\/skrelja-pregovori-za-par-dana\/#webpage","url":"https:\/\/www.visit-ulcinj.com\/blog\/2010\/10\/31\/skrelja-pregovori-za-par-dana\/","name":"\u0160krelja: Pregovori za par dana - Lajme nga Ulqini","isPartOf":{"@id":"https:\/\/www.visit-ulcinj.com\/blog\/#website"},"primaryImageOfPage":{"@id":"https:\/\/www.visit-ulcinj.com\/blog\/2010\/10\/31\/skrelja-pregovori-za-par-dana\/#primaryimage"},"datePublished":"2010-10-31T12:03:00+00:00","dateModified":"2010-10-31T12:03:00+00:00","author":{"@id":"https:\/\/www.visit-ulcinj.com\/blog\/#\/schema\/person\/dcab619c614d3038751c63bc2aadc06d"},"description":"Demokratska partija socijalista po\u010de\u0107e pregovore o formiranju lokalne vlasti u Ulcinju nakon sjednice Predsjedni\u0161tva partije, koja \u0107e biti odr\u017eana tokom","breadcrumb":{"@id":"https:\/\/www.visit-ulcinj.com\/blog\/2010\/10\/31\/skrelja-pregovori-za-par-dana\/#breadcrumb"},"inLanguage":"en-US","potentialAction":[{"@type":"ReadAction","target":["https:\/\/www.visit-ulcinj.com\/blog\/2010\/10\/31\/skrelja-pregovori-za-par-dana\/"]}]},{"@type":"BreadcrumbList","@id":"https:\/\/www.visit-ulcinj.com\/blog\/2010\/10\/31\/skrelja-pregovori-za-par-dana\/#breadcrumb","itemListElement":[{"@type":"ListItem","position":1,"name":"\u0160krelja: Pregovori za par dana"}]},{"@type":"Person","@id":"https:\/\/www.visit-ulcinj.com\/blog\/#\/schema\/person\/dcab619c614d3038751c63bc2aadc06d","name":"ulqini","sameAs":["http:\/\/www.visit-ulcinj.com"],"url":"https:\/\/www.visit-ulcinj.com\/blog\/author\/admin\/"}]}},"jetpack_featured_media_url":"","jetpack_sharing_enabled":true,"jetpack_shortlink":"https:\/\/wp.me\/pe6lTn-a9j","_links":{"self":[{"href":"https:\/\/www.visit-ulcinj.com\/blog\/wp-json\/wp\/v2\/posts\/39017"}],"collection":[{"href":"https:\/\/www.visit-ulcinj.com\/blog\/wp-json\/wp\/v2\/posts"}],"about":[{"href":"https:\/\/www.visit-ulcinj.com\/blog\/wp-json\/wp\/v2\/types\/post"}],"author":[{"embeddable":true,"href":"https:\/\/www.visit-ulcinj.com\/blog\/wp-json\/wp\/v2\/users\/1"}],"replies":[{"embeddable":true,"href":"https:\/\/www.visit-ulcinj.com\/blog\/wp-json\/wp\/v2\/comments?post=39017"}],"version-history":[{"count":0,"href":"https:\/\/www.visit-ulcinj.com\/blog\/wp-json\/wp\/v2\/posts\/39017\/revisions"}],"wp:attachment":[{"href":"https:\/\/www.visit-ulcinj.com\/blog\/wp-json\/wp\/v2\/media?parent=39017"}],"wp:term":[{"taxonomy":"category","embeddable":true,"href":"https:\/\/www.visit-ulcinj.com\/blog\/wp-json\/wp\/v2\/categories?post=39017"},{"taxonomy":"post_tag","embeddable":true,"href":"https:\/\/www.visit-ulcinj.com\/blog\/wp-json\/wp\/v2\/tags?post=39017"}],"curies":[{"name":"wp","href":"https:\/\/api.w.org\/{rel}","templated":true}]}}