{"id":39085,"date":"2010-11-01T14:03:03","date_gmt":"2010-11-01T12:03:03","guid":{"rendered":"http:\/\/www.visit-ulcinj.com\/blog\/?p=39085"},"modified":"2010-11-01T14:05:14","modified_gmt":"2010-11-01T12:05:14","slug":"permbytjet-thellimi-i-bunes-nuk-eshte-zgjidhje","status":"publish","type":"post","link":"https:\/\/www.visit-ulcinj.com\/blog\/2010\/11\/01\/permbytjet-thellimi-i-bunes-nuk-eshte-zgjidhje\/","title":{"rendered":"P\u00ebrmbytjet, thellimi i Bun\u00ebs nuk \u00ebsht\u00eb zgjidhje"},"content":{"rendered":"<p><a href=\"http:\/\/www.visit-ulcinj.com\/blog\/wp-content\/uploads\/2010\/11\/Ridvan-Gje\u00e7aj-inxhinier-hidroteknik.jpg\"><img loading=\"lazy\" class=\"alignleft size-full wp-image-39086\" title=\"Ridvan Gje\u00e7aj-inxhinier hidroteknik\" src=\"http:\/\/www.visit-ulcinj.com\/blog\/wp-content\/uploads\/2010\/11\/Ridvan-Gje\u00e7aj-inxhinier-hidroteknik.jpg\" alt=\"\" width=\"490\" height=\"326\" srcset=\"https:\/\/www.visit-ulcinj.com\/blog\/wp-content\/uploads\/2010\/11\/Ridvan-Gje\u00e7aj-inxhinier-hidroteknik.jpg 490w, https:\/\/www.visit-ulcinj.com\/blog\/wp-content\/uploads\/2010\/11\/Ridvan-Gje\u00e7aj-inxhinier-hidroteknik-300x199.jpg 300w\" sizes=\"(max-width: 490px) 100vw, 490px\" \/><\/a>Lumi Buna, i vetmi lum\u00eb i lundruesh\u00ebm n\u00eb Shqip\u00ebri, shpesh \u00ebsht\u00eb p\u00ebrfshir\u00eb n\u00eb diskutime, ndon\u00ebse jo t\u00eb nivelit shkencor, p\u00ebr thellimin e tij. Kjo ve\u00e7an\u00ebrisht pas p\u00ebrmbytjeve t\u00eb k\u00ebtij fillimviti n\u00eb zon\u00ebn e Shkodr\u00ebs, ku dhe gjeografikisht shtrihet ky lum\u00eb.<br \/>\nNj\u00eb gj\u00eb t\u00eb till\u00eb e theksoi kryeministri Berisha gjat\u00eb p\u00ebrmbytjeve t\u00eb para t\u00eb k\u00ebtij viti ku tha se do t\u00eb bisedohej edhe me pal\u00ebn malazeze, teksa pak dit\u00eb m\u00eb par\u00eb u rip\u00ebrmend edhe nga ministri Olldashi.<br \/>\nPor \u00e7far\u00eb sjell thellimi i Bun\u00ebs dhe a ndikon ai n\u00eb mosp\u00ebrs\u00ebritjen e situatave t\u00eb p\u00ebrmbytjeve, cilat jan\u00eb disa nga dobit\u00eb e k\u00ebtij projekti p\u00ebr t\u00eb cilin vet\u00ebm flitet, pasi realizimi k\u00ebrkon koh\u00eb dhe shum\u00eb fonde. K\u00ebtyre pyetjeve i p\u00ebrgjigjet p\u00ebr gazet\u00ebn &#8220;Shekulli&#8221;, specialisti i njohur hidroteknik, inxhinier Ridvan Gje\u00e7aj.<br \/>\nKoh\u00ebt e fundit po ridel n\u00eb diskutime apo dhe n\u00eb deklarime t\u00eb politikan\u00ebve, \u00e7\u00ebshtja e nevoj\u00ebs p\u00ebr thellimin e lumit Buna dhe lundrimit n\u00eb t\u00eb.<br \/>\n<strong><a href=\"http:\/\/www.visit-ulcinj.com\/blog\/wp-content\/uploads\/2010\/11\/LUMI-BUNA_SHKODER.jpg\"><img loading=\"lazy\" class=\"alignleft size-full wp-image-39087\" title=\"LUMI BUNA_SHKODER\" src=\"http:\/\/www.visit-ulcinj.com\/blog\/wp-content\/uploads\/2010\/11\/LUMI-BUNA_SHKODER.jpg\" alt=\"\" width=\"490\" height=\"380\" \/><\/a>Si paraqitet situata n\u00eb k\u00ebt\u00eb lum\u00eb dhe problematika q\u00eb ai paraqet?<\/strong><\/p>\n<p>Mendoj se lundrueshm\u00ebria nuk \u00ebsht\u00eb problemi kryesor pasi Buna \u00ebsht\u00eb nj\u00eb lum\u00eb i lundruesh\u00ebm, pavar\u00ebsisht sa kemi ne kushte p\u00ebr lundrim. Problemi q\u00ebndron tek zgjidhja n\u00eb parim e fenomeneve q\u00eb ndodhin n\u00eb t\u00ebr\u00ebsin\u00eb ujore t\u00eb Shkodr\u00ebs, lumin Drin, lumin Buna dhe Liqenin e Shkodr\u00ebs.<br \/>\nProblemet m\u00eb t\u00eb m\u00ebdha jan\u00eb ato t\u00eb shkarkimeve ose kombinimit m\u00eb t\u00eb keq t\u00eb prurjeve q\u00eb p\u00ebrcjell lumi Buna n\u00eb det, pra Buna e bashkuar. \u00cbsht\u00eb fakt q\u00eb ka nj\u00eb depozitim materialesh inerte n\u00eb shtratin e lumit Buna, q\u00eb p\u00ebr hir t\u00eb s\u00eb v\u00ebrtet\u00ebs nuk jan\u00eb uniforme gjat\u00eb gjith\u00eb gjat\u00ebsis\u00eb s\u00eb lumit, pasi ka pasur nd\u00ebrhyrje n\u00eb brigje, nd\u00ebrsa n\u00eb shtrat nuk ka nd\u00ebrhyrje t\u00eb m\u00ebdha.<br \/>\nDepozitimet, duke qen\u00eb t\u00eb parregullta, parregullsia ndikohet nga ajo q\u00eb thash\u00eb m\u00eb sip\u00ebr, krijohen zona t\u00eb pakalueshme apo t\u00eb palundrueshme si\u00e7 \u00ebsht\u00eb pjesa e sip\u00ebrme e lumit n\u00eb zon\u00ebn af\u00ebr Zuesit, kurse pjesa tjet\u00ebr e Bun\u00ebs, me pak nd\u00ebrhyrje sillet n\u00eb nj\u00eb situat\u00eb normale p\u00ebr lundrim.<br \/>\nDuhet theksuar q\u00eb Buna n\u00eb nj\u00eb gjat\u00ebsi shum\u00eb t\u00eb madhe ka nj\u00eb thell\u00ebsi prej 7 deri 10 metrash, kjo m\u00eb se e mjaftueshme p\u00ebr lundrimin e mjeteve me tonazh deri 1000 ton. Problemi i lundrimit t\u00eb Bun\u00ebs \u00ebsht\u00eb nd\u00ebr m\u00eb t\u00eb fundit t\u00eb k\u00ebtij pellgu ujor.<br \/>\nKjo pasi m\u00eb e r\u00ebnd\u00ebsishme \u00ebsht\u00eb sistemimi e mbrojtja e pjes\u00ebs s\u00eb banuar q\u00eb shtrihet gjat\u00eb lumit Buna dhe kjo arrihet me nj\u00eb mir\u00ebmenaxhim t\u00eb mir\u00eb t\u00eb prurjeve t\u00eb kaskad\u00ebs s\u00eb Drinit, q\u00eb \u00ebsht\u00eb e para dhe m\u00eb vendimtarja.<br \/>\nProblem tjet\u00ebr jan\u00eb nd\u00ebrtimet e nevojshme mbrojt\u00ebse n\u00eb brigjet e lumit Buna, argjinaturat q\u00eb do t\u00eb mbrojn\u00eb zonat e banuara tani, dhe jo si dikur fushat. Duke u b\u00ebr\u00eb nd\u00ebrtime af\u00ebr k\u00ebtyre argjinaturave, ka ndryshuar dhe klasifikimi, cil\u00ebsimi i tyre, dikur ishin p\u00ebr t\u00eb mbrojtur fushat, tani jan\u00eb p\u00ebr t\u00eb mbrojtur jet\u00eb njer\u00ebzish, duke llogaritur nj\u00eb p\u00ebrqindje sigurie p\u00ebr prurje m\u00eb t\u00eb m\u00ebdha. N\u00eb lumin Buna mbrojtjet jan\u00eb t\u00eb limituara, pasi ky \u00ebsht\u00eb nj\u00eb lum\u00eb nd\u00ebrkufitar q\u00eb i p\u00ebrket dy shteteve.<br \/>\nSipas disa t\u00eb dh\u00ebnave k\u00ebrkimore m\u00eb t\u00eb hershme, por q\u00eb nuk kan\u00eb ndryshuar n\u00eb realitetin e sot\u00ebm, ka disa kuota mbi t\u00eb cilat nuk mund t\u00eb b\u00ebhet mbrojtje dhe p\u00ebr k\u00ebt\u00eb ka marr\u00ebveshje dypal\u00ebshe mes shtetit shqiptar dhe atij jugosllav t\u00eb dikursh\u00ebm e tani me shtetin malazez. Nuk mund t\u00eb b\u00ebsh mbrojtje mbi k\u00ebto kuota pasi d\u00ebmton pal\u00ebn tjet\u00ebr, e p\u00ebrmbyt at\u00eb dhe p\u00ebr k\u00ebt\u00eb ka marr\u00ebveshje t\u00eb shkruara q\u00eb nuk mund t\u00eb shkelen.<\/p>\n<p><a href=\"http:\/\/www.visit-ulcinj.com\/blog\/wp-content\/uploads\/2010\/11\/LUMI-BUNA_ULQIN-VELIPOJ.jpg\"><img loading=\"lazy\" class=\"alignleft size-full wp-image-39088\" title=\"LUMI BUNA_ULQIN-VELIPOJ\" src=\"http:\/\/www.visit-ulcinj.com\/blog\/wp-content\/uploads\/2010\/11\/LUMI-BUNA_ULQIN-VELIPOJ.jpg\" alt=\"\" width=\"490\" height=\"380\" \/><\/a><br \/>\n<strong>Por, a \u00ebsht\u00eb i mundur thellimi i lumit Buna dhe ku duhet b\u00ebr\u00eb ai?<\/strong><\/p>\n<p>Praktikisht duhen nd\u00ebrtuar argjinatura p\u00ebr t\u00eb mbrojtur. Buna nuk ka ndryshuar pjerr\u00ebsi apo humbur sasi uji, ai \u00ebsht\u00eb i lundruesh\u00ebm dhe p\u00ebr sa i p\u00ebrket thell\u00ebsis\u00eb ka nevoj\u00eb p\u00ebr thellim n\u00eb pjes\u00ebn e sip\u00ebrme, por kjo duhet b\u00ebr\u00eb me zgjidhje racionale, pasi n\u00eb dy brigjet ka nd\u00ebrtime.<br \/>\nProblemi \u00ebsht\u00eb se n\u00eb rast se thellimi b\u00ebhet q\u00ebllim n\u00eb vetvete, ne d\u00ebmtojm\u00eb pjes\u00ebn e vet\u00ebmbrojtur t\u00eb lumit, dhe n\u00eb rast se b\u00ebhet thellimi, duhet b\u00ebr\u00eb dhe mbrojtja e brigjeve, betonizimi, krijimi i moleve p\u00ebrgjat\u00eb gjat\u00ebsis\u00eb n\u00eb vende t\u00eb caktuara.<br \/>\nDuhet pasur parasysh se skela e Obotit, e dikurshmja, \u00ebsht\u00eb nd\u00ebr m\u00eb t\u00eb vjetrat n\u00eb Ballkan. Projekt-idet\u00eb p\u00ebr thellimin e Bun\u00ebs dhe kthimin e Bun\u00ebs dhe n\u00eb nj\u00eb lum\u00eb turistik jan\u00eb t\u00eb ndryshme dhe realizimi ka disa forma.<br \/>\nS\u00eb pari, duhet siguruar ruajtja e sip\u00ebrfaqes ujore gjat\u00eb gjith\u00eb vitit. N\u00eb pjes\u00ebn e lag\u00ebt nuk ka nevoj\u00eb, pasi k\u00ebtu ka uj\u00eb madje me tepric\u00eb, nd\u00ebrsa n\u00eb pjes\u00ebn e that\u00eb duhet t\u00eb rritet e t\u00eb mbahet konstante dhe kjo ndikon n\u00eb mikroklim\u00ebn dhe n\u00eb an\u00ebn pamore, turistike.<br \/>\nKa disa metoda, si nd\u00ebrtimi i vaskave gjigante q\u00eb fillojn\u00eb me nj\u00eb port tek dalja e Bun\u00ebs n\u00eb liqen dhe q\u00eb p\u00ebrs\u00ebriten n\u00eb vende t\u00eb caktuara duke mos e penguar ujin, por e b\u00ebjn\u00eb lumin me kate t\u00eb lundruesh\u00ebm.<br \/>\nM\u00ebnyrat jan\u00eb t\u00eb ndryshme, por kjo e ruan liqenin dhe siguron turiz\u00ebm t\u00eb q\u00ebndruesh\u00ebm. Thellimi i Bun\u00ebs duhet t\u00eb ket\u00eb parasysh dhe faktin q\u00eb siguron nj\u00eb sasi t\u00eb madhe t\u00eb materialeve, zhavorreve q\u00eb mund t\u00eb p\u00ebrdoren p\u00ebr tregun.<br \/>\nPor thellimi i Bun\u00ebs krijon nj\u00eb problem q\u00eb \u00ebsht\u00eb si t\u00eb thuash nj\u00eb autogol. Duke u thelluar Buna, rritet diferenca negative me nivelin e detit dhe praktikisht b\u00ebjm\u00eb pun\u00ebn e kund\u00ebrt, pranojm\u00eb uj\u00eb t\u00eb kripur brenda n\u00eb lum\u00eb dhe nuk i rregullojm\u00eb problemet e zon\u00ebs s\u00eb sip\u00ebrme, pasi deti ka fuqi invaduese shum\u00eb m\u00eb t\u00eb fuqishme se Buna dhe e kryen k\u00ebt\u00eb pun\u00eb praktikisht dhe n\u00eb situat\u00ebn e tanishme, si\u00e7 e ka kryer gjithmon\u00eb.<br \/>\nAty arrihet nj\u00eb akord natyral, nd\u00ebrtohet nj\u00eb pakt natyral q\u00eb nuk ka marr\u00ebdh\u00ebnie t\u00eb tjera, por arrihet n\u00eb nj\u00eb ekuilib\u00ebr, derdhja e Bun\u00ebs me nd\u00ebrhyrjen e detit, ekuilibrojn\u00eb nj\u00ebra-tjetr\u00ebn por duke i \u00e7uar fundit se nuk mund t\u00eb rrij\u00eb ndryshe. Po t\u00eb jet\u00eb lumi Buna 7 met\u00ebr i thell\u00eb dhe me at\u00eb ardhjr po kaq det brenda, fenomeni \u00ebsht\u00eb jo normal at\u00ebher\u00eb.<br \/>\n<strong>Sa ka mund\u00ebsi t\u00eb realizohet praktikisht thellimi i Bun\u00ebs?<\/strong><\/p>\n<p>Problemi duhet par\u00eb n\u00eb aspektin teknik dhe ekonomik. \u00c7far\u00eb vlere mund t\u00eb arrij\u00eb dhe \u00e7far\u00eb vet\u00ebshlyrjeje mund t\u00eb b\u00ebj\u00eb, pra sa ia vlen.<br \/>\nMbrojtja e brigjeve rregullon gj\u00ebra t\u00eb vogla, nuk ka efekte n\u00eb mbrojtjen e sigurt dhe shkaku \u00ebsht\u00eb se lumi Buna kalon n\u00eb nj\u00eb gryk\u00eb t\u00eb ngusht\u00eb, q\u00eb \u00ebsht\u00eb ajo e Belajve dhe q\u00eb \u00ebsht\u00eb e maturuar me nj\u00eb sasi t\u00eb caktuar uji, q\u00eb \u00ebsht\u00eb 2000-2500 m3 uj\u00eb n\u00eb sekond\u00eb.<br \/>\nMe kalimin e k\u00ebsaj sasie, pra n\u00eb qoft\u00eb se kalon m\u00eb shum\u00eb uj\u00eb se aq, lind nevoja e shfryrjes, dhe kjo ndodh n\u00eb zon\u00ebn e Shirqit, q\u00eb quhet ndryshe kap\u00ebrdedhja n\u00eb zon\u00ebn e ekspansionit t\u00eb ujit. N\u00eb k\u00ebt\u00eb pike, cilado qofshin zgjidhjet, po them un\u00eb &#8220;artistike&#8221;, n\u00eb lumin Buna, kjo zon\u00eb do mbetet gjithmon\u00eb zon\u00eb e shkarkimit t\u00eb uj\u00ebrave t\u00eb tep\u00ebrta.<br \/>\nKjo zon\u00eb, k\u00ebto lloj uj\u00ebrash kur dalin n\u00eb k\u00ebt\u00eb fush\u00eb shkarkohen n\u00eb M\u00ebrtemz\u00eb q\u00eb ndodhet af\u00ebr Trushit, kalon n\u00eb \u00c7as deri Vilun n\u00eb Velipoj\u00eb. Buna shkarkon n\u00eb dy drejtime. K\u00ebshtu q\u00eb k\u00ebto zona nuk mund t\u00eb jen\u00eb t\u00eb banuara asnj\u00ebher\u00eb, edhe pse kjo ka ndodhur p\u00ebr shkak t\u00eb nevojave t\u00eb njer\u00ebzve p\u00ebr t\u00eb nd\u00ebrtuar. Kjo zon\u00eb nuk mund t\u00eb jet\u00eb asnj\u00ebher\u00eb e banueshme, pasi \u00ebsht\u00eb zona e kalimit t\u00eb uj\u00ebrave t\u00eb tep\u00ebrta t\u00eb Bun\u00ebs .<br \/>\n<strong>Kjo do t\u00eb thot\u00eb se, n\u00eb rast se b\u00ebhet nj\u00eb projekt p\u00ebr thellimin e lumit Buna, k\u00ebta banor\u00eb duhen zhvendosur?<\/strong><br \/>\nProblemi i zhvendosjes ose jo t\u00eb banor\u00ebve \u00ebsht\u00eb krejt tjet\u00ebr. Po qe se nd\u00ebrhyhet p\u00ebr thellimin e Bun\u00ebs n\u00eb ato brigje t\u00eb ngurta, nuk mund t\u00eb b\u00ebhet n\u00eb k\u00ebt\u00eb zon\u00eb, se nuk ka ku shkon uji, praktikisht do lihet ashtu si\u00e7 \u00ebsht\u00eb dhe do vazhdojn\u00eb efektet e p\u00ebrmbytjeve n\u00eb zona t\u00eb caktuara q\u00eb jan\u00eb t\u00eb njohura dhe nuk ka pse \u00e7uditemi.<br \/>\nNd\u00ebrsa dobishm\u00ebria e thellimit t\u00eb Bun\u00ebs lidhet me lundrimin, pasi krijohet nj\u00eb korridor ujor q\u00eb shkon deri n\u00eb brigje t\u00eb Italis\u00eb dhe gjith\u00eb bregdeti italian i ka k\u00ebto korridore. Kjo krijon mund\u00ebsi t\u00eb m\u00ebdha zhvillimi n\u00eb rastin e transportit ujor t\u00eb madh dhe t\u00eb shpejt\u00eb t\u00eb produkteve t\u00eb ndryshme.<\/p>\n<p><a href=\"http:\/\/www.visit-ulcinj.com\/blog\/wp-content\/uploads\/2010\/11\/LUMI-BUNA_ULQIN.jpg\"><img loading=\"lazy\" class=\"alignleft size-full wp-image-39089\" title=\"LUMI BUNA_ULQIN\" src=\"http:\/\/www.visit-ulcinj.com\/blog\/wp-content\/uploads\/2010\/11\/LUMI-BUNA_ULQIN.jpg\" alt=\"\" width=\"490\" height=\"380\" \/><\/a><br \/>\n<strong>Sa ndikon thellimi i lumit Buna n\u00eb evitimin e p\u00ebrmbytjeve n\u00eb zon\u00ebn e N\u00ebnshkodr\u00ebs?<\/strong><br \/>\nNuk b\u00ebhet fjal\u00eb t\u00eb ndikoj\u00eb. Evitimi i p\u00ebrmbytjeve lidhet me kaskad\u00ebn e Drinit, me mir\u00ebmenaxhimin e prurjeve n\u00eb lumin Buna.<br \/>\nLumi Buna transporton 1500m3 uj\u00eb n\u00eb sekond\u00eb, nd\u00ebrsa shkarkimet nga kaskada e Drinit arrijn\u00eb 4000- 4500 m3 uj\u00eb n\u00eb sekond\u00eb. Ky uj\u00eb nuk ka ku shkon dhe nuk ka fjal\u00eb p\u00ebr evitimin e k\u00ebsaj sasie, por mir\u00ebmenaxhim t\u00eb prurjeve dhe shkarkimeve n\u00eb kaskad\u00eb.<br \/>\nThellimi i Bun\u00ebs nuk ndikon n\u00eb evitimin e p\u00ebrmbytjeve, pasi ai b\u00ebn nj\u00eb sistemim t\u00eb fundit. N\u00eb qoft\u00eb se preket shtrati b\u00ebhet sistemim q\u00eb lundrimi t\u00eb jet\u00eb uniform dhe t\u00eb mos ken\u00eb problem anijet n\u00eb asnj\u00ebrin breg, pra mjetet e lundrimit q\u00eb do t\u00eb hyjn\u00eb k\u00ebtu.<br \/>\nThellimi mund ta leht\u00ebsoj\u00eb disi efektin e p\u00ebrmbytjeve por, nj\u00eb nd\u00ebr kushtet kur diskutohet me k\u00ebmb\u00eb n\u00eb uj\u00eb \u00ebsht\u00eb komoditeti. Po qe se dikujt i mbushet mendja ta b\u00ebj\u00eb thellimin e Bun\u00ebs, faleminderit, por nuk zgjidh asgj\u00eb dhe nuk mund t\u00eb evitoj\u00eb p\u00ebrmbytjet.<br \/>\nEfektet pozitive q\u00eb krijon n\u00eb drejtim t\u00eb zhvillimit t\u00eb transportit ujor, jan\u00eb efekte q\u00eb nuk kan\u00eb intensitet t\u00eb lart\u00eb meq\u00eb tek ne ka transport t\u00eb orientuar drejt rrug\u00ebve tok\u00ebsore dhe po qe se hyn n\u00eb efektivitet dhe transporti ujor p\u00ebrmes Bun\u00ebs e m\u00eb tej, duhen b\u00ebr\u00eb shpenzime t\u00eb tjera t\u00eb m\u00ebdha plot\u00ebsuese me kosto kolosale, duke nd\u00ebrtuar rrug\u00eb, marina t\u00eb vogla dhe kjo duket nj\u00eb \u00ebnd\u00ebrr karshi problemeve q\u00eb ka kjo zon\u00eb me uj\u00ebrat.<br \/>\n<strong>Sa q\u00ebndrojn\u00eb deklarimet se thellimi i Bun\u00ebs do t\u00eb evitoj\u00eb p\u00ebrmbytjet?<\/strong><br \/>\nTokat jan\u00eb formuar nga depozitimi i k\u00ebtij uji, nga Buna e Drini, por ka dhe depozitime lymi q\u00eb kan\u00eb rritur cil\u00ebsit\u00eb e tok\u00ebs dhe shkurtojn\u00eb koh\u00ebn vegjetative t\u00eb prodhimit. Kjo b\u00ebn t\u00eb pranohen kultura me cik\u00ebl t\u00eb shkurt\u00ebr, dhe duke qen\u00eb k\u00ebshtu, nuk \u00ebsht\u00eb \u00e7udi q\u00eb k\u00ebto zona t\u00eb p\u00ebrmbyten.<br \/>\nProblemi social lidhet me at\u00eb se ka nd\u00ebrtime pa efekt e pa limit af\u00ebr s\u00eb keqes, p\u00ebrmbytjet nuk mund t\u00eb eliminohen por vet\u00ebm t\u00eb shkurtohet koha e q\u00ebndrimit t\u00eb ujit t\u00eb tok\u00eb, p\u00ebrmes mir\u00ebmbajtes s\u00eb rrjetit t\u00eb kullimit e bonifikimit, pik\u00ebrisht n\u00eb binjaken e Bun\u00ebs n\u00eb p\u00ebrmasa m\u00eb t\u00eb vogla, gjirin e M\u00ebrtems\u00ebs, ku dhe aktualisht po punohet. Zgjidhjet q\u00eb artikulohet p\u00ebr t\u00eb evituar p\u00ebrmbytjet duke thelluar Bun\u00ebn jan\u00eb populiste, pasi nuk zgjidhin asgj\u00eb n\u00eb k\u00ebt\u00eb drejtim.<br \/>\nProcesi i thellimit po filloi duhet \u00e7uar deri n\u00eb fund, pasi n\u00eb t\u00eb kund\u00ebrt e ndryshon rrjedh\u00ebn e Bun\u00ebs dhe ka efekte an\u00ebsore, nuk mund t\u00eb b\u00ebhet pjes\u00eb-pjes\u00eb. Ka rreth 9 met\u00ebr thell\u00ebsi nga Ura e Bun\u00ebs deri n\u00eb det, kjo \u00ebsht\u00eb maksimalja kur fryhet Buna, dhe energjia q\u00eb mund t\u00eb p\u00ebrfitohet \u00ebsht\u00eb e madhe, por vepra hidrike nuk mund t\u00eb b\u00ebhen se ka kosto t\u00eb larta dhe m\u00eb shum\u00eb shkat\u00ebrrojn\u00eb ekosistemin sesa kan\u00eb efekt ekonomik.<br \/>\nPo qe se b\u00ebhet thellimi, procesi \u00ebsht\u00eb i gjat\u00eb dhe duhet b\u00ebr\u00eb kur nuk ka reshje, pasi ato pengojn\u00eb dhe at\u00ebher\u00eb vijm\u00eb tek shprehja popullore &#8220;me mih n\u00eb Bun\u00eb&#8221;.<br \/>\nDuhet th\u00ebn\u00eb se nuk ka nj\u00eb rezultat p\u00ebrfundimtar studimi p\u00ebr t\u00ebr\u00ebsin\u00eb ujore t\u00eb p\u00ebrb\u00ebr\u00eb lumenjt\u00eb Drin e Buna dhe liqeni i Shkodr\u00ebs, e cila lidhet me nj\u00eb pellg ujor shum\u00eb t\u00eb madh q\u00eb fillon nga Ohri, p\u00ebrfshin Drinin e bashkuar, Mora\u00e7\u00ebm etj, rreth 60% e territorit t\u00eb Shqip\u00ebris\u00eb.<\/p>\n<p><strong>Rruga Sh\u00ebngjin-Kune e pakalueshme, &#8220;projekti&#8221; ende i larg\u00ebt<\/strong><\/p>\n<p><strong><br \/>\n<strong>LEZH\u00cb &#8211; <\/strong><\/strong>Me 7 maj 2010 n\u00eb dit\u00ebn e p\u00ebrurimit t\u00eb p\u00ebrfundimit t\u00eb punimeve p\u00ebr nd\u00ebrtimin e rrug\u00ebs superstrad\u00eb-Tale, kryeministri Sali Berisha theksoi se qeveria e tij \u00ebsht\u00eb angazhuar q\u00eb brenda 2010-s t\u00eb asfaltoj\u00eb \u00e7do kilomet\u00ebr rrug\u00eb n\u00eb zonat turistike.<br \/>\nPo nga Talia kryeministri premtoi p\u00ebrurimin e fillimit t\u00eb punimeve n\u00eb rrug\u00ebn Sh\u00ebngjin-Kune. Kan\u00eb kaluar m\u00eb se 5 muaj nga kjo deklarat\u00eb dhe n\u00eb rrug\u00ebn e Kunes shfaqet e nj\u00ebjta situate, madje m\u00eb e p\u00ebrkeq\u00ebsuar.<br \/>\nEdhe pse ka disa dit\u00eb q\u00eb reshjet kan\u00eb pushuar, i gjith\u00eb segmenti Sh\u00ebngjin-Kune \u00ebsht\u00eb i pakaluesh\u00ebm, p\u00ebr shkak se ai tashm\u00eb \u00ebsht\u00eb shnd\u00ebrruar n\u00eb pellgje uj\u00ebmbledh\u00ebse duke b\u00ebr\u00eb t\u00eb pamundur si l\u00ebvizjen e k\u00ebmb\u00ebsor\u00ebve ashtu edhe t\u00eb automjeteve, t\u00eb cil\u00ebt duhet t\u00eb zgjedhin brezin e r\u00ebr\u00ebs p\u00ebr t\u00eb l\u00ebvizur.<br \/>\nMe problemin e amortizimit t\u00eb k\u00ebsaj rruge gjat\u00eb sezonit turistik jan\u00eb p\u00ebrballur pushuesit dhe bizneset, nd\u00ebrsa p\u00ebr banor\u00ebt e Kunes kjo rrug\u00eb \u00ebsht\u00eb problematike n\u00eb \u00e7do stin\u00eb. Banor\u00ebt shprehen se ka 20 vite q\u00eb nuk \u00ebsht\u00eb v\u00ebn\u00eb dor\u00eb dhe q\u00eb premtohet nd\u00ebrtimi i k\u00ebsaj rruge, por q\u00eb realisht asgj\u00eb nuk \u00ebsht\u00eb b\u00ebr\u00eb, madje as nd\u00ebrhyrje provizore p\u00ebr t\u00eb mbushur gropat me \u00e7akull. Ata deklarojn\u00eb duket se &#8220;Kunia \u00ebsht\u00eb l\u00ebn\u00eb n\u00eb harres\u00eb n\u00eb m\u00ebnyr\u00eb t\u00eb q\u00ebllimshme&#8221;.<br \/>\nGjat\u00eb nj\u00eb v\u00ebzhgimi t\u00eb b\u00ebr\u00eb konstatohet se gjendja \u00ebsht\u00eb p\u00ebrkeq\u00ebsuar edhe m\u00eb tep\u00ebr, nd\u00ebrsa n\u00eb dit\u00ebt me reshje e gjith\u00eb kjo lagje p\u00ebrmbytet. N\u00eb korrik t\u00eb k\u00ebtij viti u deklarua zyrtarisht nga qeveria shqiptare se shkurtimi i investimeve publike n\u00eb buxhetin e shtetit p\u00ebr vitin 2010 ka prekur ve\u00e7an\u00ebrisht sektorin e investimeve n\u00eb sistemin rrugor.<br \/>\nJan\u00eb plot 37 projekte rrugore q\u00eb nuk do t\u00eb b\u00ebjn\u00eb m\u00eb pjes\u00eb n\u00eb financimin e m\u00ebtejsh\u00ebm nga buxheti i shtetit, si efekt i shkurtimit t\u00eb shpenzimeve, ku n\u00eb k\u00ebt\u00eb list\u00eb t\u00eb rrug\u00ebve gjendet edhe ajo Sh\u00ebngjin- Kune, \u00e7far\u00eb n\u00ebnkupton se edhe p\u00ebr k\u00ebt\u00eb vit nuk do t\u00eb ket\u00eb asnj\u00eb investim.<br \/>\n<strong>Fier, p\u00ebrfundon projekti p\u00ebr lumin Gjanic\u00eb<\/strong><\/p>\n<p>FIER &#8211; P\u00ebrfundon projekti p\u00ebr lumin Gjanic\u00eb, i cili \u00ebsht\u00eb nj\u00eb ndot\u00ebs potencial jo vet\u00ebm p\u00ebr Bashkin\u00eb e Fierit, por edhe p\u00ebr zonat bregdetare t\u00eb Semanit me nj\u00eb gjat\u00ebsi prej 25 kilometra.<br \/>\nKjo p\u00ebr vet\u00eb faktin se n\u00eb k\u00ebt\u00eb lum\u00eb si dhe n\u00eb lumin e Hoxhar\u00ebs dhe Vij\u00ebn e Ngjal\u00ebs derdhen tonelata hidrokarbure nga zonat naft\u00ebmbajt\u00ebse. Ky shqet\u00ebsim ka b\u00ebr\u00eb q\u00eb Bashkia e Fierit t\u00eb punoj\u00eb p\u00ebr nj\u00eb projekt, i cili ka p\u00ebrfunduar pas disa vitesh pun\u00eb. Kryetari i Bashkis\u00eb Fier, Baftjar Zeqaj, n\u00eb nj\u00eb konferenc\u00eb p\u00ebr shtyp u shpreh se projekti i prezantuar p\u00ebr lumin Gjanic\u00eb ka nj\u00eb vler\u00eb t\u00eb p\u00ebrcaktuar prej 13 milion\u00eb eurosh.<br \/>\nN\u00eb k\u00ebt\u00eb fond p\u00ebrfshihet edhe projekti p\u00ebr pastrimin dhe sistemimin e lumit, q\u00eb do t\u00eb duhet t\u00eb financohet nga BE-ja me mb\u00ebshtetjen edhe t\u00eb qeveris\u00eb shqiptare dhe donator\u00ebve t\u00eb tjer\u00eb t\u00eb fuqish\u00ebm. Kryebashkiaku pohoi se kjo vler\u00eb nuk mund t\u00eb p\u00ebrballohet nga bashkia dhe p\u00ebr k\u00ebt\u00eb arsye k\u00ebrkohet mb\u00ebshtetje.<br \/>\nDuke marr\u00eb n\u00eb konsiderat\u00eb koh\u00ebn q\u00eb duhet p\u00ebr t\u00eb p\u00ebrfituar fondet n\u00ebse gjith\u00e7ka shkon mire, Zeqaj thot\u00eb se n\u00eb muajin maj projekti nis nga zbatimi n\u00eb terren.<br \/>\nNd\u00ebrkoh\u00eb ai shton se &#8220;projekti \u00ebsht\u00eb prezantuar n\u00eb takime t\u00eb shumta q\u00eb bashkia ka organizuar me aktor\u00ebt lokal\u00eb. Tashm\u00eb ky projekt ka marr\u00eb miratimin nga ministri i Mjedisit. &#8220;Ky fond nuk mund t\u00eb p\u00ebrballohet nga bashkia pasi vlera e tij \u00ebsht\u00eb tep\u00ebr e lart\u00eb. Projekti nd\u00ebrkoh\u00eb \u00ebsht\u00eb kompleks dhe p\u00ebrfshin rehabilitimin e shtratit t\u00eb Gjanic\u00ebs, si dhe instalimin e nj\u00eb impianti n\u00eb Ballsh aty ku derdhen mbetjet hidrokarbure nga Uzina.<br \/>\nKjo do t\u00eb thot\u00eb q\u00eb nga ky projekt nuk p\u00ebrfiton vet\u00ebm bashkia dhe qyteti i Fierit, por t\u00eb gjith\u00eb banor\u00ebt e zonave ku kalon lumi Gjanica, si dhe turizmi bregdetar&#8221;, tha Zeqaj. Lumi Gjanica aktualisht \u00ebsht\u00eb problemi m\u00eb madhor p\u00ebr bashkin\u00eb e Fierit, por ai shihet si nj\u00eb ng\u00ebr\u00e7 mjedisor edhe nga Ministria e Mjedisit, e cila ka mb\u00ebshtetur fuqish\u00ebm veprimtarin\u00eb e aktor\u00ebve p\u00ebr hartimin dhe p\u00ebrfundimin e plot\u00eb t\u00eb k\u00ebtij projekti, i cili \u00ebsht\u00eb rehabilitimi i plot\u00eb lumit Gjanic\u00eb.<\/p>\n<p><strong>SHEKULLI<br \/>\n<!--YouTube Error: bad URL entered--><\/strong><\/p>\n","protected":false},"excerpt":{"rendered":"<p>Lumi Buna, i vetmi lum\u00eb i lundruesh\u00ebm n\u00eb Shqip\u00ebri, shpesh \u00ebsht\u00eb p\u00ebrfshir\u00eb n\u00eb diskutime, ndon\u00ebse jo t\u00eb nivelit shkencor, p\u00ebr thellimin e tij. Kjo ve\u00e7an\u00ebrisht pas p\u00ebrmbytjeve t\u00eb k\u00ebtij fillimviti n\u00eb zon\u00ebn e Shkodr\u00ebs, ku dhe gjeografikisht shtrihet ky lum\u00eb. Nj\u00eb gj\u00eb t\u00eb till\u00eb e theksoi kryeministri Berisha gjat\u00eb p\u00ebrmbytjeve t\u00eb para t\u00eb k\u00ebtij viti [&hellip;]<\/p>\n","protected":false},"author":1,"featured_media":0,"comment_status":"open","ping_status":"closed","sticky":false,"template":"","format":"standard","meta":{"spay_email":"","jetpack_publicize_message":"","jetpack_is_tweetstorm":false,"jetpack_publicize_feature_enabled":true},"categories":[5],"tags":[11648,41,200],"jetpack_publicize_connections":[],"yoast_head":"<!-- This site is optimized with the Yoast SEO plugin v19.1 - https:\/\/yoast.com\/wordpress\/plugins\/seo\/ -->\n<title>P\u00ebrmbytjet, thellimi i Bun\u00ebs nuk \u00ebsht\u00eb zgjidhje - Lajme nga Ulqini<\/title>\n<meta name=\"description\" content=\"Lumi Buna, i vetmi lum\u00eb i lundruesh\u00ebm n\u00eb Shqip\u00ebri, shpesh \u00ebsht\u00eb p\u00ebrfshir\u00eb n\u00eb diskutime, ndon\u00ebse jo t\u00eb nivelit shkencor, p\u00ebr thellimin e tij. Kjo\" \/>\n<meta name=\"robots\" content=\"index, follow, max-snippet:-1, max-image-preview:large, max-video-preview:-1\" \/>\n<link rel=\"canonical\" href=\"https:\/\/www.visit-ulcinj.com\/blog\/2010\/11\/01\/permbytjet-thellimi-i-bunes-nuk-eshte-zgjidhje\/\" \/>\n<meta property=\"og:locale\" content=\"en_US\" \/>\n<meta property=\"og:type\" content=\"article\" \/>\n<meta property=\"og:title\" content=\"P\u00ebrmbytjet, thellimi i Bun\u00ebs nuk \u00ebsht\u00eb zgjidhje - Lajme nga Ulqini\" \/>\n<meta property=\"og:description\" content=\"Lumi Buna, i vetmi lum\u00eb i lundruesh\u00ebm n\u00eb Shqip\u00ebri, shpesh \u00ebsht\u00eb p\u00ebrfshir\u00eb n\u00eb diskutime, ndon\u00ebse jo t\u00eb nivelit shkencor, p\u00ebr thellimin e tij. Kjo\" \/>\n<meta property=\"og:url\" content=\"https:\/\/www.visit-ulcinj.com\/blog\/2010\/11\/01\/permbytjet-thellimi-i-bunes-nuk-eshte-zgjidhje\/\" \/>\n<meta property=\"og:site_name\" content=\"Lajme nga Ulqini\" \/>\n<meta property=\"article:published_time\" content=\"2010-11-01T12:03:03+00:00\" \/>\n<meta property=\"article:modified_time\" content=\"2010-11-01T12:05:14+00:00\" \/>\n<meta property=\"og:image\" content=\"http:\/\/www.visit-ulcinj.com\/blog\/wp-content\/uploads\/2010\/11\/LUMI-BUNA_SHKODER.jpg\" \/>\n<meta name=\"twitter:label1\" content=\"Written by\" \/>\n\t<meta name=\"twitter:data1\" content=\"ulqini\" \/>\n\t<meta name=\"twitter:label2\" content=\"Est. reading time\" \/>\n\t<meta name=\"twitter:data2\" content=\"15 minutes\" \/>\n<script type=\"application\/ld+json\" class=\"yoast-schema-graph\">{\"@context\":\"https:\/\/schema.org\",\"@graph\":[{\"@type\":\"WebSite\",\"@id\":\"https:\/\/www.visit-ulcinj.com\/blog\/#website\",\"url\":\"https:\/\/www.visit-ulcinj.com\/blog\/\",\"name\":\"Lajme nga Ulqini\",\"description\":\"Lajme,Vijesti,Ulqini,Ulqin,Crna Gora,Mali i Zi\",\"potentialAction\":[{\"@type\":\"SearchAction\",\"target\":{\"@type\":\"EntryPoint\",\"urlTemplate\":\"https:\/\/www.visit-ulcinj.com\/blog\/?s={search_term_string}\"},\"query-input\":\"required name=search_term_string\"}],\"inLanguage\":\"en-US\"},{\"@type\":\"ImageObject\",\"inLanguage\":\"en-US\",\"@id\":\"https:\/\/www.visit-ulcinj.com\/blog\/2010\/11\/01\/permbytjet-thellimi-i-bunes-nuk-eshte-zgjidhje\/#primaryimage\",\"url\":\"https:\/\/www.visit-ulcinj.com\/blog\/wp-content\/uploads\/2010\/11\/LUMI-BUNA_SHKODER.jpg\",\"contentUrl\":\"https:\/\/www.visit-ulcinj.com\/blog\/wp-content\/uploads\/2010\/11\/LUMI-BUNA_SHKODER.jpg\",\"width\":\"1024\",\"height\":\"768\"},{\"@type\":\"WebPage\",\"@id\":\"https:\/\/www.visit-ulcinj.com\/blog\/2010\/11\/01\/permbytjet-thellimi-i-bunes-nuk-eshte-zgjidhje\/#webpage\",\"url\":\"https:\/\/www.visit-ulcinj.com\/blog\/2010\/11\/01\/permbytjet-thellimi-i-bunes-nuk-eshte-zgjidhje\/\",\"name\":\"P\u00ebrmbytjet, thellimi i Bun\u00ebs nuk \u00ebsht\u00eb zgjidhje - Lajme nga Ulqini\",\"isPartOf\":{\"@id\":\"https:\/\/www.visit-ulcinj.com\/blog\/#website\"},\"primaryImageOfPage\":{\"@id\":\"https:\/\/www.visit-ulcinj.com\/blog\/2010\/11\/01\/permbytjet-thellimi-i-bunes-nuk-eshte-zgjidhje\/#primaryimage\"},\"datePublished\":\"2010-11-01T12:03:03+00:00\",\"dateModified\":\"2010-11-01T12:05:14+00:00\",\"author\":{\"@id\":\"https:\/\/www.visit-ulcinj.com\/blog\/#\/schema\/person\/dcab619c614d3038751c63bc2aadc06d\"},\"description\":\"Lumi Buna, i vetmi lum\u00eb i lundruesh\u00ebm n\u00eb Shqip\u00ebri, shpesh \u00ebsht\u00eb p\u00ebrfshir\u00eb n\u00eb diskutime, ndon\u00ebse jo t\u00eb nivelit shkencor, p\u00ebr thellimin e tij. Kjo\",\"breadcrumb\":{\"@id\":\"https:\/\/www.visit-ulcinj.com\/blog\/2010\/11\/01\/permbytjet-thellimi-i-bunes-nuk-eshte-zgjidhje\/#breadcrumb\"},\"inLanguage\":\"en-US\",\"potentialAction\":[{\"@type\":\"ReadAction\",\"target\":[\"https:\/\/www.visit-ulcinj.com\/blog\/2010\/11\/01\/permbytjet-thellimi-i-bunes-nuk-eshte-zgjidhje\/\"]}]},{\"@type\":\"BreadcrumbList\",\"@id\":\"https:\/\/www.visit-ulcinj.com\/blog\/2010\/11\/01\/permbytjet-thellimi-i-bunes-nuk-eshte-zgjidhje\/#breadcrumb\",\"itemListElement\":[{\"@type\":\"ListItem\",\"position\":1,\"name\":\"P\u00ebrmbytjet, thellimi i Bun\u00ebs nuk \u00ebsht\u00eb zgjidhje\"}]},{\"@type\":\"Person\",\"@id\":\"https:\/\/www.visit-ulcinj.com\/blog\/#\/schema\/person\/dcab619c614d3038751c63bc2aadc06d\",\"name\":\"ulqini\",\"sameAs\":[\"http:\/\/www.visit-ulcinj.com\"],\"url\":\"https:\/\/www.visit-ulcinj.com\/blog\/author\/admin\/\"}]}<\/script>\n<!-- \/ Yoast SEO plugin. -->","yoast_head_json":{"title":"P\u00ebrmbytjet, thellimi i Bun\u00ebs nuk \u00ebsht\u00eb zgjidhje - Lajme nga Ulqini","description":"Lumi Buna, i vetmi lum\u00eb i lundruesh\u00ebm n\u00eb Shqip\u00ebri, shpesh \u00ebsht\u00eb p\u00ebrfshir\u00eb n\u00eb diskutime, ndon\u00ebse jo t\u00eb nivelit shkencor, p\u00ebr thellimin e tij. Kjo","robots":{"index":"index","follow":"follow","max-snippet":"max-snippet:-1","max-image-preview":"max-image-preview:large","max-video-preview":"max-video-preview:-1"},"canonical":"https:\/\/www.visit-ulcinj.com\/blog\/2010\/11\/01\/permbytjet-thellimi-i-bunes-nuk-eshte-zgjidhje\/","og_locale":"en_US","og_type":"article","og_title":"P\u00ebrmbytjet, thellimi i Bun\u00ebs nuk \u00ebsht\u00eb zgjidhje - Lajme nga Ulqini","og_description":"Lumi Buna, i vetmi lum\u00eb i lundruesh\u00ebm n\u00eb Shqip\u00ebri, shpesh \u00ebsht\u00eb p\u00ebrfshir\u00eb n\u00eb diskutime, ndon\u00ebse jo t\u00eb nivelit shkencor, p\u00ebr thellimin e tij. Kjo","og_url":"https:\/\/www.visit-ulcinj.com\/blog\/2010\/11\/01\/permbytjet-thellimi-i-bunes-nuk-eshte-zgjidhje\/","og_site_name":"Lajme nga Ulqini","article_published_time":"2010-11-01T12:03:03+00:00","article_modified_time":"2010-11-01T12:05:14+00:00","og_image":[{"url":"http:\/\/www.visit-ulcinj.com\/blog\/wp-content\/uploads\/2010\/11\/LUMI-BUNA_SHKODER.jpg"}],"twitter_misc":{"Written by":"ulqini","Est. reading time":"15 minutes"},"schema":{"@context":"https:\/\/schema.org","@graph":[{"@type":"WebSite","@id":"https:\/\/www.visit-ulcinj.com\/blog\/#website","url":"https:\/\/www.visit-ulcinj.com\/blog\/","name":"Lajme nga Ulqini","description":"Lajme,Vijesti,Ulqini,Ulqin,Crna Gora,Mali i Zi","potentialAction":[{"@type":"SearchAction","target":{"@type":"EntryPoint","urlTemplate":"https:\/\/www.visit-ulcinj.com\/blog\/?s={search_term_string}"},"query-input":"required name=search_term_string"}],"inLanguage":"en-US"},{"@type":"ImageObject","inLanguage":"en-US","@id":"https:\/\/www.visit-ulcinj.com\/blog\/2010\/11\/01\/permbytjet-thellimi-i-bunes-nuk-eshte-zgjidhje\/#primaryimage","url":"https:\/\/www.visit-ulcinj.com\/blog\/wp-content\/uploads\/2010\/11\/LUMI-BUNA_SHKODER.jpg","contentUrl":"https:\/\/www.visit-ulcinj.com\/blog\/wp-content\/uploads\/2010\/11\/LUMI-BUNA_SHKODER.jpg","width":"1024","height":"768"},{"@type":"WebPage","@id":"https:\/\/www.visit-ulcinj.com\/blog\/2010\/11\/01\/permbytjet-thellimi-i-bunes-nuk-eshte-zgjidhje\/#webpage","url":"https:\/\/www.visit-ulcinj.com\/blog\/2010\/11\/01\/permbytjet-thellimi-i-bunes-nuk-eshte-zgjidhje\/","name":"P\u00ebrmbytjet, thellimi i Bun\u00ebs nuk \u00ebsht\u00eb zgjidhje - Lajme nga Ulqini","isPartOf":{"@id":"https:\/\/www.visit-ulcinj.com\/blog\/#website"},"primaryImageOfPage":{"@id":"https:\/\/www.visit-ulcinj.com\/blog\/2010\/11\/01\/permbytjet-thellimi-i-bunes-nuk-eshte-zgjidhje\/#primaryimage"},"datePublished":"2010-11-01T12:03:03+00:00","dateModified":"2010-11-01T12:05:14+00:00","author":{"@id":"https:\/\/www.visit-ulcinj.com\/blog\/#\/schema\/person\/dcab619c614d3038751c63bc2aadc06d"},"description":"Lumi Buna, i vetmi lum\u00eb i lundruesh\u00ebm n\u00eb Shqip\u00ebri, shpesh \u00ebsht\u00eb p\u00ebrfshir\u00eb n\u00eb diskutime, ndon\u00ebse jo t\u00eb nivelit shkencor, p\u00ebr thellimin e tij. Kjo","breadcrumb":{"@id":"https:\/\/www.visit-ulcinj.com\/blog\/2010\/11\/01\/permbytjet-thellimi-i-bunes-nuk-eshte-zgjidhje\/#breadcrumb"},"inLanguage":"en-US","potentialAction":[{"@type":"ReadAction","target":["https:\/\/www.visit-ulcinj.com\/blog\/2010\/11\/01\/permbytjet-thellimi-i-bunes-nuk-eshte-zgjidhje\/"]}]},{"@type":"BreadcrumbList","@id":"https:\/\/www.visit-ulcinj.com\/blog\/2010\/11\/01\/permbytjet-thellimi-i-bunes-nuk-eshte-zgjidhje\/#breadcrumb","itemListElement":[{"@type":"ListItem","position":1,"name":"P\u00ebrmbytjet, thellimi i Bun\u00ebs nuk \u00ebsht\u00eb zgjidhje"}]},{"@type":"Person","@id":"https:\/\/www.visit-ulcinj.com\/blog\/#\/schema\/person\/dcab619c614d3038751c63bc2aadc06d","name":"ulqini","sameAs":["http:\/\/www.visit-ulcinj.com"],"url":"https:\/\/www.visit-ulcinj.com\/blog\/author\/admin\/"}]}},"jetpack_featured_media_url":"","jetpack_sharing_enabled":true,"jetpack_shortlink":"https:\/\/wp.me\/pe6lTn-aap","_links":{"self":[{"href":"https:\/\/www.visit-ulcinj.com\/blog\/wp-json\/wp\/v2\/posts\/39085"}],"collection":[{"href":"https:\/\/www.visit-ulcinj.com\/blog\/wp-json\/wp\/v2\/posts"}],"about":[{"href":"https:\/\/www.visit-ulcinj.com\/blog\/wp-json\/wp\/v2\/types\/post"}],"author":[{"embeddable":true,"href":"https:\/\/www.visit-ulcinj.com\/blog\/wp-json\/wp\/v2\/users\/1"}],"replies":[{"embeddable":true,"href":"https:\/\/www.visit-ulcinj.com\/blog\/wp-json\/wp\/v2\/comments?post=39085"}],"version-history":[{"count":0,"href":"https:\/\/www.visit-ulcinj.com\/blog\/wp-json\/wp\/v2\/posts\/39085\/revisions"}],"wp:attachment":[{"href":"https:\/\/www.visit-ulcinj.com\/blog\/wp-json\/wp\/v2\/media?parent=39085"}],"wp:term":[{"taxonomy":"category","embeddable":true,"href":"https:\/\/www.visit-ulcinj.com\/blog\/wp-json\/wp\/v2\/categories?post=39085"},{"taxonomy":"post_tag","embeddable":true,"href":"https:\/\/www.visit-ulcinj.com\/blog\/wp-json\/wp\/v2\/tags?post=39085"}],"curies":[{"name":"wp","href":"https:\/\/api.w.org\/{rel}","templated":true}]}}