{"id":39093,"date":"2010-11-01T23:08:56","date_gmt":"2010-11-01T21:08:56","guid":{"rendered":"http:\/\/www.visit-ulcinj.com\/blog\/?p=39093"},"modified":"2010-11-03T20:32:04","modified_gmt":"2010-11-03T18:32:04","slug":"informimi-shqip-ne-mal-te-zi-gazetaria-hulumtuese","status":"publish","type":"post","link":"https:\/\/www.visit-ulcinj.com\/blog\/2010\/11\/01\/informimi-shqip-ne-mal-te-zi-gazetaria-hulumtuese\/","title":{"rendered":"Informimi shqip n\u00eb Mal t\u00eb Zi &#8211; Gazetaria hulumtuese"},"content":{"rendered":"<div id=\"_mcePaste\">\n<p style=\"text-align: justify;\"><strong><a href=\"http:\/\/www.visit-ulcinj.com\/blog\/wp-content\/uploads\/2010\/11\/haxhi-shabani.jpg\"><img loading=\"lazy\" class=\"alignleft size-full wp-image-39099\" title=\"haxhi shabani\" src=\"http:\/\/www.visit-ulcinj.com\/blog\/wp-content\/uploads\/2010\/11\/haxhi-shabani.jpg\" alt=\"\" width=\"490\" height=\"358\" srcset=\"https:\/\/www.visit-ulcinj.com\/blog\/wp-content\/uploads\/2010\/11\/haxhi-shabani.jpg 490w, https:\/\/www.visit-ulcinj.com\/blog\/wp-content\/uploads\/2010\/11\/haxhi-shabani-300x219.jpg 300w\" sizes=\"(max-width: 490px) 100vw, 490px\" \/><\/a>K\u00ebshilli nacional i shqiptar\u00ebve n\u00eb Mal t\u00eb Zi organizoi t\u00eb diel\u00ebn n\u00eb Ulqin tryez\u00ebn e rrumbullak\u00ebt me tem\u00eb&#8221;Informimi shqip n\u00eb Mal t\u00eb Zi &#8211; Gazetaria hulumtuese&#8221;<\/strong><\/p>\n<p style=\"text-align: justify;\"><strong>Gazetaria hulumtuese,e panjohur p\u00ebr mediet n\u00eb gjuh\u00ebn shqipe<\/strong><\/p>\n<p style=\"text-align: justify;\"><strong> <\/strong><\/p>\n<\/div>\n<div><strong>Kryeredaktori i Televizionit &#8220;TopChannel&#8221;, Mentor Kikia, prezantoi p\u00ebrvoj\u00ebn e mediave n\u00eb Shqip\u00ebri sa ip\u00ebrket gazetaris\u00eb hulumtuese, me theks t\u00eb ve\u00e7ant\u00eb n\u00eb televizionin ku ai punon. Ai solli raste konkrete t\u00ebgazetaris\u00eb hulumtuese n\u00eb Shqip\u00ebri q\u00eb kan\u00eb d\u00ebshmuar shkeljet dhe devijimet dhe q\u00eb kan\u00eb ndikuar q\u00eb pushteti t\u00eb reagoj\u00eb. Kikia theksoi se n\u00eb pun\u00ebn e saj hulumtuese &#8220;media nuk mund t\u00eb ket\u00eb kurr\u00eb kufij nacionaliteti, as kufij shtet\u00ebror\u00eb&#8221;.. .<\/strong><\/div>\n<p>K\u00ebshilli Nacional i Shqiptar\u00ebve n\u00eb Mal t\u00eb Zi organizoi t\u00eb diel\u00ebn n\u00eb Ulqin tryez\u00ebn e rrumbullak\u00ebt me tem\u00eb &#8220;Infonnimi shqip n\u00eb Mal t\u00eb Zi &#8211; Gazetaria hulumtuese&#8221;.N\u00eb tryez\u00eb u diskutua jo vet\u00ebm p\u00ebr gazetarin\u00eb hulumtuese, por edhe p\u00ebr problemet dhe sfidat me t\u00eb cilat ballafaqohen mediet n\u00eb gjuh\u00ebn shqipe ne Mal te ZI.<\/p>\n<p>Ligj\u00ebruesit dhe pjes\u00ebmarr\u00ebsit n\u00eb tryez\u00eb u pajtuan se gazetaria hulumtuese \u00ebsht\u00eb fare pak apo aspak e pranishme n\u00eb mediet n\u00eb gjuh\u00ebll shqipe n\u00eb Mal t\u00eb Zi.\u00a0P\u00ebr pozit\u00ebn aktuale t\u00eb medieve elektronike shqipe n\u00eb Mal t\u00eb Zi foli mr.Haxhi Shabani,gazetar n\u00eb Radiotelevizionin e Malit t\u00eb Zi.<br \/>\nAi tha se n\u00eb nj\u00eb num\u00ebr kaq t\u00eb pak\u00ebt t\u00eb medieve,nuk ka se si t\u00eb kemi pretendime p\u00ebr t\u00eb pasur medie t\u00eb zhvilluara q\u00eb flasin shqip q\u00eb ga niveli kadrovik dhe deri te ai teknologjik,ndon\u00ebse n\u00eb kuad\u00ebr t\u00eb k\u00ebtyre medieve punojn\u00eb gazetar\u00eb t\u00eb cil\u00ebt kan\u00eb p\u00ebrgatitje profesionale dhe kan\u00eb d\u00ebshmuar q\u00eb mund t\u00eb ballafaqohen me k\u00ebrkesat bashk\u00ebkohore q\u00eb i ka ky profesion.<\/p>\n<p>Sipas Shabanit, &#8220;n\u00eb m\u00ebnyr\u00eb q\u00eb gazetaria hulumtuese t\u00eb b\u00ebhet mbizot\u00ebruese n\u00eb mediet n\u00eb gjuh\u00ebn shqipe n\u00eb Malin e Zi, duhet ndryshuar thelb\u00ebsisht q\u00eb nga p\u00ebrgatitja profesionale e gazetarit,ritja sasiore dhe cilsore e medieve, s\u00eb paku me hapjen e nj\u00eb kanali t\u00eb ve\u00e7ant\u00eb televiziv n\u00eb shqip n\u00eb nivel qendror,nga mb\u00ebshtetja financiare e tyre e deri te ndryshimi i konceptit p\u00ebr rolin q\u00eb duhet t\u00eb ken\u00eb mediet, q\u00eb mbase p\u00ebr nga r\u00ebnd\u00ebsia z\u00eb vendin e par\u00eb, pasi q\u00eb kur t\u00eb fornohet koncepti i drejt\u00eb p\u00ebr medien, ndryshimet e tjera jan\u00eb rrjedhoj\u00eb logjike.&#8221;\u00a0Redaktori p\u00ebrgjegj\u00ebs i gazet\u00ebs &#8220;Koha Javore&#8221;, Ali Salaj, foli mbi pozit\u00ebn e medieve t\u00eb shkuara shqipe n\u00eb Mal t\u00eb Zi.<\/p>\n<p>Ai tha se gazetaria hulumtuese \u00ebsht\u00eb e panjohur si zhan\u00ebr n\u00eb gazetarin\u00eb e shkruar n\u00eb Mal t&#8221;Zi. &#8220;N\u00eb k\u00ebto media, jo q\u00eb nuk g\u00ebrmohet n\u00eb thell\u00ebsi, por shpesh her\u00eb nuk g\u00ebrvishtet as sip\u00ebrfaqja. Kjo ndodh ngase mediat e shkruara n\u00eb gjuh\u00ebn shqipe nuk kan\u00eb ndonj\u00eb tradit\u00eb\u00a0 identifikuese, pjekuri profesionale dhe guxim intelektual&#8221;, u shpreh ai.\u00a0Salaj theksoi se &#8220;n\u00eb mediet e shkruara n\u00ebgjuh\u00ebn shqipe n\u00eb Mal t\u00eb Zi jan\u00eb b\u00ebr\u00eb p\u00ebrpjekje ndoshta p\u00ebr t\u00eb folur apo edhe p\u00ebr t\u00eb zbardhur ndonj\u00eb fenomen negativ t\u00eb shoq\u00ebris\u00eb qoft\u00eb p\u00ebrmes intervist\u00ebs, kronik\u00ebs, komentit,polemik\u00ebs dhe analiz\u00ebs, por q\u00eb t\u00eb gjitha mbeten brenda suazave t\u00eb gazetaris\u00eb s\u00eb r\u00ebndomt\u00eb,narrative dhe p\u00ebrshkruese&#8221;.<\/p>\n<p>Ligj\u00ebruesi tjet\u00ebr, kryeredaktori i Televizionit &#8220;Top Channel&#8221;, Mentor Kikia, prezantoi p\u00ebrvoj\u00ebne medieve n\u00eb Shqip\u00ebri sa i p\u00ebrket gazetaris\u00eb hulumtuese, me theks t\u00eb ve\u00e7ant\u00eb n\u00eb televizionin ku ai punon.Kikia tha se gazetaria hulumtuese \u00ebsht\u00eb e v\u00ebshtir\u00eb, agresive, e rrezikshme, por e bukur.Ai solli raste konkrete t\u00eb gazetaris\u00eb hulumtuese n\u00eb Shqip\u00ebri q\u00eb kan\u00eb d\u00ebshmuar shkeljet dhe devijimet dhe q\u00eb kan\u00eb ndikuar q\u00eb pushteti t\u00eb reagoj\u00eb.<br \/>\nSipas tij, media n\u00eb Shqip\u00ebri ka arritur nj\u00eb shkall\u00eb\u00a0 pavar\u00ebsie dhe t\u00eb jet\u00eb agresive n\u00eb raport me pushtetin.<\/p>\n<p style=\"text-align: justify;\">Kryeredaktori i Teleyizionit &#8220;Top Channel&#8221; theksoi se n\u00eb pun\u00ebn e saj hulumtuese &#8220;media nuk mund t\u00eb ket\u00eb kurr\u00eb kufij nacionaliteti, askufij shtet\u00ebror\u00eb&#8221;.\u00a0N\u00eb tryez\u00eb mor\u00ebn pjes\u00eb gazetar\u00eb, opinionist\u00eb dhe drejtues t\u00eb medieve n\u00eb gjuh\u00ebn shqipe n\u00eb Mal t\u00eb Zi, t\u00eb cil\u00ebt po ashtu diskutuan p\u00ebr pozit\u00ebn dhe problemet me t\u00eb\u00a0 cilat ballafaqohet mediet n\u00eb gjuh\u00ebn shqipe n\u00eb Mal t\u00eb Zi.\u00a0T\u00eb pranish\u00ebm n\u00eb k\u00ebt\u00eb tryez\u00eb ishin edhe kryetari i K\u00ebshillit Nacional t\u00eb Shqiptar\u00ebve n\u00eb Mal t\u00eb Zi, Tahir Tahiri dhe drejtori i Fondit p\u00ebr Pakica t\u00eb Malit t\u00eb Zi, Safet Kurtagiq t\u00eb cil\u00ebt i p\u00ebrsh\u00ebndet\u00ebn pjes\u00ebmarr\u00ebsit.\u00a0Tryeza u organizua me mb\u00ebshtetjen e Fondit p\u00ebr Pakica t\u00eb Malit t\u00eb Zi.<\/p>\n<div><strong>I.Kallaba<br \/>\nKoha Javore<\/strong><\/div>\n<!--YouTube Error: bad URL entered-->\n","protected":false},"excerpt":{"rendered":"<p>K\u00ebshilli nacional i shqiptar\u00ebve n\u00eb Mal t\u00eb Zi organizoi t\u00eb diel\u00ebn n\u00eb Ulqin tryez\u00ebn e rrumbullak\u00ebt me tem\u00eb&#8221;Informimi shqip n\u00eb Mal t\u00eb Zi &#8211; Gazetaria hulumtuese&#8221; Gazetaria hulumtuese,e panjohur p\u00ebr mediet n\u00eb gjuh\u00ebn shqipe Kryeredaktori i Televizionit &#8220;TopChannel&#8221;, Mentor Kikia, prezantoi p\u00ebrvoj\u00ebn e mediave n\u00eb Shqip\u00ebri sa ip\u00ebrket gazetaris\u00eb hulumtuese, me theks t\u00eb ve\u00e7ant\u00eb n\u00eb [&hellip;]<\/p>\n","protected":false},"author":1,"featured_media":0,"comment_status":"open","ping_status":"closed","sticky":false,"template":"","format":"standard","meta":{"spay_email":"","jetpack_publicize_message":"","jetpack_is_tweetstorm":false,"jetpack_publicize_feature_enabled":true},"categories":[4],"tags":[4995,211,15059,216,16160,5922],"jetpack_publicize_connections":[],"yoast_head":"<!-- This site is optimized with the Yoast SEO plugin v19.1 - https:\/\/yoast.com\/wordpress\/plugins\/seo\/ -->\n<title>Informimi shqip n\u00eb Mal t\u00eb Zi - Gazetaria hulumtuese - Lajme nga Ulqini<\/title>\n<meta name=\"description\" content=\"K\u00ebshilli nacional i shqiptar\u00ebve n\u00eb Mal t\u00eb Zi organizoi t\u00eb diel\u00ebn n\u00eb Ulqin tryez\u00ebn e rrumbullak\u00ebt me tem\u00eb&quot;Informimi shqip n\u00eb Mal t\u00eb Zi - Gazetaria\" \/>\n<meta name=\"robots\" content=\"index, follow, max-snippet:-1, max-image-preview:large, max-video-preview:-1\" \/>\n<link rel=\"canonical\" href=\"https:\/\/www.visit-ulcinj.com\/blog\/2010\/11\/01\/informimi-shqip-ne-mal-te-zi-gazetaria-hulumtuese\/\" \/>\n<meta property=\"og:locale\" content=\"en_US\" \/>\n<meta property=\"og:type\" content=\"article\" \/>\n<meta property=\"og:title\" content=\"Informimi shqip n\u00eb Mal t\u00eb Zi - Gazetaria hulumtuese - Lajme nga Ulqini\" \/>\n<meta property=\"og:description\" content=\"K\u00ebshilli nacional i shqiptar\u00ebve n\u00eb Mal t\u00eb Zi organizoi t\u00eb diel\u00ebn n\u00eb Ulqin tryez\u00ebn e rrumbullak\u00ebt me tem\u00eb&quot;Informimi shqip n\u00eb Mal t\u00eb Zi - Gazetaria\" \/>\n<meta property=\"og:url\" content=\"https:\/\/www.visit-ulcinj.com\/blog\/2010\/11\/01\/informimi-shqip-ne-mal-te-zi-gazetaria-hulumtuese\/\" \/>\n<meta property=\"og:site_name\" content=\"Lajme nga Ulqini\" \/>\n<meta property=\"article:published_time\" content=\"2010-11-01T21:08:56+00:00\" \/>\n<meta property=\"article:modified_time\" content=\"2010-11-03T18:32:04+00:00\" \/>\n<meta property=\"og:image\" content=\"http:\/\/www.visit-ulcinj.com\/blog\/wp-content\/uploads\/2010\/11\/haxhi-shabani.jpg\" \/>\n<meta name=\"twitter:label1\" content=\"Written by\" \/>\n\t<meta name=\"twitter:data1\" content=\"ulqini\" \/>\n\t<meta name=\"twitter:label2\" content=\"Est. reading time\" \/>\n\t<meta name=\"twitter:data2\" content=\"4 minutes\" \/>\n<script type=\"application\/ld+json\" class=\"yoast-schema-graph\">{\"@context\":\"https:\/\/schema.org\",\"@graph\":[{\"@type\":\"WebSite\",\"@id\":\"https:\/\/www.visit-ulcinj.com\/blog\/#website\",\"url\":\"https:\/\/www.visit-ulcinj.com\/blog\/\",\"name\":\"Lajme nga Ulqini\",\"description\":\"Lajme,Vijesti,Ulqini,Ulqin,Crna Gora,Mali i Zi\",\"potentialAction\":[{\"@type\":\"SearchAction\",\"target\":{\"@type\":\"EntryPoint\",\"urlTemplate\":\"https:\/\/www.visit-ulcinj.com\/blog\/?s={search_term_string}\"},\"query-input\":\"required name=search_term_string\"}],\"inLanguage\":\"en-US\"},{\"@type\":\"ImageObject\",\"inLanguage\":\"en-US\",\"@id\":\"https:\/\/www.visit-ulcinj.com\/blog\/2010\/11\/01\/informimi-shqip-ne-mal-te-zi-gazetaria-hulumtuese\/#primaryimage\",\"url\":\"https:\/\/www.visit-ulcinj.com\/blog\/wp-content\/uploads\/2010\/11\/haxhi-shabani.jpg\",\"contentUrl\":\"https:\/\/www.visit-ulcinj.com\/blog\/wp-content\/uploads\/2010\/11\/haxhi-shabani.jpg\",\"width\":\"490\",\"height\":\"358\"},{\"@type\":\"WebPage\",\"@id\":\"https:\/\/www.visit-ulcinj.com\/blog\/2010\/11\/01\/informimi-shqip-ne-mal-te-zi-gazetaria-hulumtuese\/#webpage\",\"url\":\"https:\/\/www.visit-ulcinj.com\/blog\/2010\/11\/01\/informimi-shqip-ne-mal-te-zi-gazetaria-hulumtuese\/\",\"name\":\"Informimi shqip n\u00eb Mal t\u00eb Zi - Gazetaria hulumtuese - Lajme nga Ulqini\",\"isPartOf\":{\"@id\":\"https:\/\/www.visit-ulcinj.com\/blog\/#website\"},\"primaryImageOfPage\":{\"@id\":\"https:\/\/www.visit-ulcinj.com\/blog\/2010\/11\/01\/informimi-shqip-ne-mal-te-zi-gazetaria-hulumtuese\/#primaryimage\"},\"datePublished\":\"2010-11-01T21:08:56+00:00\",\"dateModified\":\"2010-11-03T18:32:04+00:00\",\"author\":{\"@id\":\"https:\/\/www.visit-ulcinj.com\/blog\/#\/schema\/person\/dcab619c614d3038751c63bc2aadc06d\"},\"description\":\"K\u00ebshilli nacional i shqiptar\u00ebve n\u00eb Mal t\u00eb Zi organizoi t\u00eb diel\u00ebn n\u00eb Ulqin tryez\u00ebn e rrumbullak\u00ebt me tem\u00eb\\\"Informimi shqip n\u00eb Mal t\u00eb Zi - Gazetaria\",\"breadcrumb\":{\"@id\":\"https:\/\/www.visit-ulcinj.com\/blog\/2010\/11\/01\/informimi-shqip-ne-mal-te-zi-gazetaria-hulumtuese\/#breadcrumb\"},\"inLanguage\":\"en-US\",\"potentialAction\":[{\"@type\":\"ReadAction\",\"target\":[\"https:\/\/www.visit-ulcinj.com\/blog\/2010\/11\/01\/informimi-shqip-ne-mal-te-zi-gazetaria-hulumtuese\/\"]}]},{\"@type\":\"BreadcrumbList\",\"@id\":\"https:\/\/www.visit-ulcinj.com\/blog\/2010\/11\/01\/informimi-shqip-ne-mal-te-zi-gazetaria-hulumtuese\/#breadcrumb\",\"itemListElement\":[{\"@type\":\"ListItem\",\"position\":1,\"name\":\"Informimi shqip n\u00eb Mal t\u00eb Zi &#8211; Gazetaria hulumtuese\"}]},{\"@type\":\"Person\",\"@id\":\"https:\/\/www.visit-ulcinj.com\/blog\/#\/schema\/person\/dcab619c614d3038751c63bc2aadc06d\",\"name\":\"ulqini\",\"sameAs\":[\"http:\/\/www.visit-ulcinj.com\"],\"url\":\"https:\/\/www.visit-ulcinj.com\/blog\/author\/admin\/\"}]}<\/script>\n<!-- \/ Yoast SEO plugin. -->","yoast_head_json":{"title":"Informimi shqip n\u00eb Mal t\u00eb Zi - Gazetaria hulumtuese - Lajme nga Ulqini","description":"K\u00ebshilli nacional i shqiptar\u00ebve n\u00eb Mal t\u00eb Zi organizoi t\u00eb diel\u00ebn n\u00eb Ulqin tryez\u00ebn e rrumbullak\u00ebt me tem\u00eb\"Informimi shqip n\u00eb Mal t\u00eb Zi - Gazetaria","robots":{"index":"index","follow":"follow","max-snippet":"max-snippet:-1","max-image-preview":"max-image-preview:large","max-video-preview":"max-video-preview:-1"},"canonical":"https:\/\/www.visit-ulcinj.com\/blog\/2010\/11\/01\/informimi-shqip-ne-mal-te-zi-gazetaria-hulumtuese\/","og_locale":"en_US","og_type":"article","og_title":"Informimi shqip n\u00eb Mal t\u00eb Zi - Gazetaria hulumtuese - Lajme nga Ulqini","og_description":"K\u00ebshilli nacional i shqiptar\u00ebve n\u00eb Mal t\u00eb Zi organizoi t\u00eb diel\u00ebn n\u00eb Ulqin tryez\u00ebn e rrumbullak\u00ebt me tem\u00eb\"Informimi shqip n\u00eb Mal t\u00eb Zi - Gazetaria","og_url":"https:\/\/www.visit-ulcinj.com\/blog\/2010\/11\/01\/informimi-shqip-ne-mal-te-zi-gazetaria-hulumtuese\/","og_site_name":"Lajme nga Ulqini","article_published_time":"2010-11-01T21:08:56+00:00","article_modified_time":"2010-11-03T18:32:04+00:00","og_image":[{"url":"http:\/\/www.visit-ulcinj.com\/blog\/wp-content\/uploads\/2010\/11\/haxhi-shabani.jpg"}],"twitter_misc":{"Written by":"ulqini","Est. reading time":"4 minutes"},"schema":{"@context":"https:\/\/schema.org","@graph":[{"@type":"WebSite","@id":"https:\/\/www.visit-ulcinj.com\/blog\/#website","url":"https:\/\/www.visit-ulcinj.com\/blog\/","name":"Lajme nga Ulqini","description":"Lajme,Vijesti,Ulqini,Ulqin,Crna Gora,Mali i Zi","potentialAction":[{"@type":"SearchAction","target":{"@type":"EntryPoint","urlTemplate":"https:\/\/www.visit-ulcinj.com\/blog\/?s={search_term_string}"},"query-input":"required name=search_term_string"}],"inLanguage":"en-US"},{"@type":"ImageObject","inLanguage":"en-US","@id":"https:\/\/www.visit-ulcinj.com\/blog\/2010\/11\/01\/informimi-shqip-ne-mal-te-zi-gazetaria-hulumtuese\/#primaryimage","url":"https:\/\/www.visit-ulcinj.com\/blog\/wp-content\/uploads\/2010\/11\/haxhi-shabani.jpg","contentUrl":"https:\/\/www.visit-ulcinj.com\/blog\/wp-content\/uploads\/2010\/11\/haxhi-shabani.jpg","width":"490","height":"358"},{"@type":"WebPage","@id":"https:\/\/www.visit-ulcinj.com\/blog\/2010\/11\/01\/informimi-shqip-ne-mal-te-zi-gazetaria-hulumtuese\/#webpage","url":"https:\/\/www.visit-ulcinj.com\/blog\/2010\/11\/01\/informimi-shqip-ne-mal-te-zi-gazetaria-hulumtuese\/","name":"Informimi shqip n\u00eb Mal t\u00eb Zi - Gazetaria hulumtuese - Lajme nga Ulqini","isPartOf":{"@id":"https:\/\/www.visit-ulcinj.com\/blog\/#website"},"primaryImageOfPage":{"@id":"https:\/\/www.visit-ulcinj.com\/blog\/2010\/11\/01\/informimi-shqip-ne-mal-te-zi-gazetaria-hulumtuese\/#primaryimage"},"datePublished":"2010-11-01T21:08:56+00:00","dateModified":"2010-11-03T18:32:04+00:00","author":{"@id":"https:\/\/www.visit-ulcinj.com\/blog\/#\/schema\/person\/dcab619c614d3038751c63bc2aadc06d"},"description":"K\u00ebshilli nacional i shqiptar\u00ebve n\u00eb Mal t\u00eb Zi organizoi t\u00eb diel\u00ebn n\u00eb Ulqin tryez\u00ebn e rrumbullak\u00ebt me tem\u00eb\"Informimi shqip n\u00eb Mal t\u00eb Zi - Gazetaria","breadcrumb":{"@id":"https:\/\/www.visit-ulcinj.com\/blog\/2010\/11\/01\/informimi-shqip-ne-mal-te-zi-gazetaria-hulumtuese\/#breadcrumb"},"inLanguage":"en-US","potentialAction":[{"@type":"ReadAction","target":["https:\/\/www.visit-ulcinj.com\/blog\/2010\/11\/01\/informimi-shqip-ne-mal-te-zi-gazetaria-hulumtuese\/"]}]},{"@type":"BreadcrumbList","@id":"https:\/\/www.visit-ulcinj.com\/blog\/2010\/11\/01\/informimi-shqip-ne-mal-te-zi-gazetaria-hulumtuese\/#breadcrumb","itemListElement":[{"@type":"ListItem","position":1,"name":"Informimi shqip n\u00eb Mal t\u00eb Zi &#8211; Gazetaria hulumtuese"}]},{"@type":"Person","@id":"https:\/\/www.visit-ulcinj.com\/blog\/#\/schema\/person\/dcab619c614d3038751c63bc2aadc06d","name":"ulqini","sameAs":["http:\/\/www.visit-ulcinj.com"],"url":"https:\/\/www.visit-ulcinj.com\/blog\/author\/admin\/"}]}},"jetpack_featured_media_url":"","jetpack_sharing_enabled":true,"jetpack_shortlink":"https:\/\/wp.me\/pe6lTn-aax","_links":{"self":[{"href":"https:\/\/www.visit-ulcinj.com\/blog\/wp-json\/wp\/v2\/posts\/39093"}],"collection":[{"href":"https:\/\/www.visit-ulcinj.com\/blog\/wp-json\/wp\/v2\/posts"}],"about":[{"href":"https:\/\/www.visit-ulcinj.com\/blog\/wp-json\/wp\/v2\/types\/post"}],"author":[{"embeddable":true,"href":"https:\/\/www.visit-ulcinj.com\/blog\/wp-json\/wp\/v2\/users\/1"}],"replies":[{"embeddable":true,"href":"https:\/\/www.visit-ulcinj.com\/blog\/wp-json\/wp\/v2\/comments?post=39093"}],"version-history":[{"count":0,"href":"https:\/\/www.visit-ulcinj.com\/blog\/wp-json\/wp\/v2\/posts\/39093\/revisions"}],"wp:attachment":[{"href":"https:\/\/www.visit-ulcinj.com\/blog\/wp-json\/wp\/v2\/media?parent=39093"}],"wp:term":[{"taxonomy":"category","embeddable":true,"href":"https:\/\/www.visit-ulcinj.com\/blog\/wp-json\/wp\/v2\/categories?post=39093"},{"taxonomy":"post_tag","embeddable":true,"href":"https:\/\/www.visit-ulcinj.com\/blog\/wp-json\/wp\/v2\/tags?post=39093"}],"curies":[{"name":"wp","href":"https:\/\/api.w.org\/{rel}","templated":true}]}}