{"id":39095,"date":"2010-11-01T22:22:37","date_gmt":"2010-11-01T20:22:37","guid":{"rendered":"http:\/\/www.visit-ulcinj.com\/blog\/?p=39095"},"modified":"2010-11-05T18:00:44","modified_gmt":"2010-11-05T17:00:44","slug":"ulqin-asnje-negociate-per-koalicionin-qeverises","status":"publish","type":"post","link":"https:\/\/www.visit-ulcinj.com\/blog\/2010\/11\/01\/ulqin-asnje-negociate-per-koalicionin-qeverises\/","title":{"rendered":"Ulqin, asnj\u00eb negociat\u00eb p\u00ebr koalicionin qeveris\u00ebs"},"content":{"rendered":"<p><a href=\"http:\/\/www.visit-ulcinj.com\/blog\/wp-content\/uploads\/2010\/11\/Nazif-Cungu-forca-_-ulqin.jpg\"><img loading=\"lazy\" class=\"alignleft size-full wp-image-39096\" title=\"Nazif Cungu-forca _ ulqin\" src=\"http:\/\/www.visit-ulcinj.com\/blog\/wp-content\/uploads\/2010\/11\/Nazif-Cungu-forca-_-ulqin.jpg\" alt=\"\" width=\"490\" height=\"380\" \/><\/a>M\u00eb shum\u00eb se dhjet\u00eb dit\u00eb kan\u00eb kaluar nga zgjedhjet e p\u00ebrs\u00ebritura lokale n\u00eb Ulqin dhe ende nuk ka asnj\u00eb shenj\u00eb p\u00ebr negociata mes partive q\u00eb t\u00eb themelohet qeverisja vendore. Derisa Nazif Cungu, lideri i Forc\u00ebs s\u00eb Re Demokratike, e cila u konfirmua edhe k\u00ebsaj radhe se \u00ebsht\u00eb partia m\u00eb e madhe n\u00eb sken\u00ebn politike t\u00eb Ulqinit, thot\u00eb se ekzistojn\u00eb disa iniciativa p\u00ebr negociata, por t\u00eb pazyrtarizuara. \u201cNe, menj\u00ebher\u00eb pas zgjedhjeve kemi deklaruar para gazetar\u00ebve se jemi t\u00eb hapur p\u00ebr t\u00eb krijuar nj\u00eb qeverisje t\u00eb p\u00ebrgjegjshme t\u00eb Ulqinit\u201d, thekson kreu i opozit\u00ebs s\u00eb Ulqinit.\u00a0Kryetari i Partis\u00eb Demokratike t\u00eb Socialist\u00ebve (PDS) t\u00eb Kryeministrit Milo Gjukanovi\u00e7, Luigj Shkreli, m\u00eb her\u00ebt ka deklaruar se p\u00ebrpar\u00ebsi n\u00eb negociata p\u00ebr formimin e shumic\u00ebs parlamentare ka partneri i vjet\u00ebr i bashk\u00ebqeverisjes \u201cP\u00ebr Ulqinin europian\u201d, Unioni Demokratik i Shqiptar\u00ebve (UDSH), i cili \u00ebsht\u00eb n\u00eb koalicion me Partin\u00eb e Prosperitetit Demokratik (PPD), q\u00eb ka siguruar 10 k\u00ebshilltar\u00eb. Por, n\u00eb k\u00ebt\u00eb nd\u00ebrlidhje nuk ka ende asnj\u00eb njoftim zyrtar. \u00cbsht\u00eb pritur se k\u00ebshilli qendror i PDS, n\u00eb pasditen e s\u00eb h\u00ebn\u00ebs, do t\u00eb publikoj\u00eb do t\u00eb zhvilloj\u00eb negociata p\u00ebr t\u00eb qen\u00eb pjes\u00eb e qeverisjes lokale n\u00eb Ulqin. Nd\u00ebrkaq, ky organ m\u00eb i lart\u00eb i PDS-s\u00eb ka shprehur k\u00ebnaq\u00ebsin\u00eb me rezultatet e arritura n\u00eb zgjedhjet e p\u00ebrs\u00ebritura t\u00eb 17 tetorit n\u00eb Ulqin, ku ka siguruar 7 k\u00ebshilltar\u00eb. Autoritetet e PDS-s\u00eb, edhe gjat\u00eb fushat\u00ebs elektorale, kan\u00eb deklaruar se k\u00ebsaj radhe pretendojn\u00eb m\u00eb shum\u00eb pushtet n\u00eb qeverisjen lokale n\u00eb Ulqin se sa n\u00eb mandatin e kaluar kat\u00ebrvje\u00e7ar. Analist\u00ebt nuk shohin ndonj\u00eb marr\u00ebveshje t\u00eb shpejt\u00eb t\u00eb themelimit t\u00eb qeverisjes vendore. Pas zgjedhjeve t\u00eb rregullta vendore t\u00eb 23 majit t\u00eb k\u00ebtij viti, afro tre muaj kan\u00eb zgjatur negociatat, por pa sukses. Kjo gjendje prodhoi zgjedhjet e p\u00ebrs\u00ebritura.<\/p>\n<p><strong>Gazeta SHQIP<br \/>\nZMADHO FLET\u00cbN E ZGJEDHJEVE LOKALE N\u00cb ULQIN<br \/>\n<a href=\"http:\/\/www.visit-ulcinj.com\/blog\/wp-content\/uploads\/2010\/11\/Rezultatet-e-zgjedhjeve-lokale-ne-komun-te-ulqinit.jpg\"><img loading=\"lazy\" class=\"alignleft size-full wp-image-39179\" title=\"Rezultatet e zgjedhjeve lokale ne komun te ulqinit\" src=\"http:\/\/www.visit-ulcinj.com\/blog\/wp-content\/uploads\/2010\/11\/Rezultatet-e-zgjedhjeve-lokale-ne-komun-te-ulqinit.jpg\" alt=\"\" width=\"490\" height=\"390\" \/><\/a><\/strong><\/p>\n","protected":false},"excerpt":{"rendered":"<p>M\u00eb shum\u00eb se dhjet\u00eb dit\u00eb kan\u00eb kaluar nga zgjedhjet e p\u00ebrs\u00ebritura lokale n\u00eb Ulqin dhe ende nuk ka asnj\u00eb shenj\u00eb p\u00ebr negociata mes partive q\u00eb t\u00eb themelohet qeverisja vendore. Derisa Nazif Cungu, lideri i Forc\u00ebs s\u00eb Re Demokratike, e cila u konfirmua edhe k\u00ebsaj radhe se \u00ebsht\u00eb partia m\u00eb e madhe n\u00eb sken\u00ebn politike t\u00eb [&hellip;]<\/p>\n","protected":false},"author":1,"featured_media":0,"comment_status":"open","ping_status":"closed","sticky":false,"template":"","format":"standard","meta":{"spay_email":"","jetpack_publicize_message":"","jetpack_is_tweetstorm":false,"jetpack_publicize_feature_enabled":true},"categories":[6],"tags":[16170,12725,118,200],"jetpack_publicize_connections":[],"yoast_head":"<!-- This site is optimized with the Yoast SEO plugin v19.1 - https:\/\/yoast.com\/wordpress\/plugins\/seo\/ -->\n<title>Ulqin, asnj\u00eb negociat\u00eb p\u00ebr koalicionin qeveris\u00ebs - Lajme nga Ulqini<\/title>\n<meta name=\"description\" content=\"M\u00eb shum\u00eb se dhjet\u00eb dit\u00eb kan\u00eb kaluar nga zgjedhjet e p\u00ebrs\u00ebritura lokale n\u00eb Ulqin dhe ende nuk ka asnj\u00eb shenj\u00eb p\u00ebr negociata mes partive q\u00eb t\u00eb themelohet\" \/>\n<meta name=\"robots\" content=\"index, follow, max-snippet:-1, max-image-preview:large, max-video-preview:-1\" \/>\n<link rel=\"canonical\" href=\"https:\/\/www.visit-ulcinj.com\/blog\/2010\/11\/01\/ulqin-asnje-negociate-per-koalicionin-qeverises\/\" \/>\n<meta property=\"og:locale\" content=\"en_US\" \/>\n<meta property=\"og:type\" content=\"article\" \/>\n<meta property=\"og:title\" content=\"Ulqin, asnj\u00eb negociat\u00eb p\u00ebr koalicionin qeveris\u00ebs - Lajme nga Ulqini\" \/>\n<meta property=\"og:description\" content=\"M\u00eb shum\u00eb se dhjet\u00eb dit\u00eb kan\u00eb kaluar nga zgjedhjet e p\u00ebrs\u00ebritura lokale n\u00eb Ulqin dhe ende nuk ka asnj\u00eb shenj\u00eb p\u00ebr negociata mes partive q\u00eb t\u00eb themelohet\" \/>\n<meta property=\"og:url\" content=\"https:\/\/www.visit-ulcinj.com\/blog\/2010\/11\/01\/ulqin-asnje-negociate-per-koalicionin-qeverises\/\" \/>\n<meta property=\"og:site_name\" content=\"Lajme nga Ulqini\" \/>\n<meta property=\"article:published_time\" content=\"2010-11-01T20:22:37+00:00\" \/>\n<meta property=\"article:modified_time\" content=\"2010-11-05T17:00:44+00:00\" \/>\n<meta property=\"og:image\" content=\"http:\/\/www.visit-ulcinj.com\/blog\/wp-content\/uploads\/2010\/11\/Nazif-Cungu-forca-_-ulqin.jpg\" \/>\n<meta name=\"twitter:label1\" content=\"Written by\" \/>\n\t<meta name=\"twitter:data1\" content=\"ulqini\" \/>\n\t<meta name=\"twitter:label2\" content=\"Est. reading time\" \/>\n\t<meta name=\"twitter:data2\" content=\"2 minutes\" \/>\n<script type=\"application\/ld+json\" class=\"yoast-schema-graph\">{\"@context\":\"https:\/\/schema.org\",\"@graph\":[{\"@type\":\"WebSite\",\"@id\":\"https:\/\/www.visit-ulcinj.com\/blog\/#website\",\"url\":\"https:\/\/www.visit-ulcinj.com\/blog\/\",\"name\":\"Lajme nga Ulqini\",\"description\":\"Lajme,Vijesti,Ulqini,Ulqin,Crna Gora,Mali i Zi\",\"potentialAction\":[{\"@type\":\"SearchAction\",\"target\":{\"@type\":\"EntryPoint\",\"urlTemplate\":\"https:\/\/www.visit-ulcinj.com\/blog\/?s={search_term_string}\"},\"query-input\":\"required name=search_term_string\"}],\"inLanguage\":\"en-US\"},{\"@type\":\"ImageObject\",\"inLanguage\":\"en-US\",\"@id\":\"https:\/\/www.visit-ulcinj.com\/blog\/2010\/11\/01\/ulqin-asnje-negociate-per-koalicionin-qeverises\/#primaryimage\",\"url\":\"https:\/\/www.visit-ulcinj.com\/blog\/wp-content\/uploads\/2010\/11\/Nazif-Cungu-forca-_-ulqin.jpg\",\"contentUrl\":\"https:\/\/www.visit-ulcinj.com\/blog\/wp-content\/uploads\/2010\/11\/Nazif-Cungu-forca-_-ulqin.jpg\",\"width\":\"640\",\"height\":\"425\"},{\"@type\":\"WebPage\",\"@id\":\"https:\/\/www.visit-ulcinj.com\/blog\/2010\/11\/01\/ulqin-asnje-negociate-per-koalicionin-qeverises\/#webpage\",\"url\":\"https:\/\/www.visit-ulcinj.com\/blog\/2010\/11\/01\/ulqin-asnje-negociate-per-koalicionin-qeverises\/\",\"name\":\"Ulqin, asnj\u00eb negociat\u00eb p\u00ebr koalicionin qeveris\u00ebs - Lajme nga Ulqini\",\"isPartOf\":{\"@id\":\"https:\/\/www.visit-ulcinj.com\/blog\/#website\"},\"primaryImageOfPage\":{\"@id\":\"https:\/\/www.visit-ulcinj.com\/blog\/2010\/11\/01\/ulqin-asnje-negociate-per-koalicionin-qeverises\/#primaryimage\"},\"datePublished\":\"2010-11-01T20:22:37+00:00\",\"dateModified\":\"2010-11-05T17:00:44+00:00\",\"author\":{\"@id\":\"https:\/\/www.visit-ulcinj.com\/blog\/#\/schema\/person\/dcab619c614d3038751c63bc2aadc06d\"},\"description\":\"M\u00eb shum\u00eb se dhjet\u00eb dit\u00eb kan\u00eb kaluar nga zgjedhjet e p\u00ebrs\u00ebritura lokale n\u00eb Ulqin dhe ende nuk ka asnj\u00eb shenj\u00eb p\u00ebr negociata mes partive q\u00eb t\u00eb themelohet\",\"breadcrumb\":{\"@id\":\"https:\/\/www.visit-ulcinj.com\/blog\/2010\/11\/01\/ulqin-asnje-negociate-per-koalicionin-qeverises\/#breadcrumb\"},\"inLanguage\":\"en-US\",\"potentialAction\":[{\"@type\":\"ReadAction\",\"target\":[\"https:\/\/www.visit-ulcinj.com\/blog\/2010\/11\/01\/ulqin-asnje-negociate-per-koalicionin-qeverises\/\"]}]},{\"@type\":\"BreadcrumbList\",\"@id\":\"https:\/\/www.visit-ulcinj.com\/blog\/2010\/11\/01\/ulqin-asnje-negociate-per-koalicionin-qeverises\/#breadcrumb\",\"itemListElement\":[{\"@type\":\"ListItem\",\"position\":1,\"name\":\"Ulqin, asnj\u00eb negociat\u00eb p\u00ebr koalicionin qeveris\u00ebs\"}]},{\"@type\":\"Person\",\"@id\":\"https:\/\/www.visit-ulcinj.com\/blog\/#\/schema\/person\/dcab619c614d3038751c63bc2aadc06d\",\"name\":\"ulqini\",\"sameAs\":[\"http:\/\/www.visit-ulcinj.com\"],\"url\":\"https:\/\/www.visit-ulcinj.com\/blog\/author\/admin\/\"}]}<\/script>\n<!-- \/ Yoast SEO plugin. -->","yoast_head_json":{"title":"Ulqin, asnj\u00eb negociat\u00eb p\u00ebr koalicionin qeveris\u00ebs - Lajme nga Ulqini","description":"M\u00eb shum\u00eb se dhjet\u00eb dit\u00eb kan\u00eb kaluar nga zgjedhjet e p\u00ebrs\u00ebritura lokale n\u00eb Ulqin dhe ende nuk ka asnj\u00eb shenj\u00eb p\u00ebr negociata mes partive q\u00eb t\u00eb themelohet","robots":{"index":"index","follow":"follow","max-snippet":"max-snippet:-1","max-image-preview":"max-image-preview:large","max-video-preview":"max-video-preview:-1"},"canonical":"https:\/\/www.visit-ulcinj.com\/blog\/2010\/11\/01\/ulqin-asnje-negociate-per-koalicionin-qeverises\/","og_locale":"en_US","og_type":"article","og_title":"Ulqin, asnj\u00eb negociat\u00eb p\u00ebr koalicionin qeveris\u00ebs - Lajme nga Ulqini","og_description":"M\u00eb shum\u00eb se dhjet\u00eb dit\u00eb kan\u00eb kaluar nga zgjedhjet e p\u00ebrs\u00ebritura lokale n\u00eb Ulqin dhe ende nuk ka asnj\u00eb shenj\u00eb p\u00ebr negociata mes partive q\u00eb t\u00eb themelohet","og_url":"https:\/\/www.visit-ulcinj.com\/blog\/2010\/11\/01\/ulqin-asnje-negociate-per-koalicionin-qeverises\/","og_site_name":"Lajme nga Ulqini","article_published_time":"2010-11-01T20:22:37+00:00","article_modified_time":"2010-11-05T17:00:44+00:00","og_image":[{"url":"http:\/\/www.visit-ulcinj.com\/blog\/wp-content\/uploads\/2010\/11\/Nazif-Cungu-forca-_-ulqin.jpg"}],"twitter_misc":{"Written by":"ulqini","Est. reading time":"2 minutes"},"schema":{"@context":"https:\/\/schema.org","@graph":[{"@type":"WebSite","@id":"https:\/\/www.visit-ulcinj.com\/blog\/#website","url":"https:\/\/www.visit-ulcinj.com\/blog\/","name":"Lajme nga Ulqini","description":"Lajme,Vijesti,Ulqini,Ulqin,Crna Gora,Mali i Zi","potentialAction":[{"@type":"SearchAction","target":{"@type":"EntryPoint","urlTemplate":"https:\/\/www.visit-ulcinj.com\/blog\/?s={search_term_string}"},"query-input":"required name=search_term_string"}],"inLanguage":"en-US"},{"@type":"ImageObject","inLanguage":"en-US","@id":"https:\/\/www.visit-ulcinj.com\/blog\/2010\/11\/01\/ulqin-asnje-negociate-per-koalicionin-qeverises\/#primaryimage","url":"https:\/\/www.visit-ulcinj.com\/blog\/wp-content\/uploads\/2010\/11\/Nazif-Cungu-forca-_-ulqin.jpg","contentUrl":"https:\/\/www.visit-ulcinj.com\/blog\/wp-content\/uploads\/2010\/11\/Nazif-Cungu-forca-_-ulqin.jpg","width":"640","height":"425"},{"@type":"WebPage","@id":"https:\/\/www.visit-ulcinj.com\/blog\/2010\/11\/01\/ulqin-asnje-negociate-per-koalicionin-qeverises\/#webpage","url":"https:\/\/www.visit-ulcinj.com\/blog\/2010\/11\/01\/ulqin-asnje-negociate-per-koalicionin-qeverises\/","name":"Ulqin, asnj\u00eb negociat\u00eb p\u00ebr koalicionin qeveris\u00ebs - Lajme nga Ulqini","isPartOf":{"@id":"https:\/\/www.visit-ulcinj.com\/blog\/#website"},"primaryImageOfPage":{"@id":"https:\/\/www.visit-ulcinj.com\/blog\/2010\/11\/01\/ulqin-asnje-negociate-per-koalicionin-qeverises\/#primaryimage"},"datePublished":"2010-11-01T20:22:37+00:00","dateModified":"2010-11-05T17:00:44+00:00","author":{"@id":"https:\/\/www.visit-ulcinj.com\/blog\/#\/schema\/person\/dcab619c614d3038751c63bc2aadc06d"},"description":"M\u00eb shum\u00eb se dhjet\u00eb dit\u00eb kan\u00eb kaluar nga zgjedhjet e p\u00ebrs\u00ebritura lokale n\u00eb Ulqin dhe ende nuk ka asnj\u00eb shenj\u00eb p\u00ebr negociata mes partive q\u00eb t\u00eb themelohet","breadcrumb":{"@id":"https:\/\/www.visit-ulcinj.com\/blog\/2010\/11\/01\/ulqin-asnje-negociate-per-koalicionin-qeverises\/#breadcrumb"},"inLanguage":"en-US","potentialAction":[{"@type":"ReadAction","target":["https:\/\/www.visit-ulcinj.com\/blog\/2010\/11\/01\/ulqin-asnje-negociate-per-koalicionin-qeverises\/"]}]},{"@type":"BreadcrumbList","@id":"https:\/\/www.visit-ulcinj.com\/blog\/2010\/11\/01\/ulqin-asnje-negociate-per-koalicionin-qeverises\/#breadcrumb","itemListElement":[{"@type":"ListItem","position":1,"name":"Ulqin, asnj\u00eb negociat\u00eb p\u00ebr koalicionin qeveris\u00ebs"}]},{"@type":"Person","@id":"https:\/\/www.visit-ulcinj.com\/blog\/#\/schema\/person\/dcab619c614d3038751c63bc2aadc06d","name":"ulqini","sameAs":["http:\/\/www.visit-ulcinj.com"],"url":"https:\/\/www.visit-ulcinj.com\/blog\/author\/admin\/"}]}},"jetpack_featured_media_url":"","jetpack_sharing_enabled":true,"jetpack_shortlink":"https:\/\/wp.me\/pe6lTn-aaz","_links":{"self":[{"href":"https:\/\/www.visit-ulcinj.com\/blog\/wp-json\/wp\/v2\/posts\/39095"}],"collection":[{"href":"https:\/\/www.visit-ulcinj.com\/blog\/wp-json\/wp\/v2\/posts"}],"about":[{"href":"https:\/\/www.visit-ulcinj.com\/blog\/wp-json\/wp\/v2\/types\/post"}],"author":[{"embeddable":true,"href":"https:\/\/www.visit-ulcinj.com\/blog\/wp-json\/wp\/v2\/users\/1"}],"replies":[{"embeddable":true,"href":"https:\/\/www.visit-ulcinj.com\/blog\/wp-json\/wp\/v2\/comments?post=39095"}],"version-history":[{"count":0,"href":"https:\/\/www.visit-ulcinj.com\/blog\/wp-json\/wp\/v2\/posts\/39095\/revisions"}],"wp:attachment":[{"href":"https:\/\/www.visit-ulcinj.com\/blog\/wp-json\/wp\/v2\/media?parent=39095"}],"wp:term":[{"taxonomy":"category","embeddable":true,"href":"https:\/\/www.visit-ulcinj.com\/blog\/wp-json\/wp\/v2\/categories?post=39095"},{"taxonomy":"post_tag","embeddable":true,"href":"https:\/\/www.visit-ulcinj.com\/blog\/wp-json\/wp\/v2\/tags?post=39095"}],"curies":[{"name":"wp","href":"https:\/\/api.w.org\/{rel}","templated":true}]}}