{"id":39107,"date":"2010-11-02T13:01:50","date_gmt":"2010-11-02T11:01:50","guid":{"rendered":"http:\/\/www.visit-ulcinj.com\/blog\/?p=39107"},"modified":"2010-11-02T13:01:50","modified_gmt":"2010-11-02T11:01:50","slug":"klubi-i-karatese-ulqini-me-i-miri","status":"publish","type":"post","link":"https:\/\/www.visit-ulcinj.com\/blog\/2010\/11\/02\/klubi-i-karatese-ulqini-me-i-miri\/","title":{"rendered":"Klubi i karates\u00eb Ulqini m\u00eb i miri"},"content":{"rendered":"<p><strong><a href=\"http:\/\/www.visit-ulcinj.com\/blog\/wp-content\/uploads\/2010\/11\/Klubi-i-karatese-Ulqini-Katana-Open-2010_.jpg\"><img loading=\"lazy\" class=\"alignleft size-full wp-image-39108\" title=\"Klubi i karatese Ulqini - Katana Open 2010_\" src=\"http:\/\/www.visit-ulcinj.com\/blog\/wp-content\/uploads\/2010\/11\/Klubi-i-karatese-Ulqini-Katana-Open-2010_.jpg\" alt=\"\" width=\"490\" height=\"380\" \/><\/a>Klubi i karates\u00eb \u201cUlqini\u201d mori pjes\u00eb n\u00eb turneun e v nd\u00ebrkomb\u00ebtar \u201cKatana Open 2010\u201d<\/strong><\/p>\n<p>T\u00eb shtun\u00ebn, m\u00eb 30 tetor 2010 n\u00eb Gjilan t\u00eb Kosov\u00ebs u mbajt Turneu i 5-t\u00eb nd\u00ebrkomb\u00ebtar i karates\u00eb \u201cKatana Open 2010\u201d, n\u00eb t\u00eb cilin mor\u00ebn pjes\u00eb garues nga Shqip\u00ebria, Serbia, Maqedonia, Bosnja e Hercegovina, Lugina e Preshev\u00ebs, Kosova dhe ne nga Ulqini.<br \/>\nTurneu u organizua n\u00eb nj\u00eb nivel t\u00eb lart\u00eb nga klubi vendas i karates\u00eb \u201cDardania\u201d, nd\u00ebrsa konkurrenca ishte mjaft e fort\u00eb.<\/p>\n<p>Klubi i Karates\u00eb \u201cUlqini\u201d n\u00eb k\u00ebt\u00eb turne nd\u00ebrkomb\u00ebtar u shpall klubi m\u00eb i mir\u00eb i turneut duke u renditur n\u00eb vend t\u00eb par\u00eb n\u00eb renditjen e p\u00ebrgjithshme.<\/p>\n<p>Klubi i Karates\u00eb \u201cUlqini\u201d mori pjes\u00eb me 20 garues, t\u00eb cil\u00ebt triumfuan n\u00eb t\u00eb gjitha disiplinat ku mor\u00ebn pjes\u00eb. Ata u kuror\u00ebzuan me gjithsej 25 medalje: 16 t\u00eb arta, 3 t\u00eb argjendta, 6 t\u00eb bronzta dhe 11 kupa. T\u00eb gjith\u00eb garuesit e k\u00ebtij klubi q\u00eb mor\u00ebn pjes\u00eb n\u00eb turne u kuror\u00ebzuan me medalje, \u00e7ka d\u00ebshmon p\u00ebr p\u00ebrgatitjen dhe nivelin e lart\u00eb t\u00eb tyre.<\/p>\n<p>Garuesit m\u00eb t\u00eb mir\u00eb t\u00eb klubit n\u00eb k\u00ebt\u00eb turne ishin Albion Duraku dhe Diell\u00ebza Rama, t\u00eb cil\u00ebt u kuror\u00ebzuan me nga dy medalje t\u00eb arta. Garuesi m\u00eb atraktiv ishte Ensar Marshiq, i cili fitoi 4 luft\u00ebra, duke qen\u00eb garuesi m\u00eb i mir\u00eb n\u00eb luft\u00ebra dhe m\u00eb atraktiv i klubit n\u00eb k\u00ebt\u00eb gar\u00eb. P\u00ebr t\u00eb shfaq\u00ebn interesim edhe mediat e pranishme n\u00eb gar\u00eb, t\u00eb cilat edhe e intervistuan.<\/p>\n<p>N\u00eb disiplinat individuale me medalje dhe kupa u kuror\u00ebzuan: Diell\u00ebza Rama &#8211; dy medalje t\u00eb arta dhe dy kupa , Eliza Salihu, Ensar Marshiq, Xhemale Elezi, Gentiana Kuqi, Antigona Rama dhe Albion Duraku &#8211; nga nj\u00eb t\u00eb art\u00eb dhe nj\u00eb kup\u00eb; nga nj\u00eb medalje t\u00eb art\u00eb n\u00eb luft\u00ebrat ekipore fituan\u00a0 Xhenis Rexhepi, Behlul Peroviq, Edin Kraja, Albion Duraku t\u00eb gjenerat\u00ebs 1996, 1995, 1994, nd\u00ebrsa n\u00eb gjenerat\u00ebn e senior\u00ebve me medalje t\u00eb arta u kuror\u00ebzuan Kreshnik Tahiri, Viktor Curoviq, Dardan Ceka dhe Allmir Hajdari. Me disa medalje t\u00eb argjendta dhe t\u00eb bronzta u shp\u00ebrblyen edhe Lavdim Tula, Mark Daboviq, Admir Luka, Jeton Luka, Hantie Ibro\u00e7i dhe Nderim Cuca.<\/p>\n<p>N\u00eb k\u00ebt\u00eb gar\u00eb ishin t\u00eb pranish\u00ebm edhe an\u00ebtar\u00ebt e Kryesis\u00eb s\u00eb klubit Nexhat Sukaliqi, Muzafer Salihu, Skender Tahiri, si dhe trajner\u00ebt Kujtim Sukaliqi dhe Ruzhdi Rama. T\u00eb gjith\u00eb nuk e fshehin k\u00ebnaq\u00ebsin\u00eb p\u00ebr rezultatet e arrituara.<\/p>\n<p>-Jemi m\u00eb se t\u00eb k\u00ebnaqur me rezultatin e arritur dhe me k\u00ebt\u00eb p\u00ebrfaq\u00ebsim t\u00eb denj\u00eb t\u00eb qytetit ton\u00eb n\u00eb k\u00ebt\u00eb turne nd\u00ebrkomb\u00ebtar t\u00eb nj\u00eb niveli t\u00eb lart\u00eb. Shpresojm\u00eb se ky rezultat do t\u00eb sh\u00ebrbej\u00eb si apel p\u00ebr t\u00eb gjith\u00eb qytetar\u00ebt dhe institucionet q\u00eb t\u00eb ndihmohet sporti, sepse reklama m\u00eb e mir\u00eb e qytetit b\u00ebhet me sport dhe kultur\u00eb.<\/p>\n<p>Trajner\u00ebt e KK \u201cUlqini\u201d fal\u00ebnderojn\u00eb\u00a0 sponsor\u00ebt q\u00eb mund\u00ebsuan pjes\u00ebmarrjen e klubit n\u00eb Turneun \u201cKatana Open 2010\u201d &#8211; restorantin \u201cCorona\u201d, burektoren \u201cPelivan\u201d, udh\u00ebheq\u00ebsin\u00eb e Klubit, e posa\u00e7\u00ebrisht kryetarin e klubit zot\u00ebri Loro Nrekiqin dhe trajnerin m\u00eb t\u00eb vjet\u00ebr n\u00eb komun\u00ebn ton\u00eb, m\u00ebsuesin ton\u00eb t\u00eb karates\u00eb Gjergj Daboviqin, t\u00eb cil\u00ebt n\u00eb vazhdim\u00ebsi po japin kontributin e tyre p\u00ebr zhvillimin e klubit dhe t\u00eb sportit t\u00eb karates\u00eb n\u00eb p\u00ebrgjith\u00ebsi n\u00eb komun\u00ebn e Ulqinit e m\u00eb gj\u00ebr\u00eb.<br \/>\nAta fal\u00ebnderojn\u00eb po ashtu organizatorin Maliq Maliqi p\u00ebr mikpritjen e ve\u00e7ant\u00eb q\u00eb i b\u00ebri ekipit t\u00eb KK \u201cUlqini\u201d n\u00eb Gjilan.<\/p>\n<p><strong>Sh\u00ebrbimi informativ i klubit t\u00eb karates\u00eb \u201cUlqini\u201d<br \/>\n\n\t\t<style type=\"text\/css\">\n\t\t\t#gallery-1 {\n\t\t\t\tmargin: auto;\n\t\t\t}\n\t\t\t#gallery-1 .gallery-item {\n\t\t\t\tfloat: left;\n\t\t\t\tmargin-top: 10px;\n\t\t\t\ttext-align: center;\n\t\t\t\twidth: 25%;\n\t\t\t}\n\t\t\t#gallery-1 img {\n\t\t\t\tborder: 2px solid #cfcfcf;\n\t\t\t}\n\t\t\t#gallery-1 .gallery-caption {\n\t\t\t\tmargin-left: 0;\n\t\t\t}\n\t\t\t\/* see gallery_shortcode() in wp-includes\/media.php *\/\n\t\t<\/style>\n\t\t<div id='gallery-1' class='gallery galleryid-39107 gallery-columns-4 gallery-size-thumbnail'><dl class='gallery-item'>\n\t\t\t<dt class='gallery-icon landscape'>\n\t\t\t\t<a href='https:\/\/www.visit-ulcinj.com\/blog\/wp-content\/uploads\/2010\/11\/Klubi-i-karatese-Ulqini-Katana-Open-2010_.jpg'><img width=\"150\" height=\"150\" src=\"https:\/\/www.visit-ulcinj.com\/blog\/wp-content\/uploads\/2010\/11\/Klubi-i-karatese-Ulqini-Katana-Open-2010_-150x150.jpg\" class=\"attachment-thumbnail size-thumbnail\" alt=\"\" loading=\"lazy\" \/><\/a>\n\t\t\t<\/dt><\/dl><dl class='gallery-item'>\n\t\t\t<dt class='gallery-icon landscape'>\n\t\t\t\t<a href='https:\/\/www.visit-ulcinj.com\/blog\/wp-content\/uploads\/2010\/11\/Klubi-i-karatese-Ulqini-Katana-Open-2010.3_.jpg'><img width=\"150\" height=\"150\" src=\"https:\/\/www.visit-ulcinj.com\/blog\/wp-content\/uploads\/2010\/11\/Klubi-i-karatese-Ulqini-Katana-Open-2010.3_-150x150.jpg\" class=\"attachment-thumbnail size-thumbnail\" alt=\"\" loading=\"lazy\" \/><\/a>\n\t\t\t<\/dt><\/dl><dl class='gallery-item'>\n\t\t\t<dt class='gallery-icon landscape'>\n\t\t\t\t<a href='https:\/\/www.visit-ulcinj.com\/blog\/wp-content\/uploads\/2010\/11\/Klubi-i-karatese-Ulqini-Katana-Open-2010.2_.jpg'><img width=\"150\" height=\"150\" src=\"https:\/\/www.visit-ulcinj.com\/blog\/wp-content\/uploads\/2010\/11\/Klubi-i-karatese-Ulqini-Katana-Open-2010.2_-150x150.jpg\" class=\"attachment-thumbnail size-thumbnail\" alt=\"\" loading=\"lazy\" \/><\/a>\n\t\t\t<\/dt><\/dl><dl class='gallery-item'>\n\t\t\t<dt class='gallery-icon landscape'>\n\t\t\t\t<a href='https:\/\/www.visit-ulcinj.com\/blog\/wp-content\/uploads\/2010\/11\/Klubi-i-karatese-Ulqini-Katana-Open-2010.1_.jpg'><img width=\"150\" height=\"150\" src=\"https:\/\/www.visit-ulcinj.com\/blog\/wp-content\/uploads\/2010\/11\/Klubi-i-karatese-Ulqini-Katana-Open-2010.1_-150x150.jpg\" class=\"attachment-thumbnail size-thumbnail\" alt=\"\" loading=\"lazy\" \/><\/a>\n\t\t\t<\/dt><\/dl><br style=\"clear: both\" \/>\n\t\t<\/div>\n<br \/>\n<\/strong><\/p>\n","protected":false},"excerpt":{"rendered":"<p>Klubi i karates\u00eb \u201cUlqini\u201d mori pjes\u00eb n\u00eb turneun e v nd\u00ebrkomb\u00ebtar \u201cKatana Open 2010\u201d T\u00eb shtun\u00ebn, m\u00eb 30 tetor 2010 n\u00eb Gjilan t\u00eb Kosov\u00ebs u mbajt Turneu i 5-t\u00eb nd\u00ebrkomb\u00ebtar i karates\u00eb \u201cKatana Open 2010\u201d, n\u00eb t\u00eb cilin mor\u00ebn pjes\u00eb garues nga Shqip\u00ebria, Serbia, Maqedonia, Bosnja e Hercegovina, Lugina e Preshev\u00ebs, Kosova dhe ne nga [&hellip;]<\/p>\n","protected":false},"author":1,"featured_media":0,"comment_status":"open","ping_status":"closed","sticky":false,"template":"","format":"standard","meta":{"spay_email":"","jetpack_publicize_message":"","jetpack_is_tweetstorm":false,"jetpack_publicize_feature_enabled":true},"categories":[3],"tags":[10936,5848,2906,5857,2065,10596,7315,5821,5831,2920,10585,2917,5828,12353,10599,5845,14707,16161,2079,10594,4853,2929,16162,5846,16163,2076,15797,2621,2066,5825],"jetpack_publicize_connections":[],"yoast_head":"<!-- This site is optimized with the Yoast SEO plugin v19.1 - https:\/\/yoast.com\/wordpress\/plugins\/seo\/ -->\n<title>Klubi i karates\u00eb Ulqini m\u00eb i miri - Lajme nga Ulqini<\/title>\n<meta name=\"description\" content=\"Klubi i karates\u00eb \u201cUlqini\u201d mori pjes\u00eb n\u00eb turneun e v nd\u00ebrkomb\u00ebtar \u201cKatana Open 2010\u201d T\u00eb shtun\u00ebn, m\u00eb 30 tetor 2010 n\u00eb Gjilan t\u00eb Kosov\u00ebs u mbajt Turneu i\" \/>\n<meta name=\"robots\" content=\"index, follow, max-snippet:-1, max-image-preview:large, max-video-preview:-1\" \/>\n<link rel=\"canonical\" href=\"https:\/\/www.visit-ulcinj.com\/blog\/2010\/11\/02\/klubi-i-karatese-ulqini-me-i-miri\/\" \/>\n<meta property=\"og:locale\" content=\"en_US\" \/>\n<meta property=\"og:type\" content=\"article\" \/>\n<meta property=\"og:title\" content=\"Klubi i karates\u00eb Ulqini m\u00eb i miri - Lajme nga Ulqini\" \/>\n<meta property=\"og:description\" content=\"Klubi i karates\u00eb \u201cUlqini\u201d mori pjes\u00eb n\u00eb turneun e v nd\u00ebrkomb\u00ebtar \u201cKatana Open 2010\u201d T\u00eb shtun\u00ebn, m\u00eb 30 tetor 2010 n\u00eb Gjilan t\u00eb Kosov\u00ebs u mbajt Turneu i\" \/>\n<meta property=\"og:url\" content=\"https:\/\/www.visit-ulcinj.com\/blog\/2010\/11\/02\/klubi-i-karatese-ulqini-me-i-miri\/\" \/>\n<meta property=\"og:site_name\" content=\"Lajme nga Ulqini\" \/>\n<meta property=\"article:published_time\" content=\"2010-11-02T11:01:50+00:00\" \/>\n<meta property=\"og:image\" content=\"https:\/\/www.visit-ulcinj.com\/blog\/wp-content\/uploads\/2010\/11\/Klubi-i-karatese-Ulqini-Katana-Open-2010_-150x150.jpg\" \/>\n<meta name=\"twitter:label1\" content=\"Written by\" \/>\n\t<meta name=\"twitter:data1\" content=\"ulqini\" \/>\n\t<meta name=\"twitter:label2\" content=\"Est. reading time\" \/>\n\t<meta name=\"twitter:data2\" content=\"3 minutes\" \/>\n<script type=\"application\/ld+json\" class=\"yoast-schema-graph\">{\"@context\":\"https:\/\/schema.org\",\"@graph\":[{\"@type\":\"WebSite\",\"@id\":\"https:\/\/www.visit-ulcinj.com\/blog\/#website\",\"url\":\"https:\/\/www.visit-ulcinj.com\/blog\/\",\"name\":\"Lajme nga Ulqini\",\"description\":\"Lajme,Vijesti,Ulqini,Ulqin,Crna Gora,Mali i Zi\",\"potentialAction\":[{\"@type\":\"SearchAction\",\"target\":{\"@type\":\"EntryPoint\",\"urlTemplate\":\"https:\/\/www.visit-ulcinj.com\/blog\/?s={search_term_string}\"},\"query-input\":\"required name=search_term_string\"}],\"inLanguage\":\"en-US\"},{\"@type\":\"ImageObject\",\"inLanguage\":\"en-US\",\"@id\":\"https:\/\/www.visit-ulcinj.com\/blog\/2010\/11\/02\/klubi-i-karatese-ulqini-me-i-miri\/#primaryimage\",\"url\":\"https:\/\/www.visit-ulcinj.com\/blog\/wp-content\/uploads\/2010\/11\/Klubi-i-karatese-Ulqini-Katana-Open-2010_.jpg\",\"contentUrl\":\"https:\/\/www.visit-ulcinj.com\/blog\/wp-content\/uploads\/2010\/11\/Klubi-i-karatese-Ulqini-Katana-Open-2010_.jpg\",\"width\":\"1092\",\"height\":\"819\"},{\"@type\":\"WebPage\",\"@id\":\"https:\/\/www.visit-ulcinj.com\/blog\/2010\/11\/02\/klubi-i-karatese-ulqini-me-i-miri\/#webpage\",\"url\":\"https:\/\/www.visit-ulcinj.com\/blog\/2010\/11\/02\/klubi-i-karatese-ulqini-me-i-miri\/\",\"name\":\"Klubi i karates\u00eb Ulqini m\u00eb i miri - Lajme nga Ulqini\",\"isPartOf\":{\"@id\":\"https:\/\/www.visit-ulcinj.com\/blog\/#website\"},\"primaryImageOfPage\":{\"@id\":\"https:\/\/www.visit-ulcinj.com\/blog\/2010\/11\/02\/klubi-i-karatese-ulqini-me-i-miri\/#primaryimage\"},\"datePublished\":\"2010-11-02T11:01:50+00:00\",\"dateModified\":\"2010-11-02T11:01:50+00:00\",\"author\":{\"@id\":\"https:\/\/www.visit-ulcinj.com\/blog\/#\/schema\/person\/dcab619c614d3038751c63bc2aadc06d\"},\"description\":\"Klubi i karates\u00eb \u201cUlqini\u201d mori pjes\u00eb n\u00eb turneun e v nd\u00ebrkomb\u00ebtar \u201cKatana Open 2010\u201d T\u00eb shtun\u00ebn, m\u00eb 30 tetor 2010 n\u00eb Gjilan t\u00eb Kosov\u00ebs u mbajt Turneu i\",\"breadcrumb\":{\"@id\":\"https:\/\/www.visit-ulcinj.com\/blog\/2010\/11\/02\/klubi-i-karatese-ulqini-me-i-miri\/#breadcrumb\"},\"inLanguage\":\"en-US\",\"potentialAction\":[{\"@type\":\"ReadAction\",\"target\":[\"https:\/\/www.visit-ulcinj.com\/blog\/2010\/11\/02\/klubi-i-karatese-ulqini-me-i-miri\/\"]}]},{\"@type\":\"BreadcrumbList\",\"@id\":\"https:\/\/www.visit-ulcinj.com\/blog\/2010\/11\/02\/klubi-i-karatese-ulqini-me-i-miri\/#breadcrumb\",\"itemListElement\":[{\"@type\":\"ListItem\",\"position\":1,\"name\":\"Klubi i karates\u00eb Ulqini m\u00eb i miri\"}]},{\"@type\":\"Person\",\"@id\":\"https:\/\/www.visit-ulcinj.com\/blog\/#\/schema\/person\/dcab619c614d3038751c63bc2aadc06d\",\"name\":\"ulqini\",\"sameAs\":[\"http:\/\/www.visit-ulcinj.com\"],\"url\":\"https:\/\/www.visit-ulcinj.com\/blog\/author\/admin\/\"}]}<\/script>\n<!-- \/ Yoast SEO plugin. -->","yoast_head_json":{"title":"Klubi i karates\u00eb Ulqini m\u00eb i miri - Lajme nga Ulqini","description":"Klubi i karates\u00eb \u201cUlqini\u201d mori pjes\u00eb n\u00eb turneun e v nd\u00ebrkomb\u00ebtar \u201cKatana Open 2010\u201d T\u00eb shtun\u00ebn, m\u00eb 30 tetor 2010 n\u00eb Gjilan t\u00eb Kosov\u00ebs u mbajt Turneu i","robots":{"index":"index","follow":"follow","max-snippet":"max-snippet:-1","max-image-preview":"max-image-preview:large","max-video-preview":"max-video-preview:-1"},"canonical":"https:\/\/www.visit-ulcinj.com\/blog\/2010\/11\/02\/klubi-i-karatese-ulqini-me-i-miri\/","og_locale":"en_US","og_type":"article","og_title":"Klubi i karates\u00eb Ulqini m\u00eb i miri - Lajme nga Ulqini","og_description":"Klubi i karates\u00eb \u201cUlqini\u201d mori pjes\u00eb n\u00eb turneun e v nd\u00ebrkomb\u00ebtar \u201cKatana Open 2010\u201d T\u00eb shtun\u00ebn, m\u00eb 30 tetor 2010 n\u00eb Gjilan t\u00eb Kosov\u00ebs u mbajt Turneu i","og_url":"https:\/\/www.visit-ulcinj.com\/blog\/2010\/11\/02\/klubi-i-karatese-ulqini-me-i-miri\/","og_site_name":"Lajme nga Ulqini","article_published_time":"2010-11-02T11:01:50+00:00","og_image":[{"url":"https:\/\/www.visit-ulcinj.com\/blog\/wp-content\/uploads\/2010\/11\/Klubi-i-karatese-Ulqini-Katana-Open-2010_-150x150.jpg"}],"twitter_misc":{"Written by":"ulqini","Est. reading time":"3 minutes"},"schema":{"@context":"https:\/\/schema.org","@graph":[{"@type":"WebSite","@id":"https:\/\/www.visit-ulcinj.com\/blog\/#website","url":"https:\/\/www.visit-ulcinj.com\/blog\/","name":"Lajme nga Ulqini","description":"Lajme,Vijesti,Ulqini,Ulqin,Crna Gora,Mali i Zi","potentialAction":[{"@type":"SearchAction","target":{"@type":"EntryPoint","urlTemplate":"https:\/\/www.visit-ulcinj.com\/blog\/?s={search_term_string}"},"query-input":"required name=search_term_string"}],"inLanguage":"en-US"},{"@type":"ImageObject","inLanguage":"en-US","@id":"https:\/\/www.visit-ulcinj.com\/blog\/2010\/11\/02\/klubi-i-karatese-ulqini-me-i-miri\/#primaryimage","url":"https:\/\/www.visit-ulcinj.com\/blog\/wp-content\/uploads\/2010\/11\/Klubi-i-karatese-Ulqini-Katana-Open-2010_.jpg","contentUrl":"https:\/\/www.visit-ulcinj.com\/blog\/wp-content\/uploads\/2010\/11\/Klubi-i-karatese-Ulqini-Katana-Open-2010_.jpg","width":"1092","height":"819"},{"@type":"WebPage","@id":"https:\/\/www.visit-ulcinj.com\/blog\/2010\/11\/02\/klubi-i-karatese-ulqini-me-i-miri\/#webpage","url":"https:\/\/www.visit-ulcinj.com\/blog\/2010\/11\/02\/klubi-i-karatese-ulqini-me-i-miri\/","name":"Klubi i karates\u00eb Ulqini m\u00eb i miri - Lajme nga Ulqini","isPartOf":{"@id":"https:\/\/www.visit-ulcinj.com\/blog\/#website"},"primaryImageOfPage":{"@id":"https:\/\/www.visit-ulcinj.com\/blog\/2010\/11\/02\/klubi-i-karatese-ulqini-me-i-miri\/#primaryimage"},"datePublished":"2010-11-02T11:01:50+00:00","dateModified":"2010-11-02T11:01:50+00:00","author":{"@id":"https:\/\/www.visit-ulcinj.com\/blog\/#\/schema\/person\/dcab619c614d3038751c63bc2aadc06d"},"description":"Klubi i karates\u00eb \u201cUlqini\u201d mori pjes\u00eb n\u00eb turneun e v nd\u00ebrkomb\u00ebtar \u201cKatana Open 2010\u201d T\u00eb shtun\u00ebn, m\u00eb 30 tetor 2010 n\u00eb Gjilan t\u00eb Kosov\u00ebs u mbajt Turneu i","breadcrumb":{"@id":"https:\/\/www.visit-ulcinj.com\/blog\/2010\/11\/02\/klubi-i-karatese-ulqini-me-i-miri\/#breadcrumb"},"inLanguage":"en-US","potentialAction":[{"@type":"ReadAction","target":["https:\/\/www.visit-ulcinj.com\/blog\/2010\/11\/02\/klubi-i-karatese-ulqini-me-i-miri\/"]}]},{"@type":"BreadcrumbList","@id":"https:\/\/www.visit-ulcinj.com\/blog\/2010\/11\/02\/klubi-i-karatese-ulqini-me-i-miri\/#breadcrumb","itemListElement":[{"@type":"ListItem","position":1,"name":"Klubi i karates\u00eb Ulqini m\u00eb i miri"}]},{"@type":"Person","@id":"https:\/\/www.visit-ulcinj.com\/blog\/#\/schema\/person\/dcab619c614d3038751c63bc2aadc06d","name":"ulqini","sameAs":["http:\/\/www.visit-ulcinj.com"],"url":"https:\/\/www.visit-ulcinj.com\/blog\/author\/admin\/"}]}},"jetpack_featured_media_url":"","jetpack_sharing_enabled":true,"jetpack_shortlink":"https:\/\/wp.me\/pe6lTn-aaL","_links":{"self":[{"href":"https:\/\/www.visit-ulcinj.com\/blog\/wp-json\/wp\/v2\/posts\/39107"}],"collection":[{"href":"https:\/\/www.visit-ulcinj.com\/blog\/wp-json\/wp\/v2\/posts"}],"about":[{"href":"https:\/\/www.visit-ulcinj.com\/blog\/wp-json\/wp\/v2\/types\/post"}],"author":[{"embeddable":true,"href":"https:\/\/www.visit-ulcinj.com\/blog\/wp-json\/wp\/v2\/users\/1"}],"replies":[{"embeddable":true,"href":"https:\/\/www.visit-ulcinj.com\/blog\/wp-json\/wp\/v2\/comments?post=39107"}],"version-history":[{"count":0,"href":"https:\/\/www.visit-ulcinj.com\/blog\/wp-json\/wp\/v2\/posts\/39107\/revisions"}],"wp:attachment":[{"href":"https:\/\/www.visit-ulcinj.com\/blog\/wp-json\/wp\/v2\/media?parent=39107"}],"wp:term":[{"taxonomy":"category","embeddable":true,"href":"https:\/\/www.visit-ulcinj.com\/blog\/wp-json\/wp\/v2\/categories?post=39107"},{"taxonomy":"post_tag","embeddable":true,"href":"https:\/\/www.visit-ulcinj.com\/blog\/wp-json\/wp\/v2\/tags?post=39107"}],"curies":[{"name":"wp","href":"https:\/\/api.w.org\/{rel}","templated":true}]}}