{"id":39152,"date":"2010-11-05T20:47:23","date_gmt":"2010-11-05T19:47:23","guid":{"rendered":"http:\/\/www.visit-ulcinj.com\/blog\/?p=39152"},"modified":"2010-11-05T20:47:50","modified_gmt":"2010-11-05T19:47:50","slug":"elvana-gjata-jeten-time-private-e-ruaj-me-fanatizem","status":"publish","type":"post","link":"https:\/\/www.visit-ulcinj.com\/blog\/2010\/11\/05\/elvana-gjata-jeten-time-private-e-ruaj-me-fanatizem\/","title":{"rendered":"Elvana Gjata: Jet\u00ebn time private e ruaj me fanatiz\u00ebm!"},"content":{"rendered":"<p>K\u00ebng\u00ebtarja e cila b\u00ebri revolucion n\u00eb muzik\u00eb viteve t\u00eb fundit padyshim \u00ebsht\u00eb biondina tejet t\u00ebrheq\u00ebse me z\u00ebrin e saj fenomenal Elvana Gjata. P\u00ebrpos transformimeve pozitive q\u00eb ka b\u00ebr\u00eb gradualisht n\u00eb muzik\u00eb, repertuari artistik \u00ebsht\u00eb pasuruar me shum\u00eb hite t\u00eb cilat kan\u00eb gjetur mb\u00ebshtetjen e plot\u00eb t\u00eb publikut.<\/p>\n<p><a href=\"http:\/\/www.visit-ulcinj.com\/blog\/wp-content\/uploads\/2010\/11\/Elvana-Gjata-Mamani.jpg\"><img loading=\"lazy\" class=\"alignleft size-full wp-image-39213\" title=\"Elvana-Gjata-Mamani\" src=\"http:\/\/www.visit-ulcinj.com\/blog\/wp-content\/uploads\/2010\/11\/Elvana-Gjata-Mamani.jpg\" alt=\"\" width=\"508\" height=\"339\" \/><\/a><\/p>\n<p>Elvana Gjata aktualisht \u00ebsht\u00eb k\u00ebng\u00ebtarja m\u00eb e popullarizuar n\u00eb t\u00eb gjitha trevat shqiptare, e cila p\u00ebrkund\u00ebr konkurrenc\u00ebs q\u00eb ekziston n\u00eb tregun muzikor\u00eb, vazhdon t\u00eb mbet\u00ebt dominuese dhe e ve\u00e7ant\u00eb, qoft\u00eb n\u00eb bashk\u00ebpunimet t\u00eb cilat i sjell\u00eb koh\u00eb pas kohe, por edhe n\u00eb realizimet solo. Nd\u00ebrsa sa i p\u00ebrket fizikut t\u00eb Elvan\u00ebs, komentet n\u00eb k\u00ebt\u00eb aspekt jan\u00eb kota\u2026<\/p>\n<p><strong>Zhurnal: Elavan cil\u00ebsoheni k\u00ebng\u00ebtarja m\u00eb e suksesshme e viteve t\u00eb fundit, gjithnj\u00eb duke u bazuar n\u00eb pun\u00ebn tuaj intensive si dhe realizimet e nj\u00eb pas nj\u00ebshme t\u00eb plasuara. Na p\u00ebrshkruani me pak fjal\u00eb rrug\u00ebn q\u00eb b\u00ebt\u00eb deri tek kjo pozit\u00eb q\u00eb keni sot n\u00eb mesin e showbiz-in shqiptar\u00eb?<\/strong><\/p>\n<p>Elvana Gjata: Nuk ka qen\u00eb e thjesht\u00eb. M\u00eb \u00ebsht\u00eb dashur shum\u00eb pun\u00eb, por pasioni p\u00ebr muzik\u00ebn \u00ebsht\u00eb i pashtersh\u00ebm dhe burim energjie p\u00ebr mua. Gjithashtu edhe fakti q\u00eb un pata dhe p\u00ebrkrahjen e madhe t\u00eb publikut t\u00eb Kosov\u00ebs ka qen\u00eb shum\u00eb e r\u00ebnd\u00ebsishme p\u00ebr mua. Un fillova me \u201cEthet e s\u00eb premtes\u201d dhe m\u00eb pas u njoha me Florin. Sukseset e mia mbajn\u00eb dhe firm\u00ebn e tij.<\/p>\n<p><a href=\"http:\/\/www.visit-ulcinj.com\/blog\/wp-content\/uploads\/2010\/11\/Elvana-Gjata-dhe-Flori.jpg\"><img loading=\"lazy\" class=\"alignleft size-full wp-image-39214\" title=\"Elvana-Gjata-dhe-Flori\" src=\"http:\/\/www.visit-ulcinj.com\/blog\/wp-content\/uploads\/2010\/11\/Elvana-Gjata-dhe-Flori.jpg\" alt=\"\" width=\"508\" height=\"339\" \/><\/a><\/p>\n<p><strong>Zhurnal: P\u00ebrpos momenteve t\u00eb mira dhe t\u00eb suksesshme n\u00eb karrier\u00eb, sa ka qen\u00eb kjo rrug\u00eb drejt suksesit e p\u00ebrshkruar edhe me zhg\u00ebnjime?<\/strong><\/p>\n<p>Elvana Gjata: Natyrisht q\u00eb ka pasur dhe zhg\u00ebnjime p\u00ebr sa koh\u00eb je n\u00eb marr\u00ebdh\u00ebnie me njer\u00ebz t\u00eb ndrysh\u00ebm. Ka pasur projekte t\u00eb mia q\u00eb p\u00ebr fat t\u00eb keq nuk kane dal\u00eb kurr\u00eb. Por jam e fort\u00eb dhe vazhdoj p\u00ebrpara.<br \/>\n<strong><br \/>\nZhurnal: P\u00ebrpos Shqip\u00ebris\u00eb sot g\u00ebzon suksesin n\u00eb gjitha trevat shqiptare. A mund\u00a0 t\u00eb na tregoni m\u00ebnyr\u00ebn tuaj aq t\u00eb suksesshme q\u00eb keni p\u00ebrdorur t\u00eb futeni edhe n\u00eb tregun muzikor\u00eb n\u00eb Kosov\u00eb?<\/strong><\/p>\n<p>Elvana Gjata: Nuk ka pasur asnj\u00eb m\u00ebnyr\u00eb, thjesht\u00eb ndodhi, n\u00eb nj\u00ebfar\u00eb m\u00ebnyre dashuri me shikim t\u00eb pare. Publiku i Kosov\u00ebs \u00ebsht\u00eb shum\u00eb artdash\u00ebs dhe thjesht\u00eb e donte muziken time dhe mua. Un\u00eb u jam mir\u00ebnjoh\u00ebse p\u00ebr k\u00ebt\u00eb.<\/p>\n<p><strong>Zhurnal: Sa mendoni ka dallime n\u00eb mes t\u00eb estrad\u00ebs n\u00eb Kosov\u00eb dhe Shqip\u00ebri?<\/strong><\/p>\n<p>Elvana Gjata: Mendoj q\u00eb n\u00eb dy estradat \u00ebsht\u00eb d\u00ebshira e madhe p\u00ebr evoluim.<\/p>\n<p><strong>Zhurnal: Nj\u00eb num\u00ebr i k\u00ebng\u00ebtar\u00ebve si sukses t\u00eb garantuar e kan\u00eb cil\u00ebsuar huazimin e k\u00ebng\u00ebve. A ju ka shkuar ndonj\u00ebher\u00eb n\u00eb mendje q\u00eb t\u00eb huazoni ndonj\u00eb k\u00ebng\u00eb qoft\u00eb t\u00eb njohur apo jo t\u00eb njohur p\u00ebr publikun ?<\/strong><\/p>\n<p>Elvana Gjata: Kurr\u00eb dhe nuk ndodhi kurr\u00eb tek un\u00eb.<\/p>\n<p><strong>Zhurnal: Gjat\u00eb viteve t\u00eb karrier\u00ebs v\u00ebrehet edhe ndryshim i imazhit dhe stilit t\u00eb Elvan\u00ebs, kush p\u00ebrkujdeset p\u00ebr gjitha k\u00ebto, dhe sa mendoni se luan rol n\u00eb suksesin e nj\u00eb artisti veshja dhe pamja visuele?<\/strong><\/p>\n<p>Elvana Gjata: M\u00eb p\u00eblqen t\u00eb vij gjithmon\u00eb ndryshe. Kryesisht p\u00ebrkujdesem vet\u00eb por bashk\u00ebpunoj edhe me stilist\u00eb shqiptar e kosovar, do t\u00eb p\u00ebrmendi k\u00ebtu Jona Mucen.<\/p>\n<p><strong>Zhurnal: E cil\u00ebsoni dukjen fizike tek vetja si n\u00eb plus i cili ju ka ndihmuar n\u00eb karrier\u00eb?<\/strong><\/p>\n<p>Elvana Gjata: \u00cbsht\u00eb nj\u00eb faktor shum\u00eb i r\u00ebnd\u00ebsish\u00ebm sepse ti b\u00ebhesh nj\u00eb pik\u00eb referimi p\u00ebr publikun fem\u00ebror.<\/p>\n<p><a href=\"http:\/\/www.visit-ulcinj.com\/blog\/wp-content\/uploads\/2010\/11\/Elvana-Gjata-VFM.jpg\"><img loading=\"lazy\" class=\"alignleft size-full wp-image-39220\" title=\"Elvana-Gjata-VFM\" src=\"http:\/\/www.visit-ulcinj.com\/blog\/wp-content\/uploads\/2010\/11\/Elvana-Gjata-VFM.jpg\" alt=\"\" width=\"508\" height=\"339\" \/><\/a><\/p>\n<p><strong>Zhurnal: Kjo ver\u00eb ka qen\u00eb nd\u00ebr sezonet m\u00eb t\u00eb favorshme p\u00ebr Elvan\u00ebn, keni pasur k\u00ebng\u00eb dhe bashk\u00ebpunime shum\u00eb t\u00eb suksesshme, vlen t\u00eb p\u00ebrmendet hiti \u201cA ke ti zem\u00ebr\u201d dhe \u201cMamani nejen\u201d. Na flisni p\u00ebr k\u00ebto dy realizime si dhe suksesin e arritur?<\/strong><\/p>\n<p>Elvana Gjata: Puna flet vet me mire se un. Faleminderit shum\u00eb Entermedias, Fuges p\u00ebr profesionalizmin q\u00eb disponojn\u00eb. Jam e lumtur q\u00eb realizuam dy projekte shum\u00eb t\u00eb suksesshme.<\/p>\n<p><strong>Zhurnal: Tek k\u00ebnga \u201cMamani nej\u00ebn\u201d v\u00ebrehet ndryshim i duksh\u00ebm n\u00eb pamjen tuaj. Sa mendoni ju \u00ebsht\u00eb p\u00ebrshtatur ai stil dhe sipas komenteve sa mendoni nj\u00eb pamje e till\u00eb ju ka p\u00eblqyer publikut tek Elvana ?<\/strong><\/p>\n<p>Elvana Gjata: Mendoj q\u00eb \u00ebsht\u00eb p\u00eblqyer shum\u00eb ai ndryshim tek un\u00eb, megjith\u00ebse nj\u00eb pjes\u00eb jan\u00eb m\u00ebsuar t\u00eb m\u00eb shohin me nj\u00eb look shum\u00eb t\u00eb thjesht\u00eb. Mua vet\u00eb m\u00eb p\u00eblqejn\u00eb ndryshimet por pa dal\u00eb nga origjinali.<\/p>\n<p><strong>Zhurnal: Megjith\u00ebse shquheni si artiste e cila n\u00eb \u00e7do festival ku keni qen\u00eb pjes\u00ebmarr\u00ebse jeni shp\u00ebrblyese me \u00e7mime mjaft t\u00eb r\u00ebnd\u00ebsishme, planifikoni q\u00eb edhe n\u00eb t\u00eb ardhmen t\u00eb jeni pjes\u00eb e k\u00ebtyre evenimenteve?<\/strong><\/p>\n<p>Elvana Gjata: Ndjej nj\u00eb k\u00ebnaq\u00ebsi t\u00eb madhe kur marr pjes\u00eb n\u00ebp\u00ebr festivale, por p\u00ebr momentin nuk kam ndonj\u00eb plan.<\/p>\n<p><strong>Zhurnal: Megjithat\u00eb p\u00ebr shumic\u00ebn e k\u00ebng\u00ebtar\u00ebve pik\u00ebsynim mbetet p\u00ebrfaq\u00ebsimi i shtetit shqiptar\u00eb n\u00eb Festivalin Evropian \u201cEuro Song\u201d. Cila \u00ebsht\u00eb ambicia juaj, keni menduar q\u00eb ta sfidoni vet\u00ebn edhe n\u00eb Festivalin e RTVSH-s\u00eb?<\/strong><\/p>\n<p>Elvana Gjata: Un\u00eb mendoj q\u00eb ka edhe m\u00ebnyra t\u00eb tjera p\u00ebr ta p\u00ebrfaq\u00ebsuar Shqip\u00ebrin\u00eb n\u00eb Evrop\u00eb dhe n\u00eb bot\u00eb, dhe p\u00ebr k\u00ebt\u00eb gj\u00eb un\u00eb jam n\u00eb pun\u00eb e sip\u00ebr.<br \/>\n<strong><br \/>\nZhurnal: \u00c7far\u00eb aktualisht po punon Elvana, cili do jet\u00eb projekti i ardhsh\u00ebm q\u00eb publiku mund ta pret nga ju?<\/strong><\/p>\n<p>Elvana Gjata: Po punoj p\u00ebr albumin e dyt\u00eb edhe p\u00ebr nj\u00eb hit t\u00eb ri, i cili do vij tani n\u00eb n\u00ebntor.<\/p>\n<p><a href=\"http:\/\/www.visit-ulcinj.com\/blog\/wp-content\/uploads\/2010\/11\/Elvana-Gjata-ne-Skene-4.jpg\"><img loading=\"lazy\" class=\"alignleft size-full wp-image-39215\" title=\"Elvana-Gjata-ne-Skene-4\" src=\"http:\/\/www.visit-ulcinj.com\/blog\/wp-content\/uploads\/2010\/11\/Elvana-Gjata-ne-Skene-4.jpg\" alt=\"\" width=\"508\" height=\"339\" \/><\/a><\/p>\n<p><strong>Zhurnal: Sa i p\u00ebrket bashk\u00ebpun\u00ebtor\u00ebve muzikor\u00eb, kompozitor\u00ebve, tekst shkruesve, por edhe video produksioneve, sa keni d\u00ebshir\u00eb t\u00eb eksperimentoni n\u00eb k\u00ebt\u00eb segment, apo ndoshta tani keni zbuluar ekipin e suksessh\u00ebm t\u00eb bashk\u00ebpunimit?<\/strong><\/p>\n<p>Elvana Gjata: Gjithmon\u00eb jam n\u00eb k\u00ebrkim t\u00eb produksioneve t\u00eb reja, por p\u00ebr momentin jam shum\u00eb e k\u00ebnaqur me Entermedian, produksioni m\u00eb i suksessh\u00ebm n\u00eb Kosov\u00eb.<\/p>\n<p><strong>Zhurnal: N\u00eb t\u00eb kaluar\u00ebn shum\u00eb pak n\u00eb media jeni deklaruar rreth jet\u00ebs private. Sa ju kan\u00eb kursyer mediet n\u00eb k\u00ebt\u00eb aspekt si dhe nga thashethemet, dhe sa keni qen\u00eb cak i paparacove t\u00eb cilat viteve t\u00eb fundit mjaft shum\u00eb shqet\u00ebsojn\u00eb VIP-at ?<\/strong><\/p>\n<p>Elvana Gjata: Jet\u00ebn time private e ruaj me fanatiz\u00ebm. Dua q\u00eb t\u00eb jet\u00eb vet\u00ebm e imja.<\/p>\n<p><strong>Zhurnal: Do deklaroheni n\u00eb k\u00ebt\u00eb intervist\u00eb rreth statusit tuaj aktual, single apo In a Relationship?<\/strong><\/p>\n<p>Elvana Gjata: Vazhdoj ti q\u00ebndroj p\u00ebrgjigjes s\u00eb m\u00ebsip\u00ebrme.<\/p>\n<p><strong>Zhurnal: Elvana, ju faleminderit shum\u00eb p\u00ebr intervist\u00ebn. Ne n\u00eb em\u00ebr t\u00eb stafit t\u00eb Portalit \u201cZhurnal\u201d ju urojm\u00eb suksese t\u00eb m\u00ebtutjeshme, nj\u00ebherit d\u00ebshirojm\u00eb q\u00eb edhe n\u00eb t\u00eb ardhmen t\u00eb kemi shum\u00eb hite nga Elvana?<\/strong><\/p>\n<p>Elvana Gjata: Faleminderit edhe juve p\u00ebr intervist\u00ebn. Ju p\u00ebrg\u00ebzoj p\u00ebr pun\u00ebn q\u00eb po b\u00ebni.<\/p>\n<p>Intervistoi: Rajan Arapi<\/p>\n<!--YouTube Error: bad URL entered-->\n","protected":false},"excerpt":{"rendered":"<p>K\u00ebng\u00ebtarja e cila b\u00ebri revolucion n\u00eb muzik\u00eb viteve t\u00eb fundit padyshim \u00ebsht\u00eb biondina tejet t\u00ebrheq\u00ebse me z\u00ebrin e saj fenomenal Elvana Gjata. P\u00ebrpos transformimeve pozitive q\u00eb ka b\u00ebr\u00eb gradualisht n\u00eb muzik\u00eb, repertuari artistik \u00ebsht\u00eb pasuruar me shum\u00eb hite t\u00eb cilat kan\u00eb gjetur mb\u00ebshtetjen e plot\u00eb t\u00eb publikut. Elvana Gjata aktualisht \u00ebsht\u00eb k\u00ebng\u00ebtarja m\u00eb e popullarizuar [&hellip;]<\/p>\n","protected":false},"author":1,"featured_media":0,"comment_status":"open","ping_status":"closed","sticky":false,"template":"","format":"standard","meta":{"spay_email":"","jetpack_publicize_message":"","jetpack_is_tweetstorm":false,"jetpack_publicize_feature_enabled":true},"categories":[1],"tags":[16181,7760,16177,6624,16180,8966,16179,16178,14968],"jetpack_publicize_connections":[],"yoast_head":"<!-- This site is optimized with the Yoast SEO plugin v19.1 - https:\/\/yoast.com\/wordpress\/plugins\/seo\/ -->\n<title>Elvana Gjata: Jet\u00ebn time private e ruaj me fanatiz\u00ebm! - Lajme nga Ulqini<\/title>\n<meta name=\"description\" content=\"K\u00ebng\u00ebtarja e cila b\u00ebri revolucion n\u00eb muzik\u00eb viteve t\u00eb fundit padyshim \u00ebsht\u00eb biondina tejet t\u00ebrheq\u00ebse me z\u00ebrin e saj fenomenal Elvana Gjata. P\u00ebrpos\" \/>\n<meta name=\"robots\" content=\"index, follow, max-snippet:-1, max-image-preview:large, max-video-preview:-1\" \/>\n<link rel=\"canonical\" href=\"https:\/\/www.visit-ulcinj.com\/blog\/2010\/11\/05\/elvana-gjata-jeten-time-private-e-ruaj-me-fanatizem\/\" \/>\n<meta property=\"og:locale\" content=\"en_US\" \/>\n<meta property=\"og:type\" content=\"article\" \/>\n<meta property=\"og:title\" content=\"Elvana Gjata: Jet\u00ebn time private e ruaj me fanatiz\u00ebm! - Lajme nga Ulqini\" \/>\n<meta property=\"og:description\" content=\"K\u00ebng\u00ebtarja e cila b\u00ebri revolucion n\u00eb muzik\u00eb viteve t\u00eb fundit padyshim \u00ebsht\u00eb biondina tejet t\u00ebrheq\u00ebse me z\u00ebrin e saj fenomenal Elvana Gjata. P\u00ebrpos\" \/>\n<meta property=\"og:url\" content=\"https:\/\/www.visit-ulcinj.com\/blog\/2010\/11\/05\/elvana-gjata-jeten-time-private-e-ruaj-me-fanatizem\/\" \/>\n<meta property=\"og:site_name\" content=\"Lajme nga Ulqini\" \/>\n<meta property=\"article:published_time\" content=\"2010-11-05T19:47:23+00:00\" \/>\n<meta property=\"article:modified_time\" content=\"2010-11-05T19:47:50+00:00\" \/>\n<meta property=\"og:image\" content=\"http:\/\/www.visit-ulcinj.com\/blog\/wp-content\/uploads\/2010\/11\/Elvana-Gjata-Mamani.jpg\" \/>\n<meta name=\"twitter:label1\" content=\"Written by\" \/>\n\t<meta name=\"twitter:data1\" content=\"ulqini\" \/>\n\t<meta name=\"twitter:label2\" content=\"Est. reading time\" \/>\n\t<meta name=\"twitter:data2\" content=\"6 minutes\" \/>\n<script type=\"application\/ld+json\" class=\"yoast-schema-graph\">{\"@context\":\"https:\/\/schema.org\",\"@graph\":[{\"@type\":\"WebSite\",\"@id\":\"https:\/\/www.visit-ulcinj.com\/blog\/#website\",\"url\":\"https:\/\/www.visit-ulcinj.com\/blog\/\",\"name\":\"Lajme nga Ulqini\",\"description\":\"Lajme,Vijesti,Ulqini,Ulqin,Crna Gora,Mali i Zi\",\"potentialAction\":[{\"@type\":\"SearchAction\",\"target\":{\"@type\":\"EntryPoint\",\"urlTemplate\":\"https:\/\/www.visit-ulcinj.com\/blog\/?s={search_term_string}\"},\"query-input\":\"required name=search_term_string\"}],\"inLanguage\":\"en-US\"},{\"@type\":\"ImageObject\",\"inLanguage\":\"en-US\",\"@id\":\"https:\/\/www.visit-ulcinj.com\/blog\/2010\/11\/05\/elvana-gjata-jeten-time-private-e-ruaj-me-fanatizem\/#primaryimage\",\"url\":\"http:\/\/www.visit-ulcinj.com\/blog\/wp-content\/uploads\/2010\/11\/Elvana-Gjata-Mamani.jpg\",\"contentUrl\":\"http:\/\/www.visit-ulcinj.com\/blog\/wp-content\/uploads\/2010\/11\/Elvana-Gjata-Mamani.jpg\"},{\"@type\":\"WebPage\",\"@id\":\"https:\/\/www.visit-ulcinj.com\/blog\/2010\/11\/05\/elvana-gjata-jeten-time-private-e-ruaj-me-fanatizem\/#webpage\",\"url\":\"https:\/\/www.visit-ulcinj.com\/blog\/2010\/11\/05\/elvana-gjata-jeten-time-private-e-ruaj-me-fanatizem\/\",\"name\":\"Elvana Gjata: Jet\u00ebn time private e ruaj me fanatiz\u00ebm! - Lajme nga Ulqini\",\"isPartOf\":{\"@id\":\"https:\/\/www.visit-ulcinj.com\/blog\/#website\"},\"primaryImageOfPage\":{\"@id\":\"https:\/\/www.visit-ulcinj.com\/blog\/2010\/11\/05\/elvana-gjata-jeten-time-private-e-ruaj-me-fanatizem\/#primaryimage\"},\"datePublished\":\"2010-11-05T19:47:23+00:00\",\"dateModified\":\"2010-11-05T19:47:50+00:00\",\"author\":{\"@id\":\"https:\/\/www.visit-ulcinj.com\/blog\/#\/schema\/person\/dcab619c614d3038751c63bc2aadc06d\"},\"description\":\"K\u00ebng\u00ebtarja e cila b\u00ebri revolucion n\u00eb muzik\u00eb viteve t\u00eb fundit padyshim \u00ebsht\u00eb biondina tejet t\u00ebrheq\u00ebse me z\u00ebrin e saj fenomenal Elvana Gjata. P\u00ebrpos\",\"breadcrumb\":{\"@id\":\"https:\/\/www.visit-ulcinj.com\/blog\/2010\/11\/05\/elvana-gjata-jeten-time-private-e-ruaj-me-fanatizem\/#breadcrumb\"},\"inLanguage\":\"en-US\",\"potentialAction\":[{\"@type\":\"ReadAction\",\"target\":[\"https:\/\/www.visit-ulcinj.com\/blog\/2010\/11\/05\/elvana-gjata-jeten-time-private-e-ruaj-me-fanatizem\/\"]}]},{\"@type\":\"BreadcrumbList\",\"@id\":\"https:\/\/www.visit-ulcinj.com\/blog\/2010\/11\/05\/elvana-gjata-jeten-time-private-e-ruaj-me-fanatizem\/#breadcrumb\",\"itemListElement\":[{\"@type\":\"ListItem\",\"position\":1,\"name\":\"Elvana Gjata: Jet\u00ebn time private e ruaj me fanatiz\u00ebm!\"}]},{\"@type\":\"Person\",\"@id\":\"https:\/\/www.visit-ulcinj.com\/blog\/#\/schema\/person\/dcab619c614d3038751c63bc2aadc06d\",\"name\":\"ulqini\",\"sameAs\":[\"http:\/\/www.visit-ulcinj.com\"],\"url\":\"https:\/\/www.visit-ulcinj.com\/blog\/author\/admin\/\"}]}<\/script>\n<!-- \/ Yoast SEO plugin. -->","yoast_head_json":{"title":"Elvana Gjata: Jet\u00ebn time private e ruaj me fanatiz\u00ebm! - Lajme nga Ulqini","description":"K\u00ebng\u00ebtarja e cila b\u00ebri revolucion n\u00eb muzik\u00eb viteve t\u00eb fundit padyshim \u00ebsht\u00eb biondina tejet t\u00ebrheq\u00ebse me z\u00ebrin e saj fenomenal Elvana Gjata. P\u00ebrpos","robots":{"index":"index","follow":"follow","max-snippet":"max-snippet:-1","max-image-preview":"max-image-preview:large","max-video-preview":"max-video-preview:-1"},"canonical":"https:\/\/www.visit-ulcinj.com\/blog\/2010\/11\/05\/elvana-gjata-jeten-time-private-e-ruaj-me-fanatizem\/","og_locale":"en_US","og_type":"article","og_title":"Elvana Gjata: Jet\u00ebn time private e ruaj me fanatiz\u00ebm! - Lajme nga Ulqini","og_description":"K\u00ebng\u00ebtarja e cila b\u00ebri revolucion n\u00eb muzik\u00eb viteve t\u00eb fundit padyshim \u00ebsht\u00eb biondina tejet t\u00ebrheq\u00ebse me z\u00ebrin e saj fenomenal Elvana Gjata. P\u00ebrpos","og_url":"https:\/\/www.visit-ulcinj.com\/blog\/2010\/11\/05\/elvana-gjata-jeten-time-private-e-ruaj-me-fanatizem\/","og_site_name":"Lajme nga Ulqini","article_published_time":"2010-11-05T19:47:23+00:00","article_modified_time":"2010-11-05T19:47:50+00:00","og_image":[{"url":"http:\/\/www.visit-ulcinj.com\/blog\/wp-content\/uploads\/2010\/11\/Elvana-Gjata-Mamani.jpg"}],"twitter_misc":{"Written by":"ulqini","Est. reading time":"6 minutes"},"schema":{"@context":"https:\/\/schema.org","@graph":[{"@type":"WebSite","@id":"https:\/\/www.visit-ulcinj.com\/blog\/#website","url":"https:\/\/www.visit-ulcinj.com\/blog\/","name":"Lajme nga Ulqini","description":"Lajme,Vijesti,Ulqini,Ulqin,Crna Gora,Mali i Zi","potentialAction":[{"@type":"SearchAction","target":{"@type":"EntryPoint","urlTemplate":"https:\/\/www.visit-ulcinj.com\/blog\/?s={search_term_string}"},"query-input":"required name=search_term_string"}],"inLanguage":"en-US"},{"@type":"ImageObject","inLanguage":"en-US","@id":"https:\/\/www.visit-ulcinj.com\/blog\/2010\/11\/05\/elvana-gjata-jeten-time-private-e-ruaj-me-fanatizem\/#primaryimage","url":"http:\/\/www.visit-ulcinj.com\/blog\/wp-content\/uploads\/2010\/11\/Elvana-Gjata-Mamani.jpg","contentUrl":"http:\/\/www.visit-ulcinj.com\/blog\/wp-content\/uploads\/2010\/11\/Elvana-Gjata-Mamani.jpg"},{"@type":"WebPage","@id":"https:\/\/www.visit-ulcinj.com\/blog\/2010\/11\/05\/elvana-gjata-jeten-time-private-e-ruaj-me-fanatizem\/#webpage","url":"https:\/\/www.visit-ulcinj.com\/blog\/2010\/11\/05\/elvana-gjata-jeten-time-private-e-ruaj-me-fanatizem\/","name":"Elvana Gjata: Jet\u00ebn time private e ruaj me fanatiz\u00ebm! - Lajme nga Ulqini","isPartOf":{"@id":"https:\/\/www.visit-ulcinj.com\/blog\/#website"},"primaryImageOfPage":{"@id":"https:\/\/www.visit-ulcinj.com\/blog\/2010\/11\/05\/elvana-gjata-jeten-time-private-e-ruaj-me-fanatizem\/#primaryimage"},"datePublished":"2010-11-05T19:47:23+00:00","dateModified":"2010-11-05T19:47:50+00:00","author":{"@id":"https:\/\/www.visit-ulcinj.com\/blog\/#\/schema\/person\/dcab619c614d3038751c63bc2aadc06d"},"description":"K\u00ebng\u00ebtarja e cila b\u00ebri revolucion n\u00eb muzik\u00eb viteve t\u00eb fundit padyshim \u00ebsht\u00eb biondina tejet t\u00ebrheq\u00ebse me z\u00ebrin e saj fenomenal Elvana Gjata. P\u00ebrpos","breadcrumb":{"@id":"https:\/\/www.visit-ulcinj.com\/blog\/2010\/11\/05\/elvana-gjata-jeten-time-private-e-ruaj-me-fanatizem\/#breadcrumb"},"inLanguage":"en-US","potentialAction":[{"@type":"ReadAction","target":["https:\/\/www.visit-ulcinj.com\/blog\/2010\/11\/05\/elvana-gjata-jeten-time-private-e-ruaj-me-fanatizem\/"]}]},{"@type":"BreadcrumbList","@id":"https:\/\/www.visit-ulcinj.com\/blog\/2010\/11\/05\/elvana-gjata-jeten-time-private-e-ruaj-me-fanatizem\/#breadcrumb","itemListElement":[{"@type":"ListItem","position":1,"name":"Elvana Gjata: Jet\u00ebn time private e ruaj me fanatiz\u00ebm!"}]},{"@type":"Person","@id":"https:\/\/www.visit-ulcinj.com\/blog\/#\/schema\/person\/dcab619c614d3038751c63bc2aadc06d","name":"ulqini","sameAs":["http:\/\/www.visit-ulcinj.com"],"url":"https:\/\/www.visit-ulcinj.com\/blog\/author\/admin\/"}]}},"jetpack_featured_media_url":"","jetpack_sharing_enabled":true,"jetpack_shortlink":"https:\/\/wp.me\/pe6lTn-abu","_links":{"self":[{"href":"https:\/\/www.visit-ulcinj.com\/blog\/wp-json\/wp\/v2\/posts\/39152"}],"collection":[{"href":"https:\/\/www.visit-ulcinj.com\/blog\/wp-json\/wp\/v2\/posts"}],"about":[{"href":"https:\/\/www.visit-ulcinj.com\/blog\/wp-json\/wp\/v2\/types\/post"}],"author":[{"embeddable":true,"href":"https:\/\/www.visit-ulcinj.com\/blog\/wp-json\/wp\/v2\/users\/1"}],"replies":[{"embeddable":true,"href":"https:\/\/www.visit-ulcinj.com\/blog\/wp-json\/wp\/v2\/comments?post=39152"}],"version-history":[{"count":0,"href":"https:\/\/www.visit-ulcinj.com\/blog\/wp-json\/wp\/v2\/posts\/39152\/revisions"}],"wp:attachment":[{"href":"https:\/\/www.visit-ulcinj.com\/blog\/wp-json\/wp\/v2\/media?parent=39152"}],"wp:term":[{"taxonomy":"category","embeddable":true,"href":"https:\/\/www.visit-ulcinj.com\/blog\/wp-json\/wp\/v2\/categories?post=39152"},{"taxonomy":"post_tag","embeddable":true,"href":"https:\/\/www.visit-ulcinj.com\/blog\/wp-json\/wp\/v2\/tags?post=39152"}],"curies":[{"name":"wp","href":"https:\/\/api.w.org\/{rel}","templated":true}]}}